{"id":10131,"date":"2019-01-26T08:00:20","date_gmt":"2019-01-26T11:00:20","guid":{"rendered":"http:\/\/ccnews.com.ar\/prensa\/?p=10131"},"modified":"2019-01-25T14:12:02","modified_gmt":"2019-01-25T17:12:02","slug":"a-111-anos-de-la-muerte-de-cesar-cipolletti-el-ingeniero-que-dio-vida-al-alto-valle","status":"publish","type":"post","link":"http:\/\/ccnews.com.ar\/prensa\/a-111-anos-de-la-muerte-de-cesar-cipolletti-el-ingeniero-que-dio-vida-al-alto-valle\/","title":{"rendered":"A 111 a\u00f1os de la muerte de Cesar Cipolletti: el ingeniero que dio vida al Alto Valle"},"content":{"rendered":"<p><strong>Muri\u00f3 en 1908 en alta mar y su cuerpo descansa en Mendoza. So\u00f1\u00f3 con un valle f\u00e9rtil y llevar el agua a las miles de chacras que dieron vida a la regi\u00f3n.<\/strong><\/p>\n<p>El 23 de enero de 1908 fallec\u00eda en alta mar el ingeniero Cesar Cipolletti, agrimensor que ide\u00f3 todo el sistema de riego del Alto Valle de R\u00edo Negro y Neuqu\u00e9n. Por la gran obra que dio nacimiento al valle f\u00e9rtil reconocido a nivel mundial por sus manzanas y peras, se decidi\u00f3 homenajear al italiano con el nombre de la ciudad. Hoy se cumplen 111 a\u00f1os.<\/p>\n<p>Cipolletti se gradu\u00f3 como agrimensor y luego estudi\u00f3 ingenier\u00eda hidr\u00e1ulica en Roma. Tras algunas obras en Europa, viaj\u00f3 a la Patagonia para estudias las cuencas de los r\u00edos Limay, Neuqu\u00e9n y Negro, donde vision\u00f3 la gran obra que permitir\u00eda el riego de miles de hect\u00e1reas y a su vez controlar las crecidas.<\/p>\n<p>La gran obra fue la construcci\u00f3n del Dique Ballester que permiti\u00f3 controlar el caudal del r\u00edo Neuqu\u00e9n y a su vez irrigar el agua necesaria para el cultivo agr\u00edcola.<\/p>\n<p>El reconocido ingeniero falleci\u00f3 en alta mar, pero sus restos fueron tra\u00eddos hasta la provincia de Mendoza, donde se encuentran actualmente.<\/p>\n<p>&nbsp;<\/p>\n<p>Fuente: LMCipolletti<\/p>\n<!-- AddThis Advanced Settings generic via filter on the_content -->","protected":false},"excerpt":{"rendered":"<p>Muri\u00f3 en 1908 en alta mar y su cuerpo descansa en Mendoza. So\u00f1\u00f3 con un valle f\u00e9rtil y llevar el<!-- AddThis Advanced Settings generic via filter on get_the_excerpt --><\/p>\n","protected":false},"author":1,"featured_media":10133,"comment_status":"closed","ping_status":"closed","sticky":false,"template":"","format":"standard","meta":{"colormag_page_container_layout":"default_layout","colormag_page_sidebar_layout":"default_layout","jetpack_post_was_ever_published":false,"_jetpack_newsletter_access":"","_jetpack_dont_email_post_to_subs":false,"_jetpack_newsletter_tier_id":0,"_jetpack_memberships_contains_paywalled_content":false,"_jetpack_memberships_contains_paid_content":false,"footnotes":"","jetpack_publicize_message":"A 111 a\u00f1os de la muerte de Cesar Cipolletti: el ingeniero que dio vida al Alto Valle #Ingenier\u00eda","jetpack_publicize_feature_enabled":true,"jetpack_social_post_already_shared":true,"jetpack_social_options":{"image_generator_settings":{"template":"highway","default_image_id":0,"font":"","enabled":false},"version":2}},"categories":[3],"tags":[17],"class_list":["post-10131","post","type-post","status-publish","format-standard","has-post-thumbnail","hentry","category-sustentabilidad","tag-otros-medios"],"jetpack_publicize_connections":[],"jetpack_featured_media_url":"https:\/\/i0.wp.com\/ccnews.com.ar\/prensa\/wp-content\/uploads\/2019\/01\/ing1-1.jpg?fit=770%2C433","jetpack_shortlink":"https:\/\/wp.me\/p7L1gj-2Dp","jetpack-related-posts":[{"id":6011,"url":"http:\/\/ccnews.com.ar\/prensa\/las-obras-de-ingenieria-permanecen\/","url_meta":{"origin":10131,"position":0},"title":"&#8220;Las obras de ingenier\u00eda permanecen&#8221;","author":"CLUSTERciar","date":"2 noviembre, 2017","format":false,"excerpt":"Hace cincuenta y cinco a\u00f1os, Hugo Rimmele se convirti\u00f3 en el primer ingeniero nacido en Cipolletti con actividad en todo el Alto Valle de R\u00edo Negro y Neuqu\u00e9n. Durante m\u00e1s de medio siglo calcul\u00f3, proyect\u00f3 y dirigi\u00f3 m\u00e1s de doscientos mil metros cuadrados de construcciones, y fue profesor de m\u00e1s\u2026","rel":"","context":"En \u00abSustentabilidad\u00bb","block_context":{"text":"Sustentabilidad","link":"http:\/\/ccnews.com.ar\/prensa\/category\/sustentabilidad\/"},"img":{"alt_text":"","src":"https:\/\/i0.wp.com\/ccnews.com.ar\/prensa\/wp-content\/uploads\/2017\/11\/DSC_6564-1.jpg?fit=600%2C356&resize=350%2C200","width":350,"height":200,"srcset":"https:\/\/i0.wp.com\/ccnews.com.ar\/prensa\/wp-content\/uploads\/2017\/11\/DSC_6564-1.jpg?fit=600%2C356&resize=350%2C200 1x, https:\/\/i0.wp.com\/ccnews.com.ar\/prensa\/wp-content\/uploads\/2017\/11\/DSC_6564-1.jpg?fit=600%2C356&resize=525%2C300 1,5x"},"classes":[]},{"id":5707,"url":"http:\/\/ccnews.com.ar\/prensa\/historia-de-cipolletti\/","url_meta":{"origin":10131,"position":1},"title":"Historia de Cipolletti","author":"CLUSTERciar","date":"2 octubre, 2017","format":false,"excerpt":"La regi\u00f3n de la Confluencia era un lugar de paso para los pueblos abor\u00edgenes que habitaban la Patagonia. En el sitio donde hoy se encuentran los puentes carreteros y ferroviario estaba ubicado el vado natural por el que el que cruzaban el r\u00edo Neuqu\u00e9n en sus constantes movimientos migratorios.\u00a0En vista\u2026","rel":"","context":"En \u00abEducaci\u00f3n\/Sociedad\u00bb","block_context":{"text":"Educaci\u00f3n\/Sociedad","link":"http:\/\/ccnews.com.ar\/prensa\/category\/educacion-sociedad\/"},"img":{"alt_text":"","src":"https:\/\/i0.wp.com\/ccnews.com.ar\/prensa\/wp-content\/uploads\/2017\/09\/portada.jpg?fit=779%2C452&resize=350%2C200","width":350,"height":200,"srcset":"https:\/\/i0.wp.com\/ccnews.com.ar\/prensa\/wp-content\/uploads\/2017\/09\/portada.jpg?fit=779%2C452&resize=350%2C200 1x, https:\/\/i0.wp.com\/ccnews.com.ar\/prensa\/wp-content\/uploads\/2017\/09\/portada.jpg?fit=779%2C452&resize=525%2C300 1,5x, https:\/\/i0.wp.com\/ccnews.com.ar\/prensa\/wp-content\/uploads\/2017\/09\/portada.jpg?fit=779%2C452&resize=700%2C400 2x"},"classes":[]},{"id":11815,"url":"http:\/\/ccnews.com.ar\/prensa\/20-mil-familias-del-alto-valle-mas-cerca-de-acceder-al-gas-natural\/","url_meta":{"origin":10131,"position":2},"title":"20 mil familias del Alto Valle m\u00e1s cerca de acceder al gas natural","author":"admin","date":"18 junio, 2019","format":false,"excerpt":"Se trata de dos importantes obras que le permitir\u00e1n a unas 20 mil familias de diferentes ciudades del Alto Valle acceder al servicio de gas natural. La presentaci\u00f3n de estos trabajos se realiz\u00f3 en Cipolletti y participaron representantes del Gobierno de R\u00edo Negro y de la empresa proveedora del servicio\u2026","rel":"","context":"En \u00abEnerg\u00eda y Producci\u00f3n\u00bb","block_context":{"text":"Energ\u00eda y Producci\u00f3n","link":"http:\/\/ccnews.com.ar\/prensa\/category\/energia-y-produccion\/"},"img":{"alt_text":"","src":"https:\/\/i0.wp.com\/ccnews.com.ar\/prensa\/wp-content\/uploads\/2019\/06\/15-03-19-gas-fiske-menuco-roca.jpeg?fit=920%2C520&resize=350%2C200","width":350,"height":200,"srcset":"https:\/\/i0.wp.com\/ccnews.com.ar\/prensa\/wp-content\/uploads\/2019\/06\/15-03-19-gas-fiske-menuco-roca.jpeg?fit=920%2C520&resize=350%2C200 1x, https:\/\/i0.wp.com\/ccnews.com.ar\/prensa\/wp-content\/uploads\/2019\/06\/15-03-19-gas-fiske-menuco-roca.jpeg?fit=920%2C520&resize=525%2C300 1,5x, https:\/\/i0.wp.com\/ccnews.com.ar\/prensa\/wp-content\/uploads\/2019\/06\/15-03-19-gas-fiske-menuco-roca.jpeg?fit=920%2C520&resize=700%2C400 2x"},"classes":[]},{"id":1947,"url":"http:\/\/ccnews.com.ar\/prensa\/entrevista-a-francisco-rimmele-aniversario-113o-cipolletti\/","url_meta":{"origin":10131,"position":3},"title":"Entrevista a Francisco Rimmele &#8211; Aniversario 113\u00ba Cipolletti","author":"CLUSTERciar","date":"12 octubre, 2016","format":false,"excerpt":"La ciudad de Cipolletti cumpli\u00f3 113 a\u00f1os el pasado 3 de octubre. En el marco de los festejos la Radio Mural FM 91.1 entrevist\u00f3 al Ingeniero Francisco Hugo Rimmele, un autentico NYC (nacido y criado en Cipolletti). Francisco es el Fundador del CLUSTERciar -originario de Cipolletti-, compuesto por la empresa\u2026","rel":"","context":"En \u00abEducaci\u00f3n\/Sociedad\u00bb","block_context":{"text":"Educaci\u00f3n\/Sociedad","link":"http:\/\/ccnews.com.ar\/prensa\/category\/educacion-sociedad\/"},"img":{"alt_text":"","src":"","width":0,"height":0},"classes":[]},{"id":10077,"url":"http:\/\/ccnews.com.ar\/prensa\/una-escuela-de-educacion-integral-se-abre-en-el-club-cipolletti\/","url_meta":{"origin":10131,"position":4},"title":"Una escuela de educaci\u00f3n integral se abre en el Club Cipolletti","author":"CLUSTERciar","date":"24 enero, 2019","format":false,"excerpt":"Se trata del Instituto Potenciar Albinegro, una instituci\u00f3n educativa creada por Fundaci\u00f3n Potenciar y el Club Cipolletti, donde los alumnos se formar\u00e1n a trav\u00e9s de valores humanos, deportes, tecnolog\u00eda, innovaci\u00f3n e idioma. Las clases comienzan en marzo, y ya est\u00e1n abiertas las inscripciones. El Alto Valle del R\u00edo Negro celebra\u2026","rel":"","context":"En \u00abEducaci\u00f3n\/Sociedad\u00bb","block_context":{"text":"Educaci\u00f3n\/Sociedad","link":"http:\/\/ccnews.com.ar\/prensa\/category\/educacion-sociedad\/"},"img":{"alt_text":"","src":"https:\/\/i0.wp.com\/ccnews.com.ar\/prensa\/wp-content\/uploads\/2019\/01\/nota.jpg?fit=803%2C404&resize=350%2C200","width":350,"height":200,"srcset":"https:\/\/i0.wp.com\/ccnews.com.ar\/prensa\/wp-content\/uploads\/2019\/01\/nota.jpg?fit=803%2C404&resize=350%2C200 1x, https:\/\/i0.wp.com\/ccnews.com.ar\/prensa\/wp-content\/uploads\/2019\/01\/nota.jpg?fit=803%2C404&resize=525%2C300 1,5x, https:\/\/i0.wp.com\/ccnews.com.ar\/prensa\/wp-content\/uploads\/2019\/01\/nota.jpg?fit=803%2C404&resize=700%2C400 2x"},"classes":[]},{"id":3501,"url":"http:\/\/ccnews.com.ar\/prensa\/un-nuevo-desafio-se-suma-a-la-fundacion-potenciar-la-educacion-en-el-alto-valle\/","url_meta":{"origin":10131,"position":5},"title":"Un nuevo desaf\u00edo se suma a la Fundaci\u00f3n: \u201cPotenciar la educaci\u00f3n en el Alto Valle\u201d","author":"CLUSTERciar","date":"6 marzo, 2017","format":false,"excerpt":"Andrea Segovia, Secretaria del Consejo de Administraci\u00f3n de Fundaci\u00f3n Potenciar, nos cuenta los desaf\u00edos para este 2017. El 22 de febrero Fundaci\u00f3n Potenciar realiz\u00f3 el brindis inaugural de su nueva Base Operativa en la ciudad de Cipolletti, este es el punta pie inicial de un gran desembarco educativo en esta\u2026","rel":"","context":"En \u00abEducaci\u00f3n\/Sociedad\u00bb","block_context":{"text":"Educaci\u00f3n\/Sociedad","link":"http:\/\/ccnews.com.ar\/prensa\/category\/educacion-sociedad\/"},"img":{"alt_text":"IMG_3556","src":"https:\/\/i0.wp.com\/clusterciarnews.com.ar\/prensa\/wp-content\/uploads\/2017\/03\/IMG_3556-300x200.jpg?resize=350%2C200","width":350,"height":200},"classes":[]}],"jetpack_sharing_enabled":true,"_links":{"self":[{"href":"http:\/\/ccnews.com.ar\/prensa\/wp-json\/wp\/v2\/posts\/10131","targetHints":{"allow":["GET"]}}],"collection":[{"href":"http:\/\/ccnews.com.ar\/prensa\/wp-json\/wp\/v2\/posts"}],"about":[{"href":"http:\/\/ccnews.com.ar\/prensa\/wp-json\/wp\/v2\/types\/post"}],"author":[{"embeddable":true,"href":"http:\/\/ccnews.com.ar\/prensa\/wp-json\/wp\/v2\/users\/1"}],"replies":[{"embeddable":true,"href":"http:\/\/ccnews.com.ar\/prensa\/wp-json\/wp\/v2\/comments?post=10131"}],"version-history":[{"count":1,"href":"http:\/\/ccnews.com.ar\/prensa\/wp-json\/wp\/v2\/posts\/10131\/revisions"}],"predecessor-version":[{"id":10135,"href":"http:\/\/ccnews.com.ar\/prensa\/wp-json\/wp\/v2\/posts\/10131\/revisions\/10135"}],"wp:featuredmedia":[{"embeddable":true,"href":"http:\/\/ccnews.com.ar\/prensa\/wp-json\/wp\/v2\/media\/10133"}],"wp:attachment":[{"href":"http:\/\/ccnews.com.ar\/prensa\/wp-json\/wp\/v2\/media?parent=10131"}],"wp:term":[{"taxonomy":"category","embeddable":true,"href":"http:\/\/ccnews.com.ar\/prensa\/wp-json\/wp\/v2\/categories?post=10131"},{"taxonomy":"post_tag","embeddable":true,"href":"http:\/\/ccnews.com.ar\/prensa\/wp-json\/wp\/v2\/tags?post=10131"}],"curies":[{"name":"wp","href":"https:\/\/api.w.org\/{rel}","templated":true}]}}