{"id":10147,"date":"2019-01-29T08:00:33","date_gmt":"2019-01-29T11:00:33","guid":{"rendered":"http:\/\/ccnews.com.ar\/prensa\/?p=10147"},"modified":"2019-01-29T08:48:48","modified_gmt":"2019-01-29T11:48:48","slug":"las-inversiones-extranjeras-hacen-foco-en-vaca-muerta","status":"publish","type":"post","link":"http:\/\/ccnews.com.ar\/prensa\/las-inversiones-extranjeras-hacen-foco-en-vaca-muerta\/","title":{"rendered":"Las inversiones extranjeras hacen foco en Vaca Muerta"},"content":{"rendered":"<p><strong>Entre 2016 y 2018 Neuqu\u00e9n fue la segunda provincia en recibir la mayor cantidad de aportes. Los anuncios de empresas for\u00e1neas sumaron 20.800 millones de d\u00f3lares.<\/strong><\/p>\n<p>La provincia de Neuqu\u00e9n se ubic\u00f3 como la segunda jurisdicci\u00f3n del pa\u00eds es recibir m\u00e1s inversiones de empresas extranjeras en el trie\u00f1o que va del 2016 al 2018, siendo s\u00f3lo superada por los desarrollos en la Pampa H\u00fameda bonaerense.<\/p>\n<p>A diferencia de las inversiones que en la cuna del trigo y la soja se dan para la producci\u00f3n de granos, en Neuqu\u00e9n las inversiones se concentran en el sector hidrocarbur\u00edfero y en espec\u00edfico en el desarrollo de Vaca Muerta.<\/p>\n<p>De acuerdo a un informe elaborado por la Agencia Argentina de Inversiones y Comercio Internacional (Aaici) entre 2016 y 2018 se anunci\u00f3 la realizaci\u00f3n de 54 productos hidrocarbur\u00edferos en Neuqu\u00e9n financiados por capitales for\u00e1neos, los cuales alcanzaron la suma total de 20.877 millones de d\u00f3lares.<\/p>\n<p>Este c\u00famulo de inversiones representa en promedio casi 7.000 millones d\u00f3lares por a\u00f1o, un valor que en este 2019 el gobierno provincial estima que ser\u00e1 superado de acuerdo a los compromisos realizados por las operadoras.<\/p>\n<p>La provincia de Buenos Aires fue la que recibi\u00f3 la mayor cantidad de inversiones extranjeras en los tres a\u00f1os estudiados por un total de 34.439 millones de d\u00f3lares. Sin embargo, si se tiene en cuenta que esos aportes provinieron de 287 proyectos productivos, la comparaci\u00f3n con Neuqu\u00e9n muestra que en las inversiones petroleras el desembolso es mucho m\u00e1s intensivo y en promedio triplica a los desarrollos realizados en el campo.<\/p>\n<p>De acuerdo al informe de Aaici las dos empresas que realizaron la mayor inversi\u00f3n en Neuqu\u00e9n son firmas de capitales nacionales como es YPF con 4.373 millones de d\u00f3lares destinados a 12 desarrollos, y Pampa Energ\u00eda con 3.857 millones de d\u00f3lares invertidos.<\/p>\n<p>El tercer puesto en el ranking de inversiones en Neuqu\u00e9n lo ocupa la angloholandesa Royal Dutch Shell que con su reciente anuncio de paso a desarrollo masivo en tres bloques de Vaca Muerta llev\u00f3 sus inversiones comprometidas a los 2.805 millones de d\u00f3lares.<\/p>\n<p>El cuarto escal\u00f3n corresponde a Tecpetrol, la petrolera del grupo \u00edtalo-argentino Techint, que con su acelerado desarrollo en Fort\u00edn de Piedra llev\u00f3 sus inversiones a los 2.320 millones de d\u00f3lares.<\/p>\n<p>Dentro de los diez primeros puestos se ubican firmas como la francesa Total Austral que realiz\u00f3 anuncios de inversi\u00f3n en Neuqu\u00e9n por 675 millones de d\u00f3lares. La norteamericana Chevron sum\u00f3 200 millones de d\u00f3lares el a\u00f1o pasado y la alemana Wintershall Energ\u00eda tambi\u00e9n se anot\u00f3 con 120 millones de d\u00f3lares.<\/p>\n<p>El informe no da cuenta del anuncio realizado el mes pasado por YPF junto a la petrolera malaya Petronas para el desarrollo de La Amarga Chica en donde cada firma invertir\u00e1 la mitad de los 2.330 millones de d\u00f3lares que se destinar\u00e1n en cuatro a\u00f1os a la extracci\u00f3n de petr\u00f3leo no convencional.<\/p>\n<p><strong>En n\u00fameros<\/strong><\/p>\n<p><strong>54<\/strong>\u00a0fueron los desarrollos que las empresas for\u00e1neas se comprometieron a realizar en la provincia.<br \/>\n<strong>55.500<\/strong>\u00a0millones de d\u00f3lares suman desde 2015 las inversiones petroleras que se anunciaron para todo el pa\u00eds.<\/p>\n<p>&nbsp;<\/p>\n<p>Fuente: RunR\u00fan Energ\u00e9tico<\/p>\n<!-- AddThis Advanced Settings generic via filter on the_content -->","protected":false},"excerpt":{"rendered":"<p>Entre 2016 y 2018 Neuqu\u00e9n fue la segunda provincia en recibir la mayor cantidad de aportes. Los anuncios de empresas<!-- AddThis Advanced Settings generic via filter on get_the_excerpt --><\/p>\n","protected":false},"author":1,"featured_media":10149,"comment_status":"closed","ping_status":"closed","sticky":false,"template":"","format":"standard","meta":{"colormag_page_container_layout":"default_layout","colormag_page_sidebar_layout":"default_layout","jetpack_post_was_ever_published":false,"_jetpack_newsletter_access":"","_jetpack_dont_email_post_to_subs":false,"_jetpack_newsletter_tier_id":0,"_jetpack_memberships_contains_paywalled_content":false,"_jetpack_memberships_contains_paid_content":false,"footnotes":"","jetpack_publicize_message":"","jetpack_publicize_feature_enabled":true,"jetpack_social_post_already_shared":true,"jetpack_social_options":{"image_generator_settings":{"template":"highway","default_image_id":0,"font":"","enabled":false},"version":2}},"categories":[11],"tags":[17],"class_list":["post-10147","post","type-post","status-publish","format-standard","has-post-thumbnail","hentry","category-energia-y-produccion","tag-otros-medios"],"jetpack_publicize_connections":[],"jetpack_featured_media_url":"https:\/\/i0.wp.com\/ccnews.com.ar\/prensa\/wp-content\/uploads\/2019\/01\/Inspeccion1.jpg?fit=660%2C400","jetpack_shortlink":"https:\/\/wp.me\/p7L1gj-2DF","jetpack-related-posts":[{"id":8643,"url":"http:\/\/ccnews.com.ar\/prensa\/las-inversiones-en-vaca-muerta-subieron-un-31\/","url_meta":{"origin":10147,"position":0},"title":"Las inversiones en Vaca Muerta subieron un 31%","author":"CLUSTERciar","date":"19 agosto, 2018","format":false,"excerpt":"En el a\u00f1o se estima que se volcar\u00e1n en la provincia 4.539 millones de d\u00f3lares. El 92% tiene destino no convencional. \u00a0La joya de los no convencionales que Neuqu\u00e9n tiene enterrada bajo gran parte de su territorio, cada vez gusta m\u00e1s. Las inversiones para desarrollar los recursos de Vaca Muerta\u2026","rel":"","context":"En \u00abEnerg\u00eda y Producci\u00f3n\u00bb","block_context":{"text":"Energ\u00eda y Producci\u00f3n","link":"http:\/\/ccnews.com.ar\/prensa\/category\/energia-y-produccion\/"},"img":{"alt_text":"","src":"https:\/\/i0.wp.com\/ccnews.com.ar\/prensa\/wp-content\/uploads\/2018\/08\/image_content_9978791_20180808210030.jpg?fit=660%2C370&resize=350%2C200","width":350,"height":200,"srcset":"https:\/\/i0.wp.com\/ccnews.com.ar\/prensa\/wp-content\/uploads\/2018\/08\/image_content_9978791_20180808210030.jpg?fit=660%2C370&resize=350%2C200 1x, https:\/\/i0.wp.com\/ccnews.com.ar\/prensa\/wp-content\/uploads\/2018\/08\/image_content_9978791_20180808210030.jpg?fit=660%2C370&resize=525%2C300 1,5x"},"classes":[]},{"id":13426,"url":"http:\/\/ccnews.com.ar\/prensa\/neuquen-impulsa-un-plan-para-evitar-la-caida-de-las-inversiones-en-vaca-muerta\/","url_meta":{"origin":10147,"position":1},"title":"Neuqu\u00e9n impulsa un plan para evitar la ca\u00edda de las inversiones en Vaca Muerta","author":"admin","date":"31 octubre, 2019","format":false,"excerpt":"La iniciativa contempla tanto el precio del petr\u00f3leo, los combustibles y el gas natural. Busca generar herramientas que permitan amortiguar saltos tarifarios y generar una nueva tarifa social para los sectores m\u00e1s carenciados. El gobierno neuquino elabor\u00f3 un plan para mitigar la crisis que hoy enfrenta Vaca Muerta a partir\u2026","rel":"","context":"En \u00abEnerg\u00eda y Producci\u00f3n\u00bb","block_context":{"text":"Energ\u00eda y Producci\u00f3n","link":"http:\/\/ccnews.com.ar\/prensa\/category\/energia-y-produccion\/"},"img":{"alt_text":"","src":"https:\/\/i0.wp.com\/ccnews.com.ar\/prensa\/wp-content\/uploads\/2019\/10\/Imagen-AAG.NQN-10.01.jpg?fit=920%2C517&resize=350%2C200","width":350,"height":200,"srcset":"https:\/\/i0.wp.com\/ccnews.com.ar\/prensa\/wp-content\/uploads\/2019\/10\/Imagen-AAG.NQN-10.01.jpg?fit=920%2C517&resize=350%2C200 1x, https:\/\/i0.wp.com\/ccnews.com.ar\/prensa\/wp-content\/uploads\/2019\/10\/Imagen-AAG.NQN-10.01.jpg?fit=920%2C517&resize=525%2C300 1,5x, https:\/\/i0.wp.com\/ccnews.com.ar\/prensa\/wp-content\/uploads\/2019\/10\/Imagen-AAG.NQN-10.01.jpg?fit=920%2C517&resize=700%2C400 2x"},"classes":[]},{"id":14174,"url":"http:\/\/ccnews.com.ar\/prensa\/neuquen-advirtio-en-la-ofephi-por-el-precio-del-gas-a-la-baja\/","url_meta":{"origin":10147,"position":2},"title":"Neuqu\u00e9n advirti\u00f3 en la Ofephi por el precio del gas a la baja","author":"admin","date":"9 enero, 2020","format":false,"excerpt":"La provincia plante\u00f3 la necesidad de generar condiciones que hagan sustentable el desarrollo de las \u00e1reas de shale y tight gas ante una licitaci\u00f3n de Cammesa que tuvo ofertas de u$s 1,50 por mill\u00f3n de BTU en diciembre. El gobierno neuquino llev\u00f3 ante las autoridades energ\u00e9ticas del gobierno nacional su\u2026","rel":"","context":"En \u00abEnerg\u00eda y Producci\u00f3n\u00bb","block_context":{"text":"Energ\u00eda y Producci\u00f3n","link":"http:\/\/ccnews.com.ar\/prensa\/category\/energia-y-produccion\/"},"img":{"alt_text":"","src":"https:\/\/i0.wp.com\/ccnews.com.ar\/prensa\/wp-content\/uploads\/2020\/01\/gas-pipe-1024-e1563394533732.jpg?fit=1024%2C642&resize=350%2C200","width":350,"height":200,"srcset":"https:\/\/i0.wp.com\/ccnews.com.ar\/prensa\/wp-content\/uploads\/2020\/01\/gas-pipe-1024-e1563394533732.jpg?fit=1024%2C642&resize=350%2C200 1x, https:\/\/i0.wp.com\/ccnews.com.ar\/prensa\/wp-content\/uploads\/2020\/01\/gas-pipe-1024-e1563394533732.jpg?fit=1024%2C642&resize=525%2C300 1,5x, https:\/\/i0.wp.com\/ccnews.com.ar\/prensa\/wp-content\/uploads\/2020\/01\/gas-pipe-1024-e1563394533732.jpg?fit=1024%2C642&resize=700%2C400 2x"},"classes":[]},{"id":12263,"url":"http:\/\/ccnews.com.ar\/prensa\/la-llave-del-desarrollo-argentino\/","url_meta":{"origin":10147,"position":3},"title":"La llave del desarrollo argentino","author":"admin","date":"23 julio, 2019","format":false,"excerpt":"Vaca Muerta es hoy una pol\u00edtica de Estado de la Argentina. Y eso es un logro de muchos, no tan solo de los que confiamos en este proyecto desde el primer minuto, all\u00e1 por 2007, sino tambi\u00e9n de aquellos que se han ido sumando, aun habiendo sido opositores en el\u2026","rel":"","context":"En \u00abEnerg\u00eda y Producci\u00f3n\u00bb","block_context":{"text":"Energ\u00eda y Producci\u00f3n","link":"http:\/\/ccnews.com.ar\/prensa\/category\/energia-y-produccion\/"},"img":{"alt_text":"","src":"https:\/\/i0.wp.com\/ccnews.com.ar\/prensa\/wp-content\/uploads\/2019\/07\/Compania-petrolera-vaca-muerta-3.png?fit=1065%2C622&resize=350%2C200","width":350,"height":200,"srcset":"https:\/\/i0.wp.com\/ccnews.com.ar\/prensa\/wp-content\/uploads\/2019\/07\/Compania-petrolera-vaca-muerta-3.png?fit=1065%2C622&resize=350%2C200 1x, https:\/\/i0.wp.com\/ccnews.com.ar\/prensa\/wp-content\/uploads\/2019\/07\/Compania-petrolera-vaca-muerta-3.png?fit=1065%2C622&resize=525%2C300 1,5x, https:\/\/i0.wp.com\/ccnews.com.ar\/prensa\/wp-content\/uploads\/2019\/07\/Compania-petrolera-vaca-muerta-3.png?fit=1065%2C622&resize=700%2C400 2x, https:\/\/i0.wp.com\/ccnews.com.ar\/prensa\/wp-content\/uploads\/2019\/07\/Compania-petrolera-vaca-muerta-3.png?fit=1065%2C622&resize=1050%2C600 3x"},"classes":[]},{"id":1899,"url":"http:\/\/ccnews.com.ar\/prensa\/que-le-reclamaran-las-petroleras-a-aranguren-para-elevar-inversiones-en-vaca-muerta\/","url_meta":{"origin":10147,"position":4},"title":"Qu\u00e9 le reclamar\u00e1n las petroleras a Aranguren para elevar inversiones en Vaca Muerta","author":"CLUSTERciar","date":"12 octubre, 2016","format":false,"excerpt":"El ministro de Energ\u00eda, Juan Jos\u00e9 Aranguren, recibir\u00e1 hoy a los principales referentes de la industria petrolera para avanzar en la discusi\u00f3n en torno al nuevo Convenio Colectivo de Trabajo (CCT) que se aplicar\u00e1 para el desarrollo de proyectos no convencionales de hidrocarburos, entendidos como la explotaci\u00f3n de tight gas,\u2026","rel":"","context":"En \u00abEnerg\u00eda y Producci\u00f3n\u00bb","block_context":{"text":"Energ\u00eda y Producci\u00f3n","link":"http:\/\/ccnews.com.ar\/prensa\/category\/energia-y-produccion\/"},"img":{"alt_text":"Resultado de imagen para Aranguren","src":"https:\/\/i0.wp.com\/static0.misionesonline.net\/wp-content\/uploads\/2016\/06\/aranguren-1-69knmsm0ltm0.jpg?resize=350%2C200","width":350,"height":200},"classes":[]},{"id":13514,"url":"http:\/\/ccnews.com.ar\/prensa\/neuquen-adjudico-el-area-maldita-de-vaca-muerta\/","url_meta":{"origin":10147,"position":5},"title":"Neuqu\u00e9n adjudic\u00f3 el \u00e1rea &#8220;maldita&#8221; de Vaca Muerta","author":"admin","date":"7 noviembre, 2019","format":false,"excerpt":"Se trata de Parva Negra Oeste, un bloque que cuenta con una larga historia de reversiones. GyP firm\u00f3 el convenio con Capex que busca incrementar su producci\u00f3n de gas. La empresa provincial Gas y Petr\u00f3leo (GyP) firm\u00f3 con Capex el contrato para la exploraci\u00f3n, desarrollo y producci\u00f3n del \u00e1rea Parva\u2026","rel":"","context":"En \u00abEnerg\u00eda y Producci\u00f3n\u00bb","block_context":{"text":"Energ\u00eda y Producci\u00f3n","link":"http:\/\/ccnews.com.ar\/prensa\/category\/energia-y-produccion\/"},"img":{"alt_text":"","src":"https:\/\/i0.wp.com\/ccnews.com.ar\/prensa\/wp-content\/uploads\/2019\/11\/AAG.NQN-6.11.18-FOTO-YAMIL-REGULES-NOTA-LOCACION-VACA-MUERTA-04.jpg?fit=920%2C517&resize=350%2C200","width":350,"height":200,"srcset":"https:\/\/i0.wp.com\/ccnews.com.ar\/prensa\/wp-content\/uploads\/2019\/11\/AAG.NQN-6.11.18-FOTO-YAMIL-REGULES-NOTA-LOCACION-VACA-MUERTA-04.jpg?fit=920%2C517&resize=350%2C200 1x, https:\/\/i0.wp.com\/ccnews.com.ar\/prensa\/wp-content\/uploads\/2019\/11\/AAG.NQN-6.11.18-FOTO-YAMIL-REGULES-NOTA-LOCACION-VACA-MUERTA-04.jpg?fit=920%2C517&resize=525%2C300 1,5x, https:\/\/i0.wp.com\/ccnews.com.ar\/prensa\/wp-content\/uploads\/2019\/11\/AAG.NQN-6.11.18-FOTO-YAMIL-REGULES-NOTA-LOCACION-VACA-MUERTA-04.jpg?fit=920%2C517&resize=700%2C400 2x"},"classes":[]}],"jetpack_sharing_enabled":true,"_links":{"self":[{"href":"http:\/\/ccnews.com.ar\/prensa\/wp-json\/wp\/v2\/posts\/10147","targetHints":{"allow":["GET"]}}],"collection":[{"href":"http:\/\/ccnews.com.ar\/prensa\/wp-json\/wp\/v2\/posts"}],"about":[{"href":"http:\/\/ccnews.com.ar\/prensa\/wp-json\/wp\/v2\/types\/post"}],"author":[{"embeddable":true,"href":"http:\/\/ccnews.com.ar\/prensa\/wp-json\/wp\/v2\/users\/1"}],"replies":[{"embeddable":true,"href":"http:\/\/ccnews.com.ar\/prensa\/wp-json\/wp\/v2\/comments?post=10147"}],"version-history":[{"count":2,"href":"http:\/\/ccnews.com.ar\/prensa\/wp-json\/wp\/v2\/posts\/10147\/revisions"}],"predecessor-version":[{"id":10153,"href":"http:\/\/ccnews.com.ar\/prensa\/wp-json\/wp\/v2\/posts\/10147\/revisions\/10153"}],"wp:featuredmedia":[{"embeddable":true,"href":"http:\/\/ccnews.com.ar\/prensa\/wp-json\/wp\/v2\/media\/10149"}],"wp:attachment":[{"href":"http:\/\/ccnews.com.ar\/prensa\/wp-json\/wp\/v2\/media?parent=10147"}],"wp:term":[{"taxonomy":"category","embeddable":true,"href":"http:\/\/ccnews.com.ar\/prensa\/wp-json\/wp\/v2\/categories?post=10147"},{"taxonomy":"post_tag","embeddable":true,"href":"http:\/\/ccnews.com.ar\/prensa\/wp-json\/wp\/v2\/tags?post=10147"}],"curies":[{"name":"wp","href":"https:\/\/api.w.org\/{rel}","templated":true}]}}