{"id":10385,"date":"2019-02-18T09:34:10","date_gmt":"2019-02-18T12:34:10","guid":{"rendered":"http:\/\/ccnews.com.ar\/prensa\/?p=10385"},"modified":"2019-02-22T09:33:51","modified_gmt":"2019-02-22T12:33:51","slug":"macri-llego-a-la-india-en-busca-de-inversiones-para-vaca-muerta","status":"publish","type":"post","link":"http:\/\/ccnews.com.ar\/prensa\/macri-llego-a-la-india-en-busca-de-inversiones-para-vaca-muerta\/","title":{"rendered":"Macri lleg\u00f3 a la India en busca de inversiones para Vaca Muerta"},"content":{"rendered":"<header class=\"newsfull__header\">\n<div class=\"newsfull__excerpt\">\n<p><strong>El presidente contin\u00faa su gira en busca de inversiones. Se prev\u00e9n negociaciones en materia energ\u00e9tica, con la mira puesta en la posible explotaci\u00f3n conjunta para Vaca Muerta. Tambi\u00e9n se prev\u00e9n negociaciones por la provisi\u00f3n de tecnolog\u00eda del Invap y alimentos provenientes del mercado\u00a0agroalimentario.<\/strong><\/p>\n<\/div>\n<div class=\"newsfull__line\">\n<div class=\"newsfull__authors\"><\/div>\n<p class=\"newsfull__share\">El presidente Mauricio Macri arrib\u00f3 este s\u00e1bado a la ciudad de Agra, en la Rep\u00fablica de la India. A partir del lunes se reunir\u00e1 con las m\u00e1ximas autoridades y l\u00edderes empresariales. Seg\u00fan adelantaron fuentes oficiales, el mandatario prev\u00e9 realizar gestiones para conseguir inversiones en materia energ\u00e9tica, de tecnolog\u00eda y alimentos, con Vaca Muerta e Invap como puntos clave.<\/p>\n<\/div>\n<\/header>\n<div class=\"newsfull__content\">\n<div class=\"col--main\">\n<div class=\"newsfull__body\">\n<p>Macri lleg\u00f3 a las 20.30 hora argentina (las 5 hora local) y se traslad\u00f3, junto a la primera dama, Juliana Awada y la comitiva que lo acompa\u00f1a, al Taj Mahal, un imponente mausoleo que es Patrimonio de la Humanidad. Luego, en Nueva Delhi, adonde se aloj\u00f3 en el hotel Taj Mahal.<\/p>\n<p>Antes hizo una escala previa en Dubai, Emiratos \u00c1rabes, adonde mantuvo reuniones informales, en el inicio de la gira que abarcar\u00e1 tambi\u00e9n Vietnam y que tiene como prop\u00f3sito promover las exportaciones de productos argentinos.<\/p>\n<p>Lo acompa\u00f1an en esta gira funcionarios de su gabinete y unos 120 empresarios argentinos.<\/p>\n<p>El lunes Macri iniciar\u00e1 la visita oficial en la India, durante la cual se reunir\u00e1 con los m\u00e1ximos dirigentes pol\u00edticos de este pa\u00eds, reforzar\u00e1 los v\u00ednculos bilaterales y har\u00e1 gestiones con empresarios en busca de inversiones en la Argentina.<\/p>\n<p>Seg\u00fan informaron fuentes gubernamentales, ser\u00e1 el primer eslab\u00f3n de una serie de actividades oficiales en esta gira por India y Vietnam, con la breve escala en Emiratos Arabes.<\/p>\n<p>Macri fue invitado especialmente a la India por el Primer Ministro, Narendra Modi, cuando se realiz\u00f3 en Buenos Aires la cumbre del G20, en noviembre y diciembre del a\u00f1o pasado. Esto ocurrir\u00e1 luego de la recepci\u00f3n oficial que encabezar\u00e1 el lunes el presidente de esta rep\u00fablica federal parlamentaria, Ram Nath Kovind.<\/p>\n<p>India, cuya econom\u00eda est\u00e1 hoy en el s\u00e9ptimo lugar entre las m\u00e1s importantes del mundo seg\u00fan datos del Fondo Monetario Internacional (FMI), es un mercado muy amplio y la Argentina ofrece importantes posibilidades de desarrollo y ventajas para el comercio bilateral.<\/p>\n<p>Con una superficie de m\u00e1s de tres millones de kil\u00f3metros cuadrados y una poblaci\u00f3n estimada en 1.340 millones de personas, India es hoy un ineludible destino para el incremento de las exportaciones argentinas.<\/p>\n<p>Seg\u00fan destacaron fuentes oficiales Macri le da especial importancia a este inmenso pa\u00eds en el marco de sus gestiones en el exterior, para atraer las inversiones y exportaciones en varios sectores productivos.<\/p>\n<p>Este mercado demanda alimentos de productos manufacturados del sector agroalimentario y la Argentina puede prove\u00e9rselos, consideraron fuentes oficiales.<\/p>\n<p>Sobre la base del desarrollo tecnol\u00f3gico inform\u00e1tico que tiene India, podr\u00eda aportar complementaci\u00f3n la empresa argentina INVAP en rubros como radiois\u00f3topos para el sector m\u00e9dico y el sistema de equipos de generaci\u00f3n de electricidad a partir de la energ\u00eda nuclear para peque\u00f1os conglomerados urbanos.<\/p>\n<p>Tambi\u00e9n el gobierno argentino tiene la expectativa de que India pueda sumar en el pa\u00eds, su participaci\u00f3n en el sector energ\u00e9tico convencional.<br \/>\nIndia tiene una econom\u00eda de 2,6 trillones de d\u00f3lares, que llegar\u00eda a los 6 trillones de d\u00f3lares dentro de una d\u00e9cada, lo cual significar\u00e1 un aumento acelerado en el consumo de energ\u00eda.<\/p>\n<p>En ese sentido, algunas de las gestiones del presidente Macri, seg\u00fan se espera, apuntar\u00e1n a trabajar conjuntamente en la explotaci\u00f3n en Vaca Muerta.<\/p>\n<p>Pero tambi\u00e9n ambos pa\u00edses est\u00e1n reduciendo el consumo de hidrocarburos como fuente de energ\u00eda y reemplaz\u00e1ndola por renovable como e\u00f3lica y solar.<\/p>\n<p>En el plano de los alimentos, este es un pa\u00eds de grandes consumidores de frutas y verduras, en el que cerca del 40 por ciento de los habitantes son vegetarianos y las posibilidades de exportaciones argentinas son incipientes.<\/p>\n<p>Por otra parte, como India es el mayor productor mundial de leche, t\u00e9, jengibre, c\u00farcuma y pimienta negra, y el segundo de trigo, arroz, az\u00facar, algod\u00f3n y man\u00ed, la Argentina puede aportar en muchos casos con la manufacturaci\u00f3n.<\/p>\n<p class=\"newsfull__source\">\u00a0Fuente: R\u00edo Negro<\/p>\n<\/div>\n<\/div>\n<\/div>\n<!-- AddThis Advanced Settings generic via filter on the_content -->","protected":false},"excerpt":{"rendered":"<p>El presidente contin\u00faa su gira en busca de inversiones. Se prev\u00e9n negociaciones en materia energ\u00e9tica, con la mira puesta en<!-- AddThis Advanced Settings generic via filter on get_the_excerpt --><\/p>\n","protected":false},"author":1,"featured_media":10387,"comment_status":"closed","ping_status":"closed","sticky":false,"template":"","format":"standard","meta":{"colormag_page_container_layout":"default_layout","colormag_page_sidebar_layout":"default_layout","jetpack_post_was_ever_published":false,"_jetpack_newsletter_access":"","_jetpack_dont_email_post_to_subs":false,"_jetpack_newsletter_tier_id":0,"_jetpack_memberships_contains_paywalled_content":false,"_jetpack_memberships_contains_paid_content":false,"footnotes":"","jetpack_publicize_message":"Macri lleg\u00f3 a la India en busca de inversiones para Vaca Muerta","jetpack_publicize_feature_enabled":true,"jetpack_social_post_already_shared":true,"jetpack_social_options":{"image_generator_settings":{"template":"highway","default_image_id":0,"font":"","enabled":false},"version":2}},"categories":[11],"tags":[17],"class_list":["post-10385","post","type-post","status-publish","format-standard","has-post-thumbnail","hentry","category-energia-y-produccion","tag-otros-medios"],"jetpack_publicize_connections":[],"jetpack_featured_media_url":"https:\/\/i0.wp.com\/ccnews.com.ar\/prensa\/wp-content\/uploads\/2019\/02\/238394_mac.jpg?fit=1024%2C689","jetpack_shortlink":"https:\/\/wp.me\/p7L1gj-2Hv","jetpack-related-posts":[{"id":3961,"url":"http:\/\/ccnews.com.ar\/prensa\/macri-va-a-estados-unidos-y-busca-cuadruplicar-inversiones-petroleras\/","url_meta":{"origin":10385,"position":0},"title":"Macri va a Estados Unidos y busca cuadruplicar inversiones petroleras","author":"CLUSTERciar","date":"27 abril, 2017","format":false,"excerpt":"Adelant\u00f3 su viaje para \"vender\" los beneficios de Vaca Muerta, donde el Gobierno quiere u$s 20.000 millones anuales. Lo acompa\u00f1ar\u00e1n Aranguren y Pereyra \u00a0El adelantamiento del viaje que el presidente Mauricio Macri har\u00e1 esta semana por Estados Unidos obedece a un motivo concreto: convencer en Houston a los inversores petroleros\u2026","rel":"","context":"En \u00abManagement\u00bb","block_context":{"text":"Management","link":"http:\/\/ccnews.com.ar\/prensa\/category\/management\/"},"img":{"alt_text":"","src":"","width":0,"height":0},"classes":[]},{"id":6763,"url":"http:\/\/ccnews.com.ar\/prensa\/invap-gano-una-licitacion-para-construir-un-reactor-nuclear-en-holanda\/","url_meta":{"origin":10385,"position":1},"title":"INVAP gan\u00f3 una licitaci\u00f3n para construir un reactor nuclear en holanda","author":"admin","date":"10 febrero, 2018","format":false,"excerpt":"La empresa estatal rionegrina logr\u00f3 un contrato por 400 millones de d\u00f3lares. Macri celebr\u00f3 el acuerdo como un \u201chito importante\u201d para la Argentina. La empresa estatal Invap logr\u00f3 adjudicarse una millonaria licitaci\u00f3n para la construcci\u00f3n de un reactor nuclear en Holanda. El acuerdo fue confirmado por el presidente Mauricio Macri\u2026","rel":"","context":"En \u00abSustentabilidad\u00bb","block_context":{"text":"Sustentabilidad","link":"http:\/\/ccnews.com.ar\/prensa\/category\/sustentabilidad\/"},"img":{"alt_text":"","src":"https:\/\/i0.wp.com\/ccnews.com.ar\/prensa\/wp-content\/uploads\/2018\/01\/3.jpg?fit=660%2C370&resize=350%2C200","width":350,"height":200,"srcset":"https:\/\/i0.wp.com\/ccnews.com.ar\/prensa\/wp-content\/uploads\/2018\/01\/3.jpg?fit=660%2C370&resize=350%2C200 1x, https:\/\/i0.wp.com\/ccnews.com.ar\/prensa\/wp-content\/uploads\/2018\/01\/3.jpg?fit=660%2C370&resize=525%2C300 1,5x"},"classes":[]},{"id":586,"url":"http:\/\/ccnews.com.ar\/prensa\/gaston-remy-de-dow-argentina-triplicamos-la-actividad-en-vaca-muerta\/","url_meta":{"origin":10385,"position":2},"title":"Gast\u00f3n Remy, de Dow Argentina: \u201cTriplicamos la actividad en Vaca Muerta\u201d","author":"CLUSTERciar","date":"13 mayo, 2016","format":false,"excerpt":"De la mano del gas no convencional la petroqu\u00edmica analiza expandir su mercado con nuevas inversiones. Dow Argentina es la sexta filial m\u00e1s importante que tiene la compa\u00f1\u00eda norteamericana entre sus 57 sedes de todo el mundo. Fiel al estilo de la marca -con 118 a\u00f1os de historia- sorprendi\u00f3 en\u2026","rel":"","context":"En \u00abEnerg\u00eda y Producci\u00f3n\u00bb","block_context":{"text":"Energ\u00eda y Producci\u00f3n","link":"http:\/\/ccnews.com.ar\/prensa\/category\/energia-y-produccion\/"},"img":{"alt_text":"Gast\u00f3n Remy, de Dow Argentina: \u201cTriplicamos la actividad en Vaca Muerta\u201d","src":"https:\/\/i0.wp.com\/www.rionegro.com.ar\/documents\/1\/0\/650x584\/0c109\/650d365\/none\/12350\/XTAP\/7056631.jpg?resize=350%2C200","width":350,"height":200,"srcset":"https:\/\/i0.wp.com\/www.rionegro.com.ar\/documents\/1\/0\/650x584\/0c109\/650d365\/none\/12350\/XTAP\/7056631.jpg?resize=350%2C200 1x, https:\/\/i0.wp.com\/www.rionegro.com.ar\/documents\/1\/0\/650x584\/0c109\/650d365\/none\/12350\/XTAP\/7056631.jpg?resize=525%2C300 1,5x"},"classes":[]},{"id":8735,"url":"http:\/\/ccnews.com.ar\/prensa\/nacion-apuesta-a-vaca-muerta-para-atraer-dolares-con-las-exportaciones\/","url_meta":{"origin":10385,"position":3},"title":"Naci\u00f3n apuesta a Vaca Muerta para atraer d\u00f3lares con las exportaciones","author":"CLUSTERciar","date":"29 agosto, 2018","format":false,"excerpt":"El presidente Macri relanz\u00f3 ayer la mesa petrolera con el objetivo de multiplicar desarrollos. Guti\u00e9rrez pidi\u00f3 a las petroleras que aceleren sus desarrollos. \u00a0En t\u00e9rminos de capacidad, Vaca Muerta tiene el potencial para equiparar la generaci\u00f3n econ\u00f3mica que produce la Pampa h\u00fameda. Tras ese objetivo es que ayer se relanz\u00f3\u2026","rel":"","context":"En \u00abManagement\u00bb","block_context":{"text":"Management","link":"http:\/\/ccnews.com.ar\/prensa\/category\/management\/"},"img":{"alt_text":"","src":"https:\/\/i0.wp.com\/ccnews.com.ar\/prensa\/wp-content\/uploads\/2018\/08\/image_content_10050105_20180828200108.jpg?fit=660%2C370&resize=350%2C200","width":350,"height":200,"srcset":"https:\/\/i0.wp.com\/ccnews.com.ar\/prensa\/wp-content\/uploads\/2018\/08\/image_content_10050105_20180828200108.jpg?fit=660%2C370&resize=350%2C200 1x, https:\/\/i0.wp.com\/ccnews.com.ar\/prensa\/wp-content\/uploads\/2018\/08\/image_content_10050105_20180828200108.jpg?fit=660%2C370&resize=525%2C300 1,5x"},"classes":[]},{"id":3081,"url":"http:\/\/ccnews.com.ar\/prensa\/hay-una-base-solida-para-las-inversiones\/","url_meta":{"origin":10385,"position":4},"title":"&#8220;Hay una base s\u00f3lida para las inversiones&#8221;","author":"CLUSTERciar","date":"12 enero, 2017","format":false,"excerpt":"Miguel Guti\u00e9rrez. El presidente de YPF considera que la extensi\u00f3n del Plan Gas impulsar\u00e1 la producci\u00f3n. \"Los u$s 5000 millones deber\u00edan ser un objetivo de m\u00ednima\", opin\u00f3. El presidente de\u00a0YPF, Miguel Guti\u00e9rrez, cree que a partir del acuerdo de todo el sector petrolero hay una base \u201cs\u00f3lida para la llegada\u2026","rel":"","context":"En \u00abEnerg\u00eda y Producci\u00f3n\u00bb","block_context":{"text":"Energ\u00eda y Producci\u00f3n","link":"http:\/\/ccnews.com.ar\/prensa\/category\/energia-y-produccion\/"},"img":{"alt_text":"","src":"","width":0,"height":0},"classes":[]},{"id":8643,"url":"http:\/\/ccnews.com.ar\/prensa\/las-inversiones-en-vaca-muerta-subieron-un-31\/","url_meta":{"origin":10385,"position":5},"title":"Las inversiones en Vaca Muerta subieron un 31%","author":"CLUSTERciar","date":"19 agosto, 2018","format":false,"excerpt":"En el a\u00f1o se estima que se volcar\u00e1n en la provincia 4.539 millones de d\u00f3lares. El 92% tiene destino no convencional. \u00a0La joya de los no convencionales que Neuqu\u00e9n tiene enterrada bajo gran parte de su territorio, cada vez gusta m\u00e1s. Las inversiones para desarrollar los recursos de Vaca Muerta\u2026","rel":"","context":"En \u00abEnerg\u00eda y Producci\u00f3n\u00bb","block_context":{"text":"Energ\u00eda y Producci\u00f3n","link":"http:\/\/ccnews.com.ar\/prensa\/category\/energia-y-produccion\/"},"img":{"alt_text":"","src":"https:\/\/i0.wp.com\/ccnews.com.ar\/prensa\/wp-content\/uploads\/2018\/08\/image_content_9978791_20180808210030.jpg?fit=660%2C370&resize=350%2C200","width":350,"height":200,"srcset":"https:\/\/i0.wp.com\/ccnews.com.ar\/prensa\/wp-content\/uploads\/2018\/08\/image_content_9978791_20180808210030.jpg?fit=660%2C370&resize=350%2C200 1x, https:\/\/i0.wp.com\/ccnews.com.ar\/prensa\/wp-content\/uploads\/2018\/08\/image_content_9978791_20180808210030.jpg?fit=660%2C370&resize=525%2C300 1,5x"},"classes":[]}],"jetpack_sharing_enabled":true,"_links":{"self":[{"href":"http:\/\/ccnews.com.ar\/prensa\/wp-json\/wp\/v2\/posts\/10385","targetHints":{"allow":["GET"]}}],"collection":[{"href":"http:\/\/ccnews.com.ar\/prensa\/wp-json\/wp\/v2\/posts"}],"about":[{"href":"http:\/\/ccnews.com.ar\/prensa\/wp-json\/wp\/v2\/types\/post"}],"author":[{"embeddable":true,"href":"http:\/\/ccnews.com.ar\/prensa\/wp-json\/wp\/v2\/users\/1"}],"replies":[{"embeddable":true,"href":"http:\/\/ccnews.com.ar\/prensa\/wp-json\/wp\/v2\/comments?post=10385"}],"version-history":[{"count":3,"href":"http:\/\/ccnews.com.ar\/prensa\/wp-json\/wp\/v2\/posts\/10385\/revisions"}],"predecessor-version":[{"id":10393,"href":"http:\/\/ccnews.com.ar\/prensa\/wp-json\/wp\/v2\/posts\/10385\/revisions\/10393"}],"wp:featuredmedia":[{"embeddable":true,"href":"http:\/\/ccnews.com.ar\/prensa\/wp-json\/wp\/v2\/media\/10387"}],"wp:attachment":[{"href":"http:\/\/ccnews.com.ar\/prensa\/wp-json\/wp\/v2\/media?parent=10385"}],"wp:term":[{"taxonomy":"category","embeddable":true,"href":"http:\/\/ccnews.com.ar\/prensa\/wp-json\/wp\/v2\/categories?post=10385"},{"taxonomy":"post_tag","embeddable":true,"href":"http:\/\/ccnews.com.ar\/prensa\/wp-json\/wp\/v2\/tags?post=10385"}],"curies":[{"name":"wp","href":"https:\/\/api.w.org\/{rel}","templated":true}]}}