{"id":10661,"date":"2019-03-07T08:00:56","date_gmt":"2019-03-07T11:00:56","guid":{"rendered":"http:\/\/ccnews.com.ar\/prensa\/?p=10661"},"modified":"2019-03-07T09:09:53","modified_gmt":"2019-03-07T12:09:53","slug":"el-camino-verde-neuquen-hace-su-debut-con-la-eolica","status":"publish","type":"post","link":"http:\/\/ccnews.com.ar\/prensa\/el-camino-verde-neuquen-hace-su-debut-con-la-eolica\/","title":{"rendered":"El camino verde: Neuqu\u00e9n hace su debut con la e\u00f3lica"},"content":{"rendered":"<p><strong>Este a\u00f1o ya se construyen los parques Los Meandros y Vientos Neuquinos. Con 225 MW en total, van a generar el 70% de la electricidad que consume la provincia.<\/strong><\/p>\n<p>En los dos casos, ya se compraron los aerogeneradores que llegar\u00e1n al pa\u00eds en pocos meses m\u00e1s, algo que demandar\u00e1 una importante tarea log\u00edstica debido a la distancia que tiene Neuqu\u00e9n de los puertos. En forma puntual, para trasladar los artefactos de unos 100 metros de altura con gr\u00faas especiales.<\/p>\n<p>El primero de los parques, Los Meandros, ya est\u00e1 en construcci\u00f3n, a trav\u00e9s tareas de campo, por parte de la empresa china Envision y generar\u00e1 unos 125 MW, con 50 molinos ubicados a 35 kil\u00f3metros de Cutral Co y Plaza Huincul. El segundo, Vientos Neuquinos, tambi\u00e9n est\u00e1 en marcha. En junio llegar\u00e1n los 24 aerogeneradores comprados a la empresa de capitales espa\u00f1oles y alemanes Nordex Acciona por parte de AES SA, la compa\u00f1\u00eda que va a administrar el parque que se ubicar\u00e1 a 80 kil\u00f3metros de Pic\u00fan Leuf\u00fa.<\/p>\n<p><a href=\"https:\/\/i0.wp.com\/ccnews.com.ar\/prensa\/wp-content\/uploads\/2019\/03\/ING2.jpg\"><img data-recalc-dims=\"1\" loading=\"lazy\" decoding=\"async\" data-attachment-id=\"10665\" data-permalink=\"http:\/\/ccnews.com.ar\/prensa\/el-camino-verde-neuquen-hace-su-debut-con-la-eolica\/ing2\/\" data-orig-file=\"https:\/\/i0.wp.com\/ccnews.com.ar\/prensa\/wp-content\/uploads\/2019\/03\/ING2.jpg?fit=1170%2C658\" data-orig-size=\"1170,658\" data-comments-opened=\"0\" data-image-meta=\"{&quot;aperture&quot;:&quot;0&quot;,&quot;credit&quot;:&quot;&quot;,&quot;camera&quot;:&quot;&quot;,&quot;caption&quot;:&quot;&quot;,&quot;created_timestamp&quot;:&quot;0&quot;,&quot;copyright&quot;:&quot;&quot;,&quot;focal_length&quot;:&quot;0&quot;,&quot;iso&quot;:&quot;0&quot;,&quot;shutter_speed&quot;:&quot;0&quot;,&quot;title&quot;:&quot;&quot;,&quot;orientation&quot;:&quot;0&quot;}\" data-image-title=\"ING2\" data-image-description=\"\" data-image-caption=\"\" data-large-file=\"https:\/\/i0.wp.com\/ccnews.com.ar\/prensa\/wp-content\/uploads\/2019\/03\/ING2.jpg?fit=800%2C450\" class=\"size-full wp-image-10665 alignleft\" src=\"https:\/\/i0.wp.com\/ccnews.com.ar\/prensa\/wp-content\/uploads\/2019\/03\/ING2.jpg?resize=800%2C450\" alt=\"\" width=\"800\" height=\"450\" srcset=\"https:\/\/i0.wp.com\/ccnews.com.ar\/prensa\/wp-content\/uploads\/2019\/03\/ING2.jpg?w=1170 1170w, https:\/\/i0.wp.com\/ccnews.com.ar\/prensa\/wp-content\/uploads\/2019\/03\/ING2.jpg?resize=300%2C169 300w, https:\/\/i0.wp.com\/ccnews.com.ar\/prensa\/wp-content\/uploads\/2019\/03\/ING2.jpg?resize=768%2C432 768w, https:\/\/i0.wp.com\/ccnews.com.ar\/prensa\/wp-content\/uploads\/2019\/03\/ING2.jpg?resize=1024%2C576 1024w\" sizes=\"auto, (max-width: 800px) 100vw, 800px\" \/><\/a><\/p>\n<p>\u201cEsta vinculaci\u00f3n con los combustibles f\u00f3siles es un figura extraordinaria, porque estamos produciendo energ\u00eda verde en el pa\u00eds de Vaca Muerta que es para resaltar en Neuqu\u00e9n\u201d, expres\u00f3 a +e Jos\u00e9 Brillo, presidente de ADI-NQN, la agencia que desarroll\u00f3 los proyectos e\u00f3licos al servicio de los inversores.<\/p>\n<p>La administradora de Vientos Neuquinos AES SA representa uno de los cuatro jugadores fuertes dentro de la generaci\u00f3n el\u00e9ctrica en el pa\u00eds, con 4 GW de potencia, inyectados desde todas las matrices (hidr\u00e1ulica, renovable y t\u00e9rmica), detr\u00e1s de Pampa Energ\u00eda, Central Puerto SA y ENEL Argentina, que manejan el mercado energ\u00e9tico en la Argentina.<\/p>\n<p><span id=\"saysCMSEmphasis15huy2oqi25\" class=\"saysCMSEmphasis\">Si bien Neuqu\u00e9n no tiene \u00f3ptimas condiciones para generar energ\u00eda e\u00f3lica, hubo una decisi\u00f3n pol\u00edtica de abrir este mercado.<\/span><\/p>\n<p>El director de Desarrollo de Negocios de AES Argentina SA, Rub\u00e9n Zaia, confirm\u00f3 la puesta en marcha del parque y, adem\u00e1s, el cambio de tecnolog\u00eda de los aerogeneradores, que permitir\u00e1n aumentar la potencia.<\/p>\n<p>\u201cHubo un gran esfuerzo de la provincia de Neuqu\u00e9n en querer tener un proyecto en ese lugar; ADI-NQN favoreci\u00f3 que la provincia se adhiriera a la Ley de Energ\u00edas Renovables porque a pesar que desde lo econ\u00f3mico no hay una rentabilidad ideal, la decisi\u00f3n de llevarlos adelante ser\u00e1 una prioridad para nuevos proyectos\u201d, dijo.<\/p>\n<p>AES SA est\u00e1 desarrollando en forma paralela el parque e\u00f3lico de Torquinst, de la provincia de Buenos Aires.<\/p>\n<p><a href=\"https:\/\/i0.wp.com\/ccnews.com.ar\/prensa\/wp-content\/uploads\/2019\/03\/ING3.jpg\"><img data-recalc-dims=\"1\" loading=\"lazy\" decoding=\"async\" data-attachment-id=\"10667\" data-permalink=\"http:\/\/ccnews.com.ar\/prensa\/el-camino-verde-neuquen-hace-su-debut-con-la-eolica\/ing3\/\" data-orig-file=\"https:\/\/i0.wp.com\/ccnews.com.ar\/prensa\/wp-content\/uploads\/2019\/03\/ING3.jpg?fit=1170%2C658\" data-orig-size=\"1170,658\" data-comments-opened=\"0\" data-image-meta=\"{&quot;aperture&quot;:&quot;0&quot;,&quot;credit&quot;:&quot;&quot;,&quot;camera&quot;:&quot;&quot;,&quot;caption&quot;:&quot;&quot;,&quot;created_timestamp&quot;:&quot;0&quot;,&quot;copyright&quot;:&quot;&quot;,&quot;focal_length&quot;:&quot;0&quot;,&quot;iso&quot;:&quot;0&quot;,&quot;shutter_speed&quot;:&quot;0&quot;,&quot;title&quot;:&quot;&quot;,&quot;orientation&quot;:&quot;0&quot;}\" data-image-title=\"ING3\" data-image-description=\"\" data-image-caption=\"\" data-large-file=\"https:\/\/i0.wp.com\/ccnews.com.ar\/prensa\/wp-content\/uploads\/2019\/03\/ING3.jpg?fit=800%2C450\" class=\"alignleft size-full wp-image-10667\" src=\"https:\/\/i0.wp.com\/ccnews.com.ar\/prensa\/wp-content\/uploads\/2019\/03\/ING3.jpg?resize=800%2C450\" alt=\"\" width=\"800\" height=\"450\" srcset=\"https:\/\/i0.wp.com\/ccnews.com.ar\/prensa\/wp-content\/uploads\/2019\/03\/ING3.jpg?w=1170 1170w, https:\/\/i0.wp.com\/ccnews.com.ar\/prensa\/wp-content\/uploads\/2019\/03\/ING3.jpg?resize=300%2C169 300w, https:\/\/i0.wp.com\/ccnews.com.ar\/prensa\/wp-content\/uploads\/2019\/03\/ING3.jpg?resize=768%2C432 768w, https:\/\/i0.wp.com\/ccnews.com.ar\/prensa\/wp-content\/uploads\/2019\/03\/ING3.jpg?resize=1024%2C576 1024w\" sizes=\"auto, (max-width: 800px) 100vw, 800px\" \/><\/a><\/p>\n<div class=\"cuerpo\">\n<p>La particularidad de este parque e\u00f3lico es que los consumidores son un consorcio de privados donde no interviene la Compa\u00f1\u00eda Administradora del Mercado Mayorista El\u00e9ctrico (Cammesa). El valor de la energ\u00eda lo acuerdan los privados, que tienen varios beneficios fiscales.<\/p>\n<p>Neuqu\u00e9n tiene condiciones para el desarrollo de la energ\u00eda e\u00f3lica debido a su factibilidad de inyectar energ\u00eda al Sistema Interconectado Nacional, a pesar de que el factor de capacidad de los vientos ronda entre un 45%, algo menor que las r\u00e1fagas que se aprovechan las costas del atl\u00e1ntico. No obstante, los proyectos siguen adelante.<\/p>\n<p>As\u00ed las cosas, en 2020 el paisaje en las rutas neuquinas podr\u00eda cambiar de manera sorprendente. Los gigantes de acero se podr\u00e1n ver desde la ruta, ya que tendr\u00e1n m\u00e1s de 100 metros de altura. No s\u00f3lo ser\u00e1 un cambio de paisaje, sino de energ\u00eda.<\/p>\n<p>Fuente: lmneuquen<\/p>\n<\/div>\n<div class=\"poll-nota\"><\/div>\n<!-- AddThis Advanced Settings generic via filter on the_content -->","protected":false},"excerpt":{"rendered":"<p>Este a\u00f1o ya se construyen los parques Los Meandros y Vientos Neuquinos. Con 225 MW en total, van a generar<!-- AddThis Advanced Settings generic via filter on get_the_excerpt --><\/p>\n","protected":false},"author":1,"featured_media":10663,"comment_status":"closed","ping_status":"closed","sticky":false,"template":"","format":"standard","meta":{"colormag_page_container_layout":"default_layout","colormag_page_sidebar_layout":"default_layout","jetpack_post_was_ever_published":false,"_jetpack_newsletter_access":"","_jetpack_dont_email_post_to_subs":false,"_jetpack_newsletter_tier_id":0,"_jetpack_memberships_contains_paywalled_content":false,"_jetpack_memberships_contains_paid_content":false,"footnotes":"","jetpack_publicize_message":"#BuenJueves El camino verde: Neuqu\u00e9n hace su debut con la e\u00f3lica","jetpack_publicize_feature_enabled":true,"jetpack_social_post_already_shared":true,"jetpack_social_options":{"image_generator_settings":{"template":"highway","default_image_id":0,"font":"","enabled":false},"version":2}},"categories":[3],"tags":[17],"class_list":["post-10661","post","type-post","status-publish","format-standard","has-post-thumbnail","hentry","category-sustentabilidad","tag-otros-medios"],"jetpack_publicize_connections":[],"jetpack_featured_media_url":"https:\/\/i0.wp.com\/ccnews.com.ar\/prensa\/wp-content\/uploads\/2019\/03\/ING.jpg?fit=1170%2C658","jetpack_shortlink":"https:\/\/wp.me\/p7L1gj-2LX","jetpack-related-posts":[{"id":14552,"url":"http:\/\/ccnews.com.ar\/prensa\/el-primer-parque-eolico-de-neuquen-casi-listo-para-funcionar\/","url_meta":{"origin":10661,"position":0},"title":"El primer parque e\u00f3lico de Neuqu\u00e9n casi listo para funcionar","author":"admin","date":"11 febrero, 2020","format":false,"excerpt":"Vientos Neuquinos comenzar\u00e1 a generar a fines de marzo. Cuando est\u00e9 en pleno funcionamiento aportar\u00e1 100 MW al sistema interconectado nacional. El proyecto fue impulsado por la agencia ADI-NQN. Vientos Neuquinos, el primer parque e\u00f3lico de la provincia de Neuqu\u00e9n, comenzar\u00e1 a generar energ\u00eda a fines de marzo. Se estima\u2026","rel":"","context":"En \u00abSustentabilidad\u00bb","block_context":{"text":"Sustentabilidad","link":"http:\/\/ccnews.com.ar\/prensa\/category\/sustentabilidad\/"},"img":{"alt_text":"","src":"https:\/\/i0.wp.com\/ccnews.com.ar\/prensa\/wp-content\/uploads\/2020\/02\/multimedia.normal.a3d5cf42af3067f4.656165735f6e6f726d616c2e6a7067.jpg?fit=1068%2C528&resize=350%2C200","width":350,"height":200,"srcset":"https:\/\/i0.wp.com\/ccnews.com.ar\/prensa\/wp-content\/uploads\/2020\/02\/multimedia.normal.a3d5cf42af3067f4.656165735f6e6f726d616c2e6a7067.jpg?fit=1068%2C528&resize=350%2C200 1x, https:\/\/i0.wp.com\/ccnews.com.ar\/prensa\/wp-content\/uploads\/2020\/02\/multimedia.normal.a3d5cf42af3067f4.656165735f6e6f726d616c2e6a7067.jpg?fit=1068%2C528&resize=525%2C300 1,5x, https:\/\/i0.wp.com\/ccnews.com.ar\/prensa\/wp-content\/uploads\/2020\/02\/multimedia.normal.a3d5cf42af3067f4.656165735f6e6f726d616c2e6a7067.jpg?fit=1068%2C528&resize=700%2C400 2x, https:\/\/i0.wp.com\/ccnews.com.ar\/prensa\/wp-content\/uploads\/2020\/02\/multimedia.normal.a3d5cf42af3067f4.656165735f6e6f726d616c2e6a7067.jpg?fit=1068%2C528&resize=1050%2C600 3x"},"classes":[]},{"id":14472,"url":"http:\/\/ccnews.com.ar\/prensa\/vientos-neuquinos-monto-todas-las-piezas-de-su-primer-molino\/","url_meta":{"origin":10661,"position":1},"title":"Vientos Neuquinos mont\u00f3 todas las piezas de su primer molino","author":"admin","date":"5 febrero, 2020","format":false,"excerpt":"Una iniciativa de la empresa AES tiene cerrados unos 15 contratos con privados para despacharles energ\u00eda. Terminar\u00eda las obras a fines de marzo. Vientos Neuquinos complet\u00f3 la construcci\u00f3n del primero de sus 29 molinos. AES, la empresa encargada del proyecto, comunic\u00f3 que en marzo comenzar\u00e1 el despacho al Sistema Interconectado,\u2026","rel":"","context":"En \u00abSustentabilidad\u00bb","block_context":{"text":"Sustentabilidad","link":"http:\/\/ccnews.com.ar\/prensa\/category\/sustentabilidad\/"},"img":{"alt_text":"","src":"https:\/\/i0.wp.com\/ccnews.com.ar\/prensa\/wp-content\/uploads\/2020\/02\/0004506063-750x424.jpg?fit=750%2C424&resize=350%2C200","width":350,"height":200,"srcset":"https:\/\/i0.wp.com\/ccnews.com.ar\/prensa\/wp-content\/uploads\/2020\/02\/0004506063-750x424.jpg?fit=750%2C424&resize=350%2C200 1x, https:\/\/i0.wp.com\/ccnews.com.ar\/prensa\/wp-content\/uploads\/2020\/02\/0004506063-750x424.jpg?fit=750%2C424&resize=525%2C300 1,5x, https:\/\/i0.wp.com\/ccnews.com.ar\/prensa\/wp-content\/uploads\/2020\/02\/0004506063-750x424.jpg?fit=750%2C424&resize=700%2C400 2x"},"classes":[]},{"id":16024,"url":"http:\/\/ccnews.com.ar\/prensa\/entro-en-marcha-el-primer-parque-eolico-de-neuquen\/","url_meta":{"origin":10661,"position":2},"title":"Entr\u00f3 en marcha el primer parque e\u00f3lico de Neuqu\u00e9n","author":"Editor","date":"11 septiembre, 2020","format":false,"excerpt":"Ya comenz\u00f3 a producir Vientos Neuquinos, proyecto que se enmarca en el Mercado a T\u00e9rmino de Energ\u00eda El\u00e9ctrica de Fuente Renovable. En esta etapa inicial, el emprendimiento dispone de 10 molinos, cantidad que pr\u00f3ximamente se ampliar\u00e1 a 29.","rel":"","context":"En \u00abSustentabilidad\u00bb","block_context":{"text":"Sustentabilidad","link":"http:\/\/ccnews.com.ar\/prensa\/category\/sustentabilidad\/"},"img":{"alt_text":"","src":"https:\/\/i0.wp.com\/ccnews.com.ar\/prensa\/wp-content\/uploads\/2020\/09\/sustentabilidad.jpg?fit=1200%2C1028&resize=350%2C200","width":350,"height":200,"srcset":"https:\/\/i0.wp.com\/ccnews.com.ar\/prensa\/wp-content\/uploads\/2020\/09\/sustentabilidad.jpg?fit=1200%2C1028&resize=350%2C200 1x, https:\/\/i0.wp.com\/ccnews.com.ar\/prensa\/wp-content\/uploads\/2020\/09\/sustentabilidad.jpg?fit=1200%2C1028&resize=525%2C300 1,5x, https:\/\/i0.wp.com\/ccnews.com.ar\/prensa\/wp-content\/uploads\/2020\/09\/sustentabilidad.jpg?fit=1200%2C1028&resize=700%2C400 2x, https:\/\/i0.wp.com\/ccnews.com.ar\/prensa\/wp-content\/uploads\/2020\/09\/sustentabilidad.jpg?fit=1200%2C1028&resize=1050%2C600 3x"},"classes":[]},{"id":15166,"url":"http:\/\/ccnews.com.ar\/prensa\/se-reactivaron-las-obras-del-parque-eolico-de-neuquen\/","url_meta":{"origin":10661,"position":3},"title":"Se reactivaron las obras del parque e\u00f3lico de Neuqu\u00e9n","author":"CLUSTERciar","date":"8 abril, 2020","format":false,"excerpt":"El gobierno nacional eximio a la obra privada de infraestructura el\u00e9ctrica de cumplir con el asilamiento obligatorio.\u00a0Hoy se retomaron las primeras tareas. El gobierno nacional volvi\u00f3 a flexibilizar el asilamiento obligatorio y ahora eximi\u00f3 a la obra privada de infraestructura el\u00e9ctrica. De esta manera,\u00a0las obras de los parques e\u00f3licos de\u2026","rel":"","context":"En \u00abEnerg\u00eda y Producci\u00f3n\u00bb","block_context":{"text":"Energ\u00eda y Producci\u00f3n","link":"http:\/\/ccnews.com.ar\/prensa\/category\/energia-y-produccion\/"},"img":{"alt_text":"","src":"https:\/\/i0.wp.com\/ccnews.com.ar\/prensa\/wp-content\/uploads\/2020\/04\/ing.png?fit=920%2C517&resize=350%2C200","width":350,"height":200,"srcset":"https:\/\/i0.wp.com\/ccnews.com.ar\/prensa\/wp-content\/uploads\/2020\/04\/ing.png?fit=920%2C517&resize=350%2C200 1x, https:\/\/i0.wp.com\/ccnews.com.ar\/prensa\/wp-content\/uploads\/2020\/04\/ing.png?fit=920%2C517&resize=525%2C300 1,5x, https:\/\/i0.wp.com\/ccnews.com.ar\/prensa\/wp-content\/uploads\/2020\/04\/ing.png?fit=920%2C517&resize=700%2C400 2x"},"classes":[]},{"id":5973,"url":"http:\/\/ccnews.com.ar\/prensa\/se-conocieron-las-ofertas-por-los-parque-eolicos-para-rio-negro-y-neuquen\/","url_meta":{"origin":10661,"position":4},"title":"Se conocieron las ofertas por los parque e\u00f3licos para R\u00edo Negro y Neuqu\u00e9n","author":"CLUSTERciar","date":"31 octubre, 2017","format":false,"excerpt":"Se abieron los sobres de la tercera ronda de licitaci\u00f3n de RenoVar 2.0. En total, los ofrecimientos llegaron a los 9.400 MW. En la regi\u00f3n se licitar\u00e1n 200 MW en energ\u00eda e\u00f3lica. Se abrieron los sobres de la tercera ronda de licitaci\u00f3n para energ\u00edas verdes del programa\u00a0RenoVar 2.0\u00a0y las ofertas\u2026","rel":"","context":"En \u00abEnerg\u00eda y Producci\u00f3n\u00bb","block_context":{"text":"Energ\u00eda y Producci\u00f3n","link":"http:\/\/ccnews.com.ar\/prensa\/category\/energia-y-produccion\/"},"img":{"alt_text":"","src":"https:\/\/i0.wp.com\/ccnews.com.ar\/prensa\/wp-content\/uploads\/2017\/10\/image_content_8969499_20171020084506.jpg?fit=660%2C370&resize=350%2C200","width":350,"height":200,"srcset":"https:\/\/i0.wp.com\/ccnews.com.ar\/prensa\/wp-content\/uploads\/2017\/10\/image_content_8969499_20171020084506.jpg?fit=660%2C370&resize=350%2C200 1x, https:\/\/i0.wp.com\/ccnews.com.ar\/prensa\/wp-content\/uploads\/2017\/10\/image_content_8969499_20171020084506.jpg?fit=660%2C370&resize=525%2C300 1,5x"},"classes":[]},{"id":6753,"url":"http:\/\/ccnews.com.ar\/prensa\/dos-parques-eolicos-suman-viento-a-favor\/","url_meta":{"origin":10661,"position":5},"title":"Dos parques e\u00f3licos suman viento a favor","author":"admin","date":"5 febrero, 2018","format":false,"excerpt":"El gobierno nacional les otorg\u00f3 el status de agente generador, mejorando el potencial que tienen para ser licitados. La secretar\u00eda de Energ\u00eda El\u00e9ctrica de la Naci\u00f3n que conduce Alejandro Srouga, le dio un fuerte impulso a dos de los proyectos de parques e\u00f3licos que hay en la provincia, al reconocerlos\u2026","rel":"","context":"En \u00abSustentabilidad\u00bb","block_context":{"text":"Sustentabilidad","link":"http:\/\/ccnews.com.ar\/prensa\/category\/sustentabilidad\/"},"img":{"alt_text":"","src":"https:\/\/i0.wp.com\/ccnews.com.ar\/prensa\/wp-content\/uploads\/2018\/01\/Rio-negro-parques-eolicos.jpg?fit=550%2C346&resize=350%2C200","width":350,"height":200,"srcset":"https:\/\/i0.wp.com\/ccnews.com.ar\/prensa\/wp-content\/uploads\/2018\/01\/Rio-negro-parques-eolicos.jpg?fit=550%2C346&resize=350%2C200 1x, https:\/\/i0.wp.com\/ccnews.com.ar\/prensa\/wp-content\/uploads\/2018\/01\/Rio-negro-parques-eolicos.jpg?fit=550%2C346&resize=525%2C300 1,5x"},"classes":[]}],"jetpack_sharing_enabled":true,"_links":{"self":[{"href":"http:\/\/ccnews.com.ar\/prensa\/wp-json\/wp\/v2\/posts\/10661","targetHints":{"allow":["GET"]}}],"collection":[{"href":"http:\/\/ccnews.com.ar\/prensa\/wp-json\/wp\/v2\/posts"}],"about":[{"href":"http:\/\/ccnews.com.ar\/prensa\/wp-json\/wp\/v2\/types\/post"}],"author":[{"embeddable":true,"href":"http:\/\/ccnews.com.ar\/prensa\/wp-json\/wp\/v2\/users\/1"}],"replies":[{"embeddable":true,"href":"http:\/\/ccnews.com.ar\/prensa\/wp-json\/wp\/v2\/comments?post=10661"}],"version-history":[{"count":2,"href":"http:\/\/ccnews.com.ar\/prensa\/wp-json\/wp\/v2\/posts\/10661\/revisions"}],"predecessor-version":[{"id":10675,"href":"http:\/\/ccnews.com.ar\/prensa\/wp-json\/wp\/v2\/posts\/10661\/revisions\/10675"}],"wp:featuredmedia":[{"embeddable":true,"href":"http:\/\/ccnews.com.ar\/prensa\/wp-json\/wp\/v2\/media\/10663"}],"wp:attachment":[{"href":"http:\/\/ccnews.com.ar\/prensa\/wp-json\/wp\/v2\/media?parent=10661"}],"wp:term":[{"taxonomy":"category","embeddable":true,"href":"http:\/\/ccnews.com.ar\/prensa\/wp-json\/wp\/v2\/categories?post=10661"},{"taxonomy":"post_tag","embeddable":true,"href":"http:\/\/ccnews.com.ar\/prensa\/wp-json\/wp\/v2\/tags?post=10661"}],"curies":[{"name":"wp","href":"https:\/\/api.w.org\/{rel}","templated":true}]}}