{"id":10705,"date":"2019-03-08T08:00:45","date_gmt":"2019-03-08T11:00:45","guid":{"rendered":"http:\/\/ccnews.com.ar\/prensa\/?p=10705"},"modified":"2019-03-08T09:46:31","modified_gmt":"2019-03-08T12:46:31","slug":"empleo-del-futuro-la-propuesta-argentina-para-ensenarles-a-los-ninos-programacion-y-robotica","status":"publish","type":"post","link":"http:\/\/ccnews.com.ar\/prensa\/empleo-del-futuro-la-propuesta-argentina-para-ensenarles-a-los-ninos-programacion-y-robotica\/","title":{"rendered":"Empleo del futuro: la propuesta argentina para ense\u00f1arles a los ni\u00f1os programaci\u00f3n y rob\u00f3tica"},"content":{"rendered":"<p>La organizaci\u00f3n del MWC, el congreso de la industria m\u00f3vil en Barcelona, convoc\u00f3 en esta edici\u00f3n a la empresa argentina TecnoKids para brindar charlas sobre educaci\u00f3n y tecnolog\u00eda. &#8220;Somos la primera instituci\u00f3n de la Argentina y Am\u00e9rica Latina en participar en 3 eventos del MWC&#8221;, se\u00f1al\u00f3 a Infobae Leandro Swietarski, su fundador.<\/p>\n<p>Adem\u00e1s, GSMA, la asociaci\u00f3n que organiza el MWC, ha contratado a Swietarski, representando a su compa\u00f1\u00eda, para brindar charlas en 5 eventos que realizar\u00e1 en Am\u00e9rica Latina durante 2019.<\/p>\n<p>EL MWC tiene un sub evento que se llama YoMo o Youth Mobile, que es la versi\u00f3n juvenil del congreso, con charlas que apuntan a ese p\u00fablico. Y all\u00ed tambi\u00e9n Swietarski ser\u00e1 uno de los oradores.<\/p>\n<p>&#8220;Ac\u00e1 vienen diferentes organizaciones de distintas partes del mundo a mostrar proyectos y kits de rob\u00f3tica y tecnolog\u00eda, por ejemplo&#8221;, se\u00f1al\u00f3<\/p>\n<p>Adem\u00e1s, brindar\u00e1 una charla en un evento paralelo organizado por MWC llamado Teacher Track, orientado a docentes. All\u00ed se abordar\u00e1n tendencias mundiales en educaci\u00f3n tecnol\u00f3gica.<\/p>\n<p>&#8220;La idea es entender c\u00f3mo sumar la rob\u00f3tica en el aula, por ejemplo, no solo en la materia puntual de tecnolog\u00eda, sino de manera transversal&#8221;, explic\u00f3.<\/p>\n<p>Durante el MWC, Swietarski, de 38 a\u00f1os, brind\u00f3 la charla denominada &#8220;Historias extraordinarias de los chicos que est\u00e1n cambiando el mundo a trav\u00e9s de la tecnolog\u00eda&#8221;. Tecnokids tiene 4 a\u00f1os y ofrece cursos para chicos y chicas de 4 a 16 a\u00f1os.<\/p>\n<p>Rob\u00f3tica, desarrollo de apps para celulares, Arduino, Stop Motion y hasta un curso para ser youtuber son algunas de las propuestas.<\/p>\n<p>Los cursos son brindados de forma privada a escuelas. Tiene 3 sedes y este a\u00f1o abrir\u00e1 8 m\u00e1s en el interior de la Argentina. El fundador asegura que en 2018 participaron m\u00e1s de 1.000 alumnos de los cursos.<\/p>\n<p>&#8220;El 12% de los ingresos son usados para llevar a cabo programas vinculados al acercamiento de las mujeres a la tecnolog\u00eda y para dar los mismos cursos a familias de bajos recursos&#8221;, finaliz\u00f3 Swietarski, quien asegura estar en contacto con el MIT (Instituto de Tecnolog\u00eda de Massachusetts) quienes le brindan capacitaci\u00f3n y asesoramiento.<\/p>\n<p>Fuente: Infobae<\/p>\n<!-- AddThis Advanced Settings generic via filter on the_content -->","protected":false},"excerpt":{"rendered":"<p>La organizaci\u00f3n del MWC, el congreso de la industria m\u00f3vil en Barcelona, convoc\u00f3 en esta edici\u00f3n a la empresa argentina<!-- AddThis Advanced Settings generic via filter on get_the_excerpt --><\/p>\n","protected":false},"author":1,"featured_media":10715,"comment_status":"closed","ping_status":"closed","sticky":false,"template":"","format":"standard","meta":{"colormag_page_container_layout":"default_layout","colormag_page_sidebar_layout":"default_layout","jetpack_post_was_ever_published":false,"_jetpack_newsletter_access":"","_jetpack_dont_email_post_to_subs":false,"_jetpack_newsletter_tier_id":0,"_jetpack_memberships_contains_paywalled_content":false,"_jetpack_memberships_contains_paid_content":false,"footnotes":"","jetpack_publicize_message":"#BuenViernes Empleo del futuro: la propuesta argentina para ense\u00f1arles a los ni\u00f1os programaci\u00f3n y rob\u00f3tica","jetpack_publicize_feature_enabled":true,"jetpack_social_post_already_shared":true,"jetpack_social_options":{"image_generator_settings":{"template":"highway","default_image_id":0,"font":"","enabled":false},"version":2}},"categories":[19],"tags":[17],"class_list":["post-10705","post","type-post","status-publish","format-standard","has-post-thumbnail","hentry","category-educacion-sociedad","tag-otros-medios"],"jetpack_publicize_connections":[],"jetpack_featured_media_url":"https:\/\/i0.wp.com\/ccnews.com.ar\/prensa\/wp-content\/uploads\/2019\/03\/empleo-del-futuro-la-propuesta-argentina-para-ensenarles-a-los-ninos-programacion-y-robotica.jpg?fit=1920%2C1080","jetpack_shortlink":"https:\/\/wp.me\/p7L1gj-2MF","jetpack-related-posts":[{"id":13047,"url":"http:\/\/ccnews.com.ar\/prensa\/comienza-la-expo-argentina-oilgas-2019\/","url_meta":{"origin":10705,"position":0},"title":"Comienza la Expo Argentina Oil&#038;Gas 2019","author":"admin","date":"23 septiembre, 2019","format":false,"excerpt":"El encuentro se extender\u00e1 hasta el jueves y reunir\u00e1 a los principales actores de la industria petrolera. La cita se topar\u00e1 este a\u00f1o con un clima enrarecido a ra\u00edz de las medidas adoptadas por el gobierno nacional, en especial el congelamiento del barril. La exposici\u00f3n m\u00e1s importante de la industria\u2026","rel":"","context":"En \u00abSustentabilidad\u00bb","block_context":{"text":"Sustentabilidad","link":"http:\/\/ccnews.com.ar\/prensa\/category\/sustentabilidad\/"},"img":{"alt_text":"","src":"https:\/\/i0.wp.com\/ccnews.com.ar\/prensa\/wp-content\/uploads\/2019\/09\/CMG_1561.jpg?fit=900%2C520&resize=350%2C200","width":350,"height":200,"srcset":"https:\/\/i0.wp.com\/ccnews.com.ar\/prensa\/wp-content\/uploads\/2019\/09\/CMG_1561.jpg?fit=900%2C520&resize=350%2C200 1x, https:\/\/i0.wp.com\/ccnews.com.ar\/prensa\/wp-content\/uploads\/2019\/09\/CMG_1561.jpg?fit=900%2C520&resize=525%2C300 1,5x, https:\/\/i0.wp.com\/ccnews.com.ar\/prensa\/wp-content\/uploads\/2019\/09\/CMG_1561.jpg?fit=900%2C520&resize=700%2C400 2x"},"classes":[]},{"id":7103,"url":"http:\/\/ccnews.com.ar\/prensa\/thx-llevara-su-famosa-tecnologia-de-sonido-a-los-dispositivos-moviles\/","url_meta":{"origin":10705,"position":1},"title":"THX llevar\u00e1 su famosa tecnolog\u00eda de sonido a los dispositivos m\u00f3viles","author":"admin","date":"9 marzo, 2018","format":false,"excerpt":"Durante Mobile World Congress 2018, la compa\u00f1\u00eda fundada por George Lucas anunci\u00f3 una nueva plataforma de audio cinematogr\u00e1fico que puede usarse en cualquier bocina de celular o para la casa, as\u00ed como en tus aud\u00edfonos. THX, la famosa empresa de sonido fundada por George Lucas, present\u00f3 este lunes en\u00a0MWC 2018\u00a0una\u2026","rel":"","context":"En \u00abTransformaci\u00f3n digital\u00bb","block_context":{"text":"Transformaci\u00f3n digital","link":"http:\/\/ccnews.com.ar\/prensa\/category\/transformacion-digital\/"},"img":{"alt_text":"","src":"https:\/\/i0.wp.com\/ccnews.com.ar\/prensa\/wp-content\/uploads\/2018\/03\/thx.jpg?fit=700%2C400&resize=350%2C200","width":350,"height":200,"srcset":"https:\/\/i0.wp.com\/ccnews.com.ar\/prensa\/wp-content\/uploads\/2018\/03\/thx.jpg?fit=700%2C400&resize=350%2C200 1x, https:\/\/i0.wp.com\/ccnews.com.ar\/prensa\/wp-content\/uploads\/2018\/03\/thx.jpg?fit=700%2C400&resize=525%2C300 1,5x, https:\/\/i0.wp.com\/ccnews.com.ar\/prensa\/wp-content\/uploads\/2018\/03\/thx.jpg?fit=700%2C400&resize=700%2C400 2x"},"classes":[]},{"id":3437,"url":"http:\/\/ccnews.com.ar\/prensa\/abren-convocatoria-de-trabajos-tecnicos-para-el-3o-congreso-latinoamericano-y-del-caribe\/","url_meta":{"origin":10705,"position":2},"title":"ABREN CONVOCATORIA DE TRABAJOS T\u00c9CNICOS PARA EL 3\u00ba CONGRESO LATINOAMERICANO Y DEL CARIBE","author":"CLUSTERciar","date":"15 marzo, 2017","format":false,"excerpt":"El IAPG convoca a la presentaci\u00f3n de trabajos t\u00e9cnicos de Perforaci\u00f3n, Terminaci\u00f3n, Reparaci\u00f3n y Servicio de Pozos para el evento que se realizar\u00e1 en paralelo con la AOG Expo 2017, con el objetivo de generar un \u00e1mbito de debate, intercambio y actualizaci\u00f3n profesional. El Instituto Argentino del Petr\u00f3leo y del\u2026","rel":"","context":"En \u00abEnerg\u00eda y Producci\u00f3n\u00bb","block_context":{"text":"Energ\u00eda y Producci\u00f3n","link":"http:\/\/ccnews.com.ar\/prensa\/category\/energia-y-produccion\/"},"img":{"alt_text":"","src":"","width":0,"height":0},"classes":[]},{"id":9633,"url":"http:\/\/ccnews.com.ar\/prensa\/neuquen-sera-sede-del-encuentro-por-el-cambio-climatico\/","url_meta":{"origin":10705,"position":3},"title":"Neuqu\u00e9n ser\u00e1 sede del encuentro por el cambio clim\u00e1tico","author":"CLUSTERciar","date":"14 diciembre, 2018","format":false,"excerpt":"Se trata de una red de municipios de todo el pa\u00eds. Hoy tanto la ciudad como Cipolletti firmar\u00e1n un acuerdo. Tambi\u00e9n habr\u00e1 capacitaciones y charlas. La Municipalidad de Neuqu\u00e9n ser\u00e1 hoy sede de un encuentro de la Red Argentina de Municipios frente al Cambio Clim\u00e1tico (RAMCC) en donde el intendente\u2026","rel":"","context":"En \u00abEducaci\u00f3n\/Sociedad\u00bb","block_context":{"text":"Educaci\u00f3n\/Sociedad","link":"http:\/\/ccnews.com.ar\/prensa\/category\/educacion-sociedad\/"},"img":{"alt_text":"","src":"https:\/\/i0.wp.com\/ccnews.com.ar\/prensa\/wp-content\/uploads\/2018\/12\/0003373792.jpg?fit=770%2C433&resize=350%2C200","width":350,"height":200,"srcset":"https:\/\/i0.wp.com\/ccnews.com.ar\/prensa\/wp-content\/uploads\/2018\/12\/0003373792.jpg?fit=770%2C433&resize=350%2C200 1x, https:\/\/i0.wp.com\/ccnews.com.ar\/prensa\/wp-content\/uploads\/2018\/12\/0003373792.jpg?fit=770%2C433&resize=525%2C300 1,5x, https:\/\/i0.wp.com\/ccnews.com.ar\/prensa\/wp-content\/uploads\/2018\/12\/0003373792.jpg?fit=770%2C433&resize=700%2C400 2x"},"classes":[]},{"id":8571,"url":"http:\/\/ccnews.com.ar\/prensa\/llega-expo-vocacional-2018-el-encuentro-entre-los-protagonistas-de-la-educacion\/","url_meta":{"origin":10705,"position":4},"title":"Llega Expo Vocacional 2018:  el encuentro entre los protagonistas  de la educaci\u00f3n","author":"CLUSTERciar","date":"7 agosto, 2018","format":false,"excerpt":"La feria educativa m\u00e1s grande de la Patagonia pondr\u00e1 en contacto directo a miles de estudiantes secundarios con instituciones educativas p\u00fablicas y privadas, que exhibir\u00e1n su oferta acad\u00e9mica terciaria y universitaria. Del 8 al 10 de agosto, de 9 a 19 h, se realizar\u00e1 la novena edici\u00f3n de Expo Vocacional\u2026","rel":"","context":"En \u00abEducaci\u00f3n\/Sociedad\u00bb","block_context":{"text":"Educaci\u00f3n\/Sociedad","link":"http:\/\/ccnews.com.ar\/prensa\/category\/educacion-sociedad\/"},"img":{"alt_text":"","src":"https:\/\/i0.wp.com\/ccnews.com.ar\/prensa\/wp-content\/uploads\/2018\/08\/expo.jpg?fit=803%2C404&resize=350%2C200","width":350,"height":200,"srcset":"https:\/\/i0.wp.com\/ccnews.com.ar\/prensa\/wp-content\/uploads\/2018\/08\/expo.jpg?fit=803%2C404&resize=350%2C200 1x, https:\/\/i0.wp.com\/ccnews.com.ar\/prensa\/wp-content\/uploads\/2018\/08\/expo.jpg?fit=803%2C404&resize=525%2C300 1,5x, https:\/\/i0.wp.com\/ccnews.com.ar\/prensa\/wp-content\/uploads\/2018\/08\/expo.jpg?fit=803%2C404&resize=700%2C400 2x"},"classes":[]},{"id":597,"url":"http:\/\/ccnews.com.ar\/prensa\/la-motivadora-del-cholo\/","url_meta":{"origin":10705,"position":5},"title":"La motivadora del Cholo","author":"CLUSTERciar","date":"30 mayo, 2016","format":false,"excerpt":"Conoc\u00e9 la historia de Irene Villa, especialista en charlas motivacionales que sufri\u00f3 una tragedia cuando era chica. Amiga de Simeone, vaticina: \"Esta Champions ser\u00e1 nuestra\" Irene Villa es un extraordinario y maravilloso\u00a0ejemplo de c\u00f3mo poder sobrevivir a una tragedia. Cuando ten\u00eda 12 a\u00f1os, ella y su madre fueron v\u00edctimas de\u2026","rel":"","context":"En \u00abEducaci\u00f3n\/Sociedad\u00bb","block_context":{"text":"Educaci\u00f3n\/Sociedad","link":"http:\/\/ccnews.com.ar\/prensa\/category\/educacion-sociedad\/"},"img":{"alt_text":"","src":"","width":0,"height":0},"classes":[]}],"jetpack_sharing_enabled":true,"_links":{"self":[{"href":"http:\/\/ccnews.com.ar\/prensa\/wp-json\/wp\/v2\/posts\/10705","targetHints":{"allow":["GET"]}}],"collection":[{"href":"http:\/\/ccnews.com.ar\/prensa\/wp-json\/wp\/v2\/posts"}],"about":[{"href":"http:\/\/ccnews.com.ar\/prensa\/wp-json\/wp\/v2\/types\/post"}],"author":[{"embeddable":true,"href":"http:\/\/ccnews.com.ar\/prensa\/wp-json\/wp\/v2\/users\/1"}],"replies":[{"embeddable":true,"href":"http:\/\/ccnews.com.ar\/prensa\/wp-json\/wp\/v2\/comments?post=10705"}],"version-history":[{"count":1,"href":"http:\/\/ccnews.com.ar\/prensa\/wp-json\/wp\/v2\/posts\/10705\/revisions"}],"predecessor-version":[{"id":10709,"href":"http:\/\/ccnews.com.ar\/prensa\/wp-json\/wp\/v2\/posts\/10705\/revisions\/10709"}],"wp:featuredmedia":[{"embeddable":true,"href":"http:\/\/ccnews.com.ar\/prensa\/wp-json\/wp\/v2\/media\/10715"}],"wp:attachment":[{"href":"http:\/\/ccnews.com.ar\/prensa\/wp-json\/wp\/v2\/media?parent=10705"}],"wp:term":[{"taxonomy":"category","embeddable":true,"href":"http:\/\/ccnews.com.ar\/prensa\/wp-json\/wp\/v2\/categories?post=10705"},{"taxonomy":"post_tag","embeddable":true,"href":"http:\/\/ccnews.com.ar\/prensa\/wp-json\/wp\/v2\/tags?post=10705"}],"curies":[{"name":"wp","href":"https:\/\/api.w.org\/{rel}","templated":true}]}}