{"id":1093,"date":"2016-08-14T07:00:29","date_gmt":"2016-08-14T10:00:29","guid":{"rendered":"http:\/\/clusterciarnews.com.ar\/prensa\/?p=1093"},"modified":"2016-08-08T09:17:50","modified_gmt":"2016-08-08T12:17:50","slug":"adan-balina-creador-de-la-billetera-anti-robo-a-veces-te-tienen-que-pasar-cosas-para-aparezcan-las-ideas","status":"publish","type":"post","link":"http:\/\/ccnews.com.ar\/prensa\/adan-balina-creador-de-la-billetera-anti-robo-a-veces-te-tienen-que-pasar-cosas-para-aparezcan-las-ideas\/","title":{"rendered":"Adan Bali\u00f1a, creador de la billetera anti robo: &#8220;a veces te tienen que pasar cosas para aparezcan las ideas&#8221;"},"content":{"rendered":"<p>El modelo creado por un joven argentino ya tiene fecha de lanzamiento y mejoras tecnol\u00f3gicas que la podr\u00edan convertir en una nueva forma de controlar objetos a distancia y prevenir p\u00e9rdidas y hurtos; su fabricaci\u00f3n estar\u00e1 a cargo de los dise\u00f1adores del smartphone Nexbit Robin<\/p>\n<figure class=\"primer-parrafo conModal\">\n<div class=\" f-imagenRelacionada\" data-notaid=\"1925224\" data-imagenid=\"2247330\" data-tipo=\"imagen\" data-extension=\"jpg\" data-esrelacionada=\"0\"><img data-recalc-dims=\"1\" decoding=\"async\" id=\"imagen_2247330\" class=\"f-sinGif\" src=\"https:\/\/i0.wp.com\/bucket1.glanacion.com\/anexos\/fotos\/30\/tecnologia-2247330w620.jpg?w=800\" alt=\"El sistema ideado por Adan Bali\u00f1a no depende de un tel\u00e9fono m\u00f3vil como otros sistemas de localizaci\u00f3n\" data-imagenid=\"2247330\" \/><\/div><figcaption id=\"epigrafe2247330\">El sistema ideado por Adan Bali\u00f1a no depende de un tel\u00e9fono m\u00f3vil como otros sistemas de localizaci\u00f3n. Foto: LA NACION \/ Fabi\u00e1n Marelli<\/figcaption><div class=\"herramientas floatFix\"><\/div>\n<\/figure>\n<div id=\"herramientas-sociales\" class=\"herramientas verticales\">\u00bfCu\u00e1ntas veces anotaste esa idea genial que naci\u00f3 de una situaci\u00f3n particular que viviste, y que nunca m\u00e1s la concretaste? \u00bfMiles?<\/div>\n<aside class=\"banner caja2\" data-adpos=\"caja2\">\n<div id=\"eplAdDivcaja2\"><\/div>\n<\/aside>\n<p>El d\u00eda que Adan Bali\u00f1a, de 22 a\u00f1os, perdi\u00f3 su billetera se enfureci\u00f3 tanto que anot\u00f3 en un borrador una idea para que no le pase a nadie m\u00e1s. Tres meses despu\u00e9s, ya ten\u00eda el primer concepto de billetera anti robo dise\u00f1ado en el pa\u00eds, y que antes de fin de a\u00f1o se va a poder comprar en todo el mundo.<\/p>\n<p>La billetera inteligente, como la llama \u00e9l, es un concepto basado en el trackeo o seguimiento de un objeto, similar al sistema que utilizan algunos veh\u00edculos para encontrarlos luego de un robo, pero que cabe en el bolsillo.<\/p>\n<aside class=\"banner caja3\" data-adpos=\"caja3\">\n<div id=\"eplAdDivcaja3\"><\/div>\n<\/aside>\n<p>Mediante un sensor electr\u00f3nico dentro de su dise\u00f1o, la billetera puede ubicarse en un rango de entre 1 y 100 metros, dependiendo la distancia que configuremos. Cuando nos separemos m\u00e1s all\u00e1 del rango configurado, suenan las alarmas. El gran diferencial de este invento con otros sistemas de localizaci\u00f3n de objetos es que no depende del tel\u00e9fono, sino que puede gestionarse s\u00f3lo con la billetera y tu huella digital.<\/p>\n<p>Por acuerdos de confidencialidad, Bali\u00f1a a\u00fan no puede brindar mayores precisiones sobre el fabricante estadounidense de la billetera inteligente. Sin embargo, aclar\u00f3 que el dise\u00f1o y fabricaci\u00f3n de la billetera va a estar a cargo de la misma empresa que dise\u00f1\u00f3 y fabric\u00f3 varios dispositivos electr\u00f3nicos, entre los cuales se destaca el <a class=\"link\" href=\"http:\/\/www.lanacion.com.ar\/1876047-nextbit-robin-scott-croyle-htc-one-m7-mwc-2016\" target=\"_blank\">smartphone Nextbit Robin<\/a>.<\/p>\n<aside class=\"banner caja4\" data-adpos=\"caja4\">\n<div id=\"eplAdDivcaja4\"><\/div>\n<\/aside>\n<p>Adan Bali\u00f1a, su inventor, es un estudiante de Ingenier\u00eda en Sistemas de la Universidad Nacional del Centro de Tandil, pero que naci\u00f3 en Micaela Cascallares, un pueblito de poco m\u00e1s de 500 habitantes, que queda a unos 25 kil\u00f3metros de Tres Arroyos, y que de no ser por su estaci\u00f3n de tren que un\u00eda esa ciudad con Bah\u00eda Blanca, ya no existir\u00eda. A los 6 a\u00f1os se mud\u00f3 con toda su familia a Tres Arroyos, y vivi\u00f3 ah\u00ed hasta hace dos a\u00f1os. Migr\u00f3 a Tandil para comenzar su carrera universitaria. &#8220;Si me quedaba a estudiar en Tres Arroyos, s\u00f3lo pod\u00eda ser contador&#8221;, nos cuenta.<\/p>\n<p>Hincha fan\u00e1tico de Boca, jugador amateur con buena pegada y el mayor de 3 hermanos, hijo de padre transportista y madre ama de casa, Adan, sin tilde en la segunda &#8220;a&#8221;, cuenta que no tiene ninguna relaci\u00f3n con el primer hombre que cita el G\u00e9nesis de la Biblia, sino que fue un error de papeleo que terminara llam\u00e1ndose as\u00ed: &#8220;Mi mam\u00e1 me puso Alan, pero nac\u00ed prematuro y durante todo el tiempo que estuve en incubadora, las enfermeras y auxiliares empezaron a decirme Adan y qued\u00f3&#8221;.<\/p>\n<p>De voz relajada, con conceptos muy claros sobre su proyecto y en los \u00faltimos d\u00edas de descanso en su ciudad natal antes de retomar la facultad, nos cuenta detalles de su invento y novedades sobre las nuevas caracter\u00edsticas que tendr\u00e1 en su lanzamiento.<\/p>\n<figure class=\"S encolumnada\">\n<div class=\"conModal f-imagenRelacionada\" data-notaid=\"1925224\" data-imagenid=\"2247331\" data-tipo=\"imagen\" data-extension=\"jpg\" data-esrelacionada=\"0\"><img data-recalc-dims=\"1\" decoding=\"async\" id=\"imagen_2247331\" class=\"f-sinGif\" src=\"https:\/\/i0.wp.com\/bucket2.glanacion.com\/anexos\/fotos\/31\/tecnologia-2247331w280.jpg?w=800\" alt=\"Adan Bali\u00f1a es estudiante de Ingenier\u00eda en Sistemas de la Universidad Nacional del Centro de Tandil\" data-imagenid=\"2247331\" \/><\/div><figcaption id=\"epigrafe2247331\">Adan Bali\u00f1a es estudiante de Ingenier\u00eda en Sistemas de la Universidad Nacional del Centro de Tandil.\u00a0<\/figcaption><\/figure>\n<p><b>\u00bfC\u00f3mo lograste desarrollar el concepto tan r\u00e1pido? \u00bfTuviste ayuda de alguien?<\/b><\/p>\n<p>Luego de que me pasara lo de la billetera, apareci\u00f3 la idea m\u00e1s clara en mi cabeza y me puse a trabajar a diario para concretarla. Tres meses despu\u00e9s la ten\u00eda desarrollada. Despu\u00e9s de eso, me puse a testearla con un grupo reducido de personas para encontrarle las debilidades. Algo que me ayud\u00f3 es haber le\u00eddo hace un par de a\u00f1os <a class=\"link\" href=\"http:\/\/www.lanacion.com.ar\/1737107-bluesmart-valija-inteligente-bluetooth\" target=\"_blank\">el concepto de la valija Bluesmart, tambi\u00e9n inventada por argentinos<\/a>, pero que no hab\u00eda llegado al pa\u00eds por temas de importaci\u00f3n.<\/p>\n<p><b>\u00bfQu\u00e9 diferencias tiene tu billetera anti robo con otros sistemas de localizaci\u00f3n de objetos como <\/b><a class=\"link\" href=\"https:\/\/www.thetileapp.com\/\" target=\"_blank\">Tile<\/a><b>, Trackr o similares?<\/b><\/p>\n<p>La principal diferencia es que en mi billetera no ves que hay un dispositivo de localizaci\u00f3n, es una m\u00e1s, est\u00e1 todo dentro del dise\u00f1o. Las otras soluciones son visibles, lo que hace que cualquiera pueda sacarlas de donde est\u00e1n colocadas y tirarlas. Por otra parte, a diferencia de otros dispositivos de rastreo, la billetera no depende de tu tel\u00e9fono. Por ejemplo, si te qued\u00e1s sin bater\u00eda, no cumplir\u00eda su funci\u00f3n. El chip que gestiona la billetera es aut\u00f3nomo y gestiona la apertura o configuraci\u00f3n de algunos par\u00e1metros s\u00f3lo valid\u00e1ndote con tu huella dactilar.<\/p>\n<p><b>\u00bfCu\u00e1les son las caracter\u00edsticas principales de la billetera y qu\u00e9 cambios tuvo desde su concepto original?<\/b><\/p>\n<p>A simple vista es una billetera como cualquier otra. Al principio s\u00f3lo ten\u00eda el sistema de localizaci\u00f3n, pero pens\u00e9 \u00bfqu\u00e9 pasa si te la roban, sacan la plata y la tiran? De esa pregunta naci\u00f3 la idea de que la billetera est\u00e9 cerrada y s\u00f3lo pueda abrirse con tu autenticaci\u00f3n mediante huella dactilar. Tambi\u00e9n mejoramos la forma de ubicarla en el caso de que pierdas o te roben la billetera y el tel\u00e9fono, desarrollando un sistema tipo<a class=\"link\" href=\"http:\/\/www.lanacion.com.ar\/1548289-como-proteger-y-recuperar-tus-dispositivos-moviles-extraviados\" target=\"_blank\">Prey (desarrollado por el chileno Tom\u00e1s Pollak) <\/a>o el servicio &#8220;Busca mi iPhone&#8221; que traen los tel\u00e9fonos de Apple.<\/p>\n<p><b>\u00bfLa vas a fabricar ac\u00e1 en Argentina?<\/b><\/p>\n<p>Ac\u00e1 encontr\u00e9 muchas limitaciones en cuanto a tecnolog\u00eda y dise\u00f1o, es decir, hay recursos pero no la combinaci\u00f3n de ambos. Pens\u00e1 que es un producto que adem\u00e1s de tecnol\u00f3gico tiene que ser m\u00e1s o menos atractivo, bien dise\u00f1ado y apto para su funci\u00f3n de llevar billetes y tarjetas. Los costos tambi\u00e9n hac\u00edan inviable el proyecto ac\u00e1. Por suerte me contactaron con una empresa de Estados Unidos especializada en dise\u00f1os de indumentaria y tecnolog\u00eda, y los costos me permitieron sostener el precio de venta final que pretend\u00eda para que la pueda tener mucha gente.<\/p>\n<p><b>\u00bfSe va a conseguir en Argentina tambi\u00e9n?<\/b><\/p>\n<p>Por supuesto. M\u00e1s all\u00e1 de que la fabriquemos en Estados Unidos, mi idea es que se consiga en todo el mundo. Vamos a lanzar el proyecto a trav\u00e9s de un financiamiento colaborativo en Indiegogo, con el objetivo de poder comenzar a venderla en noviembre de este a\u00f1o, a un precio que va a estar entre los 60 y 80 d\u00f3lares, muy competitivo si vemos que cualquier billetera tradicional sin tecnolog\u00eda, de marcas conocidas, no cuesta menos de 900 pesos.<\/p>\n<p>Fuente: La Naci\u00f3n<\/p>\n<!-- AddThis Advanced Settings generic via filter on the_content -->","protected":false},"excerpt":{"rendered":"<p>El modelo creado por un joven argentino ya tiene fecha de lanzamiento y mejoras tecnol\u00f3gicas que la podr\u00edan convertir en<!-- AddThis Advanced Settings generic via filter on get_the_excerpt --><\/p>\n","protected":false},"author":2,"featured_media":1095,"comment_status":"closed","ping_status":"closed","sticky":false,"template":"","format":"standard","meta":{"colormag_page_container_layout":"default_layout","colormag_page_sidebar_layout":"default_layout","jetpack_post_was_ever_published":false,"_jetpack_newsletter_access":"","_jetpack_dont_email_post_to_subs":false,"_jetpack_newsletter_tier_id":0,"_jetpack_memberships_contains_paywalled_content":false,"_jetpack_memberships_contains_paid_content":false,"footnotes":"","jetpack_publicize_message":"","jetpack_publicize_feature_enabled":true,"jetpack_social_post_already_shared":true,"jetpack_social_options":{"image_generator_settings":{"template":"highway","default_image_id":0,"font":"","enabled":false},"version":2}},"categories":[5],"tags":[17],"class_list":["post-1093","post","type-post","status-publish","format-standard","has-post-thumbnail","hentry","category-transformacion-digital","tag-otros-medios"],"jetpack_publicize_connections":[],"jetpack_featured_media_url":"https:\/\/i0.wp.com\/ccnews.com.ar\/prensa\/wp-content\/uploads\/2016\/08\/p-4.jpg?fit=605%2C172","jetpack_shortlink":"https:\/\/wp.me\/p7L1gj-hD","jetpack-related-posts":[{"id":9005,"url":"http:\/\/ccnews.com.ar\/prensa\/companeros-dificiles-como-manejarse\/","url_meta":{"origin":1093,"position":0},"title":"Compa\u00f1eros dif\u00edciles, c\u00f3mo manejarse","author":"CLUSTERciar","date":"12 octubre, 2018","format":false,"excerpt":"El entorno laboral puede ser el ideal si se respetan ciertas reglas. Pero aqu\u00ed el trabajo no es el problema, sino las actitudes de colegas con los que hay que compartir varias horas en una oficina. Aqu\u00ed algunos consejos para poder hacer m\u00e1s llevadera la jornada. Hay lugares de trabajo\u2026","rel":"","context":"En \u00abManagement\u00bb","block_context":{"text":"Management","link":"http:\/\/ccnews.com.ar\/prensa\/category\/management\/"},"img":{"alt_text":"","src":"https:\/\/i0.wp.com\/ccnews.com.ar\/prensa\/wp-content\/uploads\/2018\/10\/ccn-7.jpg?fit=660%2C350&resize=350%2C200","width":350,"height":200,"srcset":"https:\/\/i0.wp.com\/ccnews.com.ar\/prensa\/wp-content\/uploads\/2018\/10\/ccn-7.jpg?fit=660%2C350&resize=350%2C200 1x, https:\/\/i0.wp.com\/ccnews.com.ar\/prensa\/wp-content\/uploads\/2018\/10\/ccn-7.jpg?fit=660%2C350&resize=525%2C300 1,5x"},"classes":[]},{"id":20,"url":"http:\/\/ccnews.com.ar\/prensa\/logran-wifi-con-un-consumo-energetico-10-000-veces-menor-al-normal\/","url_meta":{"origin":1093,"position":1},"title":"Logran WiFi con un consumo energ\u00e9tico 10.000 veces menor al normal","author":"CLUSTERciar","date":"3 marzo, 2016","format":false,"excerpt":"La ventaja del WiFi es que se encuentra en todas partes, conectando de forma invisible ordenadores con impresoras, permitiendo a los tel\u00e9fonos inteligentes que realicen llamadas o descarguen pel\u00edculas sin conexi\u00f3n celular, y dejando que los jugadores online interact\u00faen. La desventaja es que el uso del WiFi consume una cantidad\u2026","rel":"","context":"En \u00abSustentabilidad\u00bb","block_context":{"text":"Sustentabilidad","link":"http:\/\/ccnews.com.ar\/prensa\/category\/sustentabilidad\/"},"img":{"alt_text":"","src":"","width":0,"height":0},"classes":[]},{"id":2041,"url":"http:\/\/ccnews.com.ar\/prensa\/gyp-abre-la-puerta-a-mas-inversores-en-vaca-muerta\/","url_meta":{"origin":1093,"position":2},"title":"GyP abre la puerta a m\u00e1s inversores en Vaca Muerta","author":"CLUSTERciar","date":"24 octubre, 2016","format":false,"excerpt":"Se firm\u00f3 un acuerdo por m\u00e1s de 450 millones de d\u00f3lares. El gobernador Omar Guti\u00e9rrez firm\u00f3 ayer un acta acuerdo entre la provincia y las empresas YPF, YSUR y Gas y Petr\u00f3leo del Neuqu\u00e9n (GyP) para la ejecuci\u00f3n de dos nuevos pilotos no convencionales y nueve contratos de exploraci\u00f3n por\u2026","rel":"","context":"En \u00abManagement\u00bb","block_context":{"text":"Management","link":"http:\/\/ccnews.com.ar\/prensa\/category\/management\/"},"img":{"alt_text":"","src":"https:\/\/i0.wp.com\/ccnews.com.ar\/prensa\/wp-content\/uploads\/2016\/10\/plantilla-24.jpg?fit=770%2C433&resize=350%2C200","width":350,"height":200,"srcset":"https:\/\/i0.wp.com\/ccnews.com.ar\/prensa\/wp-content\/uploads\/2016\/10\/plantilla-24.jpg?fit=770%2C433&resize=350%2C200 1x, https:\/\/i0.wp.com\/ccnews.com.ar\/prensa\/wp-content\/uploads\/2016\/10\/plantilla-24.jpg?fit=770%2C433&resize=525%2C300 1,5x, https:\/\/i0.wp.com\/ccnews.com.ar\/prensa\/wp-content\/uploads\/2016\/10\/plantilla-24.jpg?fit=770%2C433&resize=700%2C400 2x"},"classes":[]},{"id":3201,"url":"http:\/\/ccnews.com.ar\/prensa\/cuanto-y-como-crecera-el-ecosistema-movil-en-el-pais\/","url_meta":{"origin":1093,"position":3},"title":"\u00bfCU\u00c1NTO Y C\u00d3MO CRECER\u00c1 EL ECOSISTEMA M\u00d3VIL EN EL PA\u00cdS?","author":"CLUSTERciar","date":"16 febrero, 2017","format":false,"excerpt":"AUMENTO DE DISPOSITIVOS PER C\u00c1PITA, M\u00c1S USUARIOS, M\u00c1S VELOCIDAD Y M\u00c1S DE DOBLE DE CONSUMO POR MES. ESO LE ESPERA A NUESTRO PA\u00cdS DE ACUERDO A LOS \u00daLTIMOS DATOS PUBLICADOS POR CISCO. El avance de las telecomunicaciones m\u00f3viles parece imparable. El nuevo \u00edndice de Cisco sobre la red de telecomunicaciones\u2026","rel":"","context":"En \u00abTransformaci\u00f3n digital\u00bb","block_context":{"text":"Transformaci\u00f3n digital","link":"http:\/\/ccnews.com.ar\/prensa\/category\/transformacion-digital\/"},"img":{"alt_text":"","src":"https:\/\/i0.wp.com\/ccnews.com.ar\/prensa\/wp-content\/uploads\/2017\/02\/smartphones_crop1486756637054.jpg_1484051676.jpg?fit=875%2C471&resize=350%2C200","width":350,"height":200,"srcset":"https:\/\/i0.wp.com\/ccnews.com.ar\/prensa\/wp-content\/uploads\/2017\/02\/smartphones_crop1486756637054.jpg_1484051676.jpg?fit=875%2C471&resize=350%2C200 1x, https:\/\/i0.wp.com\/ccnews.com.ar\/prensa\/wp-content\/uploads\/2017\/02\/smartphones_crop1486756637054.jpg_1484051676.jpg?fit=875%2C471&resize=525%2C300 1,5x, https:\/\/i0.wp.com\/ccnews.com.ar\/prensa\/wp-content\/uploads\/2017\/02\/smartphones_crop1486756637054.jpg_1484051676.jpg?fit=875%2C471&resize=700%2C400 2x"},"classes":[]},{"id":3057,"url":"http:\/\/ccnews.com.ar\/prensa\/la-generacion-de-energias-renovables-crecera-10-veces-en-argentina-hasta-el-ano-2025\/","url_meta":{"origin":1093,"position":4},"title":"La generaci\u00f3n de energ\u00edas renovables crecer\u00e1 10 veces en Argentina hasta el a\u00f1o 2025","author":"CLUSTERciar","date":"9 febrero, 2017","format":false,"excerpt":"El secretario de Hidrocarburos del Ministerio de Energ\u00eda, Jos\u00e9 Luis Sureda, sostuvo que la participaci\u00f3n de energ\u00eda renovable en la generaci\u00f3n el\u00e9ctrica crecer\u00e1 10 veces para el 2025, en el marco del 6to. Congreso de Producci\u00f3n y Desarrollo de Reservas de Hidrocarburos del Instituto Argentino del Petr\u00f3leo y del Gas\u2026","rel":"","context":"En \u00abEnerg\u00eda y Producci\u00f3n\u00bb","block_context":{"text":"Energ\u00eda y Producci\u00f3n","link":"http:\/\/ccnews.com.ar\/prensa\/category\/energia-y-produccion\/"},"img":{"alt_text":"","src":"","width":0,"height":0},"classes":[]},{"id":14016,"url":"http:\/\/ccnews.com.ar\/prensa\/diversidad-innovacion-con-proposito\/","url_meta":{"origin":1093,"position":5},"title":"Diversidad: innovaci\u00f3n con prop\u00f3sito","author":"admin","date":"20 diciembre, 2019","format":false,"excerpt":"Innovar es mucho m\u00e1s complejo que tener la voluntad o incluso la necesidad de innovar. Proponerse innovar es un buen principio, pero no es suficiente. Para poder innovar es requisito identificar los espacios de mejora o disrupci\u00f3n, conformar los equipos humanos, conseguir los recursos necesarios y por sobre todo inspirar\u2026","rel":"","context":"En \u00abEducaci\u00f3n\/Sociedad\u00bb","block_context":{"text":"Educaci\u00f3n\/Sociedad","link":"http:\/\/ccnews.com.ar\/prensa\/category\/educacion-sociedad\/"},"img":{"alt_text":"","src":"https:\/\/i0.wp.com\/ccnews.com.ar\/prensa\/wp-content\/uploads\/2019\/12\/11a.jpg?fit=1200%2C473&resize=350%2C200","width":350,"height":200,"srcset":"https:\/\/i0.wp.com\/ccnews.com.ar\/prensa\/wp-content\/uploads\/2019\/12\/11a.jpg?fit=1200%2C473&resize=350%2C200 1x, https:\/\/i0.wp.com\/ccnews.com.ar\/prensa\/wp-content\/uploads\/2019\/12\/11a.jpg?fit=1200%2C473&resize=525%2C300 1,5x, https:\/\/i0.wp.com\/ccnews.com.ar\/prensa\/wp-content\/uploads\/2019\/12\/11a.jpg?fit=1200%2C473&resize=700%2C400 2x, https:\/\/i0.wp.com\/ccnews.com.ar\/prensa\/wp-content\/uploads\/2019\/12\/11a.jpg?fit=1200%2C473&resize=1050%2C600 3x"},"classes":[]}],"jetpack_sharing_enabled":true,"_links":{"self":[{"href":"http:\/\/ccnews.com.ar\/prensa\/wp-json\/wp\/v2\/posts\/1093","targetHints":{"allow":["GET"]}}],"collection":[{"href":"http:\/\/ccnews.com.ar\/prensa\/wp-json\/wp\/v2\/posts"}],"about":[{"href":"http:\/\/ccnews.com.ar\/prensa\/wp-json\/wp\/v2\/types\/post"}],"author":[{"embeddable":true,"href":"http:\/\/ccnews.com.ar\/prensa\/wp-json\/wp\/v2\/users\/2"}],"replies":[{"embeddable":true,"href":"http:\/\/ccnews.com.ar\/prensa\/wp-json\/wp\/v2\/comments?post=1093"}],"version-history":[{"count":1,"href":"http:\/\/ccnews.com.ar\/prensa\/wp-json\/wp\/v2\/posts\/1093\/revisions"}],"predecessor-version":[{"id":1097,"href":"http:\/\/ccnews.com.ar\/prensa\/wp-json\/wp\/v2\/posts\/1093\/revisions\/1097"}],"wp:featuredmedia":[{"embeddable":true,"href":"http:\/\/ccnews.com.ar\/prensa\/wp-json\/wp\/v2\/media\/1095"}],"wp:attachment":[{"href":"http:\/\/ccnews.com.ar\/prensa\/wp-json\/wp\/v2\/media?parent=1093"}],"wp:term":[{"taxonomy":"category","embeddable":true,"href":"http:\/\/ccnews.com.ar\/prensa\/wp-json\/wp\/v2\/categories?post=1093"},{"taxonomy":"post_tag","embeddable":true,"href":"http:\/\/ccnews.com.ar\/prensa\/wp-json\/wp\/v2\/tags?post=1093"}],"curies":[{"name":"wp","href":"https:\/\/api.w.org\/{rel}","templated":true}]}}