{"id":1099,"date":"2016-08-15T07:00:48","date_gmt":"2016-08-15T10:00:48","guid":{"rendered":"http:\/\/clusterciarnews.com.ar\/prensa\/?p=1099"},"modified":"2016-08-16T10:29:11","modified_gmt":"2016-08-16T13:29:11","slug":"el-impacto-del-celular-al-volante-podria-ser-el-mismo-que-el-del-alcohol","status":"publish","type":"post","link":"http:\/\/ccnews.com.ar\/prensa\/el-impacto-del-celular-al-volante-podria-ser-el-mismo-que-el-del-alcohol\/","title":{"rendered":"El impacto del celular al volante podr\u00eda ser el mismo que el del alcohol"},"content":{"rendered":"<p>La telefon\u00eda m\u00f3vil una de las causa que m\u00e1s incrementa el riesgo de padecer un accidente automovil\u00edstico<\/p>\n<div class=\"post-thumbnail\"><img data-recalc-dims=\"1\" loading=\"lazy\" decoding=\"async\" class=\"attachment-post-thumbnail size-post-thumbnail wp-post-image\" src=\"https:\/\/i0.wp.com\/healthandtech.iprofesional.com\/wp-content\/uploads\/sites\/15\/2016\/08\/cel-alcohol-3-1200x675.jpg?resize=800%2C450\" sizes=\"auto, (max-width: 709px) 85vw, (max-width: 909px) 67vw, (max-width: 984px) 60vw, (max-width: 1362px) 62vw, 840px\" srcset=\"http:\/\/healthandtech.iprofesional.com\/wp-content\/uploads\/sites\/15\/2016\/08\/cel-alcohol-3-1200x675.jpg 1200w, http:\/\/healthandtech.iprofesional.com\/wp-content\/uploads\/sites\/15\/2016\/08\/cel-alcohol-3-300x169.jpg 300w, http:\/\/healthandtech.iprofesional.com\/wp-content\/uploads\/sites\/15\/2016\/08\/cel-alcohol-3-600x338.jpg 600w, http:\/\/healthandtech.iprofesional.com\/wp-content\/uploads\/sites\/15\/2016\/08\/cel-alcohol-3.jpg 1280w\" alt=\"cel-alcohol-3\" width=\"800\" height=\"450\" \/><\/div>\n<div class=\"entry-content\">\n<p>El <strong>alcohol<\/strong> est\u00e1 implicado en el 50% de los accidentes de tr\u00e1nsito que provocan muertes o discapacidades definitivas. La combinaci\u00f3n de la <strong>conducci\u00f3n y alcohol\u00a0<\/strong>en la Argentina provoca anualmente m\u00e1s de 4.000 muertos y 20.000 discapacitados definitivos. La mayor\u00eda de ellos son menores de 35 a\u00f1os de edad.<\/p>\n<p>Cualquier alcoholemia por peque\u00f1a que sea, puede alterar la capacidad de conducir, incrementando el riesgo de padecer accidentes. Por ello, la tendencia a nivel internacional es ir rebajando las tasas m\u00e1ximas permitidas. El alcohol es una droga fundamentalmente <strong>depresora del sistema nervioso central<\/strong> y en la intoxicaci\u00f3n alcoh\u00f3lica aguda produce de acuerdo al nivel de consumo 4 per\u00edodos (Inestabilidad \/ Confusi\u00f3n\/ Estupor\/ Coma).<\/p>\n<p>En los \u201990, las cuatro <strong>causas principales<\/strong> de choques fatales eran exceso de velocidad, alcohol, sobrepasos en zonas de doble l\u00ednea amarilla y el sue\u00f1o. Sin embargo,\u00a0en los \u00faltimos a\u00f1os, el uso de celular se ha transformado en un protagonista de accidentes de conducci\u00f3n. Estudios realizados en distintos pa\u00edses sugieren que la proporci\u00f3n de conductores que utilizan tel\u00e9fonos m\u00f3viles durante la conducci\u00f3n ha aumentado en los \u00faltimos 5-10 a\u00f1os, desde 1% a un 11%, seg\u00fan datos de la Organizaci\u00f3n Mundial de la Salud.<\/p>\n<p>Su uso hace que los conductores saquen los ojos del camino, las manos del volante y\u00a0 la mente de la ruta. Existe una creciente evidencia que demuestra que la distracci\u00f3n causada por los tel\u00e9fonos m\u00f3viles puede reducir el rendimiento del manejo de diferentes maneras, por ejemplo, generando tiempos de reacci\u00f3n m\u00e1s largos. No solo en el tiempo de reacci\u00f3n de frenado, sino tambi\u00e9n en la reacci\u00f3n ante se\u00f1ales de tr\u00e1fico. Tambi\u00e9n genera dificultad para mantener el carril correcto, y una reducci\u00f3n general del entendimiento de la situaci\u00f3n de conducci\u00f3n.<\/p>\n<p>Escribir\u00a0<strong>mensajes de texto<\/strong>\u00a0mientras se conduce parece tener un impacto particularmente negativo en el comportamiento al volante. Al ser una \u00a0forma de bajo costo de comunicaci\u00f3n, el uso creciente de este servicio es probable que genere importante problema de la seguridad vial. Los\u00a0<strong>conductores j\u00f3venes<\/strong> son m\u00e1s propensos a utilizar un tel\u00e9fono m\u00f3vil durante la conducci\u00f3n vulnerables a los efectos de la distracci\u00f3n, dada su relativa falta de experiencia al volante.<\/p>\n<p>En un estudio realizado en la <strong>Universidad de Utah<\/strong>\u00a0con un simulador de manejo se compar\u00f3 la din\u00e1mica de conductores consumidores de alcohol leve con los que usaban el celular. El mismo mostr\u00f3 un comportamiento de riesgo similar entre ambos grupos, lo que se traducir\u00eda en graves y crecientes repercusiones debido a la mayor utilizaci\u00f3n en todo el mundo.<\/p>\n<p>Sea el uso del celular, el consumo de alcohol u otra situaci\u00f3n que impacte en el manejo, es importante recordar al momento de subirnos al auto que cada a\u00f1o cerca de 1,3 millones de personas mueren y 50 millones resultan heridas como consecuencia de accidentes de tr\u00e1nsito.<\/p>\n<p><em>Fuente: Iprofesional<\/em><\/p>\n<\/div>\n<p>&nbsp;<\/p>\n<!-- AddThis Advanced Settings generic via filter on the_content -->","protected":false},"excerpt":{"rendered":"<p>La telefon\u00eda m\u00f3vil una de las causa que m\u00e1s incrementa el riesgo de padecer un accidente automovil\u00edstico El alcohol est\u00e1<!-- AddThis Advanced Settings generic via filter on get_the_excerpt --><\/p>\n","protected":false},"author":2,"featured_media":1101,"comment_status":"closed","ping_status":"closed","sticky":false,"template":"","format":"standard","meta":{"colormag_page_container_layout":"default_layout","colormag_page_sidebar_layout":"default_layout","jetpack_post_was_ever_published":false,"_jetpack_newsletter_access":"","_jetpack_dont_email_post_to_subs":false,"_jetpack_newsletter_tier_id":0,"_jetpack_memberships_contains_paywalled_content":false,"_jetpack_memberships_contains_paid_content":false,"footnotes":"","jetpack_publicize_message":"","jetpack_publicize_feature_enabled":true,"jetpack_social_post_already_shared":true,"jetpack_social_options":{"image_generator_settings":{"template":"highway","default_image_id":0,"font":"","enabled":false},"version":2}},"categories":[19],"tags":[17],"class_list":["post-1099","post","type-post","status-publish","format-standard","has-post-thumbnail","hentry","category-educacion-sociedad","tag-otros-medios"],"jetpack_publicize_connections":[],"jetpack_featured_media_url":"https:\/\/i0.wp.com\/ccnews.com.ar\/prensa\/wp-content\/uploads\/2016\/08\/p-5.jpg?fit=605%2C172","jetpack_shortlink":"https:\/\/wp.me\/p7L1gj-hJ","jetpack-related-posts":[{"id":9423,"url":"http:\/\/ccnews.com.ar\/prensa\/estres-laboral-como-combatirlo\/","url_meta":{"origin":1099,"position":0},"title":"Estr\u00e9s laboral: \u00bfc\u00f3mo combatirlo?","author":"CLUSTERciar","date":"26 noviembre, 2018","format":false,"excerpt":"El\u00a0estr\u00e9s\u00a0se define seg\u00fan la Organizaci\u00f3n Mundial de la Salud (OMS) como el\u00a0conjunto de reacciones fisiol\u00f3gicas que prepara al organismo para la acci\u00f3n. Es la respuesta de un organismo frente a un cambio en el mundo exterior que le rodea. La RAE lo detalla como la tensi\u00f3n provocada por situaciones agobiantes\u2026","rel":"","context":"En \u00abManagement\u00bb","block_context":{"text":"Management","link":"http:\/\/ccnews.com.ar\/prensa\/category\/management\/"},"img":{"alt_text":"","src":"https:\/\/i0.wp.com\/ccnews.com.ar\/prensa\/wp-content\/uploads\/2018\/11\/estr%C3%A9s-laboral.jpg?fit=543%2C462&resize=350%2C200","width":350,"height":200,"srcset":"https:\/\/i0.wp.com\/ccnews.com.ar\/prensa\/wp-content\/uploads\/2018\/11\/estr%C3%A9s-laboral.jpg?fit=543%2C462&resize=350%2C200 1x, https:\/\/i0.wp.com\/ccnews.com.ar\/prensa\/wp-content\/uploads\/2018\/11\/estr%C3%A9s-laboral.jpg?fit=543%2C462&resize=525%2C300 1,5x"},"classes":[]},{"id":14816,"url":"http:\/\/ccnews.com.ar\/prensa\/los-sistemas-de-prevencion-una-apuesta-de-los-ods-para-reforzar-la-seguridad-vial\/","url_meta":{"origin":1099,"position":1},"title":"Los sistemas de prevenci\u00f3n, una apuesta de los ODS para reforzar la seguridad vial","author":"admin","date":"7 marzo, 2020","format":false,"excerpt":"La seguridad vial se ha convertido en uno de los focos prioritarios para garantizar el bienestar social. A la hora de promover una conducci\u00f3n responsable, el consumo de alcohol y las drogas contin\u00faa siendo un factor de riesgo que no hay que pasar por alto. En 2018, m\u00e1s del 40%\u2026","rel":"","context":"En \u00abEducaci\u00f3n\/Sociedad\u00bb","block_context":{"text":"Educaci\u00f3n\/Sociedad","link":"http:\/\/ccnews.com.ar\/prensa\/category\/educacion-sociedad\/"},"img":{"alt_text":"","src":"https:\/\/i0.wp.com\/ccnews.com.ar\/prensa\/wp-content\/uploads\/2020\/03\/2181549.jpeg?fit=980%2C560&resize=350%2C200","width":350,"height":200,"srcset":"https:\/\/i0.wp.com\/ccnews.com.ar\/prensa\/wp-content\/uploads\/2020\/03\/2181549.jpeg?fit=980%2C560&resize=350%2C200 1x, https:\/\/i0.wp.com\/ccnews.com.ar\/prensa\/wp-content\/uploads\/2020\/03\/2181549.jpeg?fit=980%2C560&resize=525%2C300 1,5x, https:\/\/i0.wp.com\/ccnews.com.ar\/prensa\/wp-content\/uploads\/2020\/03\/2181549.jpeg?fit=980%2C560&resize=700%2C400 2x"},"classes":[]},{"id":14896,"url":"http:\/\/ccnews.com.ar\/prensa\/coronavirus-cuales-son-los-cuidados-que-hay-que-observar-al-llegar-a-casa\/","url_meta":{"origin":1099,"position":2},"title":"Coronavirus: cu\u00e1les son los cuidados que hay que observar al llegar a casa","author":"CLUSTERciar","date":"17 marzo, 2020","format":false,"excerpt":"Aunque todo el mundo, literalmente, se est\u00e1 poniendo en cuarentena por la epidemia\u00a0de\u00a0coronavirus\u00a0, hay muchos que deben salir a trabajar y a esta hora regresan a sus casas. Tambi\u00e9n dentro del hogar hay ciertos cuidados por observar. \"En este momento, no tenemos transmisi\u00f3n comunitaria, de modo que no nos estamos\u2026","rel":"","context":"En \u00abEducaci\u00f3n\/Sociedad\u00bb","block_context":{"text":"Educaci\u00f3n\/Sociedad","link":"http:\/\/ccnews.com.ar\/prensa\/category\/educacion-sociedad\/"},"img":{"alt_text":"Cr\u00e9dito: Tom\u00e1s Cuesta","src":"https:\/\/i0.wp.com\/ccnews.com.ar\/prensa\/wp-content\/uploads\/2020\/03\/3214526w1033.jpg?fit=1033%2C687&resize=350%2C200","width":350,"height":200,"srcset":"https:\/\/i0.wp.com\/ccnews.com.ar\/prensa\/wp-content\/uploads\/2020\/03\/3214526w1033.jpg?fit=1033%2C687&resize=350%2C200 1x, https:\/\/i0.wp.com\/ccnews.com.ar\/prensa\/wp-content\/uploads\/2020\/03\/3214526w1033.jpg?fit=1033%2C687&resize=525%2C300 1,5x, https:\/\/i0.wp.com\/ccnews.com.ar\/prensa\/wp-content\/uploads\/2020\/03\/3214526w1033.jpg?fit=1033%2C687&resize=700%2C400 2x"},"classes":[]},{"id":15042,"url":"http:\/\/ccnews.com.ar\/prensa\/la-pandemia-y-los-cambios-en-la-rutina-laboral\/","url_meta":{"origin":1099,"position":3},"title":"La pandemia y los cambios en la rutina laboral","author":"admin","date":"30 marzo, 2020","format":false,"excerpt":"El coronavirus, que nos est\u00e1 cambiando la vida a todos, llev\u00f3 a las compa\u00f1\u00edas a adoptar una serie de medidas progresivas para cuidar la salud de sus empleados y adaptarse a la nueva situaci\u00f3n. Adecco Argentina, filial local de la consultora integral en Recursos Humanos, realiz\u00f3 una encuesta a ejecutivas\/os\u2026","rel":"","context":"En \u00abManagement\u00bb","block_context":{"text":"Management","link":"http:\/\/ccnews.com.ar\/prensa\/category\/management\/"},"img":{"alt_text":"","src":"https:\/\/i0.wp.com\/ccnews.com.ar\/prensa\/wp-content\/uploads\/2020\/03\/1090780281_0_0_1920_1039_1000x541_80_0_0_b0a361fc1cfc9ec74d033e4db3211b61.jpg?fit=1000%2C541&resize=350%2C200","width":350,"height":200,"srcset":"https:\/\/i0.wp.com\/ccnews.com.ar\/prensa\/wp-content\/uploads\/2020\/03\/1090780281_0_0_1920_1039_1000x541_80_0_0_b0a361fc1cfc9ec74d033e4db3211b61.jpg?fit=1000%2C541&resize=350%2C200 1x, https:\/\/i0.wp.com\/ccnews.com.ar\/prensa\/wp-content\/uploads\/2020\/03\/1090780281_0_0_1920_1039_1000x541_80_0_0_b0a361fc1cfc9ec74d033e4db3211b61.jpg?fit=1000%2C541&resize=525%2C300 1,5x, https:\/\/i0.wp.com\/ccnews.com.ar\/prensa\/wp-content\/uploads\/2020\/03\/1090780281_0_0_1920_1039_1000x541_80_0_0_b0a361fc1cfc9ec74d033e4db3211b61.jpg?fit=1000%2C541&resize=700%2C400 2x"},"classes":[]},{"id":16200,"url":"http:\/\/ccnews.com.ar\/prensa\/2020-el-ano-en-que-la-sustentabilidad-se-puso-a-prueba\/","url_meta":{"origin":1099,"position":4},"title":"2020: el a\u00f1o en que la sustentabilidad se puso a prueba","author":"Editor","date":"15 octubre, 2020","format":false,"excerpt":"Las gerencias readaptaron sus procesos para hace frente a las necesidades internas y externas por la pandemia. Cu\u00e1les fueron las cuatro etapas que transitan las empresas.","rel":"","context":"En \u00abSustentabilidad\u00bb","block_context":{"text":"Sustentabilidad","link":"http:\/\/ccnews.com.ar\/prensa\/category\/sustentabilidad\/"},"img":{"alt_text":"","src":"https:\/\/i0.wp.com\/ccnews.com.ar\/prensa\/wp-content\/uploads\/2020\/10\/0037770395.jpg?fit=689%2C459&resize=350%2C200","width":350,"height":200,"srcset":"https:\/\/i0.wp.com\/ccnews.com.ar\/prensa\/wp-content\/uploads\/2020\/10\/0037770395.jpg?fit=689%2C459&resize=350%2C200 1x, https:\/\/i0.wp.com\/ccnews.com.ar\/prensa\/wp-content\/uploads\/2020\/10\/0037770395.jpg?fit=689%2C459&resize=525%2C300 1,5x"},"classes":[]},{"id":3669,"url":"http:\/\/ccnews.com.ar\/prensa\/la-app-nacida-en-cordoba-que-llego-a-silicon-valley\/","url_meta":{"origin":1099,"position":5},"title":"La \u201capp\u201d nacida en C\u00f3rdoba que lleg\u00f3 a Silicon Valley","author":"CLUSTERciar","date":"12 abril, 2017","format":false,"excerpt":"Busca tratar el tabaquismo con realidad virtual, con una t\u00e9cnica de meditaci\u00f3n. La idea es de tres j\u00f3venes cordobeses que lograron que Google les cobijara el proyecto. Parece el guion del sue\u00f1o dorado de cualquier emprendedor: hace tres meses, tres j\u00f3venes de C\u00f3rdoba tuvieron el primer esbozo de idea de\u2026","rel":"","context":"En \u00abTransformaci\u00f3n digital\u00bb","block_context":{"text":"Transformaci\u00f3n digital","link":"http:\/\/ccnews.com.ar\/prensa\/category\/transformacion-digital\/"},"img":{"alt_text":"","src":"https:\/\/i0.wp.com\/ccnews.com.ar\/prensa\/wp-content\/uploads\/2017\/03\/desarrolladores.jpg?fit=1020%2C560&resize=350%2C200","width":350,"height":200,"srcset":"https:\/\/i0.wp.com\/ccnews.com.ar\/prensa\/wp-content\/uploads\/2017\/03\/desarrolladores.jpg?fit=1020%2C560&resize=350%2C200 1x, https:\/\/i0.wp.com\/ccnews.com.ar\/prensa\/wp-content\/uploads\/2017\/03\/desarrolladores.jpg?fit=1020%2C560&resize=525%2C300 1,5x, https:\/\/i0.wp.com\/ccnews.com.ar\/prensa\/wp-content\/uploads\/2017\/03\/desarrolladores.jpg?fit=1020%2C560&resize=700%2C400 2x"},"classes":[]}],"jetpack_sharing_enabled":true,"_links":{"self":[{"href":"http:\/\/ccnews.com.ar\/prensa\/wp-json\/wp\/v2\/posts\/1099","targetHints":{"allow":["GET"]}}],"collection":[{"href":"http:\/\/ccnews.com.ar\/prensa\/wp-json\/wp\/v2\/posts"}],"about":[{"href":"http:\/\/ccnews.com.ar\/prensa\/wp-json\/wp\/v2\/types\/post"}],"author":[{"embeddable":true,"href":"http:\/\/ccnews.com.ar\/prensa\/wp-json\/wp\/v2\/users\/2"}],"replies":[{"embeddable":true,"href":"http:\/\/ccnews.com.ar\/prensa\/wp-json\/wp\/v2\/comments?post=1099"}],"version-history":[{"count":3,"href":"http:\/\/ccnews.com.ar\/prensa\/wp-json\/wp\/v2\/posts\/1099\/revisions"}],"predecessor-version":[{"id":1193,"href":"http:\/\/ccnews.com.ar\/prensa\/wp-json\/wp\/v2\/posts\/1099\/revisions\/1193"}],"wp:featuredmedia":[{"embeddable":true,"href":"http:\/\/ccnews.com.ar\/prensa\/wp-json\/wp\/v2\/media\/1101"}],"wp:attachment":[{"href":"http:\/\/ccnews.com.ar\/prensa\/wp-json\/wp\/v2\/media?parent=1099"}],"wp:term":[{"taxonomy":"category","embeddable":true,"href":"http:\/\/ccnews.com.ar\/prensa\/wp-json\/wp\/v2\/categories?post=1099"},{"taxonomy":"post_tag","embeddable":true,"href":"http:\/\/ccnews.com.ar\/prensa\/wp-json\/wp\/v2\/tags?post=1099"}],"curies":[{"name":"wp","href":"https:\/\/api.w.org\/{rel}","templated":true}]}}