{"id":1105,"date":"2016-08-15T07:00:22","date_gmt":"2016-08-15T10:00:22","guid":{"rendered":"http:\/\/clusterciarnews.com.ar\/prensa\/?p=1105"},"modified":"2016-08-08T09:36:09","modified_gmt":"2016-08-08T12:36:09","slug":"las-siete-caracteristicas-de-los-lideres-abiertos","status":"publish","type":"post","link":"http:\/\/ccnews.com.ar\/prensa\/las-siete-caracteristicas-de-los-lideres-abiertos\/","title":{"rendered":"Las siete caracter\u00edsticas de los l\u00edderes abiertos"},"content":{"rendered":"<h2 class=\"bajadanota\">Para salir triunfante, es necesario desarrollar una\u00a0nueva forma de liderazgo\u00a0que se adecue a las necesidades y deseos de la fuerza laboral<\/h2>\n<p><img data-recalc-dims=\"1\" decoding=\"async\" src=\"https:\/\/i0.wp.com\/719ec77057a57996613a-9a5081423686babcde0c8e2e3662dda4.r0.cf1.rackcdn.com\/adjuntos\/jpg\/2016\/05\/431271.jpg?w=800\" \/><\/p>\n<p>&nbsp;<\/p>\n<p><strong>La\u00a0disrupci\u00f3n digital <\/strong>est\u00e1 cambiando la naturaleza de hacer negocios: los trabajadores exigen m\u00e1s de sus organizaciones y como resultado, el concepto de lo que significa ser un l\u00edder engloba ahora otros h\u00e1bitos.<\/p>\n<div id=\"div-gpt-ad-1468262614547-0\">\u00a0La naturaleza del liderazgo \u201cefectivo\u201d est\u00e1 cambiando. Los enfoques de <strong>liderazgo \u201cdescendentes\u201d <\/strong>y en \u201cfunci\u00f3n de directivas\u201d est\u00e1n perdiendo eficacia y las jerarqu\u00edas han comenzado a desaparecer. Tener \u00e9xito demanda m\u00e1s que poseer \u00fanicamente ingenio para los negocios.<\/div>\n<p>Un l\u00edder abierto debe ser: aut\u00e9ntico, accesible, confiado, arriesgado, vulnerable. Pero para triunfar, estas caracter\u00edsticas deben manifestarse a trav\u00e9s de pr\u00e1cticas y h\u00e1bitos diarios que se pueden traducir en <strong>siete comportamientos demostrables<\/strong>:<\/p>\n<div id=\"clover-test-1468228222-11\" class=\"clover-test\">\u00a0<strong>* Sentido de prop\u00f3sito<\/strong>: los l\u00edderes abiertos act\u00faan motivando a sus equipos y ayud\u00e1ndolos a comprender como el trabajo que realizan encaja en un contexto m\u00e1s amplio de \u00e9xito. Cuando sus equipos innovan y desarrollan soluciones ganadoras, apoyan esas soluciones.<\/div>\n<p><strong>* Accesibilidad<\/strong>: los l\u00edderes abiertos incentivan a sus equipos a abrirse m\u00e1s a ellos confi\u00e1ndoles sus luchas, sus dificultades y sus desacuerdos.<\/p>\n<p><strong>* Modestia<\/strong>: fomentadores de los entornos de colaboraci\u00f3n y de di\u00e1logo, los l\u00edderes abiertos suelen aportar perspectivas e ideas, en lugar de respuestas concisas.<\/p>\n<p><strong>* Empoderamiento<\/strong>: los l\u00edderes abiertos primero escuchan y se preguntan c\u00f3mo pueden ayudar a sus equipos para alcanzar los objetivos.<\/p>\n<p><strong>* Transparencia<\/strong>: los l\u00edderes abiertos son claros en cuanto a sus intenciones y motivaciones.<\/p>\n<p><strong>* Defensa<\/strong>: los l\u00edderes abiertos les dan a sus equipos la libertad necesaria para que tomen las decisiones y dise\u00f1en las soluciones para las que est\u00e1n mejor capacitados.<\/p>\n<p><strong>* Confianza y respeto<\/strong>: los l\u00edderes abiertos reconocen que el trabajo siempre es personal y es dif\u00edcil dejar las emociones afuera, por lo que saben que nunca se trata \u201csimplemente de negocios\u201d.<\/p>\n<p>La lucha por encontrar, atraer y retener talento es real y se est\u00e1 intensificando. Para salir triunfante, es necesario desarrollar una <strong>nueva forma de liderazgo <\/strong>que se adecue a las necesidades y deseos de la fuerza laboral.<\/p>\n<p>Los trabajadores de hoy, buscan l\u00edderes que sean accesibles, <strong>personas que conf\u00eden en ellos<\/strong>, que los incluyan y los incentiven a crecer y desarrollar una carrera profesional.<\/p>\n<p>No es posible complacer o retener a todos, pero es importante que se sientan alentados, reconocidos y apreciados. Y esto implica mucha m\u00e1s apertura, no solo de los l\u00edderes, sino de todos.<\/p>\n<p>Fuente: Iprofesional<\/p>\n<!-- AddThis Advanced Settings generic via filter on the_content -->","protected":false},"excerpt":{"rendered":"<p>Para salir triunfante, es necesario desarrollar una\u00a0nueva forma de liderazgo\u00a0que se adecue a las necesidades y deseos de la fuerza<!-- AddThis Advanced Settings generic via filter on get_the_excerpt --><\/p>\n","protected":false},"author":2,"featured_media":1107,"comment_status":"closed","ping_status":"closed","sticky":false,"template":"","format":"standard","meta":{"colormag_page_container_layout":"default_layout","colormag_page_sidebar_layout":"default_layout","jetpack_post_was_ever_published":false,"_jetpack_newsletter_access":"","_jetpack_dont_email_post_to_subs":false,"_jetpack_newsletter_tier_id":0,"_jetpack_memberships_contains_paywalled_content":false,"_jetpack_memberships_contains_paid_content":false,"footnotes":"","jetpack_publicize_message":"","jetpack_publicize_feature_enabled":true,"jetpack_social_post_already_shared":true,"jetpack_social_options":{"image_generator_settings":{"template":"highway","default_image_id":0,"font":"","enabled":false},"version":2}},"categories":[7],"tags":[17],"class_list":["post-1105","post","type-post","status-publish","format-standard","has-post-thumbnail","hentry","category-management","tag-otros-medios"],"jetpack_publicize_connections":[],"jetpack_featured_media_url":"https:\/\/i0.wp.com\/ccnews.com.ar\/prensa\/wp-content\/uploads\/2016\/08\/p-6.jpg?fit=605%2C172","jetpack_shortlink":"https:\/\/wp.me\/p7L1gj-hP","jetpack-related-posts":[{"id":11243,"url":"http:\/\/ccnews.com.ar\/prensa\/liderazgo-y-reaccion-rapida-frente-a-adversidades\/","url_meta":{"origin":1105,"position":0},"title":"Liderazgo y reacci\u00f3n r\u00e1pida frente a adversidades","author":"admin","date":"30 abril, 2019","format":false,"excerpt":"Una de las tareas fundamentales en la gesti\u00f3n de equipos y proyectos es la referida al l\u00edder y la detecci\u00f3n temprana de problemas, especialmente cuando dichos problemas son premonitores de cambio. Una de las caracter\u00edsticas de los l\u00edderes es la facilidad y rapidez en la detecci\u00f3n de problemas, m\u00e1xime cuando\u2026","rel":"","context":"En \u00abManagement\u00bb","block_context":{"text":"Management","link":"http:\/\/ccnews.com.ar\/prensa\/category\/management\/"},"img":{"alt_text":"","src":"https:\/\/i0.wp.com\/ccnews.com.ar\/prensa\/wp-content\/uploads\/2019\/04\/Management1.jpg?fit=681%2C484&resize=350%2C200","width":350,"height":200,"srcset":"https:\/\/i0.wp.com\/ccnews.com.ar\/prensa\/wp-content\/uploads\/2019\/04\/Management1.jpg?fit=681%2C484&resize=350%2C200 1x, https:\/\/i0.wp.com\/ccnews.com.ar\/prensa\/wp-content\/uploads\/2019\/04\/Management1.jpg?fit=681%2C484&resize=525%2C300 1,5x"},"classes":[]},{"id":10267,"url":"http:\/\/ccnews.com.ar\/prensa\/los-cinco-grandes-desafios-del-liderazgo-en-2019\/","url_meta":{"origin":1105,"position":1},"title":"Los cinco grandes desaf\u00edos del liderazgo en 2019","author":"admin","date":"9 febrero, 2019","format":false,"excerpt":"En un mercado complejo y que cambia a gran velocidad, uno de los principales desaf\u00edos a los que se enfrentan los directivos es el de organizar y motivar al talento y sus equipos. El relevo generacional y el cambio en los h\u00e1bitos de consumo y costumbres sociales ha provocado una\u2026","rel":"","context":"En \u00abManagement\u00bb","block_context":{"text":"Management","link":"http:\/\/ccnews.com.ar\/prensa\/category\/management\/"},"img":{"alt_text":"","src":"https:\/\/i0.wp.com\/ccnews.com.ar\/prensa\/wp-content\/uploads\/2019\/02\/management-1.jpg?fit=681%2C454&resize=350%2C200","width":350,"height":200,"srcset":"https:\/\/i0.wp.com\/ccnews.com.ar\/prensa\/wp-content\/uploads\/2019\/02\/management-1.jpg?fit=681%2C454&resize=350%2C200 1x, https:\/\/i0.wp.com\/ccnews.com.ar\/prensa\/wp-content\/uploads\/2019\/02\/management-1.jpg?fit=681%2C454&resize=525%2C300 1,5x"},"classes":[]},{"id":2415,"url":"http:\/\/ccnews.com.ar\/prensa\/el-liderazgo-debe-ser-mas-que-liderar\/","url_meta":{"origin":1105,"position":2},"title":"El liderazgo debe ser m\u00e1s que liderar","author":"CLUSTERciar","date":"3 diciembre, 2016","format":false,"excerpt":"Es muy corriente al hablar de liderazgo buscarle un calificativo. As\u00ed se habla de liderazgo carism\u00e1tico, transformador situacional, participativo, u otras denominaciones, para destacar un aspecto b\u00e1sico en el modo de concebirlo o para caracterizar una teor\u00eda sobre el mismo. Podemos definir el liderazgo trascendente como una una influencia positiva\u2026","rel":"","context":"En \u00abManagement\u00bb","block_context":{"text":"Management","link":"http:\/\/ccnews.com.ar\/prensa\/category\/management\/"},"img":{"alt_text":"","src":"https:\/\/i0.wp.com\/ccnews.com.ar\/prensa\/wp-content\/uploads\/2016\/11\/Liderazgo.jpg?fit=720%2C405&resize=350%2C200","width":350,"height":200,"srcset":"https:\/\/i0.wp.com\/ccnews.com.ar\/prensa\/wp-content\/uploads\/2016\/11\/Liderazgo.jpg?fit=720%2C405&resize=350%2C200 1x, https:\/\/i0.wp.com\/ccnews.com.ar\/prensa\/wp-content\/uploads\/2016\/11\/Liderazgo.jpg?fit=720%2C405&resize=525%2C300 1,5x, https:\/\/i0.wp.com\/ccnews.com.ar\/prensa\/wp-content\/uploads\/2016\/11\/Liderazgo.jpg?fit=720%2C405&resize=700%2C400 2x"},"classes":[]},{"id":383,"url":"http:\/\/ccnews.com.ar\/prensa\/los-cinco-ejes-que-definiran-la-educacion-ejecutiva-del-futuro\/","url_meta":{"origin":1105,"position":3},"title":"Los cinco ejes que definir\u00e1n la educaci\u00f3n ejecutiva del futuro","author":"CLUSTERciar","date":"6 abril, 2016","format":false,"excerpt":"FORO MUNDIAL DE EDUCACION 2016:\u00a0Un mix de habilidades emocionales, manejo de equipo, mirada global y liderazgo es la tendencia en la formaci\u00f3n gerencial. Pensar m\u00e1s all\u00e1 de los l\u00edmites de la disciplina, desarrollar competencias socioemocionales, liderar equipos caracterizados por la diversidad, poner en pr\u00e1ctica conocimientos aprendidos en contextos nuevos y\u2026","rel":"","context":"En \u00abEducaci\u00f3n\/Sociedad\u00bb","block_context":{"text":"Educaci\u00f3n\/Sociedad","link":"http:\/\/ccnews.com.ar\/prensa\/category\/educacion-sociedad\/"},"img":{"alt_text":"","src":"","width":0,"height":0},"classes":[]},{"id":6599,"url":"http:\/\/ccnews.com.ar\/prensa\/se-puede-aprender-a-liderar-con-simulaciones-y-videojuegos\/","url_meta":{"origin":1105,"position":4},"title":"\u00bfSe puede aprender a liderar con simulaciones y videojuegos?","author":"CLUSTERciar","date":"20 enero, 2018","format":false,"excerpt":"Desde hace varios a\u00f1os trabajo con equipos interdisciplinarios que desarrollan propuestas tecnol\u00f3gicas para el mundo educativo, ya sea para la formaci\u00f3n interna de empresas, como para un aula de primaria. Cada vez m\u00e1s hablamos del liderazgo como un concepto que se debe poder desarrollar, no solo en el dise\u00f1o de\u2026","rel":"","context":"En \u00abManagement\u00bb","block_context":{"text":"Management","link":"http:\/\/ccnews.com.ar\/prensa\/category\/management\/"},"img":{"alt_text":"","src":"","width":0,"height":0},"classes":[]},{"id":1929,"url":"http:\/\/ccnews.com.ar\/prensa\/equivocarse-esta-bien-es-el-nuevo-mantra-en-el-mundo-de-los-negocios\/","url_meta":{"origin":1105,"position":5},"title":"&#8220;Equivocarse est\u00e1 bien&#8221; es el nuevo mantra en el mundo de los negocios","author":"CLUSTERciar","date":"19 octubre, 2016","format":false,"excerpt":"Ante contextos desordenados hace falta un liderazgo m\u00e1s experimental que vea al fracaso como un aprendizaje En\u00a0los \u00faltimos tiempos parece que los dirigentes del mundo y de las empresas se han vuelto menos profesionales, abundan los errores y muchas decisiones importantes son revertidas. Los t\u00edtulos de las noticias son repetitivos:\u2026","rel":"","context":"En \u00abManagement\u00bb","block_context":{"text":"Management","link":"http:\/\/ccnews.com.ar\/prensa\/category\/management\/"},"img":{"alt_text":"","src":"","width":0,"height":0},"classes":[]}],"jetpack_sharing_enabled":true,"_links":{"self":[{"href":"http:\/\/ccnews.com.ar\/prensa\/wp-json\/wp\/v2\/posts\/1105","targetHints":{"allow":["GET"]}}],"collection":[{"href":"http:\/\/ccnews.com.ar\/prensa\/wp-json\/wp\/v2\/posts"}],"about":[{"href":"http:\/\/ccnews.com.ar\/prensa\/wp-json\/wp\/v2\/types\/post"}],"author":[{"embeddable":true,"href":"http:\/\/ccnews.com.ar\/prensa\/wp-json\/wp\/v2\/users\/2"}],"replies":[{"embeddable":true,"href":"http:\/\/ccnews.com.ar\/prensa\/wp-json\/wp\/v2\/comments?post=1105"}],"version-history":[{"count":1,"href":"http:\/\/ccnews.com.ar\/prensa\/wp-json\/wp\/v2\/posts\/1105\/revisions"}],"predecessor-version":[{"id":1109,"href":"http:\/\/ccnews.com.ar\/prensa\/wp-json\/wp\/v2\/posts\/1105\/revisions\/1109"}],"wp:featuredmedia":[{"embeddable":true,"href":"http:\/\/ccnews.com.ar\/prensa\/wp-json\/wp\/v2\/media\/1107"}],"wp:attachment":[{"href":"http:\/\/ccnews.com.ar\/prensa\/wp-json\/wp\/v2\/media?parent=1105"}],"wp:term":[{"taxonomy":"category","embeddable":true,"href":"http:\/\/ccnews.com.ar\/prensa\/wp-json\/wp\/v2\/categories?post=1105"},{"taxonomy":"post_tag","embeddable":true,"href":"http:\/\/ccnews.com.ar\/prensa\/wp-json\/wp\/v2\/tags?post=1105"}],"curies":[{"name":"wp","href":"https:\/\/api.w.org\/{rel}","templated":true}]}}