{"id":11077,"date":"2019-04-10T08:00:49","date_gmt":"2019-04-10T11:00:49","guid":{"rendered":"http:\/\/ccnews.com.ar\/prensa\/?p=11077"},"modified":"2019-04-10T09:12:21","modified_gmt":"2019-04-10T12:12:21","slug":"el-93-de-las-companias-considera-clave-la-tecnologia-inteligente-para-la-transformacion-digital","status":"publish","type":"post","link":"http:\/\/ccnews.com.ar\/prensa\/el-93-de-las-companias-considera-clave-la-tecnologia-inteligente-para-la-transformacion-digital\/","title":{"rendered":"El 93% de las compa\u00f1\u00edas considera clave la tecnolog\u00eda inteligente para la transformaci\u00f3n digital"},"content":{"rendered":"<p><strong>El 93% de las compa\u00f1\u00edas considera que las tecnolog\u00edas inteligentes, tales como IoT, inteligencia artificial, blockchain o realidad aumentada, son fundamentales para impulsar la transformaci\u00f3n digital.<\/strong><\/p>\n<p>Impulsar la innovaci\u00f3n y cumplir con los objetivos de la digitalizaci\u00f3n pasa necesariamente por contar con herramientas y soluciones tecnol\u00f3gicas inteligentes. As\u00ed, el 93% de las organizaciones consideran que este tipo de tecnolog\u00edas son indispensables para el \u00e9xito de la transformaci\u00f3n digital, seg\u00fan datos del estudio llevado a cabo por SAP y Forrester Consulting.<\/p>\n<p>Las empresas participantes en el estudio cumpl\u00edan dos requisitos fundamentales: haber puesto en marcha procesos de transformaci\u00f3n digital y haber implementado, al menos, dos tecnolog\u00edas innovadoras como machine learning, IoT, inteligencia artificial, blockchain o realidad aumentada o virtual.<\/p>\n<p>En busca de ventajas competitivas, las empresas priorizan determinadas tecnolog\u00edas de innovaci\u00f3n: IoT en el 92% de los casos, el 78% apuesta por IA, mientras que el 77% conf\u00eda en machine learning, el 70% en realidad aumentada o virtual y el 68% en blockchain.<\/p>\n<p><strong>Unificar los datos: la gran apuesta<\/strong><\/p>\n<p>La transformaci\u00f3n digital se ha convertido en una prioridad en las compa\u00f1\u00edas, que trabajan para optimizar cada vez m\u00e1s los procesos, mejorar la eficiencia y transformar los modelos de negocio con el objetivo de obtener nuevos flujos de ingresos. Por ello, el 92% de las empresas se interesa por plataformas que puedan unificar los datos utilizados por todas las tecnolog\u00edas inteligentes y los procesos de negocio. Compartir informaci\u00f3n f\u00e1cilmente, mejorar la experiencia de usuario y desarrollar servicios de manera sencilla son algunas de las ventajas percibidas.<\/p>\n<p>En funci\u00f3n del sector, las empresas aprovechan las distintas tecnolog\u00edas para alcanzar sus objetivos comerciales y satisfacer sus prioridades. De esta forma, la industria de la fabricaci\u00f3n discreta se vuelca en el mantenimiento predictivo, mientras que el comercio minorista se centra en el uso del big data y el an\u00e1lisis predictivo para la toma de decisiones. Por su parte, los servicios p\u00fablicos buscan potenciar la capacidad en tiempo real del negocio.<\/p>\n<p>El estudio asegura que \u201clas empresas inteligentes ganan en la era digital. Una empresa inteligente es una entidad que conecta personas, procesos, datos y tecnolog\u00edas como un medio para acelerar la transformaci\u00f3n digital, haciendo m\u00e1s con menos, mejorando el compromiso del cliente e inventando nuevas fuentes de ingresos\u201d.<\/p>\n<p>Fuente: Dir&amp;Ge<\/p>\n<!-- AddThis Advanced Settings generic via filter on the_content -->","protected":false},"excerpt":{"rendered":"<p>El 93% de las compa\u00f1\u00edas considera que las tecnolog\u00edas inteligentes, tales como IoT, inteligencia artificial, blockchain o realidad aumentada, son<!-- AddThis Advanced Settings generic via filter on get_the_excerpt --><\/p>\n","protected":false},"author":1,"featured_media":11081,"comment_status":"closed","ping_status":"closed","sticky":false,"template":"","format":"standard","meta":{"colormag_page_container_layout":"default_layout","colormag_page_sidebar_layout":"default_layout","jetpack_post_was_ever_published":false,"_jetpack_newsletter_access":"","_jetpack_dont_email_post_to_subs":false,"_jetpack_newsletter_tier_id":0,"_jetpack_memberships_contains_paywalled_content":false,"_jetpack_memberships_contains_paid_content":false,"footnotes":"","jetpack_publicize_message":"#BuenMiercoles #Tecnolog\u00eda El 93% de las compa\u00f1\u00edas considera clave la tecnolog\u00eda inteligente para la transformaci\u00f3n digital","jetpack_publicize_feature_enabled":true,"jetpack_social_post_already_shared":true,"jetpack_social_options":{"image_generator_settings":{"template":"highway","default_image_id":0,"font":"","enabled":false},"version":2}},"categories":[7],"tags":[17],"class_list":["post-11077","post","type-post","status-publish","format-standard","has-post-thumbnail","hentry","category-management","tag-otros-medios"],"jetpack_publicize_connections":[],"jetpack_featured_media_url":"https:\/\/i0.wp.com\/ccnews.com.ar\/prensa\/wp-content\/uploads\/2019\/04\/0.jpg?fit=2800%2C1869","jetpack_shortlink":"https:\/\/wp.me\/p7L1gj-2SF","jetpack-related-posts":[{"id":10803,"url":"http:\/\/ccnews.com.ar\/prensa\/la-gestion-inteligente-de-la-informacion-el-reto-de-la-transformacion-digital\/","url_meta":{"origin":11077,"position":0},"title":"La gesti\u00f3n inteligente de la informaci\u00f3n: el reto de la transformaci\u00f3n digital","author":"admin","date":"16 marzo, 2019","format":false,"excerpt":"La gesti\u00f3n inteligente de la informaci\u00f3n se convierte en una ventaja competitiva diferenciadora de las compa\u00f1\u00edas para generar valor al cliente e impulsar su crecimiento. En un ecosistema empresarial en el que la digitalizaci\u00f3n no es una opci\u00f3n, las compa\u00f1\u00edas aspiran a rentabilizar y mejorar sus procesos buscando el equilibrio\u2026","rel":"","context":"En \u00abManagement\u00bb","block_context":{"text":"Management","link":"http:\/\/ccnews.com.ar\/prensa\/category\/management\/"},"img":{"alt_text":"","src":"https:\/\/i0.wp.com\/ccnews.com.ar\/prensa\/wp-content\/uploads\/2019\/03\/management1.jpg?fit=640%2C428&resize=350%2C200","width":350,"height":200,"srcset":"https:\/\/i0.wp.com\/ccnews.com.ar\/prensa\/wp-content\/uploads\/2019\/03\/management1.jpg?fit=640%2C428&resize=350%2C200 1x, https:\/\/i0.wp.com\/ccnews.com.ar\/prensa\/wp-content\/uploads\/2019\/03\/management1.jpg?fit=640%2C428&resize=525%2C300 1,5x"},"classes":[]},{"id":16350,"url":"http:\/\/ccnews.com.ar\/prensa\/cinco-factores-de-exito-para-la-transformacion-digital-en-2021\/","url_meta":{"origin":11077,"position":1},"title":"Cinco factores de \u00e9xito para la transformaci\u00f3n digital en 2021","author":"Editor","date":"26 noviembre, 2020","format":false,"excerpt":"Con la planificaci\u00f3n, el liderazgo y las habilidades adecuadas, las empresas pueden utilizar la transformaci\u00f3n digital para impulsar mejores ingresos y satisfacci\u00f3n del cliente en el pr\u00f3ximo a\u00f1o.","rel":"","context":"En \u00abCovid-19\u00bb","block_context":{"text":"Covid-19","link":"http:\/\/ccnews.com.ar\/prensa\/category\/covid-19\/"},"img":{"alt_text":"","src":"https:\/\/i0.wp.com\/ccnews.com.ar\/prensa\/wp-content\/uploads\/2020\/11\/transformacion-digital-gestion-riesgos-olz3zfi2maxd2tp07z6fgspis48gpm9dxwkarz5yd4.jpg?fit=696%2C364&resize=350%2C200","width":350,"height":200,"srcset":"https:\/\/i0.wp.com\/ccnews.com.ar\/prensa\/wp-content\/uploads\/2020\/11\/transformacion-digital-gestion-riesgos-olz3zfi2maxd2tp07z6fgspis48gpm9dxwkarz5yd4.jpg?fit=696%2C364&resize=350%2C200 1x, https:\/\/i0.wp.com\/ccnews.com.ar\/prensa\/wp-content\/uploads\/2020\/11\/transformacion-digital-gestion-riesgos-olz3zfi2maxd2tp07z6fgspis48gpm9dxwkarz5yd4.jpg?fit=696%2C364&resize=525%2C300 1,5x"},"classes":[]},{"id":13942,"url":"http:\/\/ccnews.com.ar\/prensa\/estudio-revela-el-estado-de-la-transformacion-digital-en-america-latina\/","url_meta":{"origin":11077,"position":2},"title":"Estudio revela el estado de la Transformaci\u00f3n Digital en Am\u00e9rica Latina","author":"CLUSTERciar","date":"14 diciembre, 2019","format":false,"excerpt":"Un limitado entendimiento sobre lo que realmente significa la Transformaci\u00f3n Digital, es uno de los principales resultados que arroj\u00f3 una encuesta desarrollada por Laboratoria, startup social que tienen como misi\u00f3n formar a mujeres y a empresas para que Am\u00e9rica Latina tengan una econom\u00eda digital m\u00e1s diversa, inclusiva y competitiva. \u00a0\u201cTransformaci\u00f3n\u2026","rel":"","context":"En \u00abTransformaci\u00f3n digital\u00bb","block_context":{"text":"Transformaci\u00f3n digital","link":"http:\/\/ccnews.com.ar\/prensa\/category\/transformacion-digital\/"},"img":{"alt_text":"","src":"https:\/\/i0.wp.com\/ccnews.com.ar\/prensa\/wp-content\/uploads\/2019\/12\/Transformaci%C3%B3n-digital-Latinoamerica.jpg?fit=696%2C435&resize=350%2C200","width":350,"height":200,"srcset":"https:\/\/i0.wp.com\/ccnews.com.ar\/prensa\/wp-content\/uploads\/2019\/12\/Transformaci%C3%B3n-digital-Latinoamerica.jpg?fit=696%2C435&resize=350%2C200 1x, https:\/\/i0.wp.com\/ccnews.com.ar\/prensa\/wp-content\/uploads\/2019\/12\/Transformaci%C3%B3n-digital-Latinoamerica.jpg?fit=696%2C435&resize=525%2C300 1,5x"},"classes":[]},{"id":13266,"url":"http:\/\/ccnews.com.ar\/prensa\/la-hora-de-la-verdad-para-el-nuevo-cfo\/","url_meta":{"origin":11077,"position":3},"title":"La hora de la verdad para el nuevo CFO","author":"CLUSTERciar","date":"17 octubre, 2019","format":false,"excerpt":"El cambio de paradigma exige un nuevo responsable financiero que no solo se adapte a los cambios, sino que los afronte y ante todo los lidere con actitud positiva y mentalidad abierta. La era Digital aporta grandes ventajas y grandes retos a las organizaciones. Una de las ventajas m\u00e1s importantes\u2026","rel":"","context":"En \u00abManagement\u00bb","block_context":{"text":"Management","link":"http:\/\/ccnews.com.ar\/prensa\/category\/management\/"},"img":{"alt_text":"","src":"https:\/\/i0.wp.com\/ccnews.com.ar\/prensa\/wp-content\/uploads\/2019\/10\/EAEUht5VAAUyAfQ-1.jpg?fit=1200%2C795&resize=350%2C200","width":350,"height":200,"srcset":"https:\/\/i0.wp.com\/ccnews.com.ar\/prensa\/wp-content\/uploads\/2019\/10\/EAEUht5VAAUyAfQ-1.jpg?fit=1200%2C795&resize=350%2C200 1x, https:\/\/i0.wp.com\/ccnews.com.ar\/prensa\/wp-content\/uploads\/2019\/10\/EAEUht5VAAUyAfQ-1.jpg?fit=1200%2C795&resize=525%2C300 1,5x, https:\/\/i0.wp.com\/ccnews.com.ar\/prensa\/wp-content\/uploads\/2019\/10\/EAEUht5VAAUyAfQ-1.jpg?fit=1200%2C795&resize=700%2C400 2x, https:\/\/i0.wp.com\/ccnews.com.ar\/prensa\/wp-content\/uploads\/2019\/10\/EAEUht5VAAUyAfQ-1.jpg?fit=1200%2C795&resize=1050%2C600 3x"},"classes":[]},{"id":15770,"url":"http:\/\/ccnews.com.ar\/prensa\/el-52-de-las-empresas-aumentara-el-gasto-en-transformacion-digital\/","url_meta":{"origin":11077,"position":4},"title":"El 52% de las empresas aumentar\u00e1 el gasto en transformaci\u00f3n digital","author":"Editor","date":"1 julio, 2020","format":false,"excerpt":"Las personas preocupadas por la situaci\u00f3n econ\u00f3mica tienen un 20% m\u00e1s de probabilidades de planificar un mayor gasto en transformaci\u00f3n digital. Construcci\u00f3n es el sector que m\u00e1s invertir\u00e1, seguido por las empresas de tecnolog\u00eda de la informaci\u00f3n y de fabricaci\u00f3n. Las que menos, las industrias de energ\u00eda y retail.","rel":"","context":"En \u00abTransformaci\u00f3n digital\u00bb","block_context":{"text":"Transformaci\u00f3n digital","link":"http:\/\/ccnews.com.ar\/prensa\/category\/transformacion-digital\/"},"img":{"alt_text":"","src":"https:\/\/i0.wp.com\/ccnews.com.ar\/prensa\/wp-content\/uploads\/2020\/07\/transformacion-digital-2.jpg?fit=672%2C378&resize=350%2C200","width":350,"height":200,"srcset":"https:\/\/i0.wp.com\/ccnews.com.ar\/prensa\/wp-content\/uploads\/2020\/07\/transformacion-digital-2.jpg?fit=672%2C378&resize=350%2C200 1x, https:\/\/i0.wp.com\/ccnews.com.ar\/prensa\/wp-content\/uploads\/2020\/07\/transformacion-digital-2.jpg?fit=672%2C378&resize=525%2C300 1,5x"},"classes":[]},{"id":14434,"url":"http:\/\/ccnews.com.ar\/prensa\/el-ser-digital-vs-el-hacer-digital-la-importancia-de-abrazar-el-futuro-en-el-mundo-laboral\/","url_meta":{"origin":11077,"position":5},"title":"El \u201cser digital\u201d vs \u201cel hacer digital\u201d: la importancia de abrazar el futuro en el mundo laboral","author":"admin","date":"30 enero, 2020","format":false,"excerpt":"La realidad es ineludible; la tendencia, inevitable. La tecnolog\u00eda y la inform\u00e1tica son las \u00e1reas de mayor crecimiento y, por ende, las demandas laborales para el sector son cada vez mayores, con una variedad de tareas que se va incrementando con el paso de los a\u00f1os. Tanto que incluso varios\u2026","rel":"","context":"En \u00abManagement\u00bb","block_context":{"text":"Management","link":"http:\/\/ccnews.com.ar\/prensa\/category\/management\/"},"img":{"alt_text":"","src":"https:\/\/i0.wp.com\/ccnews.com.ar\/prensa\/wp-content\/uploads\/2020\/01\/ext.jpg?fit=1200%2C782&resize=350%2C200","width":350,"height":200,"srcset":"https:\/\/i0.wp.com\/ccnews.com.ar\/prensa\/wp-content\/uploads\/2020\/01\/ext.jpg?fit=1200%2C782&resize=350%2C200 1x, https:\/\/i0.wp.com\/ccnews.com.ar\/prensa\/wp-content\/uploads\/2020\/01\/ext.jpg?fit=1200%2C782&resize=525%2C300 1,5x, https:\/\/i0.wp.com\/ccnews.com.ar\/prensa\/wp-content\/uploads\/2020\/01\/ext.jpg?fit=1200%2C782&resize=700%2C400 2x, https:\/\/i0.wp.com\/ccnews.com.ar\/prensa\/wp-content\/uploads\/2020\/01\/ext.jpg?fit=1200%2C782&resize=1050%2C600 3x"},"classes":[]}],"jetpack_sharing_enabled":true,"_links":{"self":[{"href":"http:\/\/ccnews.com.ar\/prensa\/wp-json\/wp\/v2\/posts\/11077","targetHints":{"allow":["GET"]}}],"collection":[{"href":"http:\/\/ccnews.com.ar\/prensa\/wp-json\/wp\/v2\/posts"}],"about":[{"href":"http:\/\/ccnews.com.ar\/prensa\/wp-json\/wp\/v2\/types\/post"}],"author":[{"embeddable":true,"href":"http:\/\/ccnews.com.ar\/prensa\/wp-json\/wp\/v2\/users\/1"}],"replies":[{"embeddable":true,"href":"http:\/\/ccnews.com.ar\/prensa\/wp-json\/wp\/v2\/comments?post=11077"}],"version-history":[{"count":1,"href":"http:\/\/ccnews.com.ar\/prensa\/wp-json\/wp\/v2\/posts\/11077\/revisions"}],"predecessor-version":[{"id":11083,"href":"http:\/\/ccnews.com.ar\/prensa\/wp-json\/wp\/v2\/posts\/11077\/revisions\/11083"}],"wp:featuredmedia":[{"embeddable":true,"href":"http:\/\/ccnews.com.ar\/prensa\/wp-json\/wp\/v2\/media\/11081"}],"wp:attachment":[{"href":"http:\/\/ccnews.com.ar\/prensa\/wp-json\/wp\/v2\/media?parent=11077"}],"wp:term":[{"taxonomy":"category","embeddable":true,"href":"http:\/\/ccnews.com.ar\/prensa\/wp-json\/wp\/v2\/categories?post=11077"},{"taxonomy":"post_tag","embeddable":true,"href":"http:\/\/ccnews.com.ar\/prensa\/wp-json\/wp\/v2\/tags?post=11077"}],"curies":[{"name":"wp","href":"https:\/\/api.w.org\/{rel}","templated":true}]}}