{"id":11203,"date":"2019-04-24T08:00:59","date_gmt":"2019-04-24T11:00:59","guid":{"rendered":"http:\/\/ccnews.com.ar\/prensa\/?p=11203"},"modified":"2019-04-24T09:13:46","modified_gmt":"2019-04-24T12:13:46","slug":"por-vaca-muerta-ya-no-es-necesario-importar-petroleo","status":"publish","type":"post","link":"http:\/\/ccnews.com.ar\/prensa\/por-vaca-muerta-ya-no-es-necesario-importar-petroleo\/","title":{"rendered":"Por Vaca Muerta, ya no es necesario importar petr\u00f3leo"},"content":{"rendered":"<p><strong>El gobernador del Neuqu\u00e9n, Omar Guti\u00e9rrez, inform\u00f3 ayer que este mes se cumple un a\u00f1o sin importar petr\u00f3leo en el pa\u00eds, al tiempo que destac\u00f3 que \u201cdespu\u00e9s de diez a\u00f1os, en dos meses volvemos a exportar petr\u00f3leo al mundo\u201d. Esta fue parte de su disertaci\u00f3n ante el Club del Petr\u00f3leo, que se encuentra reunido en el hotel Sheraton de Buenos Aires.<\/strong><\/p>\n<p>El mandatario destac\u00f3 que \u201cNeuqu\u00e9n vuelve a ser la principal provincia productora de petr\u00f3leo y gas\u201d. \u201cHemos reemplazado y sustituido importaciones de gas en la producci\u00f3n de Vaca Muerta y lo estamos exportando\u201d, se\u00f1al\u00f3.<\/p>\n<p>Asimismo, detall\u00f3 que \u201cen estos \u00faltimos tres a\u00f1os el petr\u00f3leo no convencional creci\u00f3 150 por ciento y el gas 430 por ciento. Durante el \u00faltimo a\u00f1o el petr\u00f3leo creci\u00f3 80 por ciento y el gas 230 por ciento\u201d.<\/p>\n<p>El gobernador calific\u00f3 a Vaca Muerta como \u201cel mejor recurso y reservorio no convencional del mundo\u201d y detall\u00f3 que \u201choy Vaca Muerta produce el 35 por ciento de gas de la Rep\u00fablica y el 15 por ciento del petr\u00f3leo\u201d.<\/p>\n<p>\u201cNeuqu\u00e9n vuelve a ser la principal provincia productora de petr\u00f3leo y gas. Hemos reemplazado importaciones en la producci\u00f3n de Vaca Muerta y lo estamos exportando\u201d, dijo Omar Guti\u00e9rrez, Gobernador de la provincia del Neuqu\u00e9n<\/p>\n<p>Guti\u00e9rrez evalu\u00f3: \u201cEn estos tres a\u00f1os en promedio, cuando asum\u00ed, hac\u00edamos 200 fracturas por mes. En febrero de este a\u00f1o se hicieron 750 fracturas. Cuando ten\u00edamos un promedio de entre dos y cuatro fracturas, estamos entre seis y ocho fracturas. Cuando las fracturas se hac\u00edan a cien metros hoy se est\u00e1n haciendo a 70 metros\u201d.<\/p>\n<p>Tambi\u00e9n especific\u00f3: \u201cCuando la longitud de la fractura horizontal en promedio era de mil metros, ahora estamos en promedio arriba de dos mil metros. Cuando se necesitaban autorizaciones ambientales para el desarrollo pozo por pozo, hoy en 30 d\u00edas la Provincia otorga las licencias ambientales para el desarrollo hidrocarbur\u00edfero de los 200, 300, 400 pozos del \u00e1rea concesionada\u201d.<\/p>\n<p>Guti\u00e9rrez evalu\u00f3: \u201cPara fin de a\u00f1o tendremos diez \u00e1reas en desarrollo masivo. Tenemos 34 concesiones hidrocarbur\u00edferas y llegaremos a 40\u201d.<\/p>\n<p>Adem\u00e1s anunci\u00f3: \u201cA mediados de mayo vamos a inaugurar la planta de evacuaci\u00f3n que arranca con 5 millones metros c\u00fabicos diarios de gas y la pista para transportar el gas hasta 55 millones de metros c\u00fabicos al d\u00eda de gas que construy\u00f3 TGS. Dos inauguraciones de obras important\u00edsimas\u201d.<\/p>\n<p>El Club del Petr\u00f3leo de Buenos Aires es una entidad que cubre el espacio social, deportivo y camarader\u00eda de la industria petrolera.<\/p>\n<p>Fuente: lmneuquen<\/p>\n<!-- AddThis Advanced Settings generic via filter on the_content -->","protected":false},"excerpt":{"rendered":"<p>El gobernador del Neuqu\u00e9n, Omar Guti\u00e9rrez, inform\u00f3 ayer que este mes se cumple un a\u00f1o sin importar petr\u00f3leo en el<!-- AddThis Advanced Settings generic via filter on get_the_excerpt --><\/p>\n","protected":false},"author":1,"featured_media":11205,"comment_status":"closed","ping_status":"closed","sticky":false,"template":"","format":"standard","meta":{"colormag_page_container_layout":"default_layout","colormag_page_sidebar_layout":"default_layout","jetpack_post_was_ever_published":false,"_jetpack_newsletter_access":"","_jetpack_dont_email_post_to_subs":false,"_jetpack_newsletter_tier_id":0,"_jetpack_memberships_contains_paywalled_content":false,"_jetpack_memberships_contains_paid_content":false,"footnotes":"","jetpack_publicize_message":"#BuenMiercoles Por Vaca Muerta, ya no es necesario importar petr\u00f3leo","jetpack_publicize_feature_enabled":true,"jetpack_social_post_already_shared":true,"jetpack_social_options":{"image_generator_settings":{"template":"highway","default_image_id":0,"font":"","enabled":false},"version":2}},"categories":[11],"tags":[17],"class_list":["post-11203","post","type-post","status-publish","format-standard","has-post-thumbnail","hentry","category-energia-y-produccion","tag-otros-medios"],"jetpack_publicize_connections":[],"jetpack_featured_media_url":"https:\/\/i0.wp.com\/ccnews.com.ar\/prensa\/wp-content\/uploads\/2019\/04\/Inspe.jpg?fit=770%2C433","jetpack_shortlink":"https:\/\/wp.me\/p7L1gj-2UH","jetpack-related-posts":[{"id":8463,"url":"http:\/\/ccnews.com.ar\/prensa\/crecio-la-produccion-de-gas-y-petroleo-en-neuquen-en-los-ultimos-5-meses\/","url_meta":{"origin":11203,"position":0},"title":"Creci\u00f3 la producci\u00f3n de gas y petr\u00f3leo en Neuqu\u00e9n en los \u00faltimos 5 meses","author":"CLUSTERciar","date":"2 agosto, 2018","format":false,"excerpt":"El gobernador precis\u00f3 que en el caso del gas se increment\u00f3 en un 5,8 por ciento, y en el petr\u00f3leo un 7,5. El gobernador Omar Guti\u00e9rrez confirm\u00f3 el jueves 12 de julio que en los primeros 5 meses de este a\u00f1o \u201cse registr\u00f3 un incremento del 7,5 por ciento en\u2026","rel":"","context":"En \u00abEnerg\u00eda y Producci\u00f3n\u00bb","block_context":{"text":"Energ\u00eda y Producci\u00f3n","link":"http:\/\/ccnews.com.ar\/prensa\/category\/energia-y-produccion\/"},"img":{"alt_text":"","src":"https:\/\/i0.wp.com\/ccnews.com.ar\/prensa\/wp-content\/uploads\/2018\/07\/20180712091101.jpg?fit=1000%2C566&resize=350%2C200","width":350,"height":200,"srcset":"https:\/\/i0.wp.com\/ccnews.com.ar\/prensa\/wp-content\/uploads\/2018\/07\/20180712091101.jpg?fit=1000%2C566&resize=350%2C200 1x, https:\/\/i0.wp.com\/ccnews.com.ar\/prensa\/wp-content\/uploads\/2018\/07\/20180712091101.jpg?fit=1000%2C566&resize=525%2C300 1,5x, https:\/\/i0.wp.com\/ccnews.com.ar\/prensa\/wp-content\/uploads\/2018\/07\/20180712091101.jpg?fit=1000%2C566&resize=700%2C400 2x"},"classes":[]},{"id":7761,"url":"http:\/\/ccnews.com.ar\/prensa\/en-marzo-crecio-un-82-la-produccion-de-crudo-de-neuquen\/","url_meta":{"origin":11203,"position":1},"title":"En marzo creci\u00f3 un 8,2% la producci\u00f3n de crudo de Neuqu\u00e9n","author":"admin","date":"11 mayo, 2018","format":false,"excerpt":"Es la variaci\u00f3n interanual de marzo. La suba en el trimestre fue de 5%, seg\u00fan n\u00fameros del Ministerio de Energ\u00eda de la Naci\u00f3n. La producci\u00f3n de petr\u00f3leo y gas sigue en alza en Neuqu\u00e9n. Si se la mide de manera interanual, present\u00f3 un crecimiento del 4,96 por ciento en petr\u00f3leo\u2026","rel":"","context":"En \u00abSustentabilidad\u00bb","block_context":{"text":"Sustentabilidad","link":"http:\/\/ccnews.com.ar\/prensa\/category\/sustentabilidad\/"},"img":{"alt_text":"","src":"https:\/\/i0.wp.com\/ccnews.com.ar\/prensa\/wp-content\/uploads\/2018\/05\/20180502084801.jpg?fit=612%2C462&resize=350%2C200","width":350,"height":200,"srcset":"https:\/\/i0.wp.com\/ccnews.com.ar\/prensa\/wp-content\/uploads\/2018\/05\/20180502084801.jpg?fit=612%2C462&resize=350%2C200 1x, https:\/\/i0.wp.com\/ccnews.com.ar\/prensa\/wp-content\/uploads\/2018\/05\/20180502084801.jpg?fit=612%2C462&resize=525%2C300 1,5x"},"classes":[]},{"id":6291,"url":"http:\/\/ccnews.com.ar\/prensa\/el-petroleo-de-vaca-muerta-tendra-un-oleoducto-propio\/","url_meta":{"origin":11203,"position":2},"title":"El petr\u00f3leo de Vaca Muerta tendr\u00e1 un oleoducto propio","author":"CLUSTERciar","date":"24 noviembre, 2017","format":false,"excerpt":"YPF y Techint se asociaron para construirlo desde Loma Campana hasta una estaci\u00f3n de R\u00edo Negro. El gobernador Omar Guti\u00e9rrez anunci\u00f3 un pacto entre la petrolera estatal y la gigante multinacional \u00edtalo-argentina Techint para la construcci\u00f3n de un oleoducto para sacar el petr\u00f3leo no convencional del \u00e1rea Loma Campana. Desde\u2026","rel":"","context":"En \u00abSustentabilidad\u00bb","block_context":{"text":"Sustentabilidad","link":"http:\/\/ccnews.com.ar\/prensa\/category\/sustentabilidad\/"},"img":{"alt_text":"","src":"https:\/\/i0.wp.com\/ccnews.com.ar\/prensa\/wp-content\/uploads\/2017\/11\/unnamed.jpg?fit=250%2C250&resize=350%2C200","width":350,"height":200},"classes":[]},{"id":12343,"url":"http:\/\/ccnews.com.ar\/prensa\/tecpetrol-ya-tiene-dos-concesiones-mas-en-vaca-muerta\/","url_meta":{"origin":11203,"position":3},"title":"Tecpetrol ya tiene dos concesiones m\u00e1s en Vaca Muerta","author":"admin","date":"28 julio, 2019","format":false,"excerpt":"El gobierno provincial le otorg\u00f3 la licencia para\u00a0 Los Toldos I Norte y Los Toldos II Este. Tecpetrol, el brazo petrolero del grupo Techint, obtuvo dos nuevas concesiones no convencionales en Vaca Muerta. Se trata de las \u00e1reas Los Toldos 1 Norte y Los Toldos 2 Este, donde la petrolera\u2026","rel":"","context":"En \u00abEnerg\u00eda y Producci\u00f3n\u00bb","block_context":{"text":"Energ\u00eda y Producci\u00f3n","link":"http:\/\/ccnews.com.ar\/prensa\/category\/energia-y-produccion\/"},"img":{"alt_text":"","src":"https:\/\/i0.wp.com\/ccnews.com.ar\/prensa\/wp-content\/uploads\/2019\/07\/pozo-petroleo-gas.jpg?fit=1033%2C580&resize=350%2C200","width":350,"height":200,"srcset":"https:\/\/i0.wp.com\/ccnews.com.ar\/prensa\/wp-content\/uploads\/2019\/07\/pozo-petroleo-gas.jpg?fit=1033%2C580&resize=350%2C200 1x, https:\/\/i0.wp.com\/ccnews.com.ar\/prensa\/wp-content\/uploads\/2019\/07\/pozo-petroleo-gas.jpg?fit=1033%2C580&resize=525%2C300 1,5x, https:\/\/i0.wp.com\/ccnews.com.ar\/prensa\/wp-content\/uploads\/2019\/07\/pozo-petroleo-gas.jpg?fit=1033%2C580&resize=700%2C400 2x"},"classes":[]},{"id":12013,"url":"http:\/\/ccnews.com.ar\/prensa\/neuquen-alcanzo-la-produccion-de-petroleo-mas-alta-en-diez-anos\/","url_meta":{"origin":11203,"position":4},"title":"Neuqu\u00e9n alcanz\u00f3 la producci\u00f3n de petr\u00f3leo m\u00e1s alta en diez a\u00f1os","author":"admin","date":"28 junio, 2019","format":false,"excerpt":"El crudo no convencional de Vaca Muerta fue el gran responsable. Se bombearon m\u00e1s de 138.000 barriles por d\u00eda en mayo y se super\u00f3 la marca de 2009. La extracci\u00f3n de gas registr\u00f3 un incremento del 5,12% respecto a abril. La demanda local impuls\u00f3 los metros c\u00fabicos. La decisi\u00f3n de\u2026","rel":"","context":"En \u00abEnerg\u00eda y Producci\u00f3n\u00bb","block_context":{"text":"Energ\u00eda y Producci\u00f3n","link":"http:\/\/ccnews.com.ar\/prensa\/category\/energia-y-produccion\/"},"img":{"alt_text":"","src":"https:\/\/i0.wp.com\/ccnews.com.ar\/prensa\/wp-content\/uploads\/2019\/06\/articulos_7413_1_180830_135522.jpg?fit=1200%2C721&resize=350%2C200","width":350,"height":200,"srcset":"https:\/\/i0.wp.com\/ccnews.com.ar\/prensa\/wp-content\/uploads\/2019\/06\/articulos_7413_1_180830_135522.jpg?fit=1200%2C721&resize=350%2C200 1x, https:\/\/i0.wp.com\/ccnews.com.ar\/prensa\/wp-content\/uploads\/2019\/06\/articulos_7413_1_180830_135522.jpg?fit=1200%2C721&resize=525%2C300 1,5x, https:\/\/i0.wp.com\/ccnews.com.ar\/prensa\/wp-content\/uploads\/2019\/06\/articulos_7413_1_180830_135522.jpg?fit=1200%2C721&resize=700%2C400 2x, https:\/\/i0.wp.com\/ccnews.com.ar\/prensa\/wp-content\/uploads\/2019\/06\/articulos_7413_1_180830_135522.jpg?fit=1200%2C721&resize=1050%2C600 3x"},"classes":[]},{"id":8437,"url":"http:\/\/ccnews.com.ar\/prensa\/la-curva-de-aprendizaje-ya-se-hace-sentir-en-vaca-muerta\/","url_meta":{"origin":11203,"position":5},"title":"La curva de aprendizaje ya se hace sentir en Vaca Muerta","author":"CLUSTERciar","date":"20 julio, 2018","format":false,"excerpt":"La producci\u00f3n de Neuqu\u00e9n retom\u00f3 los niveles de fines de 2015. La baja de costos y la nueva tecnolog\u00eda fueron claves en el repunte. La sociedad de YPF con Chevron en la operaci\u00f3n del yacimiento no convencional de Loma Campana consigui\u00f3 pasar en menos de tres a\u00f1os de producir el\u2026","rel":"","context":"En \u00abEnerg\u00eda y Producci\u00f3n\u00bb","block_context":{"text":"Energ\u00eda y Producci\u00f3n","link":"http:\/\/ccnews.com.ar\/prensa\/category\/energia-y-produccion\/"},"img":{"alt_text":"","src":"https:\/\/i0.wp.com\/ccnews.com.ar\/prensa\/wp-content\/uploads\/2018\/07\/loma_campana-750x375.jpg?fit=750%2C375&resize=350%2C200","width":350,"height":200,"srcset":"https:\/\/i0.wp.com\/ccnews.com.ar\/prensa\/wp-content\/uploads\/2018\/07\/loma_campana-750x375.jpg?fit=750%2C375&resize=350%2C200 1x, https:\/\/i0.wp.com\/ccnews.com.ar\/prensa\/wp-content\/uploads\/2018\/07\/loma_campana-750x375.jpg?fit=750%2C375&resize=525%2C300 1,5x, https:\/\/i0.wp.com\/ccnews.com.ar\/prensa\/wp-content\/uploads\/2018\/07\/loma_campana-750x375.jpg?fit=750%2C375&resize=700%2C400 2x"},"classes":[]}],"jetpack_sharing_enabled":true,"_links":{"self":[{"href":"http:\/\/ccnews.com.ar\/prensa\/wp-json\/wp\/v2\/posts\/11203","targetHints":{"allow":["GET"]}}],"collection":[{"href":"http:\/\/ccnews.com.ar\/prensa\/wp-json\/wp\/v2\/posts"}],"about":[{"href":"http:\/\/ccnews.com.ar\/prensa\/wp-json\/wp\/v2\/types\/post"}],"author":[{"embeddable":true,"href":"http:\/\/ccnews.com.ar\/prensa\/wp-json\/wp\/v2\/users\/1"}],"replies":[{"embeddable":true,"href":"http:\/\/ccnews.com.ar\/prensa\/wp-json\/wp\/v2\/comments?post=11203"}],"version-history":[{"count":1,"href":"http:\/\/ccnews.com.ar\/prensa\/wp-json\/wp\/v2\/posts\/11203\/revisions"}],"predecessor-version":[{"id":11207,"href":"http:\/\/ccnews.com.ar\/prensa\/wp-json\/wp\/v2\/posts\/11203\/revisions\/11207"}],"wp:featuredmedia":[{"embeddable":true,"href":"http:\/\/ccnews.com.ar\/prensa\/wp-json\/wp\/v2\/media\/11205"}],"wp:attachment":[{"href":"http:\/\/ccnews.com.ar\/prensa\/wp-json\/wp\/v2\/media?parent=11203"}],"wp:term":[{"taxonomy":"category","embeddable":true,"href":"http:\/\/ccnews.com.ar\/prensa\/wp-json\/wp\/v2\/categories?post=11203"},{"taxonomy":"post_tag","embeddable":true,"href":"http:\/\/ccnews.com.ar\/prensa\/wp-json\/wp\/v2\/tags?post=11203"}],"curies":[{"name":"wp","href":"https:\/\/api.w.org\/{rel}","templated":true}]}}