{"id":11259,"date":"2019-05-01T08:00:35","date_gmt":"2019-05-01T11:00:35","guid":{"rendered":"http:\/\/ccnews.com.ar\/prensa\/?p=11259"},"modified":"2019-04-30T12:30:16","modified_gmt":"2019-04-30T15:30:16","slug":"fabrican-generadores-solares-moviles-para-la-industria-petrolera","status":"publish","type":"post","link":"http:\/\/ccnews.com.ar\/prensa\/fabrican-generadores-solares-moviles-para-la-industria-petrolera\/","title":{"rendered":"Fabrican generadores solares m\u00f3viles para la industria petrolera"},"content":{"rendered":"<p><strong>La empresa 4 Elementos Patagonia est\u00e1 dedicada a la importaci\u00f3n de paneles solares y ofrece sus equipos con tecnolog\u00eda alemana, orientado a la industria hidrocarbur\u00edfera en la cuenca neuquina.<\/strong><\/p>\n<p>Agust\u00edn Romero, socio gerente, dijo: \u201cNuestras actividades actualmente se pueden clasificar en tres rubros: Comercializaci\u00f3n e instalaci\u00f3n de equipamiento solar fotovoltaico, Dise\u00f1o de instalaci\u00f3n, Alquiler y venta de generadores y torres de iluminaci\u00f3n solares m\u00f3viles para la industrial Oil&amp;Gas y asesor\u00eda t\u00e9cnica y econ\u00f3mica en dise\u00f1o de plantas fotovoltaicas\u201d.<\/p>\n<p>\u201cEn este sentido, tenemos trato directo y constante con Secretaria de Energ\u00eda de R\u00edo Negro y EPRE, adem\u00e1s, de una interacci\u00f3n frecuente con arquitectos, ingenieros y empresarios de la regi\u00f3n, principalmente de los sectores de la construcci\u00f3n y Oil&amp;Gas\u201d, afirm\u00f3.<\/p>\n<p>En este sentido, Romero sostuvo que \u201cla industria Oil&amp;Gas es nuestro mercado objetivo, dedicamos el 80% de nuestro tiempo y esfuerzos en encontrar soluciones para el sector y escuchar sus necesidades.\u201d<\/p>\n<p>\u201cActualmente estamos apostando fuertemente al desarrollo y fabricaci\u00f3n local de torres de iluminaci\u00f3n y generadores solares m\u00f3viles, sobre trailers con ruedas o sobre patines petroleros\u201d, explic\u00f3. \u201cEntendemos la necesidad del sector de soluciones definitivas por ello ofrecemos estos productos en conjunto con un servicio de mantenimiento, seguimiento y control personalizado de alta calidad\u201d, resalt\u00f3.<\/p>\n<p>Consultado sobre la oferta en paneles solares, Romero precis\u00f3 que AE SOLAR Alemania, es finalista 2019 de Intersolar Munich, con grandes probabilidades de ganar una medalla en mayo de este a\u00f1o. \u201cNuestros inversores son todos de primeras marcas como ABB, QMAX, l\u00edderes en los mercados internacionales y nacional y nuestros desarrollos locales los realizamos con empresas certificadas y de larga y reconocida trayectoria en la regi\u00f3n\u201d, subray\u00f3.<\/p>\n<p>\u201cEs por eso que apuntamos en primer lugar al mercado de la industria Oil&amp;Gas con soluciones OFF-GRID para necesidades de generaci\u00f3n el\u00e9ctrica aut\u00f3noma y, en segundo lugar, a la venta e instalaci\u00f3n de equipos de generaci\u00f3n ON-GRID dentro del r\u00e9gimen de la ley de generaci\u00f3n distribuida 24.724 para empresas, hogares y edificios del estado con conexi\u00f3n a la red el\u00e9ctrica\u201d, sintetiz\u00f3 Romero.<\/p>\n<p>\u201cPor otra parte, llevamos a cabo Capacitaciones en dise\u00f1o e instalaci\u00f3n de instalaciones fotovoltaicas, Mantenimiento de equipamiento y pr\u00e1cticas de buen uso\u201d, concluy\u00f3.<\/p>\n<p>Fuente: Revista Nuevas Energ\u00edas<\/p>\n<!-- AddThis Advanced Settings generic via filter on the_content -->","protected":false},"excerpt":{"rendered":"<p>La empresa 4 Elementos Patagonia est\u00e1 dedicada a la importaci\u00f3n de paneles solares y ofrece sus equipos con tecnolog\u00eda alemana,<!-- AddThis Advanced Settings generic via filter on get_the_excerpt --><\/p>\n","protected":false},"author":1,"featured_media":11261,"comment_status":"closed","ping_status":"closed","sticky":false,"template":"","format":"standard","meta":{"colormag_page_container_layout":"default_layout","colormag_page_sidebar_layout":"default_layout","jetpack_post_was_ever_published":false,"_jetpack_newsletter_access":"","_jetpack_dont_email_post_to_subs":false,"_jetpack_newsletter_tier_id":0,"_jetpack_memberships_contains_paywalled_content":false,"_jetpack_memberships_contains_paid_content":false,"footnotes":"","jetpack_publicize_message":"","jetpack_publicize_feature_enabled":true,"jetpack_social_post_already_shared":true,"jetpack_social_options":{"image_generator_settings":{"template":"highway","default_image_id":0,"font":"","enabled":false},"version":2}},"categories":[3],"tags":[17],"class_list":["post-11259","post","type-post","status-publish","format-standard","has-post-thumbnail","hentry","category-sustentabilidad","tag-otros-medios"],"jetpack_publicize_connections":[],"jetpack_featured_media_url":"https:\/\/i0.wp.com\/ccnews.com.ar\/prensa\/wp-content\/uploads\/2019\/04\/Placas-o-paneles-solares.-Tipos-de-placas.-Normativa-y-para-que-sirven-858x338-750x295.jpg?fit=750%2C295","jetpack_shortlink":"https:\/\/wp.me\/p7L1gj-2VB","jetpack-related-posts":[{"id":3841,"url":"http:\/\/ccnews.com.ar\/prensa\/un-hotel-que-se-suma-al-concepto-verde\/","url_meta":{"origin":11259,"position":0},"title":"Un hotel que se suma al concepto verde","author":"CLUSTERciar","date":"18 abril, 2017","format":false,"excerpt":"En Roca montaron un equipo de colectores solares para cubrir el uso de agua caliente y la calefacci\u00f3n del edificio. Es uno de los primeros que se instalan en la zona. Adem\u00e1s del ahorro energ\u00e9tico, reduce las emisiones contaminantes. Las energ\u00edas renovables se extienden con fuerza en todo el pa\u00eds.\u2026","rel":"","context":"En \u00abSustentabilidad\u00bb","block_context":{"text":"Sustentabilidad","link":"http:\/\/ccnews.com.ar\/prensa\/category\/sustentabilidad\/"},"img":{"alt_text":"","src":"https:\/\/i0.wp.com\/ccnews.com.ar\/prensa\/wp-content\/uploads\/2017\/04\/image_content_8285568_20170412221105.jpg?fit=660%2C370&resize=350%2C200","width":350,"height":200,"srcset":"https:\/\/i0.wp.com\/ccnews.com.ar\/prensa\/wp-content\/uploads\/2017\/04\/image_content_8285568_20170412221105.jpg?fit=660%2C370&resize=350%2C200 1x, https:\/\/i0.wp.com\/ccnews.com.ar\/prensa\/wp-content\/uploads\/2017\/04\/image_content_8285568_20170412221105.jpg?fit=660%2C370&resize=525%2C300 1,5x"},"classes":[]},{"id":9691,"url":"http:\/\/ccnews.com.ar\/prensa\/conoce-los-termotanques-solares-hechos-en-argentina\/","url_meta":{"origin":11259,"position":1},"title":"Conoc\u00e9 los termotanques solares hechos en Argentina","author":"CLUSTERciar","date":"17 diciembre, 2018","format":false,"excerpt":"Una firma de Rosario desarroll\u00f3 \u00edntegramente los equipos que hasta hace poco tiempo importaba. Desde el Instituto Nacional de Tecnolog\u00eda Industrial (INTI) fomentan varias iniciativas similares. Propusieron que los instaladores tengan un certificado especial. A la par del incremento tarifario en los servicios de gas y energ\u00eda el\u00e9ctrica, crece en\u2026","rel":"","context":"En \u00abSustentabilidad\u00bb","block_context":{"text":"Sustentabilidad","link":"http:\/\/ccnews.com.ar\/prensa\/category\/sustentabilidad\/"},"img":{"alt_text":"","src":"https:\/\/i0.wp.com\/ccnews.com.ar\/prensa\/wp-content\/uploads\/2018\/12\/ccn-2.jpg?fit=660%2C370&resize=350%2C200","width":350,"height":200,"srcset":"https:\/\/i0.wp.com\/ccnews.com.ar\/prensa\/wp-content\/uploads\/2018\/12\/ccn-2.jpg?fit=660%2C370&resize=350%2C200 1x, https:\/\/i0.wp.com\/ccnews.com.ar\/prensa\/wp-content\/uploads\/2018\/12\/ccn-2.jpg?fit=660%2C370&resize=525%2C300 1,5x"},"classes":[]},{"id":13722,"url":"http:\/\/ccnews.com.ar\/prensa\/cada-vez-mas-empresas-producen-su-propia-electricidad\/","url_meta":{"origin":11259,"position":2},"title":"Cada vez m\u00e1s empresas producen su propia electricidad","author":"admin","date":"27 noviembre, 2019","format":false,"excerpt":"Seg\u00fan los registros oficiales de octubre pasado, en el pa\u00eds hay 48 usuarios-generadores (entre residenciales y empresas) con una potencia instalada de 430 kilovatios (kW). Esto significa el triple respecto del mes anterior, y para fines de noviembre se espera que se sumen otros 33 usuarios con 400 kW adicionales\u2026","rel":"","context":"En \u00abSustentabilidad\u00bb","block_context":{"text":"Sustentabilidad","link":"http:\/\/ccnews.com.ar\/prensa\/category\/sustentabilidad\/"},"img":{"alt_text":"","src":"https:\/\/i0.wp.com\/ccnews.com.ar\/prensa\/wp-content\/uploads\/2019\/11\/paneles-solares.jpg?fit=740%2C416&resize=350%2C200","width":350,"height":200,"srcset":"https:\/\/i0.wp.com\/ccnews.com.ar\/prensa\/wp-content\/uploads\/2019\/11\/paneles-solares.jpg?fit=740%2C416&resize=350%2C200 1x, https:\/\/i0.wp.com\/ccnews.com.ar\/prensa\/wp-content\/uploads\/2019\/11\/paneles-solares.jpg?fit=740%2C416&resize=525%2C300 1,5x, https:\/\/i0.wp.com\/ccnews.com.ar\/prensa\/wp-content\/uploads\/2019\/11\/paneles-solares.jpg?fit=740%2C416&resize=700%2C400 2x"},"classes":[]},{"id":2539,"url":"http:\/\/ccnews.com.ar\/prensa\/la-isla-tesla-alimentada-100-con-energia-renovable\/","url_meta":{"origin":11259,"position":3},"title":"La isla Tesla, alimentada 100% con energ\u00eda renovable","author":"CLUSTERciar","date":"17 diciembre, 2016","format":false,"excerpt":"A pocos d\u00edas de la adquisici\u00f3n de Solarcity, el nuevo gigante anuncia como est\u00e1 alimentando una isla entera con energ\u00eda solar Hace escasos meses, Tesla lanz\u00f3 al mercado el concepto de tejas solares. En lugar de agregarle paneles solares al techo de la casa, los paneles solares son el techo.\u2026","rel":"","context":"En \u00abSustentabilidad\u00bb","block_context":{"text":"Sustentabilidad","link":"http:\/\/ccnews.com.ar\/prensa\/category\/sustentabilidad\/"},"img":{"alt_text":"","src":"","width":0,"height":0},"classes":[]},{"id":11397,"url":"http:\/\/ccnews.com.ar\/prensa\/instalan-sistemas-solares-en-distintos-parques-nacionales\/","url_meta":{"origin":11259,"position":4},"title":"Instalan sistemas solares en distintos Parques Nacionales","author":"admin","date":"16 mayo, 2019","format":false,"excerpt":"En el marco del Programa de Fuentes de Energ\u00eda Renovable en \u00c1reas Protegidas Nacionales, la Administraci\u00f3n de Parques Nacionales lleva adelante desde 2018 la instalaci\u00f3n de sistemas solares en distintos Parques con el fin de promover la conversi\u00f3n de servicios energ\u00e9ticos hacia sistemas de generaci\u00f3n de fuentes renovables. En este\u2026","rel":"","context":"En \u00abSustentabilidad\u00bb","block_context":{"text":"Sustentabilidad","link":"http:\/\/ccnews.com.ar\/prensa\/category\/sustentabilidad\/"},"img":{"alt_text":"","src":"https:\/\/i0.wp.com\/ccnews.com.ar\/prensa\/wp-content\/uploads\/2019\/05\/paneles_solares_apn_05_ph-parques-nacionales-750x470.jpeg?fit=750%2C450&resize=350%2C200","width":350,"height":200,"srcset":"https:\/\/i0.wp.com\/ccnews.com.ar\/prensa\/wp-content\/uploads\/2019\/05\/paneles_solares_apn_05_ph-parques-nacionales-750x470.jpeg?fit=750%2C450&resize=350%2C200 1x, https:\/\/i0.wp.com\/ccnews.com.ar\/prensa\/wp-content\/uploads\/2019\/05\/paneles_solares_apn_05_ph-parques-nacionales-750x470.jpeg?fit=750%2C450&resize=525%2C300 1,5x, https:\/\/i0.wp.com\/ccnews.com.ar\/prensa\/wp-content\/uploads\/2019\/05\/paneles_solares_apn_05_ph-parques-nacionales-750x470.jpeg?fit=750%2C450&resize=700%2C400 2x"},"classes":[]},{"id":13406,"url":"http:\/\/ccnews.com.ar\/prensa\/500-escuelas-en-argentina-apuestan-por-energia-solar-y-mejoran-niveles-de-ensenanza\/","url_meta":{"origin":11259,"position":5},"title":"500 escuelas en Argentina apuestan por energ\u00eda solar y mejoran niveles de ense\u00f1anza","author":"admin","date":"28 octubre, 2019","format":false,"excerpt":"Con esta importante iniciativa se esta promoviendo el uso de energ\u00eda renovable en el sistema educativo y se esta promoviendo conciencia sobre temas como el cambio clim\u00e1tico y el desarrollo sostenible entre los futuros profesionales del pa\u00eds. M\u00e1s escuelas en Argentina cuentan con energ\u00eda limpia, segura y a bajos costos.\u2026","rel":"","context":"En \u00abSustentabilidad\u00bb","block_context":{"text":"Sustentabilidad","link":"http:\/\/ccnews.com.ar\/prensa\/category\/sustentabilidad\/"},"img":{"alt_text":"","src":"https:\/\/i0.wp.com\/ccnews.com.ar\/prensa\/wp-content\/uploads\/2019\/10\/nota-1569138-argentina-escuelas-energia-solar-catamarca-tucuman-buenos-aires-mendoza-910091.jpg?fit=1000%2C755&resize=350%2C200","width":350,"height":200,"srcset":"https:\/\/i0.wp.com\/ccnews.com.ar\/prensa\/wp-content\/uploads\/2019\/10\/nota-1569138-argentina-escuelas-energia-solar-catamarca-tucuman-buenos-aires-mendoza-910091.jpg?fit=1000%2C755&resize=350%2C200 1x, https:\/\/i0.wp.com\/ccnews.com.ar\/prensa\/wp-content\/uploads\/2019\/10\/nota-1569138-argentina-escuelas-energia-solar-catamarca-tucuman-buenos-aires-mendoza-910091.jpg?fit=1000%2C755&resize=525%2C300 1,5x, https:\/\/i0.wp.com\/ccnews.com.ar\/prensa\/wp-content\/uploads\/2019\/10\/nota-1569138-argentina-escuelas-energia-solar-catamarca-tucuman-buenos-aires-mendoza-910091.jpg?fit=1000%2C755&resize=700%2C400 2x"},"classes":[]}],"jetpack_sharing_enabled":true,"_links":{"self":[{"href":"http:\/\/ccnews.com.ar\/prensa\/wp-json\/wp\/v2\/posts\/11259","targetHints":{"allow":["GET"]}}],"collection":[{"href":"http:\/\/ccnews.com.ar\/prensa\/wp-json\/wp\/v2\/posts"}],"about":[{"href":"http:\/\/ccnews.com.ar\/prensa\/wp-json\/wp\/v2\/types\/post"}],"author":[{"embeddable":true,"href":"http:\/\/ccnews.com.ar\/prensa\/wp-json\/wp\/v2\/users\/1"}],"replies":[{"embeddable":true,"href":"http:\/\/ccnews.com.ar\/prensa\/wp-json\/wp\/v2\/comments?post=11259"}],"version-history":[{"count":1,"href":"http:\/\/ccnews.com.ar\/prensa\/wp-json\/wp\/v2\/posts\/11259\/revisions"}],"predecessor-version":[{"id":11263,"href":"http:\/\/ccnews.com.ar\/prensa\/wp-json\/wp\/v2\/posts\/11259\/revisions\/11263"}],"wp:featuredmedia":[{"embeddable":true,"href":"http:\/\/ccnews.com.ar\/prensa\/wp-json\/wp\/v2\/media\/11261"}],"wp:attachment":[{"href":"http:\/\/ccnews.com.ar\/prensa\/wp-json\/wp\/v2\/media?parent=11259"}],"wp:term":[{"taxonomy":"category","embeddable":true,"href":"http:\/\/ccnews.com.ar\/prensa\/wp-json\/wp\/v2\/categories?post=11259"},{"taxonomy":"post_tag","embeddable":true,"href":"http:\/\/ccnews.com.ar\/prensa\/wp-json\/wp\/v2\/tags?post=11259"}],"curies":[{"name":"wp","href":"https:\/\/api.w.org\/{rel}","templated":true}]}}