{"id":1145,"date":"2016-08-08T10:54:56","date_gmt":"2016-08-08T13:54:56","guid":{"rendered":"http:\/\/clusterciarnews.com.ar\/prensa\/?p=1145"},"modified":"2016-08-08T10:54:56","modified_gmt":"2016-08-08T13:54:56","slug":"las-claves-del-8-de-agosto-los-precios-suben-animados-por-nuevas-conversaciones-en-la-opep","status":"publish","type":"post","link":"http:\/\/ccnews.com.ar\/prensa\/las-claves-del-8-de-agosto-los-precios-suben-animados-por-nuevas-conversaciones-en-la-opep\/","title":{"rendered":"Las claves del 8 de agosto: los precios suben animados por nuevas conversaciones en la OPEP"},"content":{"rendered":"<p><img data-recalc-dims=\"1\" decoding=\"async\" src=\"https:\/\/i0.wp.com\/www.energia16.com\/wp-content\/uploads\/2016\/05\/Precios_petroleo_26_5_16_b.jpg?w=800\" alt=\"Precios_petroleo_26_5_16_b\" \/><\/p>\n<p><strong>Los precios del petr\u00f3leo\u00a0vuelven a subir<\/strong><br \/>\nLos precios del petr\u00f3leo comenzaron la jornada con subidas ante la perspectiva de nuevas conversaciones en el seno de la OPEP para frenar la producci\u00f3n y ayudar a estabilizar el mercado internacional del crudo.<br \/>\nA las 10.50 horas (GTM +2), el Brent avanzaba un 1,22 por ciento hasta los 44,81 d\u00f3lares el barril. Por su parte, el WTI sub\u00eda un 1,34 por ciento hasta los 42,36 d\u00f3lares el barril.<\/p>\n<p><strong>China supera a Corea del Sur como el mayor comprador de crudo del Mar del Norte en Asia<\/strong><br \/>\nChina ha superado a Corea del Sur como el principal destino en Asia desde hace cuarenta a\u00f1os del crudo del Mar del Norte despu\u00e9s de que Shell env\u00ede\u00a0diez millones de barriles de petr\u00f3leo entre mayo y septiembre. Debido a la huelga en Francia, la demanda europea del crudo del Mar del Norte se redujo, lo que llev\u00f3 a Shell a buscar al segundo mayor consumidor de petr\u00f3leo del mundo para vender su crudo.<\/p>\n<p><strong>Trafigura ampl\u00eda el periodo de los cr\u00e9ditos para las refiner\u00edas independientes de China para impulsar sus ventas<\/strong><br \/>\nTrafigura ha ampliado el periodo de cr\u00e9dito para la compra de crudo de dos refiner\u00edas independientes chinas, lo que supone un movimiento agresivo por parte del comerciante de materias primas para alimentar el creciente apetito de las llamadas &#8220;teteras&#8221; para importar petr\u00f3leo. Trafigura ha vendido al menos tres millones de barriles de crudo de Am\u00e9rica Latina, por valor de 125 millones de d\u00f3lares a precios actuales, a las refiner\u00edas Shouguang Luqing Petrochemical y Huifeng, seg\u00fan fuentes.<\/p>\n<p><strong>Arabia Saud\u00ed afirma que los altos m\u00e1rgenes de los productos petroqu\u00edmicos no durar\u00e1n mucho tiempo.\u00a0<\/strong><br \/>\nLos beneficios en el segundo trimestre de la industria petroqu\u00edmica de Arabia Saud\u00ed superaron las expectativas de los productores, que se beneficiaron de los vol\u00e1tiles precios del petr\u00f3leo, pero ven poco probable que estas ganancias se repitan en la segunda mitad del a\u00f1o.<\/p>\n<p>Fuente: Energ\u00eda 16<\/p>\n<!-- AddThis Advanced Settings generic via filter on the_content -->","protected":false},"excerpt":{"rendered":"<p>Los precios del petr\u00f3leo\u00a0vuelven a subir Los precios del petr\u00f3leo comenzaron la jornada con subidas ante la perspectiva de nuevas<!-- AddThis Advanced Settings generic via filter on get_the_excerpt --><\/p>\n","protected":false},"author":2,"featured_media":0,"comment_status":"closed","ping_status":"closed","sticky":false,"template":"","format":"standard","meta":{"colormag_page_container_layout":"default_layout","colormag_page_sidebar_layout":"default_layout","jetpack_post_was_ever_published":false,"_jetpack_newsletter_access":"","_jetpack_dont_email_post_to_subs":false,"_jetpack_newsletter_tier_id":0,"_jetpack_memberships_contains_paywalled_content":false,"_jetpack_memberships_contains_paid_content":false,"footnotes":"","jetpack_publicize_message":"","jetpack_publicize_feature_enabled":true,"jetpack_social_post_already_shared":true,"jetpack_social_options":{"image_generator_settings":{"template":"highway","default_image_id":0,"font":"","enabled":false},"version":2}},"categories":[11],"tags":[17],"class_list":["post-1145","post","type-post","status-publish","format-standard","hentry","category-energia-y-produccion","tag-otros-medios"],"jetpack_publicize_connections":[],"jetpack_featured_media_url":"","jetpack_shortlink":"https:\/\/wp.me\/p7L1gj-it","jetpack-related-posts":[{"id":566,"url":"http:\/\/ccnews.com.ar\/prensa\/la-produccion-de-petroleo-de-la-opep-alcanza-su-maximo-en-27-anos\/","url_meta":{"origin":1145,"position":0},"title":"La producci\u00f3n de petr\u00f3leo de la OPEP alcanza su m\u00e1ximo en 27 a\u00f1os","author":"CLUSTERciar","date":"9 mayo, 2016","format":false,"excerpt":"A pesar de todas las tentativas de contener la producci\u00f3n de crudo, el mundo ha llegado este abril a vol\u00famenes r\u00e9cord de extracci\u00f3n de petr\u00f3leo. Los pa\u00edses miembros de la Organizaci\u00f3n de Pa\u00edses Exportadores de Petr\u00f3leo (OPEP) han incrementado la producci\u00f3n en 484.000 barriles al d\u00eda este abril, lo que\u2026","rel":"","context":"En \u00abEnerg\u00eda y Producci\u00f3n\u00bb","block_context":{"text":"Energ\u00eda y Producci\u00f3n","link":"http:\/\/ccnews.com.ar\/prensa\/category\/energia-y-produccion\/"},"img":{"alt_text":"","src":"","width":0,"height":0},"classes":[]},{"id":15294,"url":"http:\/\/ccnews.com.ar\/prensa\/derrumbe-internacional-del-petroleo-como-impactara-en-vaca-muerta-y-en-el-precio-local-de-los-combustibles\/","url_meta":{"origin":1145,"position":1},"title":"Derrumbe internacional del petr\u00f3leo: c\u00f3mo impactar\u00e1 en Vaca Muerta y en el precio local de los combustibles","author":"Editor","date":"21 abril, 2020","format":false,"excerpt":"La abrupta ca\u00edda de los precios internacionales no tendr\u00e1 un efecto directo en los precios de la nafta y el gasoil en los surtidores locales. Qu\u00e9 pasar\u00e1 con la producci\u00f3n en la Patagonia Los valores internacionales no se reflejar\u00e1n en los precios las estaciones de servicio Los precios internacionales del\u2026","rel":"","context":"En \u00abEnerg\u00eda y Producci\u00f3n\u00bb","block_context":{"text":"Energ\u00eda y Producci\u00f3n","link":"http:\/\/ccnews.com.ar\/prensa\/category\/energia-y-produccion\/"},"img":{"alt_text":"","src":"https:\/\/i0.wp.com\/ccnews.com.ar\/prensa\/wp-content\/uploads\/2020\/04\/petroleo.jpg?fit=960%2C640&resize=350%2C200","width":350,"height":200,"srcset":"https:\/\/i0.wp.com\/ccnews.com.ar\/prensa\/wp-content\/uploads\/2020\/04\/petroleo.jpg?fit=960%2C640&resize=350%2C200 1x, https:\/\/i0.wp.com\/ccnews.com.ar\/prensa\/wp-content\/uploads\/2020\/04\/petroleo.jpg?fit=960%2C640&resize=525%2C300 1,5x, https:\/\/i0.wp.com\/ccnews.com.ar\/prensa\/wp-content\/uploads\/2020\/04\/petroleo.jpg?fit=960%2C640&resize=700%2C400 2x"},"classes":[]},{"id":1241,"url":"http:\/\/ccnews.com.ar\/prensa\/el-futuro-de-vaca-muerta-en-juego-arranco-la-guerra-por-el-barril-criollo\/","url_meta":{"origin":1145,"position":2},"title":"El futuro de Vaca Muerta en juego: arranc\u00f3 la guerra por el barril criollo","author":"CLUSTERciar","date":"18 agosto, 2016","format":false,"excerpt":"Pese a la promesa del gobierno nacional de no bajar el precio sost\u00e9n del crudo, Aranguren busca recortar el valor. Algunas empresas ya lo comercializan con descuentos. \u201cHay que ir hacia los precios internacionales del crudo. Hay que discutir con todos los actores: empresas, sindicatos y las provincias productoras. Pero\u2026","rel":"","context":"En \u00abEnerg\u00eda y Producci\u00f3n\u00bb","block_context":{"text":"Energ\u00eda y Producci\u00f3n","link":"http:\/\/ccnews.com.ar\/prensa\/category\/energia-y-produccion\/"},"img":{"alt_text":"El futuro de Vaca Muerta en juego: arranc\u00f3 la guerra por el barril criollo","src":"https:\/\/i0.wp.com\/www.rionegro.com.ar\/documents\/1\/0\/571x311\/0c0\/0d0\/none\/12350\/ANXD\/image_content_7499117_20160817225502.jpg?resize=350%2C200","width":350,"height":200,"srcset":"https:\/\/i0.wp.com\/www.rionegro.com.ar\/documents\/1\/0\/571x311\/0c0\/0d0\/none\/12350\/ANXD\/image_content_7499117_20160817225502.jpg?resize=350%2C200 1x, https:\/\/i0.wp.com\/www.rionegro.com.ar\/documents\/1\/0\/571x311\/0c0\/0d0\/none\/12350\/ANXD\/image_content_7499117_20160817225502.jpg?resize=525%2C300 1,5x"},"classes":[]},{"id":14142,"url":"http:\/\/ccnews.com.ar\/prensa\/como-impacta-en-vaca-muerta-el-bombardeo-en-irak\/","url_meta":{"origin":1145,"position":3},"title":"\u00bfC\u00f3mo impacta en Vaca Muerta el bombardeo en Irak?","author":"admin","date":"4 enero, 2020","format":false,"excerpt":"La suba del petr\u00f3leo suma un factor para la discordia en la industria petrolera: el barril en Argentina no expresa el precio internacional en la venta de los combustibles, una variable que Naci\u00f3n frena para combatir la inflaci\u00f3n. El incremento del 4% en un d\u00eda coloca al crudo en 68\u2026","rel":"","context":"En \u00abEnerg\u00eda y Producci\u00f3n\u00bb","block_context":{"text":"Energ\u00eda y Producci\u00f3n","link":"http:\/\/ccnews.com.ar\/prensa\/category\/energia-y-produccion\/"},"img":{"alt_text":"","src":"https:\/\/i0.wp.com\/ccnews.com.ar\/prensa\/wp-content\/uploads\/2020\/01\/0004270377.jpg?fit=730%2C339&resize=350%2C200","width":350,"height":200,"srcset":"https:\/\/i0.wp.com\/ccnews.com.ar\/prensa\/wp-content\/uploads\/2020\/01\/0004270377.jpg?fit=730%2C339&resize=350%2C200 1x, https:\/\/i0.wp.com\/ccnews.com.ar\/prensa\/wp-content\/uploads\/2020\/01\/0004270377.jpg?fit=730%2C339&resize=525%2C300 1,5x, https:\/\/i0.wp.com\/ccnews.com.ar\/prensa\/wp-content\/uploads\/2020\/01\/0004270377.jpg?fit=730%2C339&resize=700%2C400 2x"},"classes":[]},{"id":4473,"url":"http:\/\/ccnews.com.ar\/prensa\/para-ypf-la-rentabilidad-de-vaca-muerta-ya-es-mas-alta-que-la-de-campos-maduros\/","url_meta":{"origin":1145,"position":4},"title":"Para YPF, la rentabilidad de Vaca Muerta ya es m\u00e1s alta que la de campos maduros","author":"CLUSTERciar","date":"13 junio, 2017","format":false,"excerpt":"Por la optimizaci\u00f3n de los costos YPF est\u00e1 transformando su negocio de petr\u00f3leo en la Argentina. La petrolera bajo control del Estado est\u00e1 transfiriendo recursos desde sus yacimientos hist\u00f3ricos de crudo ubicados en Santa Cruz y Chubut \u2013e incluso en el norte de Neuqu\u00e9n- para acelerar el desarrollo de recursos\u2026","rel":"","context":"En \u00abEnerg\u00eda y Producci\u00f3n\u00bb","block_context":{"text":"Energ\u00eda y Producci\u00f3n","link":"http:\/\/ccnews.com.ar\/prensa\/category\/energia-y-produccion\/"},"img":{"alt_text":"","src":"https:\/\/i0.wp.com\/ccnews.com.ar\/prensa\/wp-content\/uploads\/2017\/06\/darre050617.jpg?fit=250%2C250&resize=350%2C200","width":350,"height":200},"classes":[]},{"id":7259,"url":"http:\/\/ccnews.com.ar\/prensa\/irak-quiere-construir-una-isla-para-aumentar-su-exportacion-de-petroleo\/","url_meta":{"origin":1145,"position":5},"title":"Irak quiere construir una isla para aumentar su exportaci\u00f3n de petr\u00f3leo","author":"admin","date":"22 marzo, 2018","format":false,"excerpt":"Aumentar la\u00a0exportaci\u00f3n de petr\u00f3leo\u00a0es la meta de Irak.\u00a0El segundo mayor productor de la OPEP est\u00e1 intensificando sus esfuerzos para ampliar la capacidad de bombear y exportar petr\u00f3leo. Para esto tiene planes que incluyen la inyecci\u00f3n de agua de mar en dep\u00f3sitos de crudo. Adem\u00e1s de la construcci\u00f3n de instalaciones de\u2026","rel":"","context":"En \u00abSustentabilidad\u00bb","block_context":{"text":"Sustentabilidad","link":"http:\/\/ccnews.com.ar\/prensa\/category\/sustentabilidad\/"},"img":{"alt_text":"","src":"https:\/\/i0.wp.com\/ccnews.com.ar\/prensa\/wp-content\/uploads\/2018\/03\/irak.jpeg?fit=850%2C491&resize=350%2C200","width":350,"height":200,"srcset":"https:\/\/i0.wp.com\/ccnews.com.ar\/prensa\/wp-content\/uploads\/2018\/03\/irak.jpeg?fit=850%2C491&resize=350%2C200 1x, https:\/\/i0.wp.com\/ccnews.com.ar\/prensa\/wp-content\/uploads\/2018\/03\/irak.jpeg?fit=850%2C491&resize=525%2C300 1,5x, https:\/\/i0.wp.com\/ccnews.com.ar\/prensa\/wp-content\/uploads\/2018\/03\/irak.jpeg?fit=850%2C491&resize=700%2C400 2x"},"classes":[]}],"jetpack_sharing_enabled":true,"_links":{"self":[{"href":"http:\/\/ccnews.com.ar\/prensa\/wp-json\/wp\/v2\/posts\/1145","targetHints":{"allow":["GET"]}}],"collection":[{"href":"http:\/\/ccnews.com.ar\/prensa\/wp-json\/wp\/v2\/posts"}],"about":[{"href":"http:\/\/ccnews.com.ar\/prensa\/wp-json\/wp\/v2\/types\/post"}],"author":[{"embeddable":true,"href":"http:\/\/ccnews.com.ar\/prensa\/wp-json\/wp\/v2\/users\/2"}],"replies":[{"embeddable":true,"href":"http:\/\/ccnews.com.ar\/prensa\/wp-json\/wp\/v2\/comments?post=1145"}],"version-history":[{"count":1,"href":"http:\/\/ccnews.com.ar\/prensa\/wp-json\/wp\/v2\/posts\/1145\/revisions"}],"predecessor-version":[{"id":1147,"href":"http:\/\/ccnews.com.ar\/prensa\/wp-json\/wp\/v2\/posts\/1145\/revisions\/1147"}],"wp:attachment":[{"href":"http:\/\/ccnews.com.ar\/prensa\/wp-json\/wp\/v2\/media?parent=1145"}],"wp:term":[{"taxonomy":"category","embeddable":true,"href":"http:\/\/ccnews.com.ar\/prensa\/wp-json\/wp\/v2\/categories?post=1145"},{"taxonomy":"post_tag","embeddable":true,"href":"http:\/\/ccnews.com.ar\/prensa\/wp-json\/wp\/v2\/tags?post=1145"}],"curies":[{"name":"wp","href":"https:\/\/api.w.org\/{rel}","templated":true}]}}