{"id":1171,"date":"2016-08-12T12:15:40","date_gmt":"2016-08-12T15:15:40","guid":{"rendered":"http:\/\/clusterciarnews.com.ar\/prensa\/?p=1171"},"modified":"2016-08-12T12:15:40","modified_gmt":"2016-08-12T15:15:40","slug":"techint-seducido-por-vaca-muerta","status":"publish","type":"post","link":"http:\/\/ccnews.com.ar\/prensa\/techint-seducido-por-vaca-muerta\/","title":{"rendered":"Techint, seducido por Vaca Muerta"},"content":{"rendered":"<div id=\"p_p_id_contentviewerportlet_WAR_newsportlet_INSTANCE_c018236abb824d9a844c1eb1f4440977_\" class=\"portlet-boundary portlet-boundary_contentviewerportlet_WAR_newsportlet_ portlet-static portlet-static-end content-viewer-portlet \">\n<div class=\"td-portlet\">\n<section id=\"portlet_contentviewerportlet_WAR_newsportlet_INSTANCE_c018236abb824d9a844c1eb1f4440977\" class=\"portlet\">\n<div class=\"portlet-content\">\n<div class=\" portlet-content-container\">\n<div class=\"portlet-body\">\n<div class=\"last td-viewer full-access\">\n<div class=\"template-90\">\n<div class=\"left-block\">\n<p class=\"subheadline font-2 fs16\"><strong>Mientras el negocio de los ca\u00f1os sufre una abrupta ca\u00edda, el principal holding del pa\u00eds consigui\u00f3 dos concesiones de 35 a\u00f1os en Neuqu\u00e9n en las que arrancar\u00e1 su aventura no convencional. Detalles de un plan de desarrollo con millonarias inversiones.<\/strong><\/p>\n<div class=\"separator\"><\/div>\n<\/div>\n<\/div>\n<\/div>\n<\/div>\n<\/div>\n<\/div>\n<\/section>\n<\/div>\n<\/div>\n<div id=\"p_p_id_contentviewerportlet_WAR_newsportlet_INSTANCE_6fdbfdcf20664d16a19d4fc1e6b73a9d_\" class=\"portlet-boundary portlet-boundary_contentviewerportlet_WAR_newsportlet_ portlet-static portlet-static-end content-viewer-portlet \">\n<div class=\"td-portlet\">\n<section id=\"portlet_contentviewerportlet_WAR_newsportlet_INSTANCE_6fdbfdcf20664d16a19d4fc1e6b73a9d\" class=\"portlet\">\n<div class=\"portlet-content\">\n<div class=\" portlet-content-container\">\n<div class=\"portlet-body\">\n<div class=\"last td-viewer full-access\">\n<div class=\"template-92\">\n<div class=\"left-block\">\n<div class=\"multimediaMacroWrapper\">\n<div class=\"bx-wrapper\">\n<div class=\"bx-viewport\">\n<div class=\"contentMedia art-gallery\">\n<figure class=\"cutlineShow\">\n<div>\n<figure style=\"width: 660px\" class=\"wp-caption alignnone\"><img data-recalc-dims=\"1\" loading=\"lazy\" decoding=\"async\" class=\"waslazy\" title=\"Los ca\u00f1os de Tenaris, durante una operaci\u00f3n en Loma Campana, meses atr\u00e1s. Ahora, llega el turno de producir. \" src=\"https:\/\/i0.wp.com\/www.rionegro.com.ar\/documents\/1\/0\/660x437\/0c34\/660d370\/none\/12350\/JNLM\/image_content_7473092_20160810211635.jpg?resize=660%2C370\" alt=\"Los ca\u00f1os de Tenaris, durante una operaci\u00f3n en Loma Campana, meses atr\u00e1s. Ahora, llega el turno de producir. \" width=\"660\" height=\"370\" data-original=\"\/documents\/1\/0\/660x437\/0c34\/660d370\/none\/12350\/JNLM\/image_content_7473092_20160810211635.jpg\" \/><figcaption class=\"wp-caption-text\">Los ca\u00f1os de Tenaris, durante una operaci\u00f3n en Loma Campana, meses atr\u00e1s. Ahora, llega el turno de producir. (Mat\u00edas Subat)<\/figcaption><\/figure>\n<\/div>\n<\/figure>\n<div class=\"cutline\"><\/div>\n<\/div>\n<div class=\"contentMedia art-gallery\">\n<figure class=\"cutlineShow\">\n<div>\n<figure style=\"width: 660px\" class=\"wp-caption alignnone\"><img data-recalc-dims=\"1\" loading=\"lazy\" decoding=\"async\" class=\"waslazy\" title=\"Tecpetrol debutar\u00e1 en dos proyectos sobre Vaca Muerta. \" src=\"https:\/\/i0.wp.com\/www.rionegro.com.ar\/documents\/1\/0\/660x437\/0c34\/660d370\/none\/12350\/BOLM\/image_content_7473101_20160810211637.jpg?resize=660%2C370\" alt=\"Tecpetrol debutar\u00e1 en dos proyectos sobre Vaca Muerta. \" width=\"660\" height=\"370\" data-original=\"\/documents\/1\/0\/660x437\/0c34\/660d370\/none\/12350\/BOLM\/image_content_7473101_20160810211637.jpg\" \/><figcaption class=\"wp-caption-text\">Tecpetrol debutar\u00e1 en dos proyectos sobre Vaca Muerta. (Mat\u00edas subat)<\/figcaption><\/figure>\n<\/div>\n<\/figure>\n<div class=\"cutline\"><\/div>\n<\/div>\n<\/div>\n<div class=\"bx-controls bx-has-controls-direction\">En medio de una fuerte ca\u00edda en el negocio de la venta de ca\u00f1os, el grupo Techint busca dar el salto al mercado petrolero neuquino. A trav\u00e9s de su subsidiaria Tecpetrol, el holding que maneja Paolo Rocca obtuvo dos concesiones de 35 a\u00f1os en Vaca Muerta en las cuales invertir\u00e1 220 millones de d\u00f3lares en cinco a\u00f1os. De tener \u00e9xito, los trabajos exploratorios podr\u00edan disparar desembolsos por m\u00e1s de 6.000 millones de d\u00f3lares en las pr\u00f3ximas tres d\u00e9cadas.<\/div>\n<\/div>\n<\/div>\n<\/div>\n<\/div>\n<\/div>\n<\/div>\n<\/div>\n<\/div>\n<\/section>\n<\/div>\n<\/div>\n<div id=\"p_p_id_contentviewerportlet_WAR_newsportlet_INSTANCE_7628ef8dad7847a6a826e6201a706369_\" class=\"portlet-boundary portlet-boundary_contentviewerportlet_WAR_newsportlet_ portlet-static portlet-static-end content-viewer-portlet \">\n<div class=\"td-portlet\">\n<section id=\"portlet_contentviewerportlet_WAR_newsportlet_INSTANCE_7628ef8dad7847a6a826e6201a706369\" class=\"portlet\">\n<div class=\"portlet-content\">\n<div class=\" portlet-content-container\">\n<div class=\"portlet-body\">\n<div class=\"last td-viewer full-access\">\n<div class=\"template-94\">\n<div class=\"left-block\">\n<div class=\"text font-4 fs16 resizable\">\n<div class=\"paragraph\">\n<p>Si bien la empresa ya ten\u00eda presencia en la cuenca, se trata de la primera inversi\u00f3n de peso en el mercado del upstream con una fuerte apuesta al gas no convencional, un combustible clave para alimentar su negocio sider\u00fargico en Campana, y para el cual tambi\u00e9n posee eslabones en el sector distribuci\u00f3n, con su participaci\u00f3n accionara en Transportadora de Gas del Norte y Litoral Gas.<\/p>\n<p>A trav\u00e9s de dos decretos, la provincia de Neuqu\u00e9n autoriz\u00f3 dos concesiones no convencionales en el campo Punta Senillosa (dentro de la concesi\u00f3n Los Bastos) y en Fort\u00edn de Piedra, un bloque marginal que alguna vez le fue revertido a la compa\u00f1\u00eda, en medio de la andanada pol\u00edtica del kirchnerismo para desinflar los activos de YPF en la previa a la estatizaci\u00f3n del 51% de sus acciones en 2012.<\/p>\n<p>En Punta Senillosa, ubicada al norte de la localidad hom\u00f3nima, la esperanza est\u00e1 puesta en el tight gas. All\u00ed se perforar\u00e1n cuatro pozos verticales en los pr\u00f3ximos dos a\u00f1os con entre 6 y 11 etapas de fracturas, seg\u00fan parte del programa de inversi\u00f3n de la firma al que accedi\u00f3 \u201cR\u00edo Negro\u201d. El monto de inversi\u00f3n rondar\u00e1 los 20 millones de d\u00f3lares, que incluyen una planta compresora. La expectativa es que las perforaciones devuelvan una producci\u00f3n acumulada de 80 millones de metros c\u00fabicos de fluido en su vida \u00fatil.<\/p>\n<p>El objetivo ser\u00e1 una vieja conocida neuquina, la formaci\u00f3n Lajas. Esta franja geol\u00f3gica no deja de producir buenas noticias para el desarrollo petrolero local, con positivos resultados en gas en varios yacimientos y de la mano de distintas operadoras. En Punta Senillosa la subsidiaria de Techint ya perfor\u00f3 tres pozos con este objetivo que arrojaron buenos resultados.<\/p>\n<p>Pero el coraz\u00f3n de su negocio en Vaca Muerta estar\u00e1 en Fort\u00edn de Piedra. All\u00ed la apuesta es al shale gas, tanto en la ventana seca como en la h\u00fameda. La empresa invertir\u00e1 200 millones de d\u00f3lares para perforar cinco pozos \u2013uno vertical y cuatro horizontales\u2013 para los cuales espera una producci\u00f3n acumulada de 140 millones de metros c\u00fabicos. Si el piloto prospera, se lanzar\u00e1 una campa\u00f1a de 500 perforaciones con una inversi\u00f3n de 6.000 millones de d\u00f3lares.<\/p>\n<p><b>Tubos en baja<\/b><\/p>\n<p>La emergencia de Vaca Muerta implic\u00f3 una expansi\u00f3n para el negocio central del grupo Techint, la fabricaci\u00f3n de tubos sin costura. Se trata de un producto central para la industria petrolera, tanto para el tendido de gasoductos como para la perforaci\u00f3n de pozos.<\/p>\n<p>Sin embargo, la venta de ca\u00f1os del principal proveedor del mundo cay\u00f3 un 11% en el segundo semestre, en l\u00ednea con la fuerte baja de la actividad en Estados Unidos y la ca\u00edda de proyectos de gasoductos en Argentina y Brasil, seg\u00fan inform\u00f3 la empresa radicada en Luxemburgo en su propio balance.<\/p>\n<p>Si la mirada se posa sobre el resultado del semestre, la facturaci\u00f3n de la compa\u00f1\u00eda se desplom\u00f3 un 42%.<\/p>\n<p>A\u00fan as\u00ed, la empresa cree que mejorar\u00e1 su situaci\u00f3n a partir del \u00faltimo trimestre, donde aguarda una mejora en la actividad en Am\u00e9rica del Norte, que sin embargo estar\u00e1 condicionada fuertemente por el precio internacional del petr\u00f3leo.<\/p>\n<p>El desarrollo de Vaca Muerta abri\u00f3 una oportunidad de negocios para Tenaris, la subsidiaria que fabrica ca\u00f1os. A los dep\u00f3sitos que ten\u00eda en la regi\u00f3n para un mejor manejo de stock del producto, la empresa mont\u00f3 un nuevo centro de log\u00edstica en Senillosa, adonde llegan los tubos a trav\u00e9s del tren del carga.<\/p>\n<p>La compa\u00f1\u00eda invirti\u00f3 unos 4 millones de d\u00f3lares para poner en valor un predio de 10 hect\u00e1reas en el Parque Industrial de la localidad, en tierras que la provincia le cedi\u00f3 al municipio.<\/p>\n<p>Ahora, el holding de Paolo Rocca se anota entre los principales tenedores de acreaje renegociado en Vaca Muerta, en lo que aspira a ser un negocio futuro central para la compa\u00f1\u00eda.<\/p>\n<\/div>\n<div class=\"highlight_text ant-text\">El grupo que comanda Paolo Rocca es de origen \u00edtalo-argentino, pero tiene su sede en Luxemburgo y todas sus firmas dependen de la empresa San Faustin.<\/div>\n<div class=\"highlight_text ant-highlight_text\">\u201cLos pozos de Vaca Muerta no son rentables por definici\u00f3n. No es Arabia Saudita. Hay que comprender los costos\u201d,<\/div>\n<div class=\"highlight_author ant-highlight_text\">sostuvo en 2014 Paolo Rocca, el hombre que comanda el grupo Techint.<\/div>\n<div class=\"highlight_author ant-highlight_text\"><\/div>\n<div class=\"microformat_headline ant-highlight_author\"><strong>Ingresos por un tubo<\/strong><\/div>\n<div class=\"microformat_headline ant-microformat_headline\"><strong>El derrumbe de Tenaris<\/strong><\/div>\n<ul>\n<li class=\"microformat_list_text ant-microformat_headline\">Ingresos en ca\u00edda. En el primer semestre del a\u00f1o, la facturaci\u00f3n de la compa\u00f1\u00eda fue del 42%, con una baja de 1.744 millones de d\u00f3lares.<\/li>\n<li class=\"microformat_list_text ant-microformat_list_text\">Resultado operativo. Por los altos costos de ventas, la empresa casi no obtuvo ganancias en los primeros seis meses del a\u00f1o.<\/li>\n<li class=\"microformat_list_text ant-microformat_list_text\">Tubos. Tenaris vendi\u00f3 987.000 toneladas m\u00e9tricas de ca\u00f1os con y sin costura en el primer semestre, un 32% menos que en 2015.<\/li>\n<li class=\"microformat_list_text ant-microformat_list_text\">Menos demanda. La ca\u00edda de la actividad petrolera, su principal comprador global afect\u00f3 los resultados de la compa\u00f1\u00eda.<\/li>\n<li class=\"microformat_list_text ant-microformat_list_text\">Am\u00e9rica del Norte. En esta regi\u00f3n se dio la mayor baja en relaci\u00f3n al volumen la demanda de tubos, un 58%, seguida de Am\u00e9rica del sur con 38% y Medio Oriente con el 21%<\/li>\n<\/ul>\n<ul>\n<li class=\"microformat_list_text ant-microformat_list_text\">Acciones. Los t\u00edtulos de Tenaris que cotizan en la Bolsa de Comercio argentina cayeron un 41% desde mediados de 2015, cuando la ca\u00edda del precio del crudo empez\u00f3 a afectar el negocio.<\/li>\n<\/ul>\n<div class=\"highlight_text ant-microformat_list_text\">La venta de ca\u00f1os, el principal negocio de la compa\u00f1\u00eda, se desplom\u00f3 un 42% en la primera mitad del a\u00f1o por la ca\u00edda de la actividad petrolera global.<\/div>\n<\/div>\n<div class=\"highlight_text ant-microformat_list_text\"><\/div>\n<div class=\"highlight_text ant-microformat_list_text\">Fuente: Rio Negro<\/div>\n<\/div>\n<\/div>\n<\/div>\n<\/div>\n<\/div>\n<\/div>\n<\/section>\n<\/div>\n<\/div>\n<!-- AddThis Advanced Settings generic via filter on the_content -->","protected":false},"excerpt":{"rendered":"<p>Mientras el negocio de los ca\u00f1os sufre una abrupta ca\u00edda, el principal holding del pa\u00eds consigui\u00f3 dos concesiones de 35<!-- AddThis Advanced Settings generic via filter on get_the_excerpt --><\/p>\n","protected":false},"author":2,"featured_media":1173,"comment_status":"closed","ping_status":"closed","sticky":false,"template":"","format":"standard","meta":{"colormag_page_container_layout":"default_layout","colormag_page_sidebar_layout":"default_layout","jetpack_post_was_ever_published":false,"_jetpack_newsletter_access":"","_jetpack_dont_email_post_to_subs":false,"_jetpack_newsletter_tier_id":0,"_jetpack_memberships_contains_paywalled_content":false,"_jetpack_memberships_contains_paid_content":false,"footnotes":"","jetpack_publicize_message":"","jetpack_publicize_feature_enabled":true,"jetpack_social_post_already_shared":true,"jetpack_social_options":{"image_generator_settings":{"template":"highway","default_image_id":0,"font":"","enabled":false},"version":2}},"categories":[7],"tags":[17],"class_list":["post-1171","post","type-post","status-publish","format-standard","has-post-thumbnail","hentry","category-management","tag-otros-medios"],"jetpack_publicize_connections":[],"jetpack_featured_media_url":"https:\/\/i0.wp.com\/ccnews.com.ar\/prensa\/wp-content\/uploads\/2016\/08\/plantilla-15.jpg?fit=605%2C172","jetpack_shortlink":"https:\/\/wp.me\/p7L1gj-iT","jetpack-related-posts":[{"id":7351,"url":"http:\/\/ccnews.com.ar\/prensa\/volkswagen-virtus-el-auto-con-watson-el-asistente-de-ibm-ya-se-vende-en-el-pais\/","url_meta":{"origin":1171,"position":0},"title":"Volkswagen Virtus: el auto con Watson, el asistente de IBM, ya se vende en el pa\u00eds","author":"admin","date":"3 abril, 2018","format":false,"excerpt":"Hace unos d\u00edas\u00a0Volkswagen present\u00f3 en nuestro pa\u00eds Virtus, el primer auto de la automotriz alemana en usa un asistente digital. El flamante veh\u00edculo cuenta con un \"Manual cognitivo\" que utiliza Watson de IBM Cloud, una plataforma de inteligencia artificial, para responder m\u00e1s de 6000 preguntas sobre el veh\u00edculo: es un\u2026","rel":"","context":"En \u00abTransformaci\u00f3n digital\u00bb","block_context":{"text":"Transformaci\u00f3n digital","link":"http:\/\/ccnews.com.ar\/prensa\/category\/transformacion-digital\/"},"img":{"alt_text":"","src":"https:\/\/i0.wp.com\/ccnews.com.ar\/prensa\/wp-content\/uploads\/2018\/03\/2653356w1033.jpg?fit=1033%2C689&resize=350%2C200","width":350,"height":200,"srcset":"https:\/\/i0.wp.com\/ccnews.com.ar\/prensa\/wp-content\/uploads\/2018\/03\/2653356w1033.jpg?fit=1033%2C689&resize=350%2C200 1x, https:\/\/i0.wp.com\/ccnews.com.ar\/prensa\/wp-content\/uploads\/2018\/03\/2653356w1033.jpg?fit=1033%2C689&resize=525%2C300 1,5x, https:\/\/i0.wp.com\/ccnews.com.ar\/prensa\/wp-content\/uploads\/2018\/03\/2653356w1033.jpg?fit=1033%2C689&resize=700%2C400 2x"},"classes":[]},{"id":8913,"url":"http:\/\/ccnews.com.ar\/prensa\/el-gobierno-nacional-define-el-nuevo-plan-gas\/","url_meta":{"origin":1171,"position":1},"title":"EL GOBIERNO NACIONAL DEFINE EL NUEVO PLAN GAS","author":"CLUSTERciar","date":"26 septiembre, 2018","format":false,"excerpt":"Un menor precio del gas para la generaci\u00f3n el\u00e9ctrica que logr\u00f3 el gobierno a trav\u00e9s de Cammesa, cubri\u00f3 a los usuarios residenciales de un tarifazo mayor, pero redujo el precio base para el c\u00e1lculo del subsidio que paga el programa para nuevos desarrollos no convencionales. La Resoluci\u00f3n 46\/2017 que redact\u00f3\u2026","rel":"","context":"En \u00abEnerg\u00eda y Producci\u00f3n\u00bb","block_context":{"text":"Energ\u00eda y Producci\u00f3n","link":"http:\/\/ccnews.com.ar\/prensa\/category\/energia-y-produccion\/"},"img":{"alt_text":"","src":"","width":0,"height":0},"classes":[]},{"id":10727,"url":"http:\/\/ccnews.com.ar\/prensa\/la-cuenca-neuquina-impulso-el-alza-del-pais\/","url_meta":{"origin":1171,"position":2},"title":"La Cuenca Neuquina impuls\u00f3 el alza del pa\u00eds","author":"admin","date":"10 marzo, 2019","format":false,"excerpt":"Un an\u00e1lisis elaborado por el Instituto Mosconi reflej\u00f3 las diferencias en las regiones productoras. El impulso de Vaca Muerta explica la mayor producci\u00f3n del 2018. El segundo informe anual elaborado por el Instituto Argentino de Energ\u00eda General Mosconi dej\u00f3 en evidencia el peso que el desarrollo de Vaca Muerta est\u00e1\u2026","rel":"","context":"En \u00abEnerg\u00eda y Producci\u00f3n\u00bb","block_context":{"text":"Energ\u00eda y Producci\u00f3n","link":"http:\/\/ccnews.com.ar\/prensa\/category\/energia-y-produccion\/"},"img":{"alt_text":"","src":"https:\/\/i0.wp.com\/ccnews.com.ar\/prensa\/wp-content\/uploads\/2019\/03\/inspecci%C3%B3n1-e1552058059143.jpg?fit=1200%2C800&resize=350%2C200","width":350,"height":200,"srcset":"https:\/\/i0.wp.com\/ccnews.com.ar\/prensa\/wp-content\/uploads\/2019\/03\/inspecci%C3%B3n1-e1552058059143.jpg?fit=1200%2C800&resize=350%2C200 1x, https:\/\/i0.wp.com\/ccnews.com.ar\/prensa\/wp-content\/uploads\/2019\/03\/inspecci%C3%B3n1-e1552058059143.jpg?fit=1200%2C800&resize=525%2C300 1,5x, https:\/\/i0.wp.com\/ccnews.com.ar\/prensa\/wp-content\/uploads\/2019\/03\/inspecci%C3%B3n1-e1552058059143.jpg?fit=1200%2C800&resize=700%2C400 2x, https:\/\/i0.wp.com\/ccnews.com.ar\/prensa\/wp-content\/uploads\/2019\/03\/inspecci%C3%B3n1-e1552058059143.jpg?fit=1200%2C800&resize=1050%2C600 3x"},"classes":[]},{"id":14426,"url":"http:\/\/ccnews.com.ar\/prensa\/el-gas-de-vaca-muerta-llego-a-europa\/","url_meta":{"origin":1171,"position":3},"title":"El gas de Vaca Muerta lleg\u00f3 a Europa","author":"admin","date":"29 enero, 2020","format":false,"excerpt":"El cargamento de GNL elaborado por YPF fue descargado en el puerto de Barcelona. Una nueva carga ya es procesada en Bah\u00eda Blanca para partir a mediados del mes entrante. Luego de un largo viaje, y con algunos traspi\u00e9s por el estado del tiempo, el carguero Methane Kari Elin arrib\u00f3\u2026","rel":"","context":"En \u00abEnerg\u00eda y Producci\u00f3n\u00bb","block_context":{"text":"Energ\u00eda y Producci\u00f3n","link":"http:\/\/ccnews.com.ar\/prensa\/category\/energia-y-produccion\/"},"img":{"alt_text":"","src":"https:\/\/i0.wp.com\/ccnews.com.ar\/prensa\/wp-content\/uploads\/2020\/01\/IMG_0368.jpg?fit=920%2C517&resize=350%2C200","width":350,"height":200,"srcset":"https:\/\/i0.wp.com\/ccnews.com.ar\/prensa\/wp-content\/uploads\/2020\/01\/IMG_0368.jpg?fit=920%2C517&resize=350%2C200 1x, https:\/\/i0.wp.com\/ccnews.com.ar\/prensa\/wp-content\/uploads\/2020\/01\/IMG_0368.jpg?fit=920%2C517&resize=525%2C300 1,5x, https:\/\/i0.wp.com\/ccnews.com.ar\/prensa\/wp-content\/uploads\/2020\/01\/IMG_0368.jpg?fit=920%2C517&resize=700%2C400 2x"},"classes":[]},{"id":1063,"url":"http:\/\/ccnews.com.ar\/prensa\/el-shale-y-el-tight-rompen-los-esquemas\/","url_meta":{"origin":1171,"position":4},"title":"El shale y el tight rompen los esquemas","author":"CLUSTERciar","date":"9 agosto, 2016","format":false,"excerpt":"La producci\u00f3n de gas no convencional en Neuqu\u00e9n aument\u00f3 un 41% interanual en el primer semestre. Las formaciones no tradicionales ya aportan 31% del fluido que sale del subsuelo provincial. Una perla en momentos de fuerte retracci\u00f3n de la actividad. En momentos donde el sector petrolero es noticia por la\u2026","rel":"","context":"En \u00abEnerg\u00eda y Producci\u00f3n\u00bb","block_context":{"text":"Energ\u00eda y Producci\u00f3n","link":"http:\/\/ccnews.com.ar\/prensa\/category\/energia-y-produccion\/"},"img":{"alt_text":"Rinc\u00f3n del Mangrullo (YPF-Pampa) empuja el desarrollo tight. ","src":"https:\/\/i0.wp.com\/www.rionegro.com.ar\/documents\/1\/0\/660x440\/0c35\/660d370\/none\/12350\/GWMM\/image_content_7448180_20160803214902.jpg?resize=350%2C200","width":350,"height":200,"srcset":"https:\/\/i0.wp.com\/www.rionegro.com.ar\/documents\/1\/0\/660x440\/0c35\/660d370\/none\/12350\/GWMM\/image_content_7448180_20160803214902.jpg?resize=350%2C200 1x, https:\/\/i0.wp.com\/www.rionegro.com.ar\/documents\/1\/0\/660x440\/0c35\/660d370\/none\/12350\/GWMM\/image_content_7448180_20160803214902.jpg?resize=525%2C300 1,5x"},"classes":[]},{"id":6567,"url":"http:\/\/ccnews.com.ar\/prensa\/analisis-sobre-el-calentamiento-global-2\/","url_meta":{"origin":1171,"position":5},"title":"An\u00e1lisis sobre el calentamiento global","author":"CLUSTERciar","date":"16 enero, 2018","format":false,"excerpt":"El Ing. Juan Carlos Couceyro analiza el calentamiento global, la acci\u00f3n del sol en el planeta, el presente de las acciones nocivas provocadas por el hombre y las posibles soluciones. Partiendo del desarrollo de las tecnolog\u00edas a trav\u00e9s del paso del tiempo, y de la explicaci\u00f3n del fen\u00f3meno del efecto\u2026","rel":"","context":"En \u00abSustentabilidad\u00bb","block_context":{"text":"Sustentabilidad","link":"http:\/\/ccnews.com.ar\/prensa\/category\/sustentabilidad\/"},"img":{"alt_text":"","src":"","width":0,"height":0},"classes":[]}],"jetpack_sharing_enabled":true,"_links":{"self":[{"href":"http:\/\/ccnews.com.ar\/prensa\/wp-json\/wp\/v2\/posts\/1171","targetHints":{"allow":["GET"]}}],"collection":[{"href":"http:\/\/ccnews.com.ar\/prensa\/wp-json\/wp\/v2\/posts"}],"about":[{"href":"http:\/\/ccnews.com.ar\/prensa\/wp-json\/wp\/v2\/types\/post"}],"author":[{"embeddable":true,"href":"http:\/\/ccnews.com.ar\/prensa\/wp-json\/wp\/v2\/users\/2"}],"replies":[{"embeddable":true,"href":"http:\/\/ccnews.com.ar\/prensa\/wp-json\/wp\/v2\/comments?post=1171"}],"version-history":[{"count":1,"href":"http:\/\/ccnews.com.ar\/prensa\/wp-json\/wp\/v2\/posts\/1171\/revisions"}],"predecessor-version":[{"id":1175,"href":"http:\/\/ccnews.com.ar\/prensa\/wp-json\/wp\/v2\/posts\/1171\/revisions\/1175"}],"wp:featuredmedia":[{"embeddable":true,"href":"http:\/\/ccnews.com.ar\/prensa\/wp-json\/wp\/v2\/media\/1173"}],"wp:attachment":[{"href":"http:\/\/ccnews.com.ar\/prensa\/wp-json\/wp\/v2\/media?parent=1171"}],"wp:term":[{"taxonomy":"category","embeddable":true,"href":"http:\/\/ccnews.com.ar\/prensa\/wp-json\/wp\/v2\/categories?post=1171"},{"taxonomy":"post_tag","embeddable":true,"href":"http:\/\/ccnews.com.ar\/prensa\/wp-json\/wp\/v2\/tags?post=1171"}],"curies":[{"name":"wp","href":"https:\/\/api.w.org\/{rel}","templated":true}]}}