{"id":11865,"date":"2019-06-21T08:00:22","date_gmt":"2019-06-21T11:00:22","guid":{"rendered":"http:\/\/ccnews.com.ar\/prensa\/?p=11865"},"modified":"2019-06-21T09:02:43","modified_gmt":"2019-06-21T12:02:43","slug":"dia-de-la-bandera-5-curiosidades-sobre-su-creacion","status":"publish","type":"post","link":"http:\/\/ccnews.com.ar\/prensa\/dia-de-la-bandera-5-curiosidades-sobre-su-creacion\/","title":{"rendered":"D\u00eda de la Bandera: 5 curiosidades sobre su creaci\u00f3n"},"content":{"rendered":"\n<p><strong>El nombre de Manuel Belgrano es sin\u00f3nimo del D\u00eda de la Bandera, pese a\nque su fundaci\u00f3n se produjo un 27 de febrero. En rigor, la fecha se eligi\u00f3 en\nhomenaje a su creador, quien muri\u00f3 un 20 de junio de 1820. Un dato, que es s\u00f3lo\nuno m\u00e1s, entre los tantos que conforman un cojunto de curiosidades que rodean a\nla concepci\u00f3n de la insignia patria.<\/strong><\/p>\n\n\n\n<p><strong>El D\u00eda de la Bandera naci\u00f3 como un desagravio<\/strong><\/p>\n\n\n\n<p>La fecha en homenaje a Manuel\nBelgrano se instituy\u00f3 el 8 de junio de 1938, a trav\u00e9s de la ley 12.361 durante\nla gesti\u00f3n del por el entonces, Presidente de la Naci\u00f3n Argentina, Roberto M.\nOrtiz. Una norma que se promulg\u00f3 luego de dos a\u00f1os de intensos debates que\nsurgieron como un acto de desagravio impulsado por j\u00f3venes argentinos\n&#8220;afectados e indignados por frecuentes manifestaciones extranjeras&#8221;\nen los tiempos de la Guerra Civil Espa\u00f1ola. En ese contexto, se decretaba por\nprimera vez un &#8220;feriado en todo el territorio nacional el 20 de\njunio&#8221;.<\/p>\n\n\n\n<p><strong>Belgrano jur\u00f3 dos veces la bandera<\/strong><\/p>\n\n\n\n<p>El 27 de febrero de 1812, cerca\nde Rosario, en una peque\u00f1a fortificaci\u00f3n a orillas del Paran\u00e1, Belgrano iz\u00f3 la\nbandera por primera vez. Desde el Triunvirato, se lo recriminaron y le pidieron\nque la oculte. Sin embargo, un a\u00f1o m\u00e1s adelante, en Met\u00e1n, Salta, tras reunirse\nla Asamblea del a\u00f1o 1813, volvi\u00f3 a repetir la escena en el r\u00edo Pasaje que ahora\nse llama Juramento.<\/p>\n\n\n\n<p><strong>Los colores y sus \u00bfdos o tres franjas?<\/strong><\/p>\n\n\n\n<p>La historia escolar cuenta que\nBelgrano se inspir\u00f3 al mirar el cielo para elegir los colores de la bandera.\nSeg\u00fan el pr\u00f3cer, se inspir\u00f3 en el escudo nacional. Lo concreto, seg\u00fan el\nInstituto Belgraniano, es que advirti\u00f3 la necesidad de diferenciar los ej\u00e9rcitos\npatriotas de los espa\u00f1oles, a los que se combat\u00eda. Su decisi\u00f3n radicaba en que\nen ese entonces las tropas patriotas utilizaban como insignias las banderas\nreales. Una similitud que indicaba que, pese a la lucha, a\u00fan no estaba del todo\nclara la intenci\u00f3n de ruptura, con lo cual, la decisi\u00f3n de Belgrano fue un poco\nm\u00e1s significativa que un mero simbolismo. Sus colores eran el blanco y el azul\nceleste, divididos en dos franjas (aunque hay quienes dudas de que hayan sido\ntres).<\/p>\n\n\n\n<p><strong>Jura, reto del Triunvirato y desobediencia de Belgrano<\/strong><\/p>\n\n\n\n<p>Al realizar la primera jura,\nBelgrano inform\u00f3 de sus acciones al Triunvirato. &#8220;Siendo preciso enarbolar\nbandera y no teni\u00e9ndola, la mand\u00e9 a hacer celeste y blanca, conforme a los\ncolores de la escarapela nacional. Espero que sea de la aprobaci\u00f3n de vuestra\nexcelencia&#8221;. Bernardino Rivadavia, secretario de Guerra del Triunvirato,\nle contest\u00f3: &#8220;Haga pasar como un rasgo de entusiasmo el suceso de la\nbandera blanca y celeste enarbolada, ocult\u00e1ndola disimuladamente&#8221;. El\nfundador de la insignia patria respondi\u00f3 que se deshaceria de la bandera y no\nquedar\u00edan rastros de ella. No obstante, fue enarbolada nuevamente en septiembre\nde 1812 luego del triunfo en la batalla de Tucum\u00e1n. Belgrano la llam\u00f3\n&#8220;Bandera del Ej\u00e9rcito&#8221;.<\/p>\n\n\n\n<p><strong>La institucionalizaci\u00f3n de la Bandera<\/strong><\/p>\n\n\n\n<p>En 1816, durante el Congreso de Tucum\u00e1n, se institucionaliz\u00f3 la bandera con dos franjas celestes y una blanca en el medio. En principio, se la contempl\u00f3 para utilizar s\u00f3lo en ej\u00e9rcitos, buques y fortaleza. Aunque luego, por pedido del director supremo Juan Mart\u00edn Pueyrred\u00f3n, se la design\u00f3 como bandera oficial. Deb\u00eda tener tres franjas, con la parte del medio con una medida que fuera el el doble de tama\u00f1o que las otras para que, en caso de guerra, tuviera el dibujo de un sol. Mientras que el color de las otras dos deb\u00eda ser m\u00e1s azul celeste, que celeste.<\/p>\n\n\n\n<p>Fuente: Diario La Naci\u00f3n<\/p>\n<!-- AddThis Advanced Settings generic via filter on the_content -->","protected":false},"excerpt":{"rendered":"<p>El nombre de Manuel Belgrano es sin\u00f3nimo del D\u00eda de la Bandera, pese a que su fundaci\u00f3n se produjo un<!-- AddThis Advanced Settings generic via filter on get_the_excerpt --><\/p>\n","protected":false},"author":1,"featured_media":11867,"comment_status":"closed","ping_status":"closed","sticky":false,"template":"","format":"standard","meta":{"colormag_page_container_layout":"default_layout","colormag_page_sidebar_layout":"default_layout","jetpack_post_was_ever_published":false,"_jetpack_newsletter_access":"","_jetpack_dont_email_post_to_subs":false,"_jetpack_newsletter_tier_id":0,"_jetpack_memberships_contains_paywalled_content":false,"_jetpack_memberships_contains_paid_content":false,"footnotes":"","jetpack_publicize_message":"#BuenViernes D\u00eda de la Bandera: 5 curiosidades sobre su creaci\u00f3n","jetpack_publicize_feature_enabled":true,"jetpack_social_post_already_shared":true,"jetpack_social_options":{"image_generator_settings":{"template":"highway","default_image_id":0,"font":"","enabled":false},"version":2}},"categories":[19],"tags":[17],"class_list":["post-11865","post","type-post","status-publish","format-standard","has-post-thumbnail","hentry","category-educacion-sociedad","tag-otros-medios"],"jetpack_publicize_connections":[],"jetpack_featured_media_url":"https:\/\/i0.wp.com\/ccnews.com.ar\/prensa\/wp-content\/uploads\/2019\/06\/3041940.jpg?fit=2000%2C1333","jetpack_shortlink":"https:\/\/wp.me\/p7L1gj-35n","jetpack-related-posts":[{"id":16060,"url":"http:\/\/ccnews.com.ar\/prensa\/dia-del-maestro-por-que-se-celebra-el-11-de-septiembre\/","url_meta":{"origin":11865,"position":0},"title":"D\u00eda del Maestro: \u00bfpor qu\u00e9 se celebra el 11 de septiembre?","author":"Editor","date":"11 septiembre, 2020","format":false,"excerpt":"La fecha de celebraci\u00f3n se atribuye al fallecimiento de Domingo Faustino Sarmiento, considerado el padre del aula. La fecha fue decretada por el entonces presidente Edelmiro Farrell.","rel":"","context":"En \u00abEducaci\u00f3n\/Sociedad\u00bb","block_context":{"text":"Educaci\u00f3n\/Sociedad","link":"http:\/\/ccnews.com.ar\/prensa\/category\/educacion-sociedad\/"},"img":{"alt_text":"","src":"https:\/\/i0.wp.com\/ccnews.com.ar\/prensa\/wp-content\/uploads\/2020\/09\/edu.jpg?fit=730%2C410&resize=350%2C200","width":350,"height":200,"srcset":"https:\/\/i0.wp.com\/ccnews.com.ar\/prensa\/wp-content\/uploads\/2020\/09\/edu.jpg?fit=730%2C410&resize=350%2C200 1x, https:\/\/i0.wp.com\/ccnews.com.ar\/prensa\/wp-content\/uploads\/2020\/09\/edu.jpg?fit=730%2C410&resize=525%2C300 1,5x, https:\/\/i0.wp.com\/ccnews.com.ar\/prensa\/wp-content\/uploads\/2020\/09\/edu.jpg?fit=730%2C410&resize=700%2C400 2x"},"classes":[]},{"id":11931,"url":"http:\/\/ccnews.com.ar\/prensa\/overshoot-day-hoy-los-argentinos-agotaran-los-recursos-naturales-que-deberian-haber-alcanzado-para-todo-2019\/","url_meta":{"origin":11865,"position":1},"title":"\u201cOvershoot Day\u201d: hoy los argentinos agotar\u00e1n los recursos naturales que deber\u00edan haber alcanzado para todo 2019","author":"admin","date":"26 junio, 2019","format":false,"excerpt":"El pa\u00eds los consumi\u00f3 un mes antes que el promedio global. El 29 de julio se conmemorar\u00e1 el D\u00eda Mundial del Sobregiro Ecol\u00f3gico: esto significa que la humanidad gastar\u00e1 los recursos naturales que ten\u00eda disponibles para todo un a\u00f1o, cinco meses antes de finalizar 2019. Esta es la fecha que\u2026","rel":"","context":"En \u00abEducaci\u00f3n\/Sociedad\u00bb","block_context":{"text":"Educaci\u00f3n\/Sociedad","link":"http:\/\/ccnews.com.ar\/prensa\/category\/educacion-sociedad\/"},"img":{"alt_text":"","src":"https:\/\/i0.wp.com\/ccnews.com.ar\/prensa\/wp-content\/uploads\/2019\/06\/energias-renovables-fundamentales-para-cuidar___i_MyBMcc0_1256x620__3.jpg?fit=1200%2C591&resize=350%2C200","width":350,"height":200,"srcset":"https:\/\/i0.wp.com\/ccnews.com.ar\/prensa\/wp-content\/uploads\/2019\/06\/energias-renovables-fundamentales-para-cuidar___i_MyBMcc0_1256x620__3.jpg?fit=1200%2C591&resize=350%2C200 1x, https:\/\/i0.wp.com\/ccnews.com.ar\/prensa\/wp-content\/uploads\/2019\/06\/energias-renovables-fundamentales-para-cuidar___i_MyBMcc0_1256x620__3.jpg?fit=1200%2C591&resize=525%2C300 1,5x, https:\/\/i0.wp.com\/ccnews.com.ar\/prensa\/wp-content\/uploads\/2019\/06\/energias-renovables-fundamentales-para-cuidar___i_MyBMcc0_1256x620__3.jpg?fit=1200%2C591&resize=700%2C400 2x, https:\/\/i0.wp.com\/ccnews.com.ar\/prensa\/wp-content\/uploads\/2019\/06\/energias-renovables-fundamentales-para-cuidar___i_MyBMcc0_1256x620__3.jpg?fit=1200%2C591&resize=1050%2C600 3x"},"classes":[]},{"id":11595,"url":"http:\/\/ccnews.com.ar\/prensa\/todo-listo-para-la-primera-exportacion-de-gnl-de-argentina\/","url_meta":{"origin":11865,"position":2},"title":"Todo listo para la primera exportaci\u00f3n de GNL de Argentina","author":"admin","date":"30 mayo, 2019","format":false,"excerpt":"Es el cargamento piloto de gas licuado que proces\u00f3 YPF en la barcaza amarrada en Bah\u00eda Blanca. Un buque de Malta ser\u00eda el comprador aunque el plazo de ofertas cierra el s\u00e1bado. La primera exportaci\u00f3n de gas natural licuado del pa\u00eds ingres\u00f3 en la cuenta regresiva, pues el pr\u00f3ximo s\u00e1bado\u2026","rel":"","context":"En \u00abEnerg\u00eda y Producci\u00f3n\u00bb","block_context":{"text":"Energ\u00eda y Producci\u00f3n","link":"http:\/\/ccnews.com.ar\/prensa\/category\/energia-y-produccion\/"},"img":{"alt_text":"","src":"https:\/\/i0.wp.com\/ccnews.com.ar\/prensa\/wp-content\/uploads\/2019\/05\/Dsi4FsMWoAANhWM.jpg?fit=920%2C520&resize=350%2C200","width":350,"height":200,"srcset":"https:\/\/i0.wp.com\/ccnews.com.ar\/prensa\/wp-content\/uploads\/2019\/05\/Dsi4FsMWoAANhWM.jpg?fit=920%2C520&resize=350%2C200 1x, https:\/\/i0.wp.com\/ccnews.com.ar\/prensa\/wp-content\/uploads\/2019\/05\/Dsi4FsMWoAANhWM.jpg?fit=920%2C520&resize=525%2C300 1,5x, https:\/\/i0.wp.com\/ccnews.com.ar\/prensa\/wp-content\/uploads\/2019\/05\/Dsi4FsMWoAANhWM.jpg?fit=920%2C520&resize=700%2C400 2x"},"classes":[]},{"id":4287,"url":"http:\/\/ccnews.com.ar\/prensa\/avanza-la-semana-de-la-ingenieria\/","url_meta":{"origin":11865,"position":3},"title":"Avanza la Semana de la Ingenier\u00eda","author":"CLUSTERciar","date":"2 junio, 2017","format":false,"excerpt":"Bajo el lema \u201cConstruyendo una nueva identidad\u201d y presidida por el Ing. Sergio Kaufman, la Semana de la Ingenier\u00eda se realizar\u00e1 en dos jornadas, los d\u00edas 6 y 7 de junio entre las 8:30 y las 13:30hs. en el Centro Argentino de Ingenieros. Con un programa de conferencias y paneles\u2026","rel":"","context":"En \u00abSustentabilidad\u00bb","block_context":{"text":"Sustentabilidad","link":"http:\/\/ccnews.com.ar\/prensa\/category\/sustentabilidad\/"},"img":{"alt_text":"","src":"https:\/\/i0.wp.com\/ccnews.com.ar\/prensa\/wp-content\/uploads\/2017\/05\/s.jpg?fit=951%2C401&resize=350%2C200","width":350,"height":200,"srcset":"https:\/\/i0.wp.com\/ccnews.com.ar\/prensa\/wp-content\/uploads\/2017\/05\/s.jpg?fit=951%2C401&resize=350%2C200 1x, https:\/\/i0.wp.com\/ccnews.com.ar\/prensa\/wp-content\/uploads\/2017\/05\/s.jpg?fit=951%2C401&resize=525%2C300 1,5x, https:\/\/i0.wp.com\/ccnews.com.ar\/prensa\/wp-content\/uploads\/2017\/05\/s.jpg?fit=951%2C401&resize=700%2C400 2x"},"classes":[]},{"id":12908,"url":"http:\/\/ccnews.com.ar\/prensa\/ypf-busca-reactivar-la-ruta-exportadora-del-pacifico\/","url_meta":{"origin":11865,"position":4},"title":"YPF busca reactivar la ruta exportadora del Pac\u00edfico","author":"admin","date":"11 septiembre, 2019","format":false,"excerpt":"La operadora quiere poner en funcionamiento el Oleoducto Trasandino (Otasa) que est\u00e1 fuera de servicio desde hace 13 a\u00f1os. Es ante el salto en la producci\u00f3n de Vaca Muerta. A mediados de a\u00f1o el presidente de YPF, Miguel Guti\u00e9rrez, anticipaba que de acuerdo a los c\u00e1lculos de la operadora para\u2026","rel":"","context":"En \u00abEnerg\u00eda y Producci\u00f3n\u00bb","block_context":{"text":"Energ\u00eda y Producci\u00f3n","link":"http:\/\/ccnews.com.ar\/prensa\/category\/energia-y-produccion\/"},"img":{"alt_text":"","src":"https:\/\/i0.wp.com\/ccnews.com.ar\/prensa\/wp-content\/uploads\/2019\/09\/Imagen-_DL_4550.jpg?fit=920%2C520&resize=350%2C200","width":350,"height":200,"srcset":"https:\/\/i0.wp.com\/ccnews.com.ar\/prensa\/wp-content\/uploads\/2019\/09\/Imagen-_DL_4550.jpg?fit=920%2C520&resize=350%2C200 1x, https:\/\/i0.wp.com\/ccnews.com.ar\/prensa\/wp-content\/uploads\/2019\/09\/Imagen-_DL_4550.jpg?fit=920%2C520&resize=525%2C300 1,5x, https:\/\/i0.wp.com\/ccnews.com.ar\/prensa\/wp-content\/uploads\/2019\/09\/Imagen-_DL_4550.jpg?fit=920%2C520&resize=700%2C400 2x"},"classes":[]},{"id":11685,"url":"http:\/\/ccnews.com.ar\/prensa\/por-que-se-celebra-hoy-el-dia-de-la-ingenieria-en-la-argentina\/","url_meta":{"origin":11865,"position":5},"title":"\u00bfPor qu\u00e9 se celebra hoy el D\u00eda de la Ingenier\u00eda en la Argentina?","author":"admin","date":"6 junio, 2019","format":false,"excerpt":"Desde el 6 de junio de 1895, se celebra el D\u00eda de la Ingenier\u00eda en la Argentina. La fecha fue elegida con motivo de cumpirse 25 a\u00f1os del primer egresado del Departamento de Ciencias Exactas de la Universidad de Buenos Aires: Luis Augusto Huergo. De hecho, en 1870, Huergo se\u2026","rel":"","context":"En \u00abSustentabilidad\u00bb","block_context":{"text":"Sustentabilidad","link":"http:\/\/ccnews.com.ar\/prensa\/category\/sustentabilidad\/"},"img":{"alt_text":"","src":"https:\/\/i0.wp.com\/ccnews.com.ar\/prensa\/wp-content\/uploads\/2019\/06\/3032327w1033.jpg?fit=1033%2C688&resize=350%2C200","width":350,"height":200,"srcset":"https:\/\/i0.wp.com\/ccnews.com.ar\/prensa\/wp-content\/uploads\/2019\/06\/3032327w1033.jpg?fit=1033%2C688&resize=350%2C200 1x, https:\/\/i0.wp.com\/ccnews.com.ar\/prensa\/wp-content\/uploads\/2019\/06\/3032327w1033.jpg?fit=1033%2C688&resize=525%2C300 1,5x, https:\/\/i0.wp.com\/ccnews.com.ar\/prensa\/wp-content\/uploads\/2019\/06\/3032327w1033.jpg?fit=1033%2C688&resize=700%2C400 2x"},"classes":[]}],"jetpack_sharing_enabled":true,"_links":{"self":[{"href":"http:\/\/ccnews.com.ar\/prensa\/wp-json\/wp\/v2\/posts\/11865","targetHints":{"allow":["GET"]}}],"collection":[{"href":"http:\/\/ccnews.com.ar\/prensa\/wp-json\/wp\/v2\/posts"}],"about":[{"href":"http:\/\/ccnews.com.ar\/prensa\/wp-json\/wp\/v2\/types\/post"}],"author":[{"embeddable":true,"href":"http:\/\/ccnews.com.ar\/prensa\/wp-json\/wp\/v2\/users\/1"}],"replies":[{"embeddable":true,"href":"http:\/\/ccnews.com.ar\/prensa\/wp-json\/wp\/v2\/comments?post=11865"}],"version-history":[{"count":1,"href":"http:\/\/ccnews.com.ar\/prensa\/wp-json\/wp\/v2\/posts\/11865\/revisions"}],"predecessor-version":[{"id":11869,"href":"http:\/\/ccnews.com.ar\/prensa\/wp-json\/wp\/v2\/posts\/11865\/revisions\/11869"}],"wp:featuredmedia":[{"embeddable":true,"href":"http:\/\/ccnews.com.ar\/prensa\/wp-json\/wp\/v2\/media\/11867"}],"wp:attachment":[{"href":"http:\/\/ccnews.com.ar\/prensa\/wp-json\/wp\/v2\/media?parent=11865"}],"wp:term":[{"taxonomy":"category","embeddable":true,"href":"http:\/\/ccnews.com.ar\/prensa\/wp-json\/wp\/v2\/categories?post=11865"},{"taxonomy":"post_tag","embeddable":true,"href":"http:\/\/ccnews.com.ar\/prensa\/wp-json\/wp\/v2\/tags?post=11865"}],"curies":[{"name":"wp","href":"https:\/\/api.w.org\/{rel}","templated":true}]}}