{"id":1207,"date":"2016-08-18T09:13:25","date_gmt":"2016-08-18T12:13:25","guid":{"rendered":"http:\/\/clusterciarnews.com.ar\/prensa\/?p=1207"},"modified":"2016-08-18T10:54:21","modified_gmt":"2016-08-18T13:54:21","slug":"cluster-mas-que-un-concepto","status":"publish","type":"post","link":"http:\/\/ccnews.com.ar\/prensa\/cluster-mas-que-un-concepto\/","title":{"rendered":"Cluster, m\u00e1s que un concepto"},"content":{"rendered":"<p>Francisco Rimmele y Jorge Petrocelli, directivos del CLUSTERciar, explicaron en esta nota, cu\u00e1les son las ventajas de este tipo de organizaciones.<\/p>\n<p>Comenz\u00f3 explicando Rimmele, que cuando hablan de CLUSTER, se vuelcan a la definici\u00f3n m\u00e1s conocida que es la de Michael Porter, quien defini\u00f3 a los clusters como \u0308una agrupaci\u00f3n de empresas e instituciones relacionadas entre s\u00ed, pertenecientes a un mismo sector o segmento de mercado, que colaboran para ser m\u00e1s competitivos \u0308. \u00a0Por lo tanto, consideran que son una importante HERRAMIENTA de COMPETITIVIDAD basada en la cooperaci\u00f3n de sus miembros.<\/p>\n<p>Por su parte, Petrocelli explic\u00f3 qui\u00e9nes conforman el <strong>CLUSTERciar. <\/strong>En la actualidad \u00a0est\u00e1 compuesto por cuatro organizaciones: <strong>CIAR S.A. <\/strong>con casi 25 a\u00f1os de trayectoria, es una empresa focalizada en los servicios de ingenier\u00eda y tecnolog\u00eda inform\u00e1tica, <strong>Trace Group S.A. <\/strong>especializada en la prestaci\u00f3n de Servicios de Inspecci\u00f3n y Supervisi\u00f3n T\u00e9cnica, la <strong>Fundaci\u00f3n Potenciar<\/strong>, creada con el objetivo de contribuir al desarrollo de las personas a trav\u00e9s de actividades educativas y socio-formativas, intentando ampliar el horizonte de expectativas del individuo para una mejor inserci\u00f3n en la comunidad, y a trav\u00e9s de la cual las organizaciones, tanto internas como externas, canalizan su Responsabilidad Social Empresaria (RSE), y por \u00faltimo <strong>RSN Gesti\u00f3n, <\/strong>que es una empresa dedicada a brindar servicios de apoyo a la operaci\u00f3n de todo el <strong>CLUSTERciar.<\/strong><\/p>\n<p><img data-recalc-dims=\"1\" loading=\"lazy\" decoding=\"async\" data-attachment-id=\"1215\" data-permalink=\"http:\/\/ccnews.com.ar\/prensa\/cluster-mas-que-un-concepto\/img_20150505_143415\/\" data-orig-file=\"https:\/\/i0.wp.com\/ccnews.com.ar\/prensa\/wp-content\/uploads\/2016\/08\/IMG_20150505_143415.jpg?fit=600%2C395\" data-orig-size=\"600,395\" data-comments-opened=\"0\" data-image-meta=\"{&quot;aperture&quot;:&quot;0&quot;,&quot;credit&quot;:&quot;&quot;,&quot;camera&quot;:&quot;&quot;,&quot;caption&quot;:&quot;&quot;,&quot;created_timestamp&quot;:&quot;0&quot;,&quot;copyright&quot;:&quot;&quot;,&quot;focal_length&quot;:&quot;0&quot;,&quot;iso&quot;:&quot;0&quot;,&quot;shutter_speed&quot;:&quot;0&quot;,&quot;title&quot;:&quot;&quot;,&quot;orientation&quot;:&quot;0&quot;}\" data-image-title=\"IMG_20150505_143415\" data-image-description=\"\" data-image-caption=\"\" data-large-file=\"https:\/\/i0.wp.com\/ccnews.com.ar\/prensa\/wp-content\/uploads\/2016\/08\/IMG_20150505_143415.jpg?fit=600%2C395\" class=\"size-medium wp-image-1215 alignleft\" src=\"https:\/\/i0.wp.com\/clusterciarnews.com.ar\/prensa\/wp-content\/uploads\/2016\/08\/IMG_20150505_143415-300x198.jpg?resize=300%2C198\" alt=\"IMG_20150505_143415\" width=\"300\" height=\"198\" srcset=\"https:\/\/i0.wp.com\/ccnews.com.ar\/prensa\/wp-content\/uploads\/2016\/08\/IMG_20150505_143415.jpg?resize=300%2C198 300w, https:\/\/i0.wp.com\/ccnews.com.ar\/prensa\/wp-content\/uploads\/2016\/08\/IMG_20150505_143415.jpg?w=600 600w\" sizes=\"auto, (max-width: 300px) 100vw, 300px\" \/><\/p>\n<p>Continuando con el desarrollo de este innovador y moderno concepto en la regi\u00f3n, nos comentaron lo importante de trabajar con este tipo de organizaci\u00f3n que fomenta constantemente el trabajo en equipo y les permite abarcar de manera colaborativa diferentes partes de un mismo proceso. El CLUSTERciar actualmente trabaja y ofrece valor agregado de alta calidad y eficiencia desde \u00a0cuatro rubros en todos los mercados que aborda: Desde el rubro <strong>Ingenier\u00eda<\/strong> con los servicios de desarrollo profesional de ingenier\u00edas conceptuales, b\u00e1sicas, b\u00e1sicas extendidas y \u00a0de detalle, en todas sus especialidades. Desde el rubro\u00a0<strong>Inspecci\u00f3n <\/strong>con actividades integrales de inspecci\u00f3n, control y supervisi\u00f3n t\u00e9cnica de obras en todas sus especialidades, la Supervisi\u00f3n y operaci\u00f3n de pozos petroleros, Servicios relacionados con el Mantenimiento e integridad de instalaciones y equipos y el gerenciamiento de proyecto. Desde el rubro <strong>Tecnolog\u00eda <\/strong>con la provisi\u00f3n , desarrollo e implementaci\u00f3n de tecnolog\u00edas inform\u00e1ticas cubriendo las necesidades de herramientas de dise\u00f1o, la gesti\u00f3n t\u00e9cnica documental, los sistemas para la administraci\u00f3n de infraestructuras y la gesti\u00f3n de proceso operativos y finalmente en el rubro\u00a0<strong>Educaci\u00f3n <\/strong>trabajando fuertemente en la Educaci\u00f3n Formal, desde Potenciar Educaci\u00f3n Superior con\u00a0 tecnicaturas con t\u00edtulos oficiales, capacitaciones in company, programas de capacitaci\u00f3n ejecutiva y de especializaci\u00f3n. Y en Educaci\u00f3n en Valores, desde el Programa Potenciar Valores acompa\u00f1ando en el crecimiento y formaci\u00f3n de ni\u00f1os y j\u00f3venes. Programa que ha sido premiado y reconocido por sus logros.<\/p>\n<p>Finalizando Rimmele afirm\u00f3 que la filosof\u00eda \u201ccluster\u201d, est\u00e1 siendo fomentada desde todos los \u00e1mbitos, empresariales y gubernamentales, nacionales e internacionales ya que se han revelado como un potente instrumento de modernizaci\u00f3n e internacionalizaci\u00f3n empresarial.<\/p>\n<p>La conformaci\u00f3n de estas agrupaciones tiene como objetivo fundamental promocionar y facilitar el desarrollo de sectores estrat\u00e9gicos para las regiones donde se implantan, potenciando la innovaci\u00f3n y favoreciendo la atracci\u00f3n de empresas creadoras de valor.<\/p>\n<p>Los resultados del CLUSTERciar podr\u00edan resumirse en los siguientes aspectos: Uno como desarrollador de la econom\u00eda de la regi\u00f3n, otro muy vinculado a la educaci\u00f3n y sociedad, proyect\u00e1ndola hacia el futuro en t\u00e9rminos de formaci\u00f3n y otro tecnol\u00f3gico e innovador.<\/p>\n<p>Los efectos internos para las empresas que lo conforman se resumen en una mejora generalizada y global de la competitividad de la propuesta de valor.<\/p>\n<p>La complementariedad de los servicios nos permiten ofrecer soluciones integrales y valor agregado a los clientes, con la premisa de construir relaciones duraderas y a largo plazo.\u00a0 Concluy\u00f3 Petrocelli.<\/p>\n<p>Fuente: CLUSTERciar News<\/p>\n<!-- AddThis Advanced Settings generic via filter on the_content -->","protected":false},"excerpt":{"rendered":"<p>Francisco Rimmele y Jorge Petrocelli, directivos del CLUSTERciar, explicaron en esta nota, cu\u00e1les son las ventajas de este tipo de<!-- AddThis Advanced Settings generic via filter on get_the_excerpt --><\/p>\n","protected":false},"author":2,"featured_media":1209,"comment_status":"closed","ping_status":"closed","sticky":false,"template":"","format":"standard","meta":{"colormag_page_container_layout":"default_layout","colormag_page_sidebar_layout":"default_layout","jetpack_post_was_ever_published":false,"_jetpack_newsletter_access":"","_jetpack_dont_email_post_to_subs":false,"_jetpack_newsletter_tier_id":0,"_jetpack_memberships_contains_paywalled_content":false,"_jetpack_memberships_contains_paid_content":false,"footnotes":"","jetpack_publicize_message":"","jetpack_publicize_feature_enabled":true,"jetpack_social_post_already_shared":true,"jetpack_social_options":{"image_generator_settings":{"template":"highway","default_image_id":0,"font":"","enabled":false},"version":2}},"categories":[7],"tags":[13],"class_list":["post-1207","post","type-post","status-publish","format-standard","has-post-thumbnail","hentry","category-management","tag-ccnews"],"jetpack_publicize_connections":[],"jetpack_featured_media_url":"https:\/\/i0.wp.com\/ccnews.com.ar\/prensa\/wp-content\/uploads\/2016\/08\/plantilla-18.jpg?fit=605%2C172","jetpack_shortlink":"https:\/\/wp.me\/p7L1gj-jt","jetpack-related-posts":[{"id":12129,"url":"http:\/\/ccnews.com.ar\/prensa\/clusterciar-cumplio-27-anos-de-crecimiento-diversificacion-regionalizacion-y-globalizacion\/","url_meta":{"origin":1207,"position":0},"title":"CLUSTERciar cumpli\u00f3 27 a\u00f1os  de crecimiento, diversificaci\u00f3n,  regionalizaci\u00f3n y globalizaci\u00f3n","author":"CLUSTERciar","date":"11 julio, 2019","format":false,"excerpt":"El grupo empresarial pas\u00f3 de tener dos colaboradores a m\u00e1s de quinientos, de cero veh\u00edculos a m\u00e1s de doscientos, de diez metros cuadrados a m\u00e1s de mil novecientos, de ninguna vivienda para el personal a ochenta. Operaba en un solo rubro y se extendi\u00f3 a cinco, y a partir de\u2026","rel":"","context":"En \u00abManagement\u00bb","block_context":{"text":"Management","link":"http:\/\/ccnews.com.ar\/prensa\/category\/management\/"},"img":{"alt_text":"","src":"https:\/\/i0.wp.com\/ccnews.com.ar\/prensa\/wp-content\/uploads\/2019\/07\/nota-1.jpg?fit=803%2C404&resize=350%2C200","width":350,"height":200,"srcset":"https:\/\/i0.wp.com\/ccnews.com.ar\/prensa\/wp-content\/uploads\/2019\/07\/nota-1.jpg?fit=803%2C404&resize=350%2C200 1x, https:\/\/i0.wp.com\/ccnews.com.ar\/prensa\/wp-content\/uploads\/2019\/07\/nota-1.jpg?fit=803%2C404&resize=525%2C300 1,5x, https:\/\/i0.wp.com\/ccnews.com.ar\/prensa\/wp-content\/uploads\/2019\/07\/nota-1.jpg?fit=803%2C404&resize=700%2C400 2x"},"classes":[]},{"id":13772,"url":"http:\/\/ccnews.com.ar\/prensa\/nace-alitaware-una-empresa-de-tecnologia-y-transformacion-digital-unica-en-la-region\/","url_meta":{"origin":1207,"position":1},"title":"Nace Alit\u00e1Ware,  una empresa de tecnolog\u00eda  y transformaci\u00f3n digital \u00fanica en la regi\u00f3n","author":"CLUSTERciar","date":"29 noviembre, 2019","format":false,"excerpt":"CLUSTERciar lanza al mercado Alit\u00e1Ware, una compa\u00f1\u00eda nueva que desarrolla productos propios de software y servicios integrales de tecnolog\u00eda, para impulsar con innovaci\u00f3n la transformaci\u00f3n digital de empresas. Aqu\u00ed, algunas de las claves de esta propuesta \u00fanica en la regi\u00f3n neuquina. CLUSTERciar, el grupo formado por las empresas Ciar, Trace\u2026","rel":"","context":"En \u00abTransformaci\u00f3n digital\u00bb","block_context":{"text":"Transformaci\u00f3n digital","link":"http:\/\/ccnews.com.ar\/prensa\/category\/transformacion-digital\/"},"img":{"alt_text":"","src":"https:\/\/i0.wp.com\/ccnews.com.ar\/prensa\/wp-content\/uploads\/2019\/11\/nota-2.jpg?fit=803%2C404&resize=350%2C200","width":350,"height":200,"srcset":"https:\/\/i0.wp.com\/ccnews.com.ar\/prensa\/wp-content\/uploads\/2019\/11\/nota-2.jpg?fit=803%2C404&resize=350%2C200 1x, https:\/\/i0.wp.com\/ccnews.com.ar\/prensa\/wp-content\/uploads\/2019\/11\/nota-2.jpg?fit=803%2C404&resize=525%2C300 1,5x, https:\/\/i0.wp.com\/ccnews.com.ar\/prensa\/wp-content\/uploads\/2019\/11\/nota-2.jpg?fit=803%2C404&resize=700%2C400 2x"},"classes":[]},{"id":2707,"url":"http:\/\/ccnews.com.ar\/prensa\/segmento-educacion-cierre-2016-la-hora-de-los-emprendedores\/","url_meta":{"origin":1207,"position":2},"title":"Segmento Educaci\u00f3n &#8211; Cierre 2016 (La hora de los emprendedores)","author":"CLUSTERciar","date":"20 diciembre, 2016","format":false,"excerpt":"El Ingeniero Francisco H. Rimmele, estuvo en el \u00faltimo programa del 2016 de \u201cLa\u00a0hora de los emprendedores\u201d conducido por Daniel Darrieux, haciendo un cierre\u00a0de lo que fue el segmento de educaci\u00f3n que durante todo el a\u00f1o auspici\u00f3 e\u00a0inspir\u00f3 la Fundaci\u00f3n Potenciar, como parte integrante del CLUSTERciar. El director y fundador\u2026","rel":"","context":"En \u00abEducaci\u00f3n\/Sociedad\u00bb","block_context":{"text":"Educaci\u00f3n\/Sociedad","link":"http:\/\/ccnews.com.ar\/prensa\/category\/educacion-sociedad\/"},"img":{"alt_text":"","src":"","width":0,"height":0},"classes":[]},{"id":9037,"url":"http:\/\/ccnews.com.ar\/prensa\/clusterciar-realizo-su-primer-desayuno-de-prensa\/","url_meta":{"origin":1207,"position":3},"title":"CLUSTERciar realiz\u00f3  su primer desayuno de prensa","author":"admin","date":"3 octubre, 2018","format":false,"excerpt":"El cl\u00faster formado por Ciar Ingenier\u00eda, Ciar Tecnolog\u00eda, Trace Group, RSN Gesti\u00f3n y C-Technology ofreci\u00f3 un evento en su Campus Educativo Recreativo, donde dio a conocer sus actividades, algunos de sus logros conseguidos en 26 a\u00f1os de trayectoria y su conexi\u00f3n con la sociedad a trav\u00e9s de Fundaci\u00f3n Potenciar. En\u2026","rel":"","context":"En \u00abManagement\u00bb","block_context":{"text":"Management","link":"http:\/\/ccnews.com.ar\/prensa\/category\/management\/"},"img":{"alt_text":"","src":"https:\/\/i0.wp.com\/ccnews.com.ar\/prensa\/wp-content\/uploads\/2018\/10\/nota.jpg?fit=803%2C404&resize=350%2C200","width":350,"height":200,"srcset":"https:\/\/i0.wp.com\/ccnews.com.ar\/prensa\/wp-content\/uploads\/2018\/10\/nota.jpg?fit=803%2C404&resize=350%2C200 1x, https:\/\/i0.wp.com\/ccnews.com.ar\/prensa\/wp-content\/uploads\/2018\/10\/nota.jpg?fit=803%2C404&resize=525%2C300 1,5x, https:\/\/i0.wp.com\/ccnews.com.ar\/prensa\/wp-content\/uploads\/2018\/10\/nota.jpg?fit=803%2C404&resize=700%2C400 2x"},"classes":[]},{"id":1947,"url":"http:\/\/ccnews.com.ar\/prensa\/entrevista-a-francisco-rimmele-aniversario-113o-cipolletti\/","url_meta":{"origin":1207,"position":4},"title":"Entrevista a Francisco Rimmele &#8211; Aniversario 113\u00ba Cipolletti","author":"CLUSTERciar","date":"12 octubre, 2016","format":false,"excerpt":"La ciudad de Cipolletti cumpli\u00f3 113 a\u00f1os el pasado 3 de octubre. En el marco de los festejos la Radio Mural FM 91.1 entrevist\u00f3 al Ingeniero Francisco Hugo Rimmele, un autentico NYC (nacido y criado en Cipolletti). Francisco es el Fundador del CLUSTERciar -originario de Cipolletti-, compuesto por la empresa\u2026","rel":"","context":"En \u00abEducaci\u00f3n\/Sociedad\u00bb","block_context":{"text":"Educaci\u00f3n\/Sociedad","link":"http:\/\/ccnews.com.ar\/prensa\/category\/educacion-sociedad\/"},"img":{"alt_text":"","src":"","width":0,"height":0},"classes":[]},{"id":4211,"url":"http:\/\/ccnews.com.ar\/prensa\/clusterciar-resalto-la-participacion-argentina-en-houston\/","url_meta":{"origin":1207,"position":5},"title":"CLUSTERciar RESALT\u00d3 LA PARTICIPACI\u00d3N ARGENTINA EN HOUSTON","author":"CLUSTERciar","date":"17 mayo, 2017","format":false,"excerpt":"El director de Negocios y Relaciones Institucionales de CLUSTERciar, Jorge Petrocelli, destac\u00f3 la misi\u00f3n de empresarios locales en la OTC. \u201cEs un momento para poder hablar en qu\u00e9 est\u00e1n todos\u201d, precis\u00f3. Jorge Petrocelli, Director de Negocios y Relaciones Institucionales del CLUSTERciar fue uno de los representantes delas 35 organizaciones que\u2026","rel":"","context":"En \u00abManagement\u00bb","block_context":{"text":"Management","link":"http:\/\/ccnews.com.ar\/prensa\/category\/management\/"},"img":{"alt_text":"","src":"https:\/\/i0.wp.com\/ccnews.com.ar\/prensa\/wp-content\/uploads\/2017\/05\/IMG_2893.jpg?fit=1200%2C900&resize=350%2C200","width":350,"height":200,"srcset":"https:\/\/i0.wp.com\/ccnews.com.ar\/prensa\/wp-content\/uploads\/2017\/05\/IMG_2893.jpg?fit=1200%2C900&resize=350%2C200 1x, https:\/\/i0.wp.com\/ccnews.com.ar\/prensa\/wp-content\/uploads\/2017\/05\/IMG_2893.jpg?fit=1200%2C900&resize=525%2C300 1,5x, https:\/\/i0.wp.com\/ccnews.com.ar\/prensa\/wp-content\/uploads\/2017\/05\/IMG_2893.jpg?fit=1200%2C900&resize=700%2C400 2x, https:\/\/i0.wp.com\/ccnews.com.ar\/prensa\/wp-content\/uploads\/2017\/05\/IMG_2893.jpg?fit=1200%2C900&resize=1050%2C600 3x"},"classes":[]}],"jetpack_sharing_enabled":true,"_links":{"self":[{"href":"http:\/\/ccnews.com.ar\/prensa\/wp-json\/wp\/v2\/posts\/1207","targetHints":{"allow":["GET"]}}],"collection":[{"href":"http:\/\/ccnews.com.ar\/prensa\/wp-json\/wp\/v2\/posts"}],"about":[{"href":"http:\/\/ccnews.com.ar\/prensa\/wp-json\/wp\/v2\/types\/post"}],"author":[{"embeddable":true,"href":"http:\/\/ccnews.com.ar\/prensa\/wp-json\/wp\/v2\/users\/2"}],"replies":[{"embeddable":true,"href":"http:\/\/ccnews.com.ar\/prensa\/wp-json\/wp\/v2\/comments?post=1207"}],"version-history":[{"count":5,"href":"http:\/\/ccnews.com.ar\/prensa\/wp-json\/wp\/v2\/posts\/1207\/revisions"}],"predecessor-version":[{"id":1233,"href":"http:\/\/ccnews.com.ar\/prensa\/wp-json\/wp\/v2\/posts\/1207\/revisions\/1233"}],"wp:featuredmedia":[{"embeddable":true,"href":"http:\/\/ccnews.com.ar\/prensa\/wp-json\/wp\/v2\/media\/1209"}],"wp:attachment":[{"href":"http:\/\/ccnews.com.ar\/prensa\/wp-json\/wp\/v2\/media?parent=1207"}],"wp:term":[{"taxonomy":"category","embeddable":true,"href":"http:\/\/ccnews.com.ar\/prensa\/wp-json\/wp\/v2\/categories?post=1207"},{"taxonomy":"post_tag","embeddable":true,"href":"http:\/\/ccnews.com.ar\/prensa\/wp-json\/wp\/v2\/tags?post=1207"}],"curies":[{"name":"wp","href":"https:\/\/api.w.org\/{rel}","templated":true}]}}