{"id":12121,"date":"2019-07-11T09:09:03","date_gmt":"2019-07-11T12:09:03","guid":{"rendered":"http:\/\/ccnews.com.ar\/prensa\/?p=12121"},"modified":"2019-07-11T09:09:10","modified_gmt":"2019-07-11T12:09:10","slug":"las-mujeres-en-la-ingenieria-en-el-siglo-xxi","status":"publish","type":"post","link":"http:\/\/ccnews.com.ar\/prensa\/las-mujeres-en-la-ingenieria-en-el-siglo-xxi\/","title":{"rendered":"Las mujeres en la Ingenier\u00eda en el siglo XXI"},"content":{"rendered":"\n<h1 class=\"wp-block-heading\"><\/h1>\n\n\n\n<p><strong>El n\u00famero de egresadas en Ingenier\u00edas a\u00fan es menor al de varones, sin embargo las mujeres van avanzando dentro de la profesi\u00f3n.<\/strong><\/p>\n\n\n\n\n\n<p>En Argentina los indicadores de g\u00e9nero vinculados a las ingenier\u00edas encienden alarmas. Seg\u00fan los datos de la Secretar\u00eda de Pol\u00edticas Universitarias, en 2017 se gradu\u00f3 una ingeniera cada 10.427 mujeres, mientras que se recibi\u00f3 un ingeniero cada 3.238 hombres en el pa\u00eds.<\/p>\n\n\n\n<p>Desde la FCEFyN est\u00e1n comprometidos a cambiar estos n\u00fameros. Tanto las autoridades, las y los docentes, como as\u00ed tambi\u00e9n las Secretar\u00edas, est\u00e1n trabajando diariamente para llevar las herramientas de vinculaci\u00f3n y acercamiento a ni\u00f1os, ni\u00f1as, adolescentes y estudiantes que tienen un inter\u00e9s en la ciencia, en la tecnolog\u00eda y en la ingenier\u00eda en general.<\/p>\n\n\n\n<p>En un campo hist\u00f3ricamente destinado a los hombres, que una mujer estudie Ingenier\u00eda marca la diferencia y rompe estereotipos hegem\u00f3nicos.<\/p>\n\n\n\n<p>La vicedecana Mgter. Ing. Adriana Cerato considera que en algunas especialidades la brecha es inversa, como es el caso de Ingenier\u00eda Qu\u00edmica o Ambiental, donde el 50% son mujeres, con respecto al resto de las ingenier\u00edas donde solo el 34% son mujeres. Adem\u00e1s destac\u00f3 que \u00ablo importante es que ninguna joven de 17 a\u00f1os, o de 18 o de cualquier edad, que quiera estudiar ingenier\u00eda dude de ello\u00bb.<\/p>\n\n\n\n<p>La Secretar\u00eda acad\u00e9mica Dra. Ing. Magal\u00ed Carro Perez sostiene que \u00abla diversidad enriquece los \u00e1mbitos\u00bb y llama a romper la inercia de las percepciones prefijadas y trabajar desde todos los lugares \u00abdesde que somos ni\u00f1as o adolescentes y empezamos a averiguar cu\u00e1les son las carreras queremos estudiar\u00bb.<br>la primer mujer graduada de Ingenier\u00eda en el a\u00f1o 1912,fue Elisa Leonida Zamfirescu. Sin embargo, a\u00f1os m\u00e1s tarde, esos estereotipos contin\u00faan vigentes y relegan el rol de la mujer a otros \u00e1mbitos ajenos a la Ingenier\u00eda.<\/p>\n\n\n\n<p>\n\n*Por PATRICIA JALIL\n\n<\/p>\n<!-- AddThis Advanced Settings generic via filter on the_content -->","protected":false},"excerpt":{"rendered":"<p>El n\u00famero de egresadas en Ingenier\u00edas a\u00fan es menor al de varones, sin embargo las mujeres van avanzando dentro de<!-- AddThis Advanced Settings generic via filter on get_the_excerpt --><\/p>\n","protected":false},"author":1,"featured_media":12133,"comment_status":"closed","ping_status":"closed","sticky":false,"template":"","format":"standard","meta":{"colormag_page_container_layout":"default_layout","colormag_page_sidebar_layout":"default_layout","jetpack_post_was_ever_published":false,"_jetpack_newsletter_access":"","_jetpack_dont_email_post_to_subs":false,"_jetpack_newsletter_tier_id":0,"_jetpack_memberships_contains_paywalled_content":false,"_jetpack_memberships_contains_paid_content":false,"footnotes":"","jetpack_publicize_message":"#BuenJueves #Ingenier\u00eda Las mujeres en la Ingenier\u00eda en el siglo XXI","jetpack_publicize_feature_enabled":true,"jetpack_social_post_already_shared":true,"jetpack_social_options":{"image_generator_settings":{"template":"highway","default_image_id":0,"font":"","enabled":false},"version":2}},"categories":[3],"tags":[17],"class_list":["post-12121","post","type-post","status-publish","format-standard","has-post-thumbnail","hentry","category-sustentabilidad","tag-otros-medios"],"jetpack_publicize_connections":[],"jetpack_featured_media_url":"https:\/\/i0.wp.com\/ccnews.com.ar\/prensa\/wp-content\/uploads\/2019\/07\/ingeniero-mujer-casco-blanco-blueprint_33842-958.jpg?fit=626%2C417","jetpack_shortlink":"https:\/\/wp.me\/p7L1gj-39v","jetpack-related-posts":[{"id":7577,"url":"http:\/\/ccnews.com.ar\/prensa\/satisfaccion-en-la-facultad-regional-de-la-utn-por-la-inscripcion-de-mujeres-en-ingenieria\/","url_meta":{"origin":12121,"position":0},"title":"Satisfacci\u00f3n en la Facultad Regional de la UTN por la inscripci\u00f3n de mujeres en Ingenier\u00eda","author":"admin","date":"26 abril, 2018","format":false,"excerpt":"En total, la FRTL UTN cuenta con el 40 % de la matr\u00edcula femenina en Ingenier\u00eda, imponi\u00e9ndose en el primer lugar Un relevamiento de la UTN a nivel nacional dej\u00f3 al descubierto una noticia que llen\u00f3 de orgullo a la Facultad Regional Trenque Lauquen porque tiene el mayor porcentaje de\u2026","rel":"","context":"En \u00abSustentabilidad\u00bb","block_context":{"text":"Sustentabilidad","link":"http:\/\/ccnews.com.ar\/prensa\/category\/sustentabilidad\/"},"img":{"alt_text":"","src":"https:\/\/i0.wp.com\/ccnews.com.ar\/prensa\/wp-content\/uploads\/2018\/04\/dona-ci%C3%A8ncia.jpg?fit=1000%2C586&resize=350%2C200","width":350,"height":200,"srcset":"https:\/\/i0.wp.com\/ccnews.com.ar\/prensa\/wp-content\/uploads\/2018\/04\/dona-ci%C3%A8ncia.jpg?fit=1000%2C586&resize=350%2C200 1x, https:\/\/i0.wp.com\/ccnews.com.ar\/prensa\/wp-content\/uploads\/2018\/04\/dona-ci%C3%A8ncia.jpg?fit=1000%2C586&resize=525%2C300 1,5x, https:\/\/i0.wp.com\/ccnews.com.ar\/prensa\/wp-content\/uploads\/2018\/04\/dona-ci%C3%A8ncia.jpg?fit=1000%2C586&resize=700%2C400 2x"},"classes":[]},{"id":14010,"url":"http:\/\/ccnews.com.ar\/prensa\/graciela-bertolino-las-ingenierias-ayudan-a-cambiar-el-mundo\/","url_meta":{"origin":12121,"position":1},"title":"Graciela Bertolino: \u201cLas ingenier\u00edas ayudan a cambiar el mundo\u201d","author":"admin","date":"20 diciembre, 2019","format":false,"excerpt":"La primera vicerrectora de las carreras de ingenier\u00eda en el Instituto Balseiro, la especialista en materiales Graciela Bertolino, habl\u00f3 con TSS sobre la importancia que tiene para el desarrollo tecnol\u00f3gico promover el estudio de las ingenier\u00edas. Los desaf\u00edos que enfrentar\u00e1 desde su nuevo cargo en la instituci\u00f3n y el rol\u2026","rel":"","context":"En \u00abSustentabilidad\u00bb","block_context":{"text":"Sustentabilidad","link":"http:\/\/ccnews.com.ar\/prensa\/category\/sustentabilidad\/"},"img":{"alt_text":"","src":"https:\/\/i0.wp.com\/ccnews.com.ar\/prensa\/wp-content\/uploads\/2019\/12\/bertolino1.jpg?fit=1080%2C598&resize=350%2C200","width":350,"height":200,"srcset":"https:\/\/i0.wp.com\/ccnews.com.ar\/prensa\/wp-content\/uploads\/2019\/12\/bertolino1.jpg?fit=1080%2C598&resize=350%2C200 1x, https:\/\/i0.wp.com\/ccnews.com.ar\/prensa\/wp-content\/uploads\/2019\/12\/bertolino1.jpg?fit=1080%2C598&resize=525%2C300 1,5x, https:\/\/i0.wp.com\/ccnews.com.ar\/prensa\/wp-content\/uploads\/2019\/12\/bertolino1.jpg?fit=1080%2C598&resize=700%2C400 2x, https:\/\/i0.wp.com\/ccnews.com.ar\/prensa\/wp-content\/uploads\/2019\/12\/bertolino1.jpg?fit=1080%2C598&resize=1050%2C600 3x"},"classes":[]},{"id":11463,"url":"http:\/\/ccnews.com.ar\/prensa\/lanzan-becas-para-estudiantes-de-ingenierias-en-vaca-muerta\/","url_meta":{"origin":12121,"position":2},"title":"Lanzan becas para estudiantes de ingenier\u00edas en Vaca Muerta","author":"admin","date":"20 mayo, 2019","format":false,"excerpt":"Est\u00e1n destinadas tanto a quienes comenzar\u00e1n las carreras como a quienes quieren continuarlas. Las personas interesadas tienen tiempo para inscribirse hasta el 16 de junio. Quienes estudian o quieren estudiar carreras de las distintas especializaciones en ingenier\u00eda que se dictan en la Universidad del Comahue pero no cuentan con los\u2026","rel":"","context":"En \u00abSustentabilidad\u00bb","block_context":{"text":"Sustentabilidad","link":"http:\/\/ccnews.com.ar\/prensa\/category\/sustentabilidad\/"},"img":{"alt_text":"","src":"https:\/\/i0.wp.com\/ccnews.com.ar\/prensa\/wp-content\/uploads\/2019\/05\/image_content_10170462_20181003133550.jpg?fit=920%2C520&resize=350%2C200","width":350,"height":200,"srcset":"https:\/\/i0.wp.com\/ccnews.com.ar\/prensa\/wp-content\/uploads\/2019\/05\/image_content_10170462_20181003133550.jpg?fit=920%2C520&resize=350%2C200 1x, https:\/\/i0.wp.com\/ccnews.com.ar\/prensa\/wp-content\/uploads\/2019\/05\/image_content_10170462_20181003133550.jpg?fit=920%2C520&resize=525%2C300 1,5x, https:\/\/i0.wp.com\/ccnews.com.ar\/prensa\/wp-content\/uploads\/2019\/05\/image_content_10170462_20181003133550.jpg?fit=920%2C520&resize=700%2C400 2x"},"classes":[]},{"id":4115,"url":"http:\/\/ccnews.com.ar\/prensa\/las-ingenierias-al-calor-de-la-energia\/","url_meta":{"origin":12121,"position":3},"title":"Las ingenier\u00edas al calor de la energ\u00eda","author":"CLUSTERciar","date":"28 mayo, 2017","format":false,"excerpt":"Alrededor de la energ\u00eda orbitan un gran n\u00famero de empresas sin las que no ser\u00eda posible llevar a cabo ning\u00fan proyecto. Desde oleoductos para trasladar petr\u00f3leo a los aerogeneradores que han convertido a Espa\u00f1a en pionera en energ\u00eda e\u00f3lica, pasando por los proveedores que permiten la construcci\u00f3n de grandes infraestructuras,\u2026","rel":"","context":"En \u00abSustentabilidad\u00bb","block_context":{"text":"Sustentabilidad","link":"http:\/\/ccnews.com.ar\/prensa\/category\/sustentabilidad\/"},"img":{"alt_text":"","src":"https:\/\/i0.wp.com\/ccnews.com.ar\/prensa\/wp-content\/uploads\/2017\/05\/ingenierias.jpg?fit=807%2C388&resize=350%2C200","width":350,"height":200,"srcset":"https:\/\/i0.wp.com\/ccnews.com.ar\/prensa\/wp-content\/uploads\/2017\/05\/ingenierias.jpg?fit=807%2C388&resize=350%2C200 1x, https:\/\/i0.wp.com\/ccnews.com.ar\/prensa\/wp-content\/uploads\/2017\/05\/ingenierias.jpg?fit=807%2C388&resize=525%2C300 1,5x, https:\/\/i0.wp.com\/ccnews.com.ar\/prensa\/wp-content\/uploads\/2017\/05\/ingenierias.jpg?fit=807%2C388&resize=700%2C400 2x"},"classes":[]},{"id":376,"url":"http:\/\/ccnews.com.ar\/prensa\/crece-la-oferta-de-licenciaturas-para-formar-profesionales-de-ti\/","url_meta":{"origin":12121,"position":4},"title":"Crece la oferta de licenciaturas para formar profesionales de TI","author":"CLUSTERciar","date":"5 abril, 2016","format":false,"excerpt":"Perfiles\u00a0Adem\u00e1s de las ingenier\u00edas, hay nuevas licenciaturas en Inform\u00e1tica, con m\u00e1s foco en software y en gesti\u00f3n. Con el lanzamiento de nuevas licenciaturas se consolida la tendencia a la formaci\u00f3n de profesionales en Inform\u00e1tica con perfiles m\u00e1s alineados a las necesidades de esa industria, un sector donde quedan 5.000 puestos\u2026","rel":"","context":"En \u00abTransformaci\u00f3n digital\u00bb","block_context":{"text":"Transformaci\u00f3n digital","link":"http:\/\/ccnews.com.ar\/prensa\/category\/transformacion-digital\/"},"img":{"alt_text":"","src":"","width":0,"height":0},"classes":[]},{"id":6577,"url":"http:\/\/ccnews.com.ar\/prensa\/la-ingenieria-social\/","url_meta":{"origin":12121,"position":5},"title":"La ingenier\u00eda social","author":"CLUSTERciar","date":"26 enero, 2018","format":false,"excerpt":"\u00bfPueden las ingenier\u00edas contribuir a la construcci\u00f3n de una tecn\u00f3sfera sostenible? Se habl\u00f3 en la preparaci\u00f3n de la c\u00e1tedra Julio Garavito de la Universidad Nacional, de que este a\u00f1o se ocupar\u00e1 del cambio clim\u00e1tico, de una idea quiz\u00e1 no tan original como pertinente: la que argumenta que la ingenier\u00eda va\u2026","rel":"","context":"En \u00abSustentabilidad\u00bb","block_context":{"text":"Sustentabilidad","link":"http:\/\/ccnews.com.ar\/prensa\/category\/sustentabilidad\/"},"img":{"alt_text":"","src":"","width":0,"height":0},"classes":[]}],"jetpack_sharing_enabled":true,"_links":{"self":[{"href":"http:\/\/ccnews.com.ar\/prensa\/wp-json\/wp\/v2\/posts\/12121","targetHints":{"allow":["GET"]}}],"collection":[{"href":"http:\/\/ccnews.com.ar\/prensa\/wp-json\/wp\/v2\/posts"}],"about":[{"href":"http:\/\/ccnews.com.ar\/prensa\/wp-json\/wp\/v2\/types\/post"}],"author":[{"embeddable":true,"href":"http:\/\/ccnews.com.ar\/prensa\/wp-json\/wp\/v2\/users\/1"}],"replies":[{"embeddable":true,"href":"http:\/\/ccnews.com.ar\/prensa\/wp-json\/wp\/v2\/comments?post=12121"}],"version-history":[{"count":2,"href":"http:\/\/ccnews.com.ar\/prensa\/wp-json\/wp\/v2\/posts\/12121\/revisions"}],"predecessor-version":[{"id":12143,"href":"http:\/\/ccnews.com.ar\/prensa\/wp-json\/wp\/v2\/posts\/12121\/revisions\/12143"}],"wp:featuredmedia":[{"embeddable":true,"href":"http:\/\/ccnews.com.ar\/prensa\/wp-json\/wp\/v2\/media\/12133"}],"wp:attachment":[{"href":"http:\/\/ccnews.com.ar\/prensa\/wp-json\/wp\/v2\/media?parent=12121"}],"wp:term":[{"taxonomy":"category","embeddable":true,"href":"http:\/\/ccnews.com.ar\/prensa\/wp-json\/wp\/v2\/categories?post=12121"},{"taxonomy":"post_tag","embeddable":true,"href":"http:\/\/ccnews.com.ar\/prensa\/wp-json\/wp\/v2\/tags?post=12121"}],"curies":[{"name":"wp","href":"https:\/\/api.w.org\/{rel}","templated":true}]}}