{"id":12187,"date":"2019-07-15T09:19:07","date_gmt":"2019-07-15T12:19:07","guid":{"rendered":"http:\/\/ccnews.com.ar\/prensa\/?p=12187"},"modified":"2019-07-15T09:19:17","modified_gmt":"2019-07-15T12:19:17","slug":"el-viaje-del-apolo-11-medio-siglo-de-una-gesta-en-el-espacio","status":"publish","type":"post","link":"http:\/\/ccnews.com.ar\/prensa\/el-viaje-del-apolo-11-medio-siglo-de-una-gesta-en-el-espacio\/","title":{"rendered":"El viaje del Apolo 11, medio siglo de una gesta en el espacio"},"content":{"rendered":"\n<p><strong>El 20 de julio de 1969 marc\u00f3 un hito en la historia de la humanidad. Por primera vez, un ser humano pon\u00eda su huella en la superficie de un cuerpo celeste distinto a la Tierra.<\/strong><\/p>\n\n\n\n<p>Aunque esta haza\u00f1a fue posible gracias a un extenso equipo de ingenieros, dise\u00f1adores, t\u00e9cnicos, cient\u00edficos y pilotos, el \u00e9xito de la llegada del hombre a la Luna no se podr\u00eda explicar sin conocer el contexto socio-pol\u00edtico del momento ni los or\u00edgenes de la carrera espacial.<br><br>Entre finales del siglo XIX y principios del siglo XX varios cient\u00edficos comenzaron a teorizar respecto al uso de cohetes para viajar fuera de los l\u00edmites de la tierra, siendo uno de los m\u00e1s prominentes el estadounidense Robert Goddard.<br><br><strong>Este ingeniero y f\u00edsico lanz\u00f3 con \u00e9xito el primer cohete propulsado con combustible l\u00edquido en 1926.<\/strong>&nbsp;No obstante, el desarrollo de la tecnolog\u00eda de cohetes recibi\u00f3 un impulso decisivo debido a su potencial como arma de guerra. En Alemania, el joven ingeniero y f\u00edsico Wernher von Braun, un apasionado de la aeron\u00e1utica y de los viajes espaciales, comenz\u00f3 desde muy joven a fabricar cohetes caseros.<br><br>Cuando Hitler ascendi\u00f3 al poder en 1933, von Braun no desperdici\u00f3 la oportunidad de avanzar en su carrera en el campo del dise\u00f1o de cohetes y se enrol\u00f3 en el ej\u00e9rcito alem\u00e1n. Sus conocimientos fueron fundamentales para el \u00e9xito del programa alem\u00e1n de cohetes. La culminaci\u00f3n del trabajo de von Braun y su equipo fue el V-2, el primer cohete bal\u00edstico con carga explosiva. Con este ingenio&nbsp;<strong>Alemania se puso a la cabeza en el desarrollo de la tecnolog\u00eda aeron\u00e1utica, muy por delante de los pa\u00edses aliados.<\/strong>&nbsp;A pesar de que se lanzaron m\u00e1s de 3.000 de estos ingenios sobre Inglaterra, Francia y B\u00e9lgica causando m\u00e1s de 9.000 muertos, el V-2 lleg\u00f3 demasiado tarde para inclinar la balanza a favor de Alemania.<\/p>\n\n\n\n<div class=\"wp-block-image\"><figure class=\"alignleft is-resized\"><img loading=\"lazy\" decoding=\"async\" src=\"https:\/\/www.estrategiaynegocios.net\/csp\/mediapool\/sites\/dt.common.streams.StreamServer.cls?STREAMOID=nkf9XBaX8xLzk7vP9ulHDs$daE2N3K4ZzOUsqbU5sYvMT9OrMLgJj3sdnr4voyki6FB40xiOfUoExWL3M40tfzssyZqpeG_J0TFo7ZhRaDiHC9oxmioMlYVJD0A$3RbIiibgT65kY_CSDiCiUzvHvODrHApbd6ry6YGl5GGOZrs-&amp;CONTENTTYPE=image\/jpeg\" alt=\"apolllo11(800x600)\" width=\"269\" height=\"264\"\/><\/figure><\/div>\n\n\n\n<p>Con la derrota alemana y el fin de la guerra en Europa en mayo de 1945, los estadounidenses decidieron que era de vital importancia contar tanto con la tecnolog\u00eda de cohetes como con los hombres que la hab\u00edan desarrollado. Para ello,<strong>\u00a0priorizaron la captura de todos los cohetes ensamblados que no se hab\u00edan lanzado, la totalidad las piezas listas para su ensamblaje, las herramientas para la fabricaci\u00f3n y construcci\u00f3n de los cohetes<\/strong>\u00a0as\u00ed como toda la documentaci\u00f3n que encontraron en las instalaciones.<br><br>Todo el material fue cuidadosamente trasladado a los EE.UU. para su estudio. De forma paralela, el ej\u00e9rcito concibi\u00f3 una operaci\u00f3n secreta con el nombre en clave de Paperclip, en la que un equipo de militares de \u00e9lite recibi\u00f3 la orden de buscar y capturar a todos los responsables del programa de cohetes alem\u00e1n responsables, incluyendo cient\u00edficos, ingenieros y t\u00e9cnicos del programa de cohetes, con el fin de trasladarlos a los EE.UU. junto con sus familias. Muchos, incluyendo el propio von Braun y los miembros de su equipo, fueron localizados y trasladados a los EE.UU. Otros cayeron en manos sovi\u00e9ticas.<\/p>\n\n\n\n<p><strong>LA GUERRA FR\u00cdA<\/strong><\/p>\n\n\n\n<figure class=\"wp-block-image\"><img decoding=\"async\" src=\"https:\/\/www.estrategiaynegocios.net\/csp\/mediapool\/sites\/dt.common.streams.StreamServer.cls?STREAMOID=FzYP9$0BekFC2c61Qwp8JM$daE2N3K4ZzOUsqbU5sYuTgjKAqkkzat$p6tfM$DHQ6FB40xiOfUoExWL3M40tfzssyZqpeG_J0TFo7ZhRaDiHC9oxmioMlYVJD0A$3RbIiibgT65kY_CSDiCiUzvHvODrHApbd6ry6YGl5GGOZrs-&amp;CONTENTTYPE=image\/jpeg\" alt=\"apollo_11_(800x600)\"\/><\/figure>\n\n\n\n<p>A pesar de ser aliados, las diferencias entre los EE.UU. y la Uni\u00f3n Sovi\u00e9tica comenzaron a ponerse de manifiesto apenas termin\u00f3 la Segunda Guerra Mundial. Ambas naciones luchaban por convertirse en la potencia hegem\u00f3nica en el nuevo mundo que emerg\u00eda de una de las guerras m\u00e1s devastadoras que hab\u00eda conocido la humanidad.<br><br>Este factor fue determinante en el inter\u00e9s estadounidense por adquirir la tecnolog\u00eda alemana, a\u00fan pasando por alto las implicaciones morales que supon\u00eda contar con unos hombres cuyo trabajo hab\u00eda tra\u00eddo consigo tanto sufrimiento al mundo.<strong>\u00a0En su condici\u00f3n de &#8220;empleados especiales&#8221;, los cient\u00edficos alemanes mostraron a los estadounidenses la tecnolog\u00eda y supervisaron las primeras pruebas con los cohetes V-2 capturados.<\/strong>\u00a0En los a\u00f1os posteriores, el impulso en el desarrollo de los cohetes se debi\u00f3, de nuevo, a su vertiente como arma militar.<br><br>Con la Guerra Fr\u00eda en su apogeo las miradas de ambas naciones se fijaron en el espacio. Se trataba de un campo en el que se jugaba el prestigio y el dominio tecnol\u00f3gico en una nueva frontera. A mediados de los a\u00f1os 50, las dos superpotencias hicieron p\u00fablicos su deseo de conquistar el espacio, inaugurando la denominada carrera espacial.<br><br><strong>Fue la URSS la que se adelant\u00f3 cuando el 4 de octubre de 1957 lanz\u00f3 con \u00e9xito el primer sat\u00e9lite artificial de la historia, el Sputnik I.<\/strong>\u00a0Esta gesta encendi\u00f3 todas las alarmas en los EE.UU., que hasta ese momento hab\u00eda apoyado t\u00edmidamente el desarrollo de tecnolog\u00eda aeroespacial. Wernher von Braun languidec\u00eda en su puesto del ej\u00e9rcito y cuando tuvo conocimiento del lanzamiento del sat\u00e9lite sovi\u00e9tico vio la oportunidad perfecta para conseguir los fondos que necesitaba para alcanzar su sue\u00f1o: el desarrollo de cohetes para llevar al hombre al espacio.<br><br>Von Braun mantuvo entrevistas y reuniones con la dirigencia pol\u00edtica de Washington advirtiendo del peligro que supon\u00eda para el mundo libre que la URSS estuviese a la cabeza de la carrera espacial. Con este mensaje, el cient\u00edfico alem\u00e1n logr\u00f3 su objetivo.\u00a0<strong>Los fondos comenzaron a llegar y los estadounidenses lograron lanzar pocos meses despu\u00e9s el sat\u00e9lite Explorer I utilizando como plataforma uno de los cohetes desarrollados por von Braun.<\/strong>\u00a0Finalmente, el 1 de octubre de 1958 naci\u00f3 la NASA (Administraci\u00f3n Nacional de la Aeron\u00e1utica y del Espacio) una organizaci\u00f3n gubernamental que canalizar\u00eda todos los esfuerzos para adquirir conocimientos cient\u00edficos y tecnol\u00f3gicos en el campo aeroespacial y llevar al hombre al espacio.<\/p>\n\n\n\n<p><strong>EL PROYECTO MERCURY<\/strong><\/p>\n\n\n\n<p>El lanzamiento de sat\u00e9lites para orbitar la tierra fue tan solo el primer paso en la carrera espacial. El siguiente objetivo fue poner un ser humano en \u00f3rbita. Tanto la URSS como los EE.UU. deseaban ser los primeros en alcanzar este hito. La NASA cre\u00f3 el proyecto Mercury, con el objetivo principal de poner un ser humano en \u00f3rbita y lograr que volviese a la tierra sano y salvo. Si los estadounidenses lograban ser los primeros en lograr el objetivo, adelantar\u00edan a los sovi\u00e9ticos y recuperar\u00edan el prestigio tecnol\u00f3gico.<br><br>No obstante, fue de nuevo la URSS la que tom\u00f3 la iniciativa cuando el 12 de abril de 1951 el cosmonauta Yuri Gagarin logr\u00f3 dar una vuelta a la \u00f3rbita terrestre a bordo de la nave Vostok I.\u00a0<strong>La NASA respondi\u00f3 enviando a su primer astronauta al espacio, Alan Shepard, quien realiz\u00f3 un vuelo suborbital el 5 de mayo de 1961.<\/strong>\u00a0Poco despu\u00e9s, John Glenn dio tres vueltas completas a la \u00f3rbita de la tierra el 20 de febrero de 1962. Cuando concluy\u00f3 el proyecto Mercury los estadounidenses segu\u00edan por detr\u00e1s de los sovi\u00e9ticos. No obstante, seis hombres hab\u00edan viajado al espacio y los cient\u00edficos de la NASA hab\u00edan adquirido conocimientos respecto al comportamiento del ser humano en el espacio, adem\u00e1s de avanzar en el desarrollo de cohetes m\u00e1s eficientes y de mayor potencia.<br>EL IMPULSO DE JFK<br><br>Para los cient\u00edficos de la NASA el siguiente paso natural de la exploraci\u00f3n espacial era la llegada del hombre a la luna. Este objetivo se discuti\u00f3 en las primeras fases de la carrera espacial, siendo el proyecto Mercury tan s\u00f3lo la primera etapa para obtener el ambicioso objetivo.\u00a0<strong>El proyecto Gemini, que comenz\u00f3 a principios de 1962, era la segunda etapa en un objetivo que pretend\u00eda tomar de manera definitiva la iniciativa en la carrera espacial.<\/strong><br><br>Pero para ello era necesario dotar de fondos a la NASA. Y fue el presidente John F. Kennedy quien, en un incisivo discurso en el congreso el 25 de mayo de 1961, plasm\u00f3 esta idea pidiendo a los pol\u00edticos y a toda la sociedad estadounidense que pusiesen todos los recursos necesarios para alcanzar el objetivo de llegar a la luna. Kennedy abog\u00f3 por alcanzar el objetivo de la llegada del hombre a la luna para antes del final de la d\u00e9cada de los a\u00f1os sesenta. Aunque Kennedy no lo pudo ver, las bases para que la epopeya del Apolo 11 fuese posible ya se hab\u00edan asentado.<\/p>\n\n\n\n<p><\/p>\n\n\n\n<p>Fuente: Estrategia y Negocios<\/p>\n<!-- AddThis Advanced Settings generic via filter on the_content -->","protected":false},"excerpt":{"rendered":"<p>El 20 de julio de 1969 marc\u00f3 un hito en la historia de la humanidad. Por primera vez, un ser<!-- AddThis Advanced Settings generic via filter on get_the_excerpt --><\/p>\n","protected":false},"author":2,"featured_media":12189,"comment_status":"closed","ping_status":"closed","sticky":false,"template":"","format":"standard","meta":{"colormag_page_container_layout":"default_layout","colormag_page_sidebar_layout":"default_layout","jetpack_post_was_ever_published":false,"_jetpack_newsletter_access":"","_jetpack_dont_email_post_to_subs":false,"_jetpack_newsletter_tier_id":0,"_jetpack_memberships_contains_paywalled_content":false,"_jetpack_memberships_contains_paid_content":false,"footnotes":"","jetpack_publicize_message":"#BuenLunes\nEl viaje del Apolo 11, medio siglo de una gesta en el espacio\n#Apolo","jetpack_publicize_feature_enabled":true,"jetpack_social_post_already_shared":true,"jetpack_social_options":{"image_generator_settings":{"template":"highway","default_image_id":0,"font":"","enabled":false},"version":2}},"categories":[3],"tags":[],"class_list":["post-12187","post","type-post","status-publish","format-standard","has-post-thumbnail","hentry","category-sustentabilidad"],"jetpack_publicize_connections":[],"jetpack_featured_media_url":"https:\/\/i0.wp.com\/ccnews.com.ar\/prensa\/wp-content\/uploads\/2019\/07\/dt.common.streams.StreamServer.jpg?fit=1024%2C576","jetpack_shortlink":"https:\/\/wp.me\/p7L1gj-3az","jetpack-related-posts":[{"id":9975,"url":"http:\/\/ccnews.com.ar\/prensa\/la-educacion-emocional-es-la-estrategia-pedagogica-del-momento\/","url_meta":{"origin":12187,"position":0},"title":"La educaci\u00f3n emocional es la estrategia pedag\u00f3gica del momento","author":"admin","date":"17 enero, 2019","format":false,"excerpt":"Un proyecto busca incorporar la educaci\u00f3n emocional como metodolog\u00eda de ense\u00f1anza en todas las escuelas, con el fin de promover un mejor desarrollo personal y social de los chicos. Seg\u00fan el Licenciado en psicolog\u00eda Lucas Malaisi, del 70 al 80% del \u00e9xito que obtenemos en la vida de adultos depende\u00a0de\u2026","rel":"","context":"En \u00abEducaci\u00f3n\/Sociedad\u00bb","block_context":{"text":"Educaci\u00f3n\/Sociedad","link":"http:\/\/ccnews.com.ar\/prensa\/category\/educacion-sociedad\/"},"img":{"alt_text":"","src":"https:\/\/i0.wp.com\/ccnews.com.ar\/prensa\/wp-content\/uploads\/2019\/01\/Educacion1.png?fit=1200%2C672&resize=350%2C200","width":350,"height":200,"srcset":"https:\/\/i0.wp.com\/ccnews.com.ar\/prensa\/wp-content\/uploads\/2019\/01\/Educacion1.png?fit=1200%2C672&resize=350%2C200 1x, https:\/\/i0.wp.com\/ccnews.com.ar\/prensa\/wp-content\/uploads\/2019\/01\/Educacion1.png?fit=1200%2C672&resize=525%2C300 1,5x, https:\/\/i0.wp.com\/ccnews.com.ar\/prensa\/wp-content\/uploads\/2019\/01\/Educacion1.png?fit=1200%2C672&resize=700%2C400 2x, https:\/\/i0.wp.com\/ccnews.com.ar\/prensa\/wp-content\/uploads\/2019\/01\/Educacion1.png?fit=1200%2C672&resize=1050%2C600 3x"},"classes":[]},{"id":12674,"url":"http:\/\/ccnews.com.ar\/prensa\/trabajar-en-el-siglo-xxi-la-importancia-de-trazar-un-limite-entre-la-vida-personal-y-las-obligaciones-laborales\/","url_meta":{"origin":12187,"position":1},"title":"Trabajar en el siglo XXI: la importancia de trazar un l\u00edmite entre la vida personal y las obligaciones laborales","author":"admin","date":"29 agosto, 2019","format":false,"excerpt":"El teletrabajo, el trabajo a distancia, el trabajo virtual y el freelance son nuevas formas de trabajar en las que comienzan a borrarse los l\u00edmites precisos entre el tiempo libre y el empleo. Por qu\u00e9 es vital comprender el nuevo paradigma de empleo. Una de las nociones que se resignifica\u2026","rel":"","context":"En \u00abManagement\u00bb","block_context":{"text":"Management","link":"http:\/\/ccnews.com.ar\/prensa\/category\/management\/"},"img":{"alt_text":"","src":"https:\/\/i0.wp.com\/ccnews.com.ar\/prensa\/wp-content\/uploads\/2019\/08\/soraya_fatima_iglesias_food_near_me_transformacion_digital_4_obstaculos_a_superar_para_adaptarse_al_mundo_4_0_-1024x575.jpg?fit=1024%2C575&resize=350%2C200","width":350,"height":200,"srcset":"https:\/\/i0.wp.com\/ccnews.com.ar\/prensa\/wp-content\/uploads\/2019\/08\/soraya_fatima_iglesias_food_near_me_transformacion_digital_4_obstaculos_a_superar_para_adaptarse_al_mundo_4_0_-1024x575.jpg?fit=1024%2C575&resize=350%2C200 1x, https:\/\/i0.wp.com\/ccnews.com.ar\/prensa\/wp-content\/uploads\/2019\/08\/soraya_fatima_iglesias_food_near_me_transformacion_digital_4_obstaculos_a_superar_para_adaptarse_al_mundo_4_0_-1024x575.jpg?fit=1024%2C575&resize=525%2C300 1,5x, https:\/\/i0.wp.com\/ccnews.com.ar\/prensa\/wp-content\/uploads\/2019\/08\/soraya_fatima_iglesias_food_near_me_transformacion_digital_4_obstaculos_a_superar_para_adaptarse_al_mundo_4_0_-1024x575.jpg?fit=1024%2C575&resize=700%2C400 2x"},"classes":[]},{"id":11931,"url":"http:\/\/ccnews.com.ar\/prensa\/overshoot-day-hoy-los-argentinos-agotaran-los-recursos-naturales-que-deberian-haber-alcanzado-para-todo-2019\/","url_meta":{"origin":12187,"position":2},"title":"\u201cOvershoot Day\u201d: hoy los argentinos agotar\u00e1n los recursos naturales que deber\u00edan haber alcanzado para todo 2019","author":"admin","date":"26 junio, 2019","format":false,"excerpt":"El pa\u00eds los consumi\u00f3 un mes antes que el promedio global. El 29 de julio se conmemorar\u00e1 el D\u00eda Mundial del Sobregiro Ecol\u00f3gico: esto significa que la humanidad gastar\u00e1 los recursos naturales que ten\u00eda disponibles para todo un a\u00f1o, cinco meses antes de finalizar 2019. Esta es la fecha que\u2026","rel":"","context":"En \u00abEducaci\u00f3n\/Sociedad\u00bb","block_context":{"text":"Educaci\u00f3n\/Sociedad","link":"http:\/\/ccnews.com.ar\/prensa\/category\/educacion-sociedad\/"},"img":{"alt_text":"","src":"https:\/\/i0.wp.com\/ccnews.com.ar\/prensa\/wp-content\/uploads\/2019\/06\/energias-renovables-fundamentales-para-cuidar___i_MyBMcc0_1256x620__3.jpg?fit=1200%2C591&resize=350%2C200","width":350,"height":200,"srcset":"https:\/\/i0.wp.com\/ccnews.com.ar\/prensa\/wp-content\/uploads\/2019\/06\/energias-renovables-fundamentales-para-cuidar___i_MyBMcc0_1256x620__3.jpg?fit=1200%2C591&resize=350%2C200 1x, https:\/\/i0.wp.com\/ccnews.com.ar\/prensa\/wp-content\/uploads\/2019\/06\/energias-renovables-fundamentales-para-cuidar___i_MyBMcc0_1256x620__3.jpg?fit=1200%2C591&resize=525%2C300 1,5x, https:\/\/i0.wp.com\/ccnews.com.ar\/prensa\/wp-content\/uploads\/2019\/06\/energias-renovables-fundamentales-para-cuidar___i_MyBMcc0_1256x620__3.jpg?fit=1200%2C591&resize=700%2C400 2x, https:\/\/i0.wp.com\/ccnews.com.ar\/prensa\/wp-content\/uploads\/2019\/06\/energias-renovables-fundamentales-para-cuidar___i_MyBMcc0_1256x620__3.jpg?fit=1200%2C591&resize=1050%2C600 3x"},"classes":[]},{"id":5495,"url":"http:\/\/ccnews.com.ar\/prensa\/la-inteligencia-artificial\/","url_meta":{"origin":12187,"position":3},"title":"La inteligencia artificial","author":"CLUSTERciar","date":"29 septiembre, 2017","format":false,"excerpt":"Los debates \u00e9ticos que se generan alrededor de la Inteligencia Artificial no son nuevos, desde hace mucho tiempo se habla de las m\u00e1quinas que piensan y tienen la capacidad de realizar los trabajos humanos. Diariamente aparecen noticias sobre los avances que generan fuertes cr\u00edticas relacionadas con los impactos de su\u2026","rel":"","context":"En \u00abEducaci\u00f3n\/Sociedad\u00bb","block_context":{"text":"Educaci\u00f3n\/Sociedad","link":"http:\/\/ccnews.com.ar\/prensa\/category\/educacion-sociedad\/"},"img":{"alt_text":"","src":"https:\/\/i0.wp.com\/ccnews.com.ar\/prensa\/wp-content\/uploads\/2017\/09\/image_content_8853100_20170918235523.jpg?fit=611%2C370&resize=350%2C200","width":350,"height":200,"srcset":"https:\/\/i0.wp.com\/ccnews.com.ar\/prensa\/wp-content\/uploads\/2017\/09\/image_content_8853100_20170918235523.jpg?fit=611%2C370&resize=350%2C200 1x, https:\/\/i0.wp.com\/ccnews.com.ar\/prensa\/wp-content\/uploads\/2017\/09\/image_content_8853100_20170918235523.jpg?fit=611%2C370&resize=525%2C300 1,5x"},"classes":[]},{"id":5391,"url":"http:\/\/ccnews.com.ar\/prensa\/historia-de-neuquen\/","url_meta":{"origin":12187,"position":4},"title":"Historia de Neuqu\u00e9n","author":"CLUSTERciar","date":"11 septiembre, 2017","format":false,"excerpt":"Los primeros habitantes ten\u00edan una gran movilidad y se desplazaban seg\u00fan las estaciones del a\u00f1o, las condiciones clim\u00e1ticas y la abundancia de caza y alimento. Alrededor del siglo XVI comienza el proceso de aculturaci\u00f3n realizado por el pueblo Mapuche sobre los pueblos asentados en las distintas \u00e1reas de la provincia.47\u2026","rel":"","context":"En \u00abEducaci\u00f3n\/Sociedad\u00bb","block_context":{"text":"Educaci\u00f3n\/Sociedad","link":"http:\/\/ccnews.com.ar\/prensa\/category\/educacion-sociedad\/"},"img":{"alt_text":"","src":"https:\/\/i0.wp.com\/ccnews.com.ar\/prensa\/wp-content\/uploads\/2017\/09\/ccn.jpg?fit=779%2C452&resize=350%2C200","width":350,"height":200,"srcset":"https:\/\/i0.wp.com\/ccnews.com.ar\/prensa\/wp-content\/uploads\/2017\/09\/ccn.jpg?fit=779%2C452&resize=350%2C200 1x, https:\/\/i0.wp.com\/ccnews.com.ar\/prensa\/wp-content\/uploads\/2017\/09\/ccn.jpg?fit=779%2C452&resize=525%2C300 1,5x, https:\/\/i0.wp.com\/ccnews.com.ar\/prensa\/wp-content\/uploads\/2017\/09\/ccn.jpg?fit=779%2C452&resize=700%2C400 2x"},"classes":[]},{"id":12221,"url":"http:\/\/ccnews.com.ar\/prensa\/de-la-nasa-al-uso-cotidiano-la-tecnologia-que-existe-gracias-al-programa-espacial\/","url_meta":{"origin":12187,"position":5},"title":"De la NASA al uso cotidiano: la tecnolog\u00eda que existe gracias al programa espacial","author":"admin","date":"17 julio, 2019","format":false,"excerpt":"Estas son algunas de las tecnolog\u00edas que se inventaron para el proyecto espacial y luego fueron aplicadas para la vida cotidiana En septiembre de 1962, durante un discurso que John F. Keneddy dio en la Universidad de Rice en Houston, Texas, el presidente de Estados Unidos anunci\u00f3 que su pa\u00eds\u2026","rel":"","context":"En \u00abTransformaci\u00f3n digital\u00bb","block_context":{"text":"Transformaci\u00f3n digital","link":"http:\/\/ccnews.com.ar\/prensa\/category\/transformacion-digital\/"},"img":{"alt_text":"","src":"https:\/\/i0.wp.com\/ccnews.com.ar\/prensa\/wp-content\/uploads\/2019\/07\/liftoff_0.jpg?fit=1200%2C675&resize=350%2C200","width":350,"height":200,"srcset":"https:\/\/i0.wp.com\/ccnews.com.ar\/prensa\/wp-content\/uploads\/2019\/07\/liftoff_0.jpg?fit=1200%2C675&resize=350%2C200 1x, https:\/\/i0.wp.com\/ccnews.com.ar\/prensa\/wp-content\/uploads\/2019\/07\/liftoff_0.jpg?fit=1200%2C675&resize=525%2C300 1,5x, https:\/\/i0.wp.com\/ccnews.com.ar\/prensa\/wp-content\/uploads\/2019\/07\/liftoff_0.jpg?fit=1200%2C675&resize=700%2C400 2x, https:\/\/i0.wp.com\/ccnews.com.ar\/prensa\/wp-content\/uploads\/2019\/07\/liftoff_0.jpg?fit=1200%2C675&resize=1050%2C600 3x"},"classes":[]}],"jetpack_sharing_enabled":true,"_links":{"self":[{"href":"http:\/\/ccnews.com.ar\/prensa\/wp-json\/wp\/v2\/posts\/12187","targetHints":{"allow":["GET"]}}],"collection":[{"href":"http:\/\/ccnews.com.ar\/prensa\/wp-json\/wp\/v2\/posts"}],"about":[{"href":"http:\/\/ccnews.com.ar\/prensa\/wp-json\/wp\/v2\/types\/post"}],"author":[{"embeddable":true,"href":"http:\/\/ccnews.com.ar\/prensa\/wp-json\/wp\/v2\/users\/2"}],"replies":[{"embeddable":true,"href":"http:\/\/ccnews.com.ar\/prensa\/wp-json\/wp\/v2\/comments?post=12187"}],"version-history":[{"count":3,"href":"http:\/\/ccnews.com.ar\/prensa\/wp-json\/wp\/v2\/posts\/12187\/revisions"}],"predecessor-version":[{"id":12195,"href":"http:\/\/ccnews.com.ar\/prensa\/wp-json\/wp\/v2\/posts\/12187\/revisions\/12195"}],"wp:featuredmedia":[{"embeddable":true,"href":"http:\/\/ccnews.com.ar\/prensa\/wp-json\/wp\/v2\/media\/12189"}],"wp:attachment":[{"href":"http:\/\/ccnews.com.ar\/prensa\/wp-json\/wp\/v2\/media?parent=12187"}],"wp:term":[{"taxonomy":"category","embeddable":true,"href":"http:\/\/ccnews.com.ar\/prensa\/wp-json\/wp\/v2\/categories?post=12187"},{"taxonomy":"post_tag","embeddable":true,"href":"http:\/\/ccnews.com.ar\/prensa\/wp-json\/wp\/v2\/tags?post=12187"}],"curies":[{"name":"wp","href":"https:\/\/api.w.org\/{rel}","templated":true}]}}