{"id":12323,"date":"2019-07-26T08:57:53","date_gmt":"2019-07-26T11:57:53","guid":{"rendered":"http:\/\/ccnews.com.ar\/prensa\/?p=12323"},"modified":"2019-07-26T09:02:45","modified_gmt":"2019-07-26T12:02:45","slug":"la-unlp-lanza-la-primera-carrera-de-ingenieria-aeroespacial-del-pais","status":"publish","type":"post","link":"http:\/\/ccnews.com.ar\/prensa\/la-unlp-lanza-la-primera-carrera-de-ingenieria-aeroespacial-del-pais\/","title":{"rendered":"La UNLP lanza la primera carrera de Ingenier\u00eda Aeroespacial del pa\u00eds"},"content":{"rendered":"\n<p><strong>La Facultad de Ingenier\u00eda de la Universidad Nacional de La Plata ser\u00e1 la primera casa de estudios del pa\u00eds en dictar la carrera de Ingenier\u00eda Aeroespacial. La novedad quedar\u00e1 plasmada a partir del ciclo lectivo 2020<\/strong>.<\/p>\n\n\n\n<p>La Universidad Nacional de La Plata ser\u00e1 la primera\nuniversidad del pa\u00eds en tener la carrera de Ingenier\u00eda Aeroespacial. Esta\niniciativa busca formar profesionales capacitados en dise\u00f1ar, calcular y\nproyectar aeronaves, veh\u00edculos espaciales y toda m\u00e1quina de vuelo, plantas\npropulsoras y auxiliares aeron\u00e1uticas y espaciales, sistemas de control\naeron\u00e1uticos e instalaciones aeroportuarias.<\/p>\n\n\n\n<p>Cabe destacar que la Facultad de Ingenier\u00eda de la UNLP, a\ntrav\u00e9s del Departamento de Aeron\u00e1utica, ha sido un engranaje vital para el\ndesarrollo espacial del pa\u00eds. Las investigaciones en motores cohetes y la\nparticipaci\u00f3n en proyectos sobre sat\u00e9lites y misiles autopropulsados, dan\ncuenta de ese protagonismo.<\/p>\n\n\n\n<figure class=\"wp-block-image\"><img data-recalc-dims=\"1\" loading=\"lazy\" decoding=\"async\" width=\"640\" height=\"427\" data-attachment-id=\"12331\" data-permalink=\"http:\/\/ccnews.com.ar\/prensa\/la-unlp-lanza-la-primera-carrera-de-ingenieria-aeroespacial-del-pais\/20190722131834_medium-cc5776f372025d8830f77b55485ccd8f\/\" data-orig-file=\"https:\/\/i0.wp.com\/ccnews.com.ar\/prensa\/wp-content\/uploads\/2019\/07\/20190722131834_medium-cc5776f372025d8830f77b55485ccd8f.jpg?fit=640%2C427\" data-orig-size=\"640,427\" data-comments-opened=\"0\" data-image-meta=\"{&quot;aperture&quot;:&quot;0&quot;,&quot;credit&quot;:&quot;&quot;,&quot;camera&quot;:&quot;&quot;,&quot;caption&quot;:&quot;&quot;,&quot;created_timestamp&quot;:&quot;0&quot;,&quot;copyright&quot;:&quot;&quot;,&quot;focal_length&quot;:&quot;0&quot;,&quot;iso&quot;:&quot;0&quot;,&quot;shutter_speed&quot;:&quot;0&quot;,&quot;title&quot;:&quot;&quot;,&quot;orientation&quot;:&quot;0&quot;}\" data-image-title=\"20190722131834_medium-cc5776f372025d8830f77b55485ccd8f\" data-image-description=\"\" data-image-caption=\"\" data-large-file=\"https:\/\/i0.wp.com\/ccnews.com.ar\/prensa\/wp-content\/uploads\/2019\/07\/20190722131834_medium-cc5776f372025d8830f77b55485ccd8f.jpg?fit=640%2C427\" src=\"https:\/\/i0.wp.com\/ccnews.com.ar\/prensa\/wp-content\/uploads\/2019\/07\/20190722131834_medium-cc5776f372025d8830f77b55485ccd8f.jpg?resize=640%2C427\" alt=\"\" class=\"wp-image-12331\" srcset=\"https:\/\/i0.wp.com\/ccnews.com.ar\/prensa\/wp-content\/uploads\/2019\/07\/20190722131834_medium-cc5776f372025d8830f77b55485ccd8f.jpg?w=640 640w, https:\/\/i0.wp.com\/ccnews.com.ar\/prensa\/wp-content\/uploads\/2019\/07\/20190722131834_medium-cc5776f372025d8830f77b55485ccd8f.jpg?resize=300%2C200 300w\" sizes=\"auto, (max-width: 640px) 100vw, 640px\" \/><\/figure>\n\n\n\n<p>La iniciativa prev\u00e9 que los alcances profesionales y el perfil del egresado se vean reflejados en el t\u00edtulo. Al mismo tiempo, pretende que los alumnos tomen contacto con el \u00e1rea desde el primer a\u00f1o.<\/p>\n\n\n\n<p>Fuente: Infocielo<\/p>\n<!-- AddThis Advanced Settings generic via filter on the_content -->","protected":false},"excerpt":{"rendered":"<p>La Facultad de Ingenier\u00eda de la Universidad Nacional de La Plata ser\u00e1 la primera casa de estudios del pa\u00eds en<!-- AddThis Advanced Settings generic via filter on get_the_excerpt --><\/p>\n","protected":false},"author":1,"featured_media":12333,"comment_status":"closed","ping_status":"closed","sticky":false,"template":"","format":"standard","meta":{"colormag_page_container_layout":"default_layout","colormag_page_sidebar_layout":"default_layout","jetpack_post_was_ever_published":false,"_jetpack_newsletter_access":"","_jetpack_dont_email_post_to_subs":false,"_jetpack_newsletter_tier_id":0,"_jetpack_memberships_contains_paywalled_content":false,"_jetpack_memberships_contains_paid_content":false,"footnotes":"","jetpack_publicize_message":"#BuenViernes #Ingenier\u00eda La UNLP lanza la primera carrera de Ingenier\u00eda Aeroespacial del pa\u00eds","jetpack_publicize_feature_enabled":true,"jetpack_social_post_already_shared":true,"jetpack_social_options":{"image_generator_settings":{"template":"highway","default_image_id":0,"font":"","enabled":false},"version":2}},"categories":[3],"tags":[17],"class_list":["post-12323","post","type-post","status-publish","format-standard","has-post-thumbnail","hentry","category-sustentabilidad","tag-otros-medios"],"jetpack_publicize_connections":[],"jetpack_featured_media_url":"https:\/\/i0.wp.com\/ccnews.com.ar\/prensa\/wp-content\/uploads\/2019\/07\/20190722131902_medium-e17dfd842e887a6130d44bfe53f867f8.jpg?fit=887%2C554","jetpack_shortlink":"https:\/\/wp.me\/p7L1gj-3cL","jetpack-related-posts":[{"id":7993,"url":"http:\/\/ccnews.com.ar\/prensa\/en-ingenieria-estudian-como-darle-seguridad-a-ninos-y-bebes-cuando-viajan-en-auto\/","url_meta":{"origin":12323,"position":0},"title":"En Ingenier\u00eda estudian c\u00f3mo darle seguridad a ni\u00f1os y beb\u00e9s cuando viajan en auto","author":"admin","date":"5 junio, 2018","format":false,"excerpt":"Las cifras alarman, s\u00f3lo el a\u00f1o pasado murieron 432 chicos menores de 9 a\u00f1os en accidentes de tr\u00e1nsito. El grupo GEMA, del Departamento de Aeron\u00e1utica, ser\u00e1 el primer laboratorio del pa\u00eds con capacidad para realizar ensayos que constaten la seguridad de los asientos para menores de uso obligatorio en autom\u00f3viles.\u2026","rel":"","context":"En \u00abSustentabilidad\u00bb","block_context":{"text":"Sustentabilidad","link":"http:\/\/ccnews.com.ar\/prensa\/category\/sustentabilidad\/"},"img":{"alt_text":"","src":"https:\/\/i0.wp.com\/ccnews.com.ar\/prensa\/wp-content\/uploads\/2018\/06\/20180529094418_.2.jpg?fit=680%2C453&resize=350%2C200","width":350,"height":200,"srcset":"https:\/\/i0.wp.com\/ccnews.com.ar\/prensa\/wp-content\/uploads\/2018\/06\/20180529094418_.2.jpg?fit=680%2C453&resize=350%2C200 1x, https:\/\/i0.wp.com\/ccnews.com.ar\/prensa\/wp-content\/uploads\/2018\/06\/20180529094418_.2.jpg?fit=680%2C453&resize=525%2C300 1,5x"},"classes":[]},{"id":7473,"url":"http:\/\/ccnews.com.ar\/prensa\/la-facultad-de-ingenieria-de-la-uba-incorporo-la-tecnologia-blockchain-a-su-programa-educativo\/","url_meta":{"origin":12323,"position":1},"title":"La Facultad de Ingenier\u00eda de la UBA incorpor\u00f3 la tecnolog\u00eda Blockchain a su programa educativo","author":"admin","date":"13 abril, 2018","format":false,"excerpt":"Los contenidos, desarrollados junto a la firma de tecnolog\u00eda argentina RSK, se ense\u00f1an desde este cuatrimestre en la carrera de Ingenier\u00eda en Inform\u00e1tica La Facultad de\u00a0Ingenier\u00eda\u00a0de la UBA, con la colaboraci\u00f3n de la firma de tecnolog\u00eda RSK, incorpor\u00f3 este cuatrimestre\u00a0contenidos\u00a0relacionados con\u00a0nuevas tecnolog\u00edas basadas en\u00a0Blockchain\u00a0en materias de la carrera de\u00a0Ingenier\u00eda\u00a0en Inform\u00e1tica.\"Para\u2026","rel":"","context":"En \u00abTransformaci\u00f3n digital\u00bb","block_context":{"text":"Transformaci\u00f3n digital","link":"http:\/\/ccnews.com.ar\/prensa\/category\/transformacion-digital\/"},"img":{"alt_text":"","src":"https:\/\/i0.wp.com\/ccnews.com.ar\/prensa\/wp-content\/uploads\/2018\/04\/440861.jpg?fit=630%2C460&resize=350%2C200","width":350,"height":200,"srcset":"https:\/\/i0.wp.com\/ccnews.com.ar\/prensa\/wp-content\/uploads\/2018\/04\/440861.jpg?fit=630%2C460&resize=350%2C200 1x, https:\/\/i0.wp.com\/ccnews.com.ar\/prensa\/wp-content\/uploads\/2018\/04\/440861.jpg?fit=630%2C460&resize=525%2C300 1,5x"},"classes":[]},{"id":15132,"url":"http:\/\/ccnews.com.ar\/prensa\/ingenieria-contra-la-pandemia-de-coronavirus\/","url_meta":{"origin":12323,"position":2},"title":"Ingenier\u00eda contra la pandemia de coronavirus","author":"admin","date":"5 abril, 2020","format":false,"excerpt":"Frente al coronavirus, universidades p\u00fablicas de todo el pa\u00eds coordinan distintas l\u00edneas de acci\u00f3n y ponen a disposici\u00f3n del Estado sus recursos y capacidades para reducir el contagio y reforzar el sistema sanitario. La log\u00edstica avanza contrarreloj. Cient\u00edficos, m\u00e9dicos e investigadores multiplican sus esfuerzos para dar respuesta a una futura\u2026","rel":"","context":"En \u00abCovid-19\u00bb","block_context":{"text":"Covid-19","link":"http:\/\/ccnews.com.ar\/prensa\/category\/covid-19\/"},"img":{"alt_text":"","src":"https:\/\/i0.wp.com\/ccnews.com.ar\/prensa\/wp-content\/uploads\/2020\/04\/whatsapp-image-2020-03-30-at-11-17-17.jpg?fit=960%2C640&resize=350%2C200","width":350,"height":200,"srcset":"https:\/\/i0.wp.com\/ccnews.com.ar\/prensa\/wp-content\/uploads\/2020\/04\/whatsapp-image-2020-03-30-at-11-17-17.jpg?fit=960%2C640&resize=350%2C200 1x, https:\/\/i0.wp.com\/ccnews.com.ar\/prensa\/wp-content\/uploads\/2020\/04\/whatsapp-image-2020-03-30-at-11-17-17.jpg?fit=960%2C640&resize=525%2C300 1,5x, https:\/\/i0.wp.com\/ccnews.com.ar\/prensa\/wp-content\/uploads\/2020\/04\/whatsapp-image-2020-03-30-at-11-17-17.jpg?fit=960%2C640&resize=700%2C400 2x"},"classes":[]},{"id":376,"url":"http:\/\/ccnews.com.ar\/prensa\/crece-la-oferta-de-licenciaturas-para-formar-profesionales-de-ti\/","url_meta":{"origin":12323,"position":3},"title":"Crece la oferta de licenciaturas para formar profesionales de TI","author":"CLUSTERciar","date":"5 abril, 2016","format":false,"excerpt":"Perfiles\u00a0Adem\u00e1s de las ingenier\u00edas, hay nuevas licenciaturas en Inform\u00e1tica, con m\u00e1s foco en software y en gesti\u00f3n. Con el lanzamiento de nuevas licenciaturas se consolida la tendencia a la formaci\u00f3n de profesionales en Inform\u00e1tica con perfiles m\u00e1s alineados a las necesidades de esa industria, un sector donde quedan 5.000 puestos\u2026","rel":"","context":"En \u00abTransformaci\u00f3n digital\u00bb","block_context":{"text":"Transformaci\u00f3n digital","link":"http:\/\/ccnews.com.ar\/prensa\/category\/transformacion-digital\/"},"img":{"alt_text":"","src":"","width":0,"height":0},"classes":[]},{"id":1407,"url":"http:\/\/ccnews.com.ar\/prensa\/probaron-con-exito-micro-electrico-creado-por-ingenieria\/","url_meta":{"origin":12323,"position":4},"title":"Probaron con \u00e9xito micro el\u00e9ctrico creado por Ingenier\u00eda","author":"CLUSTERciar","date":"1 septiembre, 2016","format":false,"excerpt":"Desde la unidad acad\u00e9mica de 1 y 47 estiman que a fin de mes comenzar\u00e1 a trasladar a alumnos y docentes por la zona del ex BIM 3. Se trata de un veh\u00edculo impulsado por una bater\u00eda de litio \u00a0En unos d\u00edas comenzar\u00e1 a funcionar un micro impulsado por una\u2026","rel":"","context":"En \u00abSustentabilidad\u00bb","block_context":{"text":"Sustentabilidad","link":"http:\/\/ccnews.com.ar\/prensa\/category\/sustentabilidad\/"},"img":{"alt_text":"Foto: Dolores Ripoll ","src":"https:\/\/i0.wp.com\/estatico.eldia.com\/frontend\/media\/42\/220942\/big_5387f03afd469b26539d38ed1f66a244.jpg?resize=350%2C200","width":350,"height":200},"classes":[]},{"id":14958,"url":"http:\/\/ccnews.com.ar\/prensa\/como-la-ingenieria-colabora-para-paliar-el-coronavirus-el-caso-de-la-uner\/","url_meta":{"origin":12323,"position":5},"title":"\u00bfC\u00f3mo la Ingenier\u00eda colabora para paliar el coronavirus? El caso de la UNER","author":"admin","date":"21 marzo, 2020","format":false,"excerpt":"El Covid 19, m\u00e1s conocido como Coronavirus, puso en emergencia sanitaria a todos los pa\u00edses del mundo, incluida la Argentina. En medio de la cuarentena dispuesta por el Gobierno Nacional, el rol de las universidades comenz\u00f3 a cobrar gran relevancia una vez m\u00e1s. Y no solo desde \u00e1reas exclusivamente de\u2026","rel":"","context":"En \u00abCovid-19\u00bb","block_context":{"text":"Covid-19","link":"http:\/\/ccnews.com.ar\/prensa\/category\/covid-19\/"},"img":{"alt_text":"","src":"https:\/\/i0.wp.com\/ccnews.com.ar\/prensa\/wp-content\/uploads\/2020\/03\/1579928257_278133_1579955776_noticia_fotograma.jpg?fit=980%2C552&resize=350%2C200","width":350,"height":200,"srcset":"https:\/\/i0.wp.com\/ccnews.com.ar\/prensa\/wp-content\/uploads\/2020\/03\/1579928257_278133_1579955776_noticia_fotograma.jpg?fit=980%2C552&resize=350%2C200 1x, https:\/\/i0.wp.com\/ccnews.com.ar\/prensa\/wp-content\/uploads\/2020\/03\/1579928257_278133_1579955776_noticia_fotograma.jpg?fit=980%2C552&resize=525%2C300 1,5x, https:\/\/i0.wp.com\/ccnews.com.ar\/prensa\/wp-content\/uploads\/2020\/03\/1579928257_278133_1579955776_noticia_fotograma.jpg?fit=980%2C552&resize=700%2C400 2x"},"classes":[]}],"jetpack_sharing_enabled":true,"_links":{"self":[{"href":"http:\/\/ccnews.com.ar\/prensa\/wp-json\/wp\/v2\/posts\/12323","targetHints":{"allow":["GET"]}}],"collection":[{"href":"http:\/\/ccnews.com.ar\/prensa\/wp-json\/wp\/v2\/posts"}],"about":[{"href":"http:\/\/ccnews.com.ar\/prensa\/wp-json\/wp\/v2\/types\/post"}],"author":[{"embeddable":true,"href":"http:\/\/ccnews.com.ar\/prensa\/wp-json\/wp\/v2\/users\/1"}],"replies":[{"embeddable":true,"href":"http:\/\/ccnews.com.ar\/prensa\/wp-json\/wp\/v2\/comments?post=12323"}],"version-history":[{"count":1,"href":"http:\/\/ccnews.com.ar\/prensa\/wp-json\/wp\/v2\/posts\/12323\/revisions"}],"predecessor-version":[{"id":12335,"href":"http:\/\/ccnews.com.ar\/prensa\/wp-json\/wp\/v2\/posts\/12323\/revisions\/12335"}],"wp:featuredmedia":[{"embeddable":true,"href":"http:\/\/ccnews.com.ar\/prensa\/wp-json\/wp\/v2\/media\/12333"}],"wp:attachment":[{"href":"http:\/\/ccnews.com.ar\/prensa\/wp-json\/wp\/v2\/media?parent=12323"}],"wp:term":[{"taxonomy":"category","embeddable":true,"href":"http:\/\/ccnews.com.ar\/prensa\/wp-json\/wp\/v2\/categories?post=12323"},{"taxonomy":"post_tag","embeddable":true,"href":"http:\/\/ccnews.com.ar\/prensa\/wp-json\/wp\/v2\/tags?post=12323"}],"curies":[{"name":"wp","href":"https:\/\/api.w.org\/{rel}","templated":true}]}}