{"id":12396,"date":"2019-08-03T08:00:48","date_gmt":"2019-08-03T11:00:48","guid":{"rendered":"http:\/\/ccnews.com.ar\/prensa\/?p=12396"},"modified":"2019-08-02T16:24:12","modified_gmt":"2019-08-02T19:24:12","slug":"cuales-son-las-claves-que-determinan-quien-es-el-mejor-candidato-para-cubrir-un-puesto","status":"publish","type":"post","link":"http:\/\/ccnews.com.ar\/prensa\/cuales-son-las-claves-que-determinan-quien-es-el-mejor-candidato-para-cubrir-un-puesto\/","title":{"rendered":"Cu\u00e1les son las claves que determinan qui\u00e9n es el mejor candidato para cubrir un puesto"},"content":{"rendered":"\n<p><strong>Un estudio realizado por LinkedIn revel\u00f3 las 47 claves para encontrar a la persona indicada sin renunciar a la calidad en el af\u00e1n de cubrir el puesto de trabajo. Desde la descripci\u00f3n del empleo a realizar el seguimiento de la entrevista, cu\u00e1les son y por qu\u00e9 son tan importantes.<\/strong><\/p>\n\n\n\n<p>La b\u00fasqueda de un empleo es, sin dudas, uno de los procesos\nm\u00e1s complejos y cargados de emociones para el candidato a un puesto de trabajo.\nSin embargo, muchas veces, la experiencia durante la entrevista laboral no\ntermina siendo fruct\u00edfera para ninguna de las partes, ya sea porque la\ndescripci\u00f3n del puesto estaba mal especificada, o porque el candidato no estaba\npreparado.<\/p>\n\n\n\n<p>En este contexto, un informe realizado por LinkedIn revel\u00f3\nlos 47 trucos para contratar al candidato ideal con eficacia con el fin de\nabordar las herramientas y t\u00e9cnicas para que el proceso no sea una desilusi\u00f3n\npara el que asiste a la entrevista.<\/p>\n\n\n\n<p>De este modo, algunas de las claves a tener en cuenta para\nque el proceso sea fruct\u00edfero son:<\/p>\n\n\n\n<p>Al momento de postularse en la b\u00fasqueda de un empleo, los\nfactores que suelen tenerse en cuenta adem\u00e1s del curriculum vitae, la carta de\npresentaci\u00f3n o alguna recomendaci\u00f3n de alg\u00fan jefe anterior es la de pretensi\u00f3n\nsalarial.<\/p>\n\n\n\n<p>De acuerdo a la investigaci\u00f3n, dar a los candidatos la\nposibilidad de elegir el salario es una de las ventajas de incluir el rango\nsalarial. Tambi\u00e9n puede animar a los candidatos menos representados a enviar\nuna solicitud, ya que de esta manera tendr\u00e1n la certeza de recibir una\nremuneraci\u00f3n justa.<\/p>\n\n\n\n<p><strong>Candidatos informados<\/strong><\/p>\n\n\n\n<p>De acuerdo a la investigaci\u00f3n, un 65% de los candidatos\nconsulta el sitio web de la empresa al prepararse para una entrevista. Lo\ncierto es que el proceso de entrevistas suele ser m\u00e1s fluido cuando los\ncandidatos saben en qu\u00e9 consiste antes siquiera de entrar por la puerta. Una\nforma de dejar claras las expectativas es describir el proceso en el sitio web\nde empleo.<\/p>\n\n\n\n<p>Por otro lado, un 53% de los candidatos a un puesto de\ntrabajo quieren que les expliquen claramente qu\u00e9 esperar del proceso de\nselecci\u00f3n. Una vez que los candidatos son contactados para ir a la entrevista\nlaboral, los resultados son m\u00e1s efectivos cuando se les especifica lo que\nnecesitan llevar a la entrevista (por ejemplo, el curr\u00edculum o un muestrario de\nproyectos) y lo que se espera de ellos. \u00bfTienen que registrarse cuando lleguen?\nY si es as\u00ed, \u00bfd\u00f3nde? \u00bfQu\u00e9 tipo de preguntas se les va a hacer?<\/p>\n\n\n\n<p>Otro punto muy importante para automatizar u optimizar los\naspectos m\u00e1s tediosos de la selecci\u00f3n de personal es que de este modo se puede\ncentrar en conseguir candidatos con potencial y ofrecer una experiencia de\ncontrataci\u00f3n excepcional.<\/p>\n\n\n\n<p><strong>La motivaci\u00f3n de los\ncandidatos <\/strong><\/p>\n\n\n\n<p>Aquellos que asistieron a la entrevista quieren saber en qu\u00e9\nsituaci\u00f3n se encuentran. Los mensajes de seguimiento frecuentes les dan tranquilidad,\nmantienen su motivaci\u00f3n y evitan que empiecen a buscar en otro lado. De este\nmodo, informarles en qu\u00e9 situaci\u00f3n del proceso se encuentran dejar\u00e1 entrever la\ncultura de la organizaci\u00f3n que los valora.<\/p>\n\n\n\n<p><strong>De candidato a\nempleado<\/strong><\/p>\n\n\n\n<p>La transici\u00f3n luego de la entrevista laboral es algo que no\nse debe dejar al azar. De este modo, fomentar que los nuevos empleados para que\nse sientan como en casa desde el primer d\u00eda con una simple encuesta una forma\nsencilla de estar atentos y ayudarlos a que se integren en el equipo.<\/p>\n\n\n\n<p>Encontrar a los mejores candidatos, guiarlos por el proceso de selecci\u00f3n y ofrecerles una experiencia impecable requiere tiempo y esfuerzo. De este modo, la planificaci\u00f3n ayudar\u00e1 a que la experiencia de contrataci\u00f3n sea m\u00e1s eficiente sin renunciar a la calidad de los candidatos.<\/p>\n\n\n\n<p>Fuente: Infobae<\/p>\n<!-- AddThis Advanced Settings generic via filter on the_content -->","protected":false},"excerpt":{"rendered":"<p>Un estudio realizado por LinkedIn revel\u00f3 las 47 claves para encontrar a la persona indicada sin renunciar a la calidad<!-- AddThis Advanced Settings generic via filter on get_the_excerpt --><\/p>\n","protected":false},"author":1,"featured_media":12398,"comment_status":"closed","ping_status":"closed","sticky":false,"template":"","format":"standard","meta":{"colormag_page_container_layout":"default_layout","colormag_page_sidebar_layout":"default_layout","jetpack_post_was_ever_published":false,"_jetpack_newsletter_access":"","_jetpack_dont_email_post_to_subs":false,"_jetpack_newsletter_tier_id":0,"_jetpack_memberships_contains_paywalled_content":false,"_jetpack_memberships_contains_paid_content":false,"footnotes":"","jetpack_publicize_message":"#Management Cu\u00e1les son las claves que determinan qui\u00e9n es el mejor candidato para cubrir un puesto","jetpack_publicize_feature_enabled":true,"jetpack_social_post_already_shared":true,"jetpack_social_options":{"image_generator_settings":{"template":"highway","default_image_id":0,"font":"","enabled":false},"version":2}},"categories":[7],"tags":[17],"class_list":["post-12396","post","type-post","status-publish","format-standard","has-post-thumbnail","hentry","category-management","tag-otros-medios"],"jetpack_publicize_connections":[],"jetpack_featured_media_url":"https:\/\/i0.wp.com\/ccnews.com.ar\/prensa\/wp-content\/uploads\/2019\/08\/Fotolia_58030626_Subscription_Monthly_M.jpg?fit=1200%2C900","jetpack_shortlink":"https:\/\/wp.me\/p7L1gj-3dW","jetpack-related-posts":[{"id":1605,"url":"http:\/\/ccnews.com.ar\/prensa\/tres-metodos-poco-ortodoxos-para-contratar-nuevos-empleados\/","url_meta":{"origin":12396,"position":0},"title":"Tres m\u00e9todos poco ortodoxos para contratar nuevos empleados","author":"CLUSTERciar","date":"19 septiembre, 2016","format":false,"excerpt":"A trav\u00e9s de formas alternativas de selecci\u00f3n, los reclutadores pueden darse cuenta si un candidato encajar\u00e1 o no en el puesto requerido Lograr que un postulante a un puesto de trabajo se \"saque el cassette\" y muestre su verdadero ser es uno de los retos m\u00e1s dif\u00edciles para quienes se\u2026","rel":"","context":"En \u00abManagement\u00bb","block_context":{"text":"Management","link":"http:\/\/ccnews.com.ar\/prensa\/category\/management\/"},"img":{"alt_text":"","src":"","width":0,"height":0},"classes":[]},{"id":2253,"url":"http:\/\/ccnews.com.ar\/prensa\/argentina-es-el-septimo-pais-con-mayor-escasez-de-talento-en-el-mundo-y-el-primero-en-la-region\/","url_meta":{"origin":12396,"position":1},"title":"Argentina es el s\u00e9ptimo pa\u00eds con mayor escasez de talento en el mundo y el primero en la regi\u00f3n","author":"CLUSTERciar","date":"15 noviembre, 2016","format":false,"excerpt":"El 59% de los empleadores locales manifiestan tener problemas para cubrir las vacantes disponibles. Cu\u00e1les son los puestos m\u00e1s dif\u00edciles En\u00a0la Argentina, pese que las cifras de desempleo contin\u00faan siendo altas, seis de cada 10 reclutadores de personal manifiestan dificultades para cubrir los puestos vacantes. El 59% de los seleccionadores\u2026","rel":"","context":"En \u00abEducaci\u00f3n\/Sociedad\u00bb","block_context":{"text":"Educaci\u00f3n\/Sociedad","link":"http:\/\/ccnews.com.ar\/prensa\/category\/educacion-sociedad\/"},"img":{"alt_text":"","src":"https:\/\/i0.wp.com\/ccnews.com.ar\/prensa\/wp-content\/uploads\/2016\/11\/436575.jpg?fit=630%2C460&resize=350%2C200","width":350,"height":200,"srcset":"https:\/\/i0.wp.com\/ccnews.com.ar\/prensa\/wp-content\/uploads\/2016\/11\/436575.jpg?fit=630%2C460&resize=350%2C200 1x, https:\/\/i0.wp.com\/ccnews.com.ar\/prensa\/wp-content\/uploads\/2016\/11\/436575.jpg?fit=630%2C460&resize=525%2C300 1,5x"},"classes":[]},{"id":8331,"url":"http:\/\/ccnews.com.ar\/prensa\/cuales-son-las-vacantes-laborales-mas-dificiles-de-cubrir-en-la-argentina\/","url_meta":{"origin":12396,"position":2},"title":"\u00bfCu\u00e1les son las vacantes laborales m\u00e1s dif\u00edciles de cubrir en la Argentina?","author":"CLUSTERciar","date":"19 julio, 2018","format":false,"excerpt":"La escasez de talento decreci\u00f3 en el pa\u00eds en los \u00faltimos dos a\u00f1os, pero sigue siendo la m\u00e1s alta de la regi\u00f3n y una de las mayores a nivel global. En todos los pa\u00edses hay\u00a0\"figuritas dif\u00edciles\"\u00a0de encontrar en el mercado laboral. Y\u00a0no son solo\u00a0los\u00a0programadores\u00a0y otros talentos digitales. Meses atr\u00e1s, una\u2026","rel":"","context":"En \u00abManagement\u00bb","block_context":{"text":"Management","link":"http:\/\/ccnews.com.ar\/prensa\/category\/management\/"},"img":{"alt_text":"","src":"https:\/\/i0.wp.com\/ccnews.com.ar\/prensa\/wp-content\/uploads\/2018\/07\/422036.jpg?fit=630%2C460&resize=350%2C200","width":350,"height":200,"srcset":"https:\/\/i0.wp.com\/ccnews.com.ar\/prensa\/wp-content\/uploads\/2018\/07\/422036.jpg?fit=630%2C460&resize=350%2C200 1x, https:\/\/i0.wp.com\/ccnews.com.ar\/prensa\/wp-content\/uploads\/2018\/07\/422036.jpg?fit=630%2C460&resize=525%2C300 1,5x"},"classes":[]},{"id":5035,"url":"http:\/\/ccnews.com.ar\/prensa\/las-10-preguntas-que-sacan-de-quicio-a-los-candidatos-en-una-entrevista-de-trabajo\/","url_meta":{"origin":12396,"position":3},"title":"Las 10 preguntas que sacan de quicio a los candidatos en una entrevista de trabajo","author":"CLUSTERciar","date":"28 agosto, 2017","format":false,"excerpt":"En esta instancia de un proceso de selecci\u00f3n de personal, el reclutador pone al postulante en situaciones inc\u00f3modas para comprobar sus capacidades. Superar una\u00a0entrevista\u00a0cara a cara es un requisito imprescindible para ser contratado y\u00a0conseguir\u00a0cualquier\u00a0puesto de trabajo. Y muchas veces, atravesar esta instancia implica para los postulantes\u00a0responder\u00a0a cuestiones que pretenden\u00a0ponerlos contra\u2026","rel":"","context":"En \u00abManagement\u00bb","block_context":{"text":"Management","link":"http:\/\/ccnews.com.ar\/prensa\/category\/management\/"},"img":{"alt_text":"","src":"https:\/\/i0.wp.com\/ccnews.com.ar\/prensa\/wp-content\/uploads\/2017\/08\/430387.jpg?fit=630%2C460&resize=350%2C200","width":350,"height":200,"srcset":"https:\/\/i0.wp.com\/ccnews.com.ar\/prensa\/wp-content\/uploads\/2017\/08\/430387.jpg?fit=630%2C460&resize=350%2C200 1x, https:\/\/i0.wp.com\/ccnews.com.ar\/prensa\/wp-content\/uploads\/2017\/08\/430387.jpg?fit=630%2C460&resize=525%2C300 1,5x"},"classes":[]},{"id":2291,"url":"http:\/\/ccnews.com.ar\/prensa\/facebook-sale-a-competir-con-linkedin-para-las-busquedas-de-trabajo\/","url_meta":{"origin":12396,"position":4},"title":"Facebook sale a competir con LinkedIn para las b\u00fasquedas de trabajo","author":"CLUSTERciar","date":"20 noviembre, 2016","format":false,"excerpt":"La compa\u00f1\u00eda est\u00e1 probando una funci\u00f3n que permitir\u00e1 a las empresas publicar ofertas laborales en sus perfiles oficiales Es sabido por muchos que cada vez son m\u00e1s las empresas que comprueban el perfil de sus postulantes en Facebook. Y gran parte de las agencias de empleo analizan la informaci\u00f3n registrada\u2026","rel":"","context":"En \u00abManagement\u00bb","block_context":{"text":"Management","link":"http:\/\/ccnews.com.ar\/prensa\/category\/management\/"},"img":{"alt_text":"","src":"https:\/\/i0.wp.com\/ccnews.com.ar\/prensa\/wp-content\/uploads\/2016\/11\/Linkedin-vs-Facebook-B2B.png?fit=560%2C350&resize=350%2C200","width":350,"height":200,"srcset":"https:\/\/i0.wp.com\/ccnews.com.ar\/prensa\/wp-content\/uploads\/2016\/11\/Linkedin-vs-Facebook-B2B.png?fit=560%2C350&resize=350%2C200 1x, https:\/\/i0.wp.com\/ccnews.com.ar\/prensa\/wp-content\/uploads\/2016\/11\/Linkedin-vs-Facebook-B2B.png?fit=560%2C350&resize=525%2C300 1,5x"},"classes":[]},{"id":3321,"url":"http:\/\/ccnews.com.ar\/prensa\/gestion-de-las-personas-nuevas-tecnicas-de-seleccion-y-reclutamiento\/","url_meta":{"origin":12396,"position":5},"title":"Gesti\u00f3n de las personas: nuevas t\u00e9cnicas de selecci\u00f3n y reclutamiento","author":"CLUSTERciar","date":"21 febrero, 2017","format":false,"excerpt":"Paula Urquiza, Responsable de Empleos, Capacitaci\u00f3n y Desarrollo del CLUSTERciar, nos cuenta sobre el reclutamiento de personal. Cuando hablamos de la selecci\u00f3n de los empleados, nos referimos a una serie de tareas realizadas para captar y atraer candidatos, los cuales deben cumplir con ciertos requisitos para ocupar puestos dentro de\u2026","rel":"","context":"En \u00abManagement\u00bb","block_context":{"text":"Management","link":"http:\/\/ccnews.com.ar\/prensa\/category\/management\/"},"img":{"alt_text":"hiring_banner_600x100","src":"https:\/\/i0.wp.com\/clusterciarnews.com.ar\/prensa\/wp-content\/uploads\/2017\/02\/hiring_banner_600x100.gif?resize=350%2C200","width":350,"height":200,"srcset":"https:\/\/i0.wp.com\/clusterciarnews.com.ar\/prensa\/wp-content\/uploads\/2017\/02\/hiring_banner_600x100.gif?resize=350%2C200 1x, https:\/\/i0.wp.com\/clusterciarnews.com.ar\/prensa\/wp-content\/uploads\/2017\/02\/hiring_banner_600x100.gif?resize=525%2C300 1,5x"},"classes":[]}],"jetpack_sharing_enabled":true,"_links":{"self":[{"href":"http:\/\/ccnews.com.ar\/prensa\/wp-json\/wp\/v2\/posts\/12396","targetHints":{"allow":["GET"]}}],"collection":[{"href":"http:\/\/ccnews.com.ar\/prensa\/wp-json\/wp\/v2\/posts"}],"about":[{"href":"http:\/\/ccnews.com.ar\/prensa\/wp-json\/wp\/v2\/types\/post"}],"author":[{"embeddable":true,"href":"http:\/\/ccnews.com.ar\/prensa\/wp-json\/wp\/v2\/users\/1"}],"replies":[{"embeddable":true,"href":"http:\/\/ccnews.com.ar\/prensa\/wp-json\/wp\/v2\/comments?post=12396"}],"version-history":[{"count":1,"href":"http:\/\/ccnews.com.ar\/prensa\/wp-json\/wp\/v2\/posts\/12396\/revisions"}],"predecessor-version":[{"id":12400,"href":"http:\/\/ccnews.com.ar\/prensa\/wp-json\/wp\/v2\/posts\/12396\/revisions\/12400"}],"wp:featuredmedia":[{"embeddable":true,"href":"http:\/\/ccnews.com.ar\/prensa\/wp-json\/wp\/v2\/media\/12398"}],"wp:attachment":[{"href":"http:\/\/ccnews.com.ar\/prensa\/wp-json\/wp\/v2\/media?parent=12396"}],"wp:term":[{"taxonomy":"category","embeddable":true,"href":"http:\/\/ccnews.com.ar\/prensa\/wp-json\/wp\/v2\/categories?post=12396"},{"taxonomy":"post_tag","embeddable":true,"href":"http:\/\/ccnews.com.ar\/prensa\/wp-json\/wp\/v2\/tags?post=12396"}],"curies":[{"name":"wp","href":"https:\/\/api.w.org\/{rel}","templated":true}]}}