{"id":12402,"date":"2019-08-04T08:00:19","date_gmt":"2019-08-04T11:00:19","guid":{"rendered":"http:\/\/ccnews.com.ar\/prensa\/?p=12402"},"modified":"2019-08-02T16:33:19","modified_gmt":"2019-08-02T19:33:19","slug":"autos-electricos-una-realidad-viable-en-argentina","status":"publish","type":"post","link":"http:\/\/ccnews.com.ar\/prensa\/autos-electricos-una-realidad-viable-en-argentina\/","title":{"rendered":"Autos el\u00e9ctricos: una realidad viable en Argentina"},"content":{"rendered":"\n<p><strong>Los autos el\u00e9ctricos\nson una realidad cada vez m\u00e1s extendida en el mundo. En Argentina, muy\nlentamente, tambi\u00e9n est\u00e1n empezando a comercializarse, aunque por el momento\nsolo hay dos opciones: la Renault Kangoo ZE y el recientemente lanzado Nissan\nLeaf.<\/strong><\/p>\n\n\n\n<p>Como pol\u00edtica de fomento, este tipo de veh\u00edculos -al igual\nque los h\u00edbridos e h\u00edbridos enchufables- cuentan desde 2017 con una rebaja en\nel arancel de importaci\u00f3n que deben pagar por ingresar desde fuera del Mercosur\no M\u00e9xico. Mientras que normalmente ese tributo es del 35%, en el caso de los\nveh\u00edculos ecol\u00f3gicos es de entre 5% y 0%.<\/p>\n\n\n\n<p>En este marco la Federaci\u00f3n Internacional del Autom\u00f3vil\n(FIA), Regi\u00f3n Latinoam\u00e9rica, elabor\u00f3 un informe con los puntos a favor y en\ncontra de los autos el\u00e9ctricos. Son los siguientes.<\/p>\n\n\n\n<p>Como se ve, a favor de los el\u00e9ctricos se menciona la no\ncontaminaci\u00f3n por emisiones de gases, la ausencia de vibraciones y ruido en el\nandar, el menor consumo y ahorro que ello implica y la necesidad de un menor\nmantenimiento. Tambi\u00e9n se habla de mayor aceleraci\u00f3n, un punto que refiere a la\ncompleta disponibilidad del torque m\u00e1ximo que poseen los motores el\u00e9ctricos.<\/p>\n\n\n\n<p>Como puntos negativos se remarcaron la escasa autonom\u00eda, que\nronda los 250 kil\u00f3metros, el tiempo de recarga de las bater\u00edas (que siempre va\na ser mayor a lo que se tarda en cargar nafta o gasoil), el precio m\u00e1s alto al\nmomento de la compra y la contaminaci\u00f3n que pueden generar las bater\u00edas si no\nse reciclan.<\/p>\n\n\n\n<p>Adem\u00e1s, desde FIA destacaron algunos ejes importantes a\ntener en cuenta en torno a este tipo de movilidad cada vez m\u00e1s frecuente en\ndiferentes pa\u00edses.<\/p>\n\n\n\n<p>Contaminaci\u00f3n del aire. Cada a\u00f1o mata a siete millones de\npersonas en el mundo, y se prev\u00e9 que la flota mundial de autos se triplique\npara 2050. El transporte representa una cuarta parte de las emisiones de CO2\nrelacionadas al sector energ\u00e9tico a nivel global. Seg\u00fan el Informe Anual de\nMedio Ambiente de la ONU de 2018, la contaminaci\u00f3n atmosf\u00e9rica es la\nresponsable de la muerte prematura de 600 000 ni\u00f1os por a\u00f1o.<\/p>\n\n\n\n<p>Eficiencia energ\u00e9tica. Los autos el\u00e9ctricos son m\u00e1s\neficientes que sus pares a combusti\u00f3n. Convierten entre el 59% y el 62% de la\nelectricidad en potencia que va directamente a las ruedas (vs. entre 17% y 21%\nen los nafteros).<\/p>\n\n\n\n<p>Beneficios de no utilizar combustibles f\u00f3siles. Menor\ndependencia de recursos no renovables al no depender del petr\u00f3leo.<\/p>\n\n\n\n<p>Rentabilidad. Si bien son m\u00e1s caros al momento de la compra,\nen l\u00edneas generales constituyen una alternativa beneficiosa a mediano y largo\nplazo. Sin embargo, esa ecuaci\u00f3n siempre depende de cada caso (valor de la\nelectricidad, tarifas preferenciales, beneficios por usar autos el\u00e9ctricos como\nestacionamientos gratis, etc.) Tambi\u00e9n requieren menos mantenimiento.<\/p>\n\n\n\n<p>Contaminaci\u00f3n ac\u00fastica. Al no emitir sonido su motor,\nreducen este tipo de impacto. Adem\u00e1s, generan menos vibraciones.<\/p>\n\n\n\n<p>Infraestructura urbana. Al necesitar una extensa red de\npuntos de recarga hace imperiosa una nueva insfraestructura en las ciudades y\nalrededores. Oslo, en Noruega, es la ciudad con m\u00e1s autos el\u00e9ctricos per c\u00e1pita\ndel mundo y tiene m\u00e1s de mil estaciones de recarga.<\/p>\n\n\n\n<p>Las acciones para promover el uso de autos el\u00e9ctricos deben\nincluir -como ocurre en Oslo- medidas como reducci\u00f3n de impuestos, acceso a\ncarriles preferenciales, viajes gratuitos y acceso libre a estacionamientos.<\/p>\n\n\n\n<p>Cuesti\u00f3n de Estado. Para la FIA es clave la transici\u00f3n hacia\nflotas de transporte p\u00fablico el\u00e9ctrico. En Buenos Aires ya circulan las\nprimeras unidades de colectivos el\u00e9ctricos (el 57% del \u00c1rea Metropolitana de\nBuenos Aires se traslada en transporte p\u00fablico). Shenzhen, en China, fue la\nprimera ciudad con el 100% de sus colectivos el\u00e9ctricos.<\/p>\n\n\n\n<p>Nuevo marco regulatorio. Hay consenso en que se debe trabajar para la promoci\u00f3n y regulaci\u00f3n de la movilidad el\u00e9ctrica en Am\u00e9rica Latina. En ese marco, en abril de este a\u00f1o se realiz\u00f3 el Taller Latinoamericano sobre Legislaci\u00f3n en Movilidad El\u00e9ctrica y Sustentable, donde diversos pa\u00edses de la regi\u00f3n (incluido Argentina) establecieron objetivos de trabajo rumbo a la Ley de movilidad sustentable.<\/p>\n\n\n\n<p>Fuente: Revista Nuevas Energ\u00edas<\/p>\n<!-- AddThis Advanced Settings generic via filter on the_content -->","protected":false},"excerpt":{"rendered":"<p>Los autos el\u00e9ctricos son una realidad cada vez m\u00e1s extendida en el mundo. En Argentina, muy lentamente, tambi\u00e9n est\u00e1n empezando<!-- AddThis Advanced Settings generic via filter on get_the_excerpt --><\/p>\n","protected":false},"author":1,"featured_media":12408,"comment_status":"closed","ping_status":"closed","sticky":false,"template":"","format":"standard","meta":{"colormag_page_container_layout":"default_layout","colormag_page_sidebar_layout":"default_layout","jetpack_post_was_ever_published":false,"_jetpack_newsletter_access":"","_jetpack_dont_email_post_to_subs":false,"_jetpack_newsletter_tier_id":0,"_jetpack_memberships_contains_paywalled_content":false,"_jetpack_memberships_contains_paid_content":false,"footnotes":"","jetpack_publicize_message":"#Ingenier\u00eda Autos el\u00e9ctricos: una realidad viable en Argentina","jetpack_publicize_feature_enabled":true,"jetpack_social_post_already_shared":true,"jetpack_social_options":{"image_generator_settings":{"template":"highway","default_image_id":0,"font":"","enabled":false},"version":2}},"categories":[3],"tags":[17],"class_list":["post-12402","post","type-post","status-publish","format-standard","has-post-thumbnail","hentry","category-sustentabilidad","tag-otros-medios"],"jetpack_publicize_connections":[],"jetpack_featured_media_url":"https:\/\/i0.wp.com\/ccnews.com.ar\/prensa\/wp-content\/uploads\/2019\/08\/f800x450-20331_71777_31.jpg?fit=800%2C450","jetpack_shortlink":"https:\/\/wp.me\/p7L1gj-3e2","jetpack-related-posts":[{"id":13099,"url":"http:\/\/ccnews.com.ar\/prensa\/autos-ecologicos-en-argentina-y-el-futuro-de-la-mecanica-sustentable\/","url_meta":{"origin":12402,"position":0},"title":"Autos ecol\u00f3gicos en Argentina y el futuro de la mec\u00e1nica sustentable","author":"admin","date":"26 septiembre, 2019","format":false,"excerpt":"Los cl\u00e1sicos motores a combusti\u00f3n parecer\u00edan tener los d\u00edas contados, o al menos en los pr\u00f3ximos a\u00f1os se espera una reducci\u00f3n de los impulsores abastecidos por este tipo de energ\u00eda. A pesar de que en Argentina, el futuro con mec\u00e1nica sustentable al parecer estar\u00eda muy lejos de la actualidad, existen\u2026","rel":"","context":"En \u00abSustentabilidad\u00bb","block_context":{"text":"Sustentabilidad","link":"http:\/\/ccnews.com.ar\/prensa\/category\/sustentabilidad\/"},"img":{"alt_text":"","src":"https:\/\/i0.wp.com\/ccnews.com.ar\/prensa\/wp-content\/uploads\/2019\/09\/B1wau5EPM_0x750__1.jpg?fit=1124%2C750&resize=350%2C200","width":350,"height":200,"srcset":"https:\/\/i0.wp.com\/ccnews.com.ar\/prensa\/wp-content\/uploads\/2019\/09\/B1wau5EPM_0x750__1.jpg?fit=1124%2C750&resize=350%2C200 1x, https:\/\/i0.wp.com\/ccnews.com.ar\/prensa\/wp-content\/uploads\/2019\/09\/B1wau5EPM_0x750__1.jpg?fit=1124%2C750&resize=525%2C300 1,5x, https:\/\/i0.wp.com\/ccnews.com.ar\/prensa\/wp-content\/uploads\/2019\/09\/B1wau5EPM_0x750__1.jpg?fit=1124%2C750&resize=700%2C400 2x, https:\/\/i0.wp.com\/ccnews.com.ar\/prensa\/wp-content\/uploads\/2019\/09\/B1wau5EPM_0x750__1.jpg?fit=1124%2C750&resize=1050%2C600 3x"},"classes":[]},{"id":3441,"url":"http:\/\/ccnews.com.ar\/prensa\/instalaran-este-ano-la-primera-estacion-para-autos-electricos-en-buenos-aires\/","url_meta":{"origin":12402,"position":1},"title":"Instalar\u00e1n este a\u00f1o la primera estaci\u00f3n para autos el\u00e9ctricos en Buenos Aires","author":"CLUSTERciar","date":"6 marzo, 2017","format":false,"excerpt":"La penetraci\u00f3n de veh\u00edculos h\u00edbridos o el\u00e9ctricos en el mercado argentino es todav\u00eda muy baja, casi inexistente. La brecha con potencias en materia de movilidad el\u00e9ctrica como EE.UU., Jap\u00f3n o Europa es sideral. Sin embargo, algunas novedades invitan a pensar en un cambio del paradigma automotor en el pa\u00eds. En\u2026","rel":"","context":"En \u00abSustentabilidad\u00bb","block_context":{"text":"Sustentabilidad","link":"http:\/\/ccnews.com.ar\/prensa\/category\/sustentabilidad\/"},"img":{"alt_text":"","src":"https:\/\/i0.wp.com\/ccnews.com.ar\/prensa\/wp-content\/uploads\/2017\/03\/Estaci%C3%B3n-el%C3%A9ctrica-Enel-2.jpg?fit=600%2C337&resize=350%2C200","width":350,"height":200,"srcset":"https:\/\/i0.wp.com\/ccnews.com.ar\/prensa\/wp-content\/uploads\/2017\/03\/Estaci%C3%B3n-el%C3%A9ctrica-Enel-2.jpg?fit=600%2C337&resize=350%2C200 1x, https:\/\/i0.wp.com\/ccnews.com.ar\/prensa\/wp-content\/uploads\/2017\/03\/Estaci%C3%B3n-el%C3%A9ctrica-Enel-2.jpg?fit=600%2C337&resize=525%2C300 1,5x"},"classes":[]},{"id":4413,"url":"http:\/\/ccnews.com.ar\/prensa\/ni-tan-rapidos-ni-tan-furiosos\/","url_meta":{"origin":12402,"position":2},"title":"Ni tan r\u00e1pidos ni tan furiosos","author":"CLUSTERciar","date":"17 junio, 2017","format":false,"excerpt":"Los autos el\u00e9ctricos est\u00e1n m\u00e1s cerca de las calles argentinas. Sin embargo,\u00a0 la incorporaci\u00f3n al mercado argentino plantea varios interrogantes y tambi\u00e9n algunas contradicciones. En esta nota se analizan algunos\u00a0aspectos\u00a0controvertidos El paradigma del transporte el\u00e9ctrico -insonoro, limpio y eficiente- se ha instalado definitivamente en\u00a0la\u00a0Argentina. Las automotrices ya lo detectaron y\u2026","rel":"","context":"En \u00abSustentabilidad\u00bb","block_context":{"text":"Sustentabilidad","link":"http:\/\/ccnews.com.ar\/prensa\/category\/sustentabilidad\/"},"img":{"alt_text":"","src":"https:\/\/i0.wp.com\/ccnews.com.ar\/prensa\/wp-content\/uploads\/2017\/06\/autos-erlectricos.jpg?fit=660%2C371&resize=350%2C200","width":350,"height":200,"srcset":"https:\/\/i0.wp.com\/ccnews.com.ar\/prensa\/wp-content\/uploads\/2017\/06\/autos-erlectricos.jpg?fit=660%2C371&resize=350%2C200 1x, https:\/\/i0.wp.com\/ccnews.com.ar\/prensa\/wp-content\/uploads\/2017\/06\/autos-erlectricos.jpg?fit=660%2C371&resize=525%2C300 1,5x"},"classes":[]},{"id":3159,"url":"http:\/\/ccnews.com.ar\/prensa\/punta-del-este-tendra-estacion-de-servicio-para-autos-electricos\/","url_meta":{"origin":12402,"position":3},"title":"Punta del Este tendr\u00e1 estaci\u00f3n de servicio para autos el\u00e9ctricos","author":"CLUSTERciar","date":"15 febrero, 2017","format":false,"excerpt":"Instalar\u00e1n una estaci\u00f3n fotovolt\u00e1ica en la cuadra donde est\u00e1 la Liga de Fomento del balneario. El techo construido con paneles solares generar\u00e1 la energ\u00eda Punta del Este ser\u00e1 en poco tiempo un balneario ecofriendly, a partir de la instalaci\u00f3n de un servicio de suministro de energ\u00eda el\u00e9ctrica para aquellos veh\u00edculos\u2026","rel":"","context":"En \u00abSustentabilidad\u00bb","block_context":{"text":"Sustentabilidad","link":"http:\/\/ccnews.com.ar\/prensa\/category\/sustentabilidad\/"},"img":{"alt_text":"","src":"https:\/\/i0.wp.com\/ccnews.com.ar\/prensa\/wp-content\/uploads\/2017\/01\/376691.jpg?fit=630%2C460&resize=350%2C200","width":350,"height":200,"srcset":"https:\/\/i0.wp.com\/ccnews.com.ar\/prensa\/wp-content\/uploads\/2017\/01\/376691.jpg?fit=630%2C460&resize=350%2C200 1x, https:\/\/i0.wp.com\/ccnews.com.ar\/prensa\/wp-content\/uploads\/2017\/01\/376691.jpg?fit=630%2C460&resize=525%2C300 1,5x"},"classes":[]},{"id":12640,"url":"http:\/\/ccnews.com.ar\/prensa\/habra-estaciones-para-ir-a-chile-en-autos-electricos\/","url_meta":{"origin":12402,"position":4},"title":"Habr\u00e1 estaciones para ir a Chile en autos el\u00e9ctricos","author":"admin","date":"26 agosto, 2019","format":false,"excerpt":"Cargar\u00e1n en La Angostura, San Mart\u00edn y Jun\u00edn desde noviembre. La provincia tendr\u00e1 desde noviembre un circuito de carga para el tr\u00e1nsito de autom\u00f3viles el\u00e9ctricos en la zona tur\u00edstica cordillerana del sur. Se instalar\u00e1n estaciones de carga en Villa La Angostura, San Mart\u00edn y Jun\u00edn de los Andes, de modo\u2026","rel":"","context":"En \u00abTransformaci\u00f3n digital\u00bb","block_context":{"text":"Transformaci\u00f3n digital","link":"http:\/\/ccnews.com.ar\/prensa\/category\/transformacion-digital\/"},"img":{"alt_text":"","src":"https:\/\/i0.wp.com\/ccnews.com.ar\/prensa\/wp-content\/uploads\/2019\/08\/0004067748p.jpg?fit=770%2C435&resize=350%2C200","width":350,"height":200,"srcset":"https:\/\/i0.wp.com\/ccnews.com.ar\/prensa\/wp-content\/uploads\/2019\/08\/0004067748p.jpg?fit=770%2C435&resize=350%2C200 1x, https:\/\/i0.wp.com\/ccnews.com.ar\/prensa\/wp-content\/uploads\/2019\/08\/0004067748p.jpg?fit=770%2C435&resize=525%2C300 1,5x, https:\/\/i0.wp.com\/ccnews.com.ar\/prensa\/wp-content\/uploads\/2019\/08\/0004067748p.jpg?fit=770%2C435&resize=700%2C400 2x"},"classes":[]},{"id":2425,"url":"http:\/\/ccnews.com.ar\/prensa\/del-enchufe-de-casa-a-las-rutas-argentinas\/","url_meta":{"origin":12402,"position":5},"title":"Del enchufe de casa a las rutas argentinas","author":"CLUSTERciar","date":"5 diciembre, 2016","format":false,"excerpt":"Luego de un informe del INTI, el gobierno autoriz\u00f3 la circulaci\u00f3n de una camioneta el\u00e9ctrica de Renault. Tiene una autonom\u00eda de 140 kil\u00f3metros y puede conectarse a 220. Hasta los 20 kil\u00f3metros por hora, el veh\u00edculo no emite ning\u00fan ruido. \u00a0 El Kangoo ZE podr\u00e1 comercializarse en Argentina y circular\u2026","rel":"","context":"En \u00abTransformaci\u00f3n digital\u00bb","block_context":{"text":"Transformaci\u00f3n digital","link":"http:\/\/ccnews.com.ar\/prensa\/category\/transformacion-digital\/"},"img":{"alt_text":"","src":"https:\/\/i0.wp.com\/ccnews.com.ar\/prensa\/wp-content\/uploads\/2016\/12\/29682680535_18854a5767_b.jpg?fit=1024%2C576&resize=350%2C200","width":350,"height":200,"srcset":"https:\/\/i0.wp.com\/ccnews.com.ar\/prensa\/wp-content\/uploads\/2016\/12\/29682680535_18854a5767_b.jpg?fit=1024%2C576&resize=350%2C200 1x, https:\/\/i0.wp.com\/ccnews.com.ar\/prensa\/wp-content\/uploads\/2016\/12\/29682680535_18854a5767_b.jpg?fit=1024%2C576&resize=525%2C300 1,5x, https:\/\/i0.wp.com\/ccnews.com.ar\/prensa\/wp-content\/uploads\/2016\/12\/29682680535_18854a5767_b.jpg?fit=1024%2C576&resize=700%2C400 2x"},"classes":[]}],"jetpack_sharing_enabled":true,"_links":{"self":[{"href":"http:\/\/ccnews.com.ar\/prensa\/wp-json\/wp\/v2\/posts\/12402","targetHints":{"allow":["GET"]}}],"collection":[{"href":"http:\/\/ccnews.com.ar\/prensa\/wp-json\/wp\/v2\/posts"}],"about":[{"href":"http:\/\/ccnews.com.ar\/prensa\/wp-json\/wp\/v2\/types\/post"}],"author":[{"embeddable":true,"href":"http:\/\/ccnews.com.ar\/prensa\/wp-json\/wp\/v2\/users\/1"}],"replies":[{"embeddable":true,"href":"http:\/\/ccnews.com.ar\/prensa\/wp-json\/wp\/v2\/comments?post=12402"}],"version-history":[{"count":1,"href":"http:\/\/ccnews.com.ar\/prensa\/wp-json\/wp\/v2\/posts\/12402\/revisions"}],"predecessor-version":[{"id":12410,"href":"http:\/\/ccnews.com.ar\/prensa\/wp-json\/wp\/v2\/posts\/12402\/revisions\/12410"}],"wp:featuredmedia":[{"embeddable":true,"href":"http:\/\/ccnews.com.ar\/prensa\/wp-json\/wp\/v2\/media\/12408"}],"wp:attachment":[{"href":"http:\/\/ccnews.com.ar\/prensa\/wp-json\/wp\/v2\/media?parent=12402"}],"wp:term":[{"taxonomy":"category","embeddable":true,"href":"http:\/\/ccnews.com.ar\/prensa\/wp-json\/wp\/v2\/categories?post=12402"},{"taxonomy":"post_tag","embeddable":true,"href":"http:\/\/ccnews.com.ar\/prensa\/wp-json\/wp\/v2\/tags?post=12402"}],"curies":[{"name":"wp","href":"https:\/\/api.w.org\/{rel}","templated":true}]}}