{"id":1241,"date":"2016-08-18T14:00:24","date_gmt":"2016-08-18T17:00:24","guid":{"rendered":"http:\/\/clusterciarnews.com.ar\/prensa\/?p=1241"},"modified":"2016-08-18T14:14:17","modified_gmt":"2016-08-18T17:14:17","slug":"el-futuro-de-vaca-muerta-en-juego-arranco-la-guerra-por-el-barril-criollo","status":"publish","type":"post","link":"http:\/\/ccnews.com.ar\/prensa\/el-futuro-de-vaca-muerta-en-juego-arranco-la-guerra-por-el-barril-criollo\/","title":{"rendered":"El futuro de Vaca Muerta en juego: arranc\u00f3 la guerra por el barril criollo"},"content":{"rendered":"<h3 class=\"subheadline font-2 fs16\">Pese a la promesa del gobierno nacional de no bajar el precio sost\u00e9n del crudo, Aranguren busca recortar el valor. Algunas empresas ya lo comercializan con descuentos.<\/h3>\n<div class=\"paragraph\">\n<p>\u201cHay que ir hacia los precios internacionales del crudo. Hay que discutir con todos los actores: empresas, sindicatos y las provincias productoras. Pero si no hay acuerdo, actuar\u00e1n las leyes que rigen la importaci\u00f3n\u201d.<\/p>\n<p>La frase pas\u00f3 algo desapercibida el martes por la noche, tras siete horas de un intenso cruce con los diputados. Pero sali\u00f3 de la boca del ministro de Energ\u00eda Juan Jos\u00e9 Aranguren, que trabaja de forma sigilosa para empezar a bajar de manera gradual el precio del barril criollo.<\/p>\n<p>El primer intento fue el viernes pasado. Aranguren convoc\u00f3 al CEO de Shell, Te\u00f3filo Lacroze, el vicepresidente ejecutivo de PAE, Marcos Bulgheroni y el vicepresidente de Downstream de YPF, Carlos Alfonsi, para comunicarles que el gobierno no iba a autorizar las dos subas de 5% en los combustibles que se hab\u00edan pautado para lo que resta del a\u00f1o. La soluci\u00f3n puesta sobre la mesa para evitar que el sector tenga que absorber los costos fue una poda del barril interno de Medanito, que iba a pasar de 67,5 d\u00f3lares a cerca de 60 en tres meses.<\/p>\n<p>Pero las versiones que surgieron de esa reuni\u00f3n, y que el Ministerio de Energ\u00eda no desminti\u00f3 oficialmente, no fueron convalidadas por el ala pol\u00edtica del gobierno de Mauricio Macri. El ministro del Interior, Rogelio Frigerio, recibi\u00f3 el martes al gobernador Omar Guti\u00e9rrez y al titular del sindicato de Petroleros, Guillermo Pereyra, y les comunic\u00f3 que no habr\u00e1 ninguna suba. No contento con esto, m\u00e1s tarde lo confirm\u00f3 a trav\u00e9s de su cuenta de Twitter. La novela del barril criollo sum\u00f3 un nuevo cap\u00edtulo a la interna entre los sectores t\u00e9cnicos y pol\u00edticos del macrismo.<\/p>\n<p>La marcha atr\u00e1s tom\u00f3 por sorpresa a las operadoras. Algunas de ellas, inclusive, ya hab\u00edan empezado a comercializar el crudo con una rebaja. Una importante refinadora lleg\u00f3 a enviar mails a sus proveedores avis\u00e1ndoles que en agosto se aplicar\u00eda el descuento del 2%.<\/p>\n<p>Aunque la baja expresa del barril criollo \u2013de la que ahora nadie se hace cargo\u2013 haya quedado desactivada, el precio sost\u00e9n que convalid\u00f3 el gobierno \u2013y que pagan todos los argentinos a trav\u00e9s de uno de los combustibles m\u00e1s caros del mundo\u2013 est\u00e1 bajo la mira.<\/p>\n<p>De forma subterr\u00e1nea, el ministro Aranguren ya convalid\u00f3 una baja del barril criollo y piensa seguir haci\u00e9ndolo en los pr\u00f3ximos meses. Por un lado, lo hizo autorizando importaciones de crudo y combustibles m\u00e1s baratos. Mezclados con los locales empujan a la baja la canasta de precios para las refiner\u00edas.<\/p>\n<p>Ese mayor stock, sumado a una ca\u00edda en el volumen de ventas de combustibles, gener\u00f3 una sobreoferta del crudo liviano que produce Neuqu\u00e9n. Entonces, muchas operadoras peque\u00f1as o no integradas se vieran forzadas a vender a un precio m\u00e1s bajo el petr\u00f3leo que producen. Seg\u00fan pudo saber este medio, Shell lleg\u00f3 a comprar crudo Medanito un 10% m\u00e1s barato que el precio sost\u00e9n.<\/p>\n<p>Esta situaci\u00f3n fue aceptada por Aranguren y su equipo t\u00e9cnico, que intentan una convergencia gradual con el precio internacional, que hoy ronda los 45 d\u00f3lares. Como muestra el cuadro que acompa\u00f1a esta nota, los precios globales del crudo est\u00e1n disociados de los locales desde la devaluaci\u00f3n del 2002. Nunca m\u00e1s volvieron a empardarse.<\/p>\n<p><b>Ganadores y perdedores<\/b><\/p>\n<p><b><\/b><b><\/b>\u00bfQui\u00e9n gana y qui\u00e9n pierde con un barril \u201csincerado\u201d?<\/p>\n<p>Las mayores ganadoras ser\u00edan las refiner\u00edas no integradas. En concreto, la m\u00e1s beneficiada ser\u00eda Shell, que casi no tiene actividad en el usptream local y no debe lidiar con los desaf\u00edos de producir con un barril planchado. La exempresa de Aranguren consigui\u00f3 continuar durante esta gesti\u00f3n con el extraordinario negocio que le supo convalidar el kirchnerismo: importar combustibles baratos y venderlos a precios locales, m\u00e1s caros.<\/p>\n<p>Hasta julio, seg\u00fan los datos del Ministerio de Energ\u00eda, Shell fue la tercera importadora de petr\u00f3leo crudo y refinado, detr\u00e1s de Enarsa y muy cerca de YPF, tanto en volumen como en montos.<\/p>\n<p>Del lado de los ganadores, sin un precio subsidiado, hay que contar a los consumidores. Si hoy se empalmaran los precios del crudo local con el internacional los combustibles en surtidor deber\u00edan costar alrededor de un 20% menos. Esto, siempre y cuando no var\u00ede el tipo de cambio.<\/p>\n<p>El problema surgir\u00eda si en alg\u00fan momento el crudo vuelve a dispararse a 80 \u00f3 100 d\u00f3lares el barril. En un eventual libre mercado, la nafta y el gasoil \u2013este \u00faltimo insumo clave para el agro, en teor\u00eda el sector m\u00e1s competitivo del pa\u00eds\u2013 quedar\u00eda atado a la econom\u00eda global, donde un atentado en un oleoducto en Nigeria o un mal resultado de un indicador econ\u00f3mico en Estados Unidos puede hacer variar su precio de forma sustantiva.<\/p>\n<p>\u00bfQui\u00e9n perder\u00eda con la desaparici\u00f3n del barril criollo?<\/p>\n<p>En principio las operadoras. La gran mayor\u00eda de los yacimientos neuquinos tienen costos de extracci\u00f3n por encima de los 40 d\u00f3lares el barril. A eso hay que sumarle los costos exploratorios, de capital y en algunos casos regal\u00edas e impuestos. Los m\u00e1rgenes para operar son muy finos. \u201cSi puedo importar un barril a 45 d\u00f3lares le pongo el candado al yacimiento y me dedico a importar\u201d, grafic\u00f3 tiempo atr\u00e1s el vicepresidente de una de las principales productoras de Neuqu\u00e9n. Son muy pocos los bloques en el pa\u00eds que podr\u00edan sostener su plena operaci\u00f3n con los valores del Brent actuales.<\/p>\n<p>Sin barril criollo, caer\u00eda la actividad y con ella el empleo. Aqu\u00ed se presenta un punto pol\u00e9mico, porque el precio sost\u00e9n permiti\u00f3 evitar despidos masivos \u2013los hay, pero en modo \u201chormiga\u201d\u2013, pero a su vez parte de la nafta cara que pagan los consumidores va a parar a los salarios de los 100.000 trabajadores directos del sector, que tienen los ingresos promedio m\u00e1s altos del pa\u00eds.<\/p>\n<p>En esta cuenta, tambi\u00e9n pierden las provincias. Para Neuqu\u00e9n, un \u201csinceramiento\u201d del barril implicar\u00eda una p\u00e9rdida de alrededor de 1.400 millones de pesos anuales en regal\u00edas petroleras. Aqu\u00ed tambi\u00e9n vale la pregunta: \u00bfQu\u00e9 pasar\u00eda si el crudo vuelve a estar por encima de los 100 d\u00f3lares? Durante muchos a\u00f1os las provincias petroleras perdieron dinero por los precios pisados.<\/p>\n<\/div>\n<div class=\"multimediaMacroWrapper\">\n<div class=\"contentMedia art-img\">\n<figure class=\"cutlineShow\">\n<div><img data-recalc-dims=\"1\" loading=\"lazy\" decoding=\"async\" class=\"waslazy\" title=\"El futuro de Vaca Muerta en juego: arranc\u00f3 la guerra por el barril criollo\" src=\"https:\/\/i0.wp.com\/www.rionegro.com.ar\/documents\/1\/0\/571x311\/0c0\/0d0\/none\/12350\/ANXD\/image_content_7499117_20160817225502.jpg?resize=571%2C311\" alt=\"El futuro de Vaca Muerta en juego: arranc\u00f3 la guerra por el barril criollo\" width=\"571\" height=\"311\" data-original=\"\/documents\/1\/0\/571x311\/0c0\/0d0\/none\/12350\/ANXD\/image_content_7499117_20160817225502.jpg\" \/><\/div>\n<\/figure>\n<\/div>\n<\/div>\n<div class=\"highlight_text ant-Image_Text\">Frigerio neg\u00f3 una baja del petr\u00f3leo local, pero algunas refiner\u00edas ya le hab\u00edan comunicado a sus clientes que en agosto pagar\u00edan un 2% menos.<\/div>\n<div class=\"highlight_text ant-Image_Text\"><\/div>\n<div class=\"microformat_headline ant-highlight_text\"><b>Ingenio argentino: Historia de un invento<\/b><\/div>\n<div class=\"microformat_list_text ant-microformat_headline\">2002. Con la intenci\u00f3n de evitar el costo de la devaluaci\u00f3n en las tarifas tras una de las peores crisis de la historia, Argentina disocia sus precios internos de los externos.<\/div>\n<div class=\"microformat_list_text ant-microformat_headline\"><\/div>\n<div class=\"microformat_list_text ant-microformat_list_text\">\u2022 2003-2014. A trav\u00e9s de distintos mecanismos, el kirchnerismo mantuvo pisados los precios locales del crudo cuando afuera del pa\u00eds superaban los 100 d\u00f3lares.<\/div>\n<div class=\"microformat_list_text ant-microformat_list_text\"><\/div>\n<div class=\"microformat_list_text ant-microformat_list_text\">\u2022 Septiembre de 2014. Por primera vez en a\u00f1os el Brent cotiza por debajo del precio local, que en ese entonces se ubicaba en 84 d\u00f3lares.<\/div>\n<div class=\"microformat_list_text ant-microformat_list_text\"><\/div>\n<div class=\"microformat_list_text ant-microformat_list_text\">\u2022 Diciembre de 2014. Nace el barril criollo, en aquel entonces de 77 d\u00f3lares. La idea del exministro de Econom\u00eda, Axel Kicillof, era \u201cblindar\u201d a la industria local de la baja del petr\u00f3leo.<\/div>\n<div class=\"microformat_list_text ant-microformat_list_text\"><\/div>\n<div class=\"microformat_list_text ant-microformat_list_text\">\u2022 Enero de 2015. El gobierno de Mauricio Macri decide sostener la medida, pero rebaja el precio a 67,5 d\u00f3lares.<\/div>\n<div class=\"highlight_text ant-microformat_list_text\">\u201cHay que ir hacia los precios globales del crudo. Si no hay acuerdo, actuar\u00e1n las leyes que rigen la importaci\u00f3n en Argentina\u201dadvirti\u00f3 Juan Jos\u00e9 Aranguren, ministro de Energ\u00eda.<\/div>\n<div class=\"highlight_text ant-microformat_list_text\"><\/div>\n<div class=\"highlight_text ant-highlight_author\">La importaci\u00f3n de crudo m\u00e1s barato es una de las herramientas que usa el gobierno nacional para presionar a la baja el precio sost\u00e9n de Medanito neuquino.<\/div>\n<div class=\"highlight_text ant-highlight_author\"><\/div>\n<div class=\"highlight_text ant-highlight_text\">\u201cMantener el subsidio en el barril criollo es entender su importancia en la econom\u00eda regional para los habitantes en Neuqu\u00e9n\u201d,\u00a0expres\u00f3 el ministro del Interior Rogelio Frigerio, tras reunirse con Guti\u00e9rrez.<\/div>\n<div class=\"highlight_author ant-highlight_text\"><\/div>\n<div class=\"microformat_headline ant-highlight_author\"><b>Los n\u00fameros<\/b><\/div>\n<div class=\"microformat_highlight_text ant-microformat_headline\">14 a\u00f1os pasaron desde la \u00faltima vez que los precios locales se asociaron a los internacionales.<\/div>\n<div class=\"microformat_highlight_text ant-microformat_highlight_text\">$ 1.400 son los millones que perder\u00eda Neuqu\u00e9n cada a\u00f1o si se da de baja el barril criollo.<\/div>\n<!-- AddThis Advanced Settings generic via filter on the_content -->","protected":false},"excerpt":{"rendered":"<p>Pese a la promesa del gobierno nacional de no bajar el precio sost\u00e9n del crudo, Aranguren busca recortar el valor.<!-- AddThis Advanced Settings generic via filter on get_the_excerpt --><\/p>\n","protected":false},"author":2,"featured_media":1243,"comment_status":"closed","ping_status":"closed","sticky":false,"template":"","format":"standard","meta":{"colormag_page_container_layout":"default_layout","colormag_page_sidebar_layout":"default_layout","jetpack_post_was_ever_published":false,"_jetpack_newsletter_access":"","_jetpack_dont_email_post_to_subs":false,"_jetpack_newsletter_tier_id":0,"_jetpack_memberships_contains_paywalled_content":false,"_jetpack_memberships_contains_paid_content":false,"footnotes":"","jetpack_publicize_message":"","jetpack_publicize_feature_enabled":true,"jetpack_social_post_already_shared":true,"jetpack_social_options":{"image_generator_settings":{"template":"highway","default_image_id":0,"font":"","enabled":false},"version":2}},"categories":[11],"tags":[17],"class_list":["post-1241","post","type-post","status-publish","format-standard","has-post-thumbnail","hentry","category-energia-y-produccion","tag-otros-medios"],"jetpack_publicize_connections":[],"jetpack_featured_media_url":"https:\/\/i0.wp.com\/ccnews.com.ar\/prensa\/wp-content\/uploads\/2016\/08\/plantilla-22.jpg?fit=605%2C172","jetpack_shortlink":"https:\/\/wp.me\/p7L1gj-k1","jetpack-related-posts":[{"id":8079,"url":"http:\/\/ccnews.com.ar\/prensa\/aranguren-en-2020-seremos-exportadores-de-petroleo-y-en-2022-de-gas\/","url_meta":{"origin":1241,"position":0},"title":"Aranguren: \u201cEn 2020 seremos exportadores de petr\u00f3leo y en 2022 de gas\u201d","author":"CLUSTERciar","date":"14 junio, 2018","format":false,"excerpt":"El ministro de Energ\u00eda se mostr\u00f3 confiado en los pron\u00f3sticos. Adelant\u00f3 que buscar\u00e1n extender el \u201cbarril gradual\u201d. El Foro Latinoamericano de Energ\u00eda que se desarrolla desde ayer en Bariloche, en el contexto de la reuni\u00f3n de ministros de Energ\u00eda por el G-20, fue el escenario escogido por el ministro de\u2026","rel":"","context":"En \u00abEnerg\u00eda y Producci\u00f3n\u00bb","block_context":{"text":"Energ\u00eda y Producci\u00f3n","link":"http:\/\/ccnews.com.ar\/prensa\/category\/energia-y-produccion\/"},"img":{"alt_text":"","src":"https:\/\/i0.wp.com\/ccnews.com.ar\/prensa\/wp-content\/uploads\/2018\/06\/image_content_9782295_20180614020649.jpg?fit=660%2C370&resize=350%2C200","width":350,"height":200,"srcset":"https:\/\/i0.wp.com\/ccnews.com.ar\/prensa\/wp-content\/uploads\/2018\/06\/image_content_9782295_20180614020649.jpg?fit=660%2C370&resize=350%2C200 1x, https:\/\/i0.wp.com\/ccnews.com.ar\/prensa\/wp-content\/uploads\/2018\/06\/image_content_9782295_20180614020649.jpg?fit=660%2C370&resize=525%2C300 1,5x"},"classes":[]},{"id":15294,"url":"http:\/\/ccnews.com.ar\/prensa\/derrumbe-internacional-del-petroleo-como-impactara-en-vaca-muerta-y-en-el-precio-local-de-los-combustibles\/","url_meta":{"origin":1241,"position":1},"title":"Derrumbe internacional del petr\u00f3leo: c\u00f3mo impactar\u00e1 en Vaca Muerta y en el precio local de los combustibles","author":"Editor","date":"21 abril, 2020","format":false,"excerpt":"La abrupta ca\u00edda de los precios internacionales no tendr\u00e1 un efecto directo en los precios de la nafta y el gasoil en los surtidores locales. Qu\u00e9 pasar\u00e1 con la producci\u00f3n en la Patagonia Los valores internacionales no se reflejar\u00e1n en los precios las estaciones de servicio Los precios internacionales del\u2026","rel":"","context":"En \u00abEnerg\u00eda y Producci\u00f3n\u00bb","block_context":{"text":"Energ\u00eda y Producci\u00f3n","link":"http:\/\/ccnews.com.ar\/prensa\/category\/energia-y-produccion\/"},"img":{"alt_text":"","src":"https:\/\/i0.wp.com\/ccnews.com.ar\/prensa\/wp-content\/uploads\/2020\/04\/petroleo.jpg?fit=960%2C640&resize=350%2C200","width":350,"height":200,"srcset":"https:\/\/i0.wp.com\/ccnews.com.ar\/prensa\/wp-content\/uploads\/2020\/04\/petroleo.jpg?fit=960%2C640&resize=350%2C200 1x, https:\/\/i0.wp.com\/ccnews.com.ar\/prensa\/wp-content\/uploads\/2020\/04\/petroleo.jpg?fit=960%2C640&resize=525%2C300 1,5x, https:\/\/i0.wp.com\/ccnews.com.ar\/prensa\/wp-content\/uploads\/2020\/04\/petroleo.jpg?fit=960%2C640&resize=700%2C400 2x"},"classes":[]},{"id":801,"url":"http:\/\/ccnews.com.ar\/prensa\/cuales-son-los-planes-de-ypf-con-el-nuevo-ceo\/","url_meta":{"origin":1241,"position":2},"title":"Cu\u00e1les son los planes de YPF con el nuevo CEO","author":"CLUSTERciar","date":"30 junio, 2016","format":false,"excerpt":"YPF arrancar\u00e1 el segundo semestre con un doble comando, que tendr\u00e1 un perfil m\u00e1s profesional y pragm\u00e1tico, y por lo tanto m\u00e1s alejado del manejo centralizado y politizado que tuvo en los \u00faltimos a\u00f1os. Ricardo Darr\u00e9 (un ingeniero argentino graduado en el ITBA que desarroll\u00f3 buena parte de su carrera\u2026","rel":"","context":"En \u00abManagement\u00bb","block_context":{"text":"Management","link":"http:\/\/ccnews.com.ar\/prensa\/category\/management\/"},"img":{"alt_text":"","src":"","width":0,"height":0},"classes":[]},{"id":2943,"url":"http:\/\/ccnews.com.ar\/prensa\/cushing-anelo-y-la-estampita-de-vaca-muerta\/","url_meta":{"origin":1241,"position":3},"title":"Cushing, A\u00f1elo y la estampita de Vaca Muerta","author":"CLUSTERciar","date":"4 enero, 2017","format":false,"excerpt":"Cushing es un peque\u00f1o pueblo de 8.000 habitantes ubicado a 100 kil\u00f3metros de Oklahoma, en Estados Unidos. Por su territorio pasan m\u00e1s kil\u00f3metros de oleoductos que calles asfaltadas. Se trata del nodo petrolero del pa\u00eds del norte: all\u00ed se ubica la mayor cantidad de tanques de almacenamiento del continente. En\u2026","rel":"","context":"En \u00abEnerg\u00eda y Producci\u00f3n\u00bb","block_context":{"text":"Energ\u00eda y Producci\u00f3n","link":"http:\/\/ccnews.com.ar\/prensa\/category\/energia-y-produccion\/"},"img":{"alt_text":"","src":"","width":0,"height":0},"classes":[]},{"id":15374,"url":"http:\/\/ccnews.com.ar\/prensa\/el-barril-a-20-dolares-aleja-las-inversiones-en-vaca-muerta\/","url_meta":{"origin":1241,"position":4},"title":"El barril a 20 d\u00f3lares aleja las inversiones en Vaca Muerta","author":"Editor","date":"23 abril, 2020","format":false,"excerpt":"La cotizaci\u00f3n del Brent opera en valores que no hacen rentable el desarrollo de no convencionales en el pa\u00eds. Los campos maduros tambi\u00e9n se ven afectados.","rel":"","context":"En \u00abEnerg\u00eda y Producci\u00f3n\u00bb","block_context":{"text":"Energ\u00eda y Producci\u00f3n","link":"http:\/\/ccnews.com.ar\/prensa\/category\/energia-y-produccion\/"},"img":{"alt_text":"","src":"https:\/\/i0.wp.com\/ccnews.com.ar\/prensa\/wp-content\/uploads\/2020\/04\/Fracturas.png?fit=920%2C517&resize=350%2C200","width":350,"height":200,"srcset":"https:\/\/i0.wp.com\/ccnews.com.ar\/prensa\/wp-content\/uploads\/2020\/04\/Fracturas.png?fit=920%2C517&resize=350%2C200 1x, https:\/\/i0.wp.com\/ccnews.com.ar\/prensa\/wp-content\/uploads\/2020\/04\/Fracturas.png?fit=920%2C517&resize=525%2C300 1,5x, https:\/\/i0.wp.com\/ccnews.com.ar\/prensa\/wp-content\/uploads\/2020\/04\/Fracturas.png?fit=920%2C517&resize=700%2C400 2x"},"classes":[]},{"id":14922,"url":"http:\/\/ccnews.com.ar\/prensa\/petroleo-vs-coronavirus-un-plan-b-contrarreloj-para-sostener-la-industria\/","url_meta":{"origin":1241,"position":5},"title":"Petr\u00f3leo vs coronavirus: un plan B contrarreloj para sostener la industria","author":"admin","date":"19 marzo, 2020","format":false,"excerpt":"Las provincias avanzan en pautar el precio para un barril criollo en medio de la crisis por la pandemia.\u00a0Desde las refiner\u00edas y Chubut piden que los cambios sean m\u00e1s profundos. *Por\u00a0Victoria Terzaghi\u00a0 El viernes pasado, en la v\u00edspera de la reuni\u00f3n de la Organizaci\u00f3n de Pa\u00edses Exportadores de Petr\u00f3leo (OPEP),\u00a0el\u2026","rel":"","context":"En \u00abCovid-19\u00bb","block_context":{"text":"Covid-19","link":"http:\/\/ccnews.com.ar\/prensa\/category\/covid-19\/"},"img":{"alt_text":"","src":"https:\/\/i0.wp.com\/ccnews.com.ar\/prensa\/wp-content\/uploads\/2020\/03\/Imagen-ag-nqn-loma-la-lata-bateria-shale-oi-11205177.jpg?fit=920%2C517&resize=350%2C200","width":350,"height":200,"srcset":"https:\/\/i0.wp.com\/ccnews.com.ar\/prensa\/wp-content\/uploads\/2020\/03\/Imagen-ag-nqn-loma-la-lata-bateria-shale-oi-11205177.jpg?fit=920%2C517&resize=350%2C200 1x, https:\/\/i0.wp.com\/ccnews.com.ar\/prensa\/wp-content\/uploads\/2020\/03\/Imagen-ag-nqn-loma-la-lata-bateria-shale-oi-11205177.jpg?fit=920%2C517&resize=525%2C300 1,5x, https:\/\/i0.wp.com\/ccnews.com.ar\/prensa\/wp-content\/uploads\/2020\/03\/Imagen-ag-nqn-loma-la-lata-bateria-shale-oi-11205177.jpg?fit=920%2C517&resize=700%2C400 2x"},"classes":[]}],"jetpack_sharing_enabled":true,"_links":{"self":[{"href":"http:\/\/ccnews.com.ar\/prensa\/wp-json\/wp\/v2\/posts\/1241","targetHints":{"allow":["GET"]}}],"collection":[{"href":"http:\/\/ccnews.com.ar\/prensa\/wp-json\/wp\/v2\/posts"}],"about":[{"href":"http:\/\/ccnews.com.ar\/prensa\/wp-json\/wp\/v2\/types\/post"}],"author":[{"embeddable":true,"href":"http:\/\/ccnews.com.ar\/prensa\/wp-json\/wp\/v2\/users\/2"}],"replies":[{"embeddable":true,"href":"http:\/\/ccnews.com.ar\/prensa\/wp-json\/wp\/v2\/comments?post=1241"}],"version-history":[{"count":1,"href":"http:\/\/ccnews.com.ar\/prensa\/wp-json\/wp\/v2\/posts\/1241\/revisions"}],"predecessor-version":[{"id":1245,"href":"http:\/\/ccnews.com.ar\/prensa\/wp-json\/wp\/v2\/posts\/1241\/revisions\/1245"}],"wp:featuredmedia":[{"embeddable":true,"href":"http:\/\/ccnews.com.ar\/prensa\/wp-json\/wp\/v2\/media\/1243"}],"wp:attachment":[{"href":"http:\/\/ccnews.com.ar\/prensa\/wp-json\/wp\/v2\/media?parent=1241"}],"wp:term":[{"taxonomy":"category","embeddable":true,"href":"http:\/\/ccnews.com.ar\/prensa\/wp-json\/wp\/v2\/categories?post=1241"},{"taxonomy":"post_tag","embeddable":true,"href":"http:\/\/ccnews.com.ar\/prensa\/wp-json\/wp\/v2\/tags?post=1241"}],"curies":[{"name":"wp","href":"https:\/\/api.w.org\/{rel}","templated":true}]}}