{"id":12554,"date":"2019-08-17T08:00:33","date_gmt":"2019-08-17T11:00:33","guid":{"rendered":"http:\/\/ccnews.com.ar\/prensa\/?p=12554"},"modified":"2019-08-16T16:22:22","modified_gmt":"2019-08-16T19:22:22","slug":"vaca-muerta-como-impacta-el-congelamiento-de-los-combustibles","status":"publish","type":"post","link":"http:\/\/ccnews.com.ar\/prensa\/vaca-muerta-como-impacta-el-congelamiento-de-los-combustibles\/","title":{"rendered":"Vaca Muerta: c\u00f3mo impacta el congelamiento de los combustibles"},"content":{"rendered":"\n<p><strong>El paquete de medidas\nque anunci\u00f3 el presidente Mauricio Macri el mi\u00e9rcoles caus\u00f3 revuelo en la\nindustria. Desde provincia de Neuqu\u00e9n avisaron que ir\u00e1n a la justicia. Corre\npeligro el nivel de actividad en la formaci\u00f3n.<\/strong><\/p>\n\n\n\n<p>El congelamiento del precio de los combustibles y del\nbarril, que se convirti\u00f3 en realidad hoy a la ma\u00f1ana con la publicaci\u00f3n del\nDecreto 566, hace tambalear las proyecciones que Vaca Muerta ten\u00eda de cara a\nlos pr\u00f3ximos meses.&nbsp; <\/p>\n\n\n\n<p>Con el nuevo escenario es casi seguro que se desacelerar\u00e1n\nvarios de los desarrollos de la formaci\u00f3n y obligar\u00e1n a las empresas a\nredise\u00f1ar las hojas de ruta con las que se planificaba avanzar en el corto\nplazo. En lo inmediato esto puede significar no solo despidos, sino tambi\u00e9n una\np\u00e9rdida millonaria de las regal\u00edas para la provincia.<\/p>\n\n\n\n<p>Incluso desde el gobierno provincial no tardaron el decir\np\u00fablicamente que la medida puede \u201cdestruir\u201d todo lo que se logr\u00f3 en Vaca Muerta\ndesde el 2017 y aseguraron que ir\u00e1n a justicia.<\/p>\n\n\n\n<p>Un barril a 59 d\u00f3lares y un tipo de cambio para la venta en\n41,19 pesos significa un decrecimiento superior al 30% del valor de producci\u00f3n.\nSolo algunas empresas en sus \u00e1reas m\u00e1s desarrollas de Vaca Muerta podr\u00e1n operar\ncon estos nuevos valores, para la gran mayor\u00eda no es rentable. <\/p>\n\n\n\n<p>Esto se traduce directamente en que la producci\u00f3n de\npetr\u00f3leo de la Cuenca Neuquina bajar\u00e1 y las perforaciones nuevas no se har\u00e1n,\nal menos hasta que pase el temblor. No ser\u00eda raro que el titular de Petroleros\nPrivados, Guillermo Pereyra, haga otra asamblea masiva en A\u00f1elo para anunciar\nmedidas.<\/p>\n\n\n\n<p>Lo cierto es que dif\u00edcilmente las recientes medidas tomadas\npor el gobierno nacional deriven en que algunas empresas decidan vender sus activos\nen la Cuenca Neuquina y se lleven sus inversiones. Los compromisos asumidos por\nlas compa\u00f1\u00edas son a largo plazo y las excelentes caracter\u00edsticas naturales que\nofrece la roca madre de Vaca Muerta no son f\u00e1ciles de encontrar en otro lado\ndel mundo. <\/p>\n\n\n\n<p>Los que m\u00e1s conocen de la industria saben que en estas\nsituaciones las operadoras entran en un estado de \u201cwait and see\u201d, o esperar y\nver, y luego tomar decisiones significativas.<\/p>\n\n\n\n<p>El mayor problema es que la medida impulsada por el\noficialismo llega en el peor momento. Y es que por primera vez en la historia\nde Vaca Muerta parec\u00eda que el camino estaba abierto y era claro.&nbsp; <\/p>\n\n\n\n<p>Ante la imposibilidad de avanzar con los desarrollos de gas\npor la falta de redes de transporte y de instalaciones millonarias para\nlicuefaccionar y exportar GNL, todas las operadoras de la formaci\u00f3n hab\u00edan\ntomado la decisi\u00f3n concreta de apostar a sus desarrollos de petr\u00f3leo. Es\njustamente donde el gobierno golpe\u00f3.&nbsp; <\/p>\n\n\n\n<p>En poco m\u00e1s de un a\u00f1o Vaca Muerta acumul\u00f3 anuncios de nuevos\ndesarrollos masivos, sum\u00f3 pedidos de concesiones no convencionales y vio el\ndesembarco de algunas de las compa\u00f1\u00edas m\u00e1s importantes de la industria\nhidrocarbur\u00edfera. <\/p>\n\n\n\n<p>El gobierno sab\u00eda que la medida no iba a ser acompa\u00f1ada por las operadoras con las condiciones que propon\u00edan por eso solo las convocaron para comunicar una decisi\u00f3n tomada. Pero m\u00e1s que un acompa\u00f1amiento buscaban un gesto pol\u00edtico sin medir el impacto que podr\u00eda significar en cada compa\u00f1\u00eda. No lo consiguieron.\u00a0 <\/p>\n\n\n\n<p>*Por Mat\u00edas Del Pozzi<\/p>\n\n\n\n<p>Fuente: Diario R\u00edo Negro<\/p>\n<!-- AddThis Advanced Settings generic via filter on the_content -->","protected":false},"excerpt":{"rendered":"<p>El paquete de medidas que anunci\u00f3 el presidente Mauricio Macri el mi\u00e9rcoles caus\u00f3 revuelo en la industria. Desde provincia de<!-- AddThis Advanced Settings generic via filter on get_the_excerpt --><\/p>\n","protected":false},"author":1,"featured_media":12556,"comment_status":"closed","ping_status":"closed","sticky":false,"template":"","format":"standard","meta":{"colormag_page_container_layout":"default_layout","colormag_page_sidebar_layout":"default_layout","jetpack_post_was_ever_published":false,"_jetpack_newsletter_access":"","_jetpack_dont_email_post_to_subs":false,"_jetpack_newsletter_tier_id":0,"_jetpack_memberships_contains_paywalled_content":false,"_jetpack_memberships_contains_paid_content":false,"footnotes":"","jetpack_publicize_message":"#Inspecci\u00f3n Vaca Muerta: c\u00f3mo impacta el congelamiento de los combustibles","jetpack_publicize_feature_enabled":true,"jetpack_social_post_already_shared":true,"jetpack_social_options":{"image_generator_settings":{"template":"highway","default_image_id":0,"font":"","enabled":false},"version":2}},"categories":[11],"tags":[17],"class_list":["post-12554","post","type-post","status-publish","format-standard","has-post-thumbnail","hentry","category-energia-y-produccion","tag-otros-medios"],"jetpack_publicize_connections":[],"jetpack_featured_media_url":"https:\/\/i0.wp.com\/ccnews.com.ar\/prensa\/wp-content\/uploads\/2019\/08\/IMG_4630-2.jpg?fit=920%2C520","jetpack_shortlink":"https:\/\/wp.me\/p7L1gj-3gu","jetpack-related-posts":[{"id":12602,"url":"http:\/\/ccnews.com.ar\/prensa\/la-segunda-sequia-llega-a-vaca-muerta\/","url_meta":{"origin":12554,"position":0},"title":"La segunda sequ\u00eda llega a Vaca Muerta","author":"admin","date":"22 agosto, 2019","format":false,"excerpt":"El congelamiento del valor del barril dictaminado por Naci\u00f3n pone en jaque la actividad en la llamada \"segunda Pampa H\u00fameda\". Las operadoras reconocen que viven un momento de incertidumbre y esperan cambios en la norma. La publicaci\u00f3n y el sostenimiento del Decreto de Necesidad y Urgencia 566\/19 que instaur\u00f3 un\u2026","rel":"","context":"En \u00abEnerg\u00eda y Producci\u00f3n\u00bb","block_context":{"text":"Energ\u00eda y Producci\u00f3n","link":"http:\/\/ccnews.com.ar\/prensa\/category\/energia-y-produccion\/"},"img":{"alt_text":"","src":"https:\/\/i0.wp.com\/ccnews.com.ar\/prensa\/wp-content\/uploads\/2019\/08\/Imagen-A%C3%B1elo-Torre-de-perforacion-atardec-10879595.jpg?fit=900%2C520&resize=350%2C200","width":350,"height":200,"srcset":"https:\/\/i0.wp.com\/ccnews.com.ar\/prensa\/wp-content\/uploads\/2019\/08\/Imagen-A%C3%B1elo-Torre-de-perforacion-atardec-10879595.jpg?fit=900%2C520&resize=350%2C200 1x, https:\/\/i0.wp.com\/ccnews.com.ar\/prensa\/wp-content\/uploads\/2019\/08\/Imagen-A%C3%B1elo-Torre-de-perforacion-atardec-10879595.jpg?fit=900%2C520&resize=525%2C300 1,5x, https:\/\/i0.wp.com\/ccnews.com.ar\/prensa\/wp-content\/uploads\/2019\/08\/Imagen-A%C3%B1elo-Torre-de-perforacion-atardec-10879595.jpg?fit=900%2C520&resize=700%2C400 2x"},"classes":[]},{"id":13426,"url":"http:\/\/ccnews.com.ar\/prensa\/neuquen-impulsa-un-plan-para-evitar-la-caida-de-las-inversiones-en-vaca-muerta\/","url_meta":{"origin":12554,"position":1},"title":"Neuqu\u00e9n impulsa un plan para evitar la ca\u00edda de las inversiones en Vaca Muerta","author":"admin","date":"31 octubre, 2019","format":false,"excerpt":"La iniciativa contempla tanto el precio del petr\u00f3leo, los combustibles y el gas natural. Busca generar herramientas que permitan amortiguar saltos tarifarios y generar una nueva tarifa social para los sectores m\u00e1s carenciados. El gobierno neuquino elabor\u00f3 un plan para mitigar la crisis que hoy enfrenta Vaca Muerta a partir\u2026","rel":"","context":"En \u00abEnerg\u00eda y Producci\u00f3n\u00bb","block_context":{"text":"Energ\u00eda y Producci\u00f3n","link":"http:\/\/ccnews.com.ar\/prensa\/category\/energia-y-produccion\/"},"img":{"alt_text":"","src":"https:\/\/i0.wp.com\/ccnews.com.ar\/prensa\/wp-content\/uploads\/2019\/10\/Imagen-AAG.NQN-10.01.jpg?fit=920%2C517&resize=350%2C200","width":350,"height":200,"srcset":"https:\/\/i0.wp.com\/ccnews.com.ar\/prensa\/wp-content\/uploads\/2019\/10\/Imagen-AAG.NQN-10.01.jpg?fit=920%2C517&resize=350%2C200 1x, https:\/\/i0.wp.com\/ccnews.com.ar\/prensa\/wp-content\/uploads\/2019\/10\/Imagen-AAG.NQN-10.01.jpg?fit=920%2C517&resize=525%2C300 1,5x, https:\/\/i0.wp.com\/ccnews.com.ar\/prensa\/wp-content\/uploads\/2019\/10\/Imagen-AAG.NQN-10.01.jpg?fit=920%2C517&resize=700%2C400 2x"},"classes":[]},{"id":13736,"url":"http:\/\/ccnews.com.ar\/prensa\/la-herencia-economica-condiciona-a-vaca-muerta\/","url_meta":{"origin":12554,"position":2},"title":"La herencia econ\u00f3mica condiciona a Vaca Muerta","author":"admin","date":"29 noviembre, 2019","format":false,"excerpt":"El hermetismo de Fern\u00e1ndez y la situaci\u00f3n de la macro generan dudas en la industria. Las empresas de servicios enviaron m\u00e1s de 500 telegramas de despidos. El gremio anunci\u00f3 un paro. Mientras Vaca Muerta espera que el equipo de Alberto Fern\u00e1ndez de se\u00f1ales concretas sobre el camino que recorrer\u00e1 la\u2026","rel":"","context":"En \u00abEnerg\u00eda y Producci\u00f3n\u00bb","block_context":{"text":"Energ\u00eda y Producci\u00f3n","link":"http:\/\/ccnews.com.ar\/prensa\/category\/energia-y-produccion\/"},"img":{"alt_text":"","src":"https:\/\/i0.wp.com\/ccnews.com.ar\/prensa\/wp-content\/uploads\/2019\/11\/vaca-muerta-pymes.jpg?fit=920%2C520&resize=350%2C200","width":350,"height":200,"srcset":"https:\/\/i0.wp.com\/ccnews.com.ar\/prensa\/wp-content\/uploads\/2019\/11\/vaca-muerta-pymes.jpg?fit=920%2C520&resize=350%2C200 1x, https:\/\/i0.wp.com\/ccnews.com.ar\/prensa\/wp-content\/uploads\/2019\/11\/vaca-muerta-pymes.jpg?fit=920%2C520&resize=525%2C300 1,5x, https:\/\/i0.wp.com\/ccnews.com.ar\/prensa\/wp-content\/uploads\/2019\/11\/vaca-muerta-pymes.jpg?fit=920%2C520&resize=700%2C400 2x"},"classes":[]},{"id":2465,"url":"http:\/\/ccnews.com.ar\/prensa\/la-refineria-de-huincul-procesa-un-43-del-petroleo-de-vaca-muerta\/","url_meta":{"origin":12554,"position":3},"title":"La refiner\u00eda de Huincul procesa un 43% del petr\u00f3leo de Vaca Muerta","author":"CLUSTERciar","date":"23 noviembre, 2016","format":false,"excerpt":"A 40 a\u00f1os de su creaci\u00f3n, hace escuela a nivel nacional para determinar c\u00f3mo se comporta el crudo del futuro para elaborar combustibles. La refiner\u00eda de YPF en Plaza Hincul duplic\u00f3 el procesamiento de shale oil en dos a\u00f1os: del total de petr\u00f3leo que se procesa en la planta, el\u2026","rel":"","context":"En \u00abSustentabilidad\u00bb","block_context":{"text":"Sustentabilidad","link":"http:\/\/ccnews.com.ar\/prensa\/category\/sustentabilidad\/"},"img":{"alt_text":"","src":"https:\/\/i0.wp.com\/ccnews.com.ar\/prensa\/wp-content\/uploads\/2016\/11\/image_content_7817946_20161121223643.jpg?fit=660%2C370&resize=350%2C200","width":350,"height":200,"srcset":"https:\/\/i0.wp.com\/ccnews.com.ar\/prensa\/wp-content\/uploads\/2016\/11\/image_content_7817946_20161121223643.jpg?fit=660%2C370&resize=350%2C200 1x, https:\/\/i0.wp.com\/ccnews.com.ar\/prensa\/wp-content\/uploads\/2016\/11\/image_content_7817946_20161121223643.jpg?fit=660%2C370&resize=525%2C300 1,5x"},"classes":[]},{"id":14350,"url":"http:\/\/ccnews.com.ar\/prensa\/enviaran-al-congreso-la-nueva-ley-de-hidrocarburos\/","url_meta":{"origin":12554,"position":4},"title":"Enviar\u00e1n al Congreso la nueva Ley de Hidrocarburos","author":"admin","date":"19 enero, 2020","format":false,"excerpt":"El presidente anticip\u00f3 que ser\u00e1 antes de que finalice el per\u00edodo de sesiones extraordinarias. Fue en el encuentro que mantuvo hoy con las principales petroleras del pa\u00eds. Pidi\u00f3 a las operadoras que presenten propuestas para descongelar los combustibles. El presidente de la Naci\u00f3n, Alberto Fern\u00e1ndez, mantuvo la primera reuni\u00f3n con\u2026","rel":"","context":"En \u00abEnerg\u00eda y Producci\u00f3n\u00bb","block_context":{"text":"Energ\u00eda y Producci\u00f3n","link":"http:\/\/ccnews.com.ar\/prensa\/category\/energia-y-produccion\/"},"img":{"alt_text":"","src":"https:\/\/i0.wp.com\/ccnews.com.ar\/prensa\/wp-content\/uploads\/2020\/01\/3bd7c820-b8dd-480a-9840-57199feeffc0-e1579221992802.jpg?fit=920%2C517&resize=350%2C200","width":350,"height":200,"srcset":"https:\/\/i0.wp.com\/ccnews.com.ar\/prensa\/wp-content\/uploads\/2020\/01\/3bd7c820-b8dd-480a-9840-57199feeffc0-e1579221992802.jpg?fit=920%2C517&resize=350%2C200 1x, https:\/\/i0.wp.com\/ccnews.com.ar\/prensa\/wp-content\/uploads\/2020\/01\/3bd7c820-b8dd-480a-9840-57199feeffc0-e1579221992802.jpg?fit=920%2C517&resize=525%2C300 1,5x, https:\/\/i0.wp.com\/ccnews.com.ar\/prensa\/wp-content\/uploads\/2020\/01\/3bd7c820-b8dd-480a-9840-57199feeffc0-e1579221992802.jpg?fit=920%2C517&resize=700%2C400 2x"},"classes":[]},{"id":13175,"url":"http:\/\/ccnews.com.ar\/prensa\/en-vaca-muerta-hay-casi-un-centenar-de-pozos-desconectados\/","url_meta":{"origin":12554,"position":5},"title":"En Vaca Muerta hay casi un centenar de pozos desconectados","author":"admin","date":"6 octubre, 2019","format":false,"excerpt":"Se trata de perforaciones realizadas este a\u00f1o que no fueron puestas en producci\u00f3n. En algunos casos es por falta de demanda o precios, y en otros por cronogramas de trabajo. Los no completados representan casi el 25% de los que se conectaron en el a\u00f1o y ponen en duda que\u2026","rel":"","context":"En \u00abEnerg\u00eda y Producci\u00f3n\u00bb","block_context":{"text":"Energ\u00eda y Producci\u00f3n","link":"http:\/\/ccnews.com.ar\/prensa\/category\/energia-y-produccion\/"},"img":{"alt_text":"","src":"https:\/\/i0.wp.com\/ccnews.com.ar\/prensa\/wp-content\/uploads\/2019\/10\/Imagen-Ag-nqn-inversi%C3%B3n-millonaria-para-10945816.jpg?fit=920%2C520&resize=350%2C200","width":350,"height":200,"srcset":"https:\/\/i0.wp.com\/ccnews.com.ar\/prensa\/wp-content\/uploads\/2019\/10\/Imagen-Ag-nqn-inversi%C3%B3n-millonaria-para-10945816.jpg?fit=920%2C520&resize=350%2C200 1x, https:\/\/i0.wp.com\/ccnews.com.ar\/prensa\/wp-content\/uploads\/2019\/10\/Imagen-Ag-nqn-inversi%C3%B3n-millonaria-para-10945816.jpg?fit=920%2C520&resize=525%2C300 1,5x, https:\/\/i0.wp.com\/ccnews.com.ar\/prensa\/wp-content\/uploads\/2019\/10\/Imagen-Ag-nqn-inversi%C3%B3n-millonaria-para-10945816.jpg?fit=920%2C520&resize=700%2C400 2x"},"classes":[]}],"jetpack_sharing_enabled":true,"_links":{"self":[{"href":"http:\/\/ccnews.com.ar\/prensa\/wp-json\/wp\/v2\/posts\/12554","targetHints":{"allow":["GET"]}}],"collection":[{"href":"http:\/\/ccnews.com.ar\/prensa\/wp-json\/wp\/v2\/posts"}],"about":[{"href":"http:\/\/ccnews.com.ar\/prensa\/wp-json\/wp\/v2\/types\/post"}],"author":[{"embeddable":true,"href":"http:\/\/ccnews.com.ar\/prensa\/wp-json\/wp\/v2\/users\/1"}],"replies":[{"embeddable":true,"href":"http:\/\/ccnews.com.ar\/prensa\/wp-json\/wp\/v2\/comments?post=12554"}],"version-history":[{"count":1,"href":"http:\/\/ccnews.com.ar\/prensa\/wp-json\/wp\/v2\/posts\/12554\/revisions"}],"predecessor-version":[{"id":12558,"href":"http:\/\/ccnews.com.ar\/prensa\/wp-json\/wp\/v2\/posts\/12554\/revisions\/12558"}],"wp:featuredmedia":[{"embeddable":true,"href":"http:\/\/ccnews.com.ar\/prensa\/wp-json\/wp\/v2\/media\/12556"}],"wp:attachment":[{"href":"http:\/\/ccnews.com.ar\/prensa\/wp-json\/wp\/v2\/media?parent=12554"}],"wp:term":[{"taxonomy":"category","embeddable":true,"href":"http:\/\/ccnews.com.ar\/prensa\/wp-json\/wp\/v2\/categories?post=12554"},{"taxonomy":"post_tag","embeddable":true,"href":"http:\/\/ccnews.com.ar\/prensa\/wp-json\/wp\/v2\/tags?post=12554"}],"curies":[{"name":"wp","href":"https:\/\/api.w.org\/{rel}","templated":true}]}}