{"id":12590,"date":"2019-08-21T08:00:27","date_gmt":"2019-08-21T11:00:27","guid":{"rendered":"http:\/\/ccnews.com.ar\/prensa\/?p=12590"},"modified":"2019-08-21T09:36:35","modified_gmt":"2019-08-21T12:36:35","slug":"lo-mejor-y-lo-peor-de-whatsapp-en-sus-diez-anos-de-vida","status":"publish","type":"post","link":"http:\/\/ccnews.com.ar\/prensa\/lo-mejor-y-lo-peor-de-whatsapp-en-sus-diez-anos-de-vida\/","title":{"rendered":"Lo mejor y lo peor de WhatsApp en sus diez a\u00f1os de vida"},"content":{"rendered":"\n<p>Un recorrido por la historia y actualidad del mensajero, que\nusa el 20% de la humanidad. Adem\u00e1s, cu\u00e1les son las funciones que sumar\u00e1 y por\nqu\u00e9 se \u201centregar\u00e1\u201d definitivamente a los designios de Facebook.<\/p>\n\n\n\n<p>\u00bfSab\u00edas que cerca del 20% de los terr\u00edcolas usa WhatsApp? El\nmensajero tiene m\u00e1s de 1.5 mil millones de usuarios activos mensuales en un\nmundo en el que viven unas 7.5 mil millones de personas. De ese volumen, el 60%\naccede todos los d\u00edas.<\/p>\n\n\n\n<p>La app exhibe muchos datos que abruman: su base mensual es\n34 veces superior a la cantidad de habitantes en nuestro pa\u00eds, aproximadamente.\nY ya que hablamos de estad\u00edsticas locales, recientemente Statista revel\u00f3 que el\n76% de los argentinos se comunica con esa app.<\/p>\n\n\n\n<p>\u00bfCu\u00e1les son los secretos de este servicio de mensajer\u00eda con\ndiez a\u00f1os de recorrido y presencia en m\u00e1s de 180 pa\u00edses? \u00bfQu\u00e9 rol tiene\nFacebook en su mete\u00f3rico ascenso?, \u00bfcu\u00e1l ser\u00e1 el nuevo panorama, ahora que la\nempresa californiana decidi\u00f3 meter mano definitivamente en el ADN de WhatsApp?<\/p>\n\n\n\n<p>Te proponemos un paseo por la historia de esta aplicaci\u00f3n,\nrepasaremos lo mejor y lo peor de su recorrido en nuestros dispositivos, y\nanticipamos las funciones que agregar\u00e1 el producto en el futuro cercano.<\/p>\n\n\n\n<p><strong>Una d\u00e9cada vivida<\/strong><\/p>\n\n\n\n<p>Cuando WhatsApp debut\u00f3 en el 24 de febrero de 2009, los tel\u00e9fonos inteligentes eran nenes de pecho: el primer iPhone, pionero entre los smartphones, hab\u00eda aparecido un a\u00f1o y medio atr\u00e1s. A\u00fan no exist\u00eda Instagram (se lanz\u00f3 en 2010) y Facebook, que ahora es su due\u00f1o, ten\u00eda la edad de un preescolar.<\/p>\n\n\n\n<figure class=\"wp-block-image\"><img data-recalc-dims=\"1\" decoding=\"async\" src=\"https:\/\/i0.wp.com\/cdn.tn.com.ar\/sites\/default\/files\/styles\/embed_image\/public\/2019\/08\/16\/5d56bd46a0072_Whatsapp_Linea_de_Tiempo.png?w=800&#038;ssl=1\" alt=\"\"\/><\/figure>\n\n\n\n<p>El mensajero debut\u00f3 en iOS y en equipos BlackBerry, reci\u00e9n\nen 2010 lleg\u00f3 a dispositivos Android, y tres a\u00f1os m\u00e1s tarde (en abril de 2013)\nsuperaba la marca de los 200 millones de usuarios activos al mes. 2014 fue un\na\u00f1o clave para el mensajero de nombre canchero que, de tan repetido, parece un\nt\u00e9rmino formal: apareci\u00f3 Facebook en escena.<\/p>\n\n\n\n<p><strong>Crecimiento y\npol\u00e9mica<\/strong><\/p>\n\n\n\n<p>Cuando la compa\u00f1\u00eda de Mark Zuckerberg compr\u00f3 WhatsApp desembolsando cerca de 20 millones de d\u00f3lares y se calificaba a esa operaci\u00f3n como una de las m\u00e1s impresionantes del siglo, la aplicaci\u00f3n rondaba los 450 millones de usuarios a nivel global y ten\u00eda bajos ingresos.<\/p>\n\n\n\n<figure class=\"wp-block-image\"><img data-recalc-dims=\"1\" decoding=\"async\" src=\"https:\/\/i0.wp.com\/cdn.tn.com.ar\/sites\/default\/files\/styles\/embed_image\/public\/2019\/08\/16\/5d56c02baa958_Whatsapp_en_el_mundo.png?w=800&#038;ssl=1\" alt=\"\"\/><\/figure>\n\n\n\n<p>En casi un a\u00f1o y medio duplic\u00f3 esa base; y las estad\u00edsticas\nm\u00e1s recientes reflejan una triplicaci\u00f3n. La presencia de Facebook favoreci\u00f3 a\nWhatsApp, al menos en la planilla de n\u00fameros.<\/p>\n\n\n\n<p>\u00bfEl viento de cola tambi\u00e9n se reflej\u00f3 en la experiencia de\nuso? En otras palabras, \u00bfWhatsApp es un mejor mensajero desde que responde a\nlos designios de la mayor red social del planeta?<\/p>\n\n\n\n<p>En muchos sentidos, WhatsApp se robusteci\u00f3 de la mano de\nFacebook. Sum\u00f3 llamadas de voz en 2015, videollamadas al a\u00f1o siguiente,\napareci\u00f3 la versi\u00f3n para escritorio (WhatsApp Web), los Estados, y WhatsApp\nBusiness, entre otras novedades<\/p>\n\n\n\n<p>El crecimiento mete\u00f3rico tambi\u00e9n tuvo reveses. Y el\nalejamiento de sus fundadores fue una muestra fiel de la faceta menos\nauspiciosa del exitoso producto.<\/p>\n\n\n\n<p>En 2017 Brian Acton, uno de los fundadores de la aplicaci\u00f3n,\nrenunci\u00f3 a Facebook aduciendo lo que muchos dicen cuando se alejan de una\ncompa\u00f1\u00eda tan poderosa y pujante como aquella: planes de crear una startup\npropia y revivir la pasi\u00f3n por el emprendimiento floreciente. Pero cuando\nbrotaron las semillas del esc\u00e1ndalo de Cambridge Analytica, en marzo de 2018,\nActon public\u00f3 un tuit revelador en el que invit\u00f3 a abandonar la red social con\nel hashtag #DeleteFacebook.<\/p>\n\n\n\n<p>\u00c9l se march\u00f3 de la compa\u00f1\u00eda de Palo Alto, y m\u00e1s tarde Jan\nKoum, el otro fundador de WhatsApp, por desencuentros con la mesa ejecutiva\nliderada por Zuckerberg. Cuando el revuelo pas\u00f3 ambos manifestaron sus\nencontronazos por los deseos de monetizaci\u00f3n de la app y por el uso de datos de\nlos usuarios, una pr\u00e1ctica que a\u00fan tiene a Facebook en el ojo de la tormenta.<\/p>\n\n\n\n<p>Ese mismo camino siguieron los fundadores de Instagram, otra\napp que Facebook compr\u00f3.<\/p>\n\n\n\n<p>Mientras tanto, la compa\u00f1\u00eda estadounidense prepara cambios\npara WhatsApp. Se ha dicho que le pondr\u00e1 definitivamente su sello y que luego\nde diez a\u00f1os libre de anuncios, el panorama cambiar\u00e1 en el futuro cercano.<\/p>\n\n\n\n<p><strong>Qu\u00e9 cambiar\u00e1 en\nWhatsApp<\/strong><\/p>\n\n\n\n<p>En una entrevista con Forbes en la que Acton ventil\u00f3\ndetalles de su salida, es posible conocer su versi\u00f3n respecto a la pronta\nllegada de publicidades al mensajero. Dice que \u00e9l luch\u00f3 por eludirlos\nexplorando formas alternativas para monetizar, por ejemplo cobrar una m\u00f3dica\nsuma de dinero una vez que el usuario consume una cantidad de mensajes\ngratuitos. Pero la compa\u00f1\u00eda quer\u00eda que la app tenga anuncios.<\/p>\n\n\n\n<p>Ya sabemos qui\u00e9n ganar\u00e1\u2026 o, al menos, qui\u00e9n llevar\u00e1 adelante\nsus planes. Acton sali\u00f3 del juego, y seg\u00fan confirm\u00f3 la californiana en 2020 las\npublicidades dir\u00e1n presente en WhatsApp.<\/p>\n\n\n\n<p>Tal como contamos ac\u00e1, se espera que la novedad (que ning\u00fan usuario celebra) llegue en primera instancia a la secci\u00f3n de Estados. Eso quiere decir que en un comienzo no veremos anuncios en los chats, aunque no podemos afirmar que eso no ocurrir\u00e1 en el futuro.<\/p>\n\n\n\n<figure class=\"wp-block-image\"><img data-recalc-dims=\"1\" decoding=\"async\" src=\"https:\/\/i0.wp.com\/cdn.tn.com.ar\/sites\/default\/files\/styles\/embed_image\/public\/2019\/08\/16\/5d56c0f95fd0a_Whatsapp_en_latinoam%C3%A9rica.png?w=800&#038;ssl=1\" alt=\"\"\/><\/figure>\n\n\n\n<p>\u201cSon empresarios, buenos empresarios. Simplemente\nrepresentan un conjunto de pr\u00e1cticas comerciales, principios y pol\u00edticas con los\nque no estoy necesariamente de acuerdo\u201d, dijo Acton al respecto, con una\ndiplomacia que no siempre le es propia.<\/p>\n\n\n\n<p>En un a\u00f1o con m\u00faltiples ca\u00eddas de servicio, arrastrado por\nlas redes que ahora son su familia, se ha dicho que Facebook sellar\u00e1\ndefinitivamente su impronta en WhatsApp. Tambi\u00e9n lo har\u00e1 en Instagram. Seg\u00fan\ncontamos, los de Zuckerberg agregar\u00e1n el nombre \u201cFacebook\u201d a los<\/p>\n\n\n\n<p>servicios que est\u00e1n bajo su ala. Medios especializados dicen\nque en el futuro el mensajero se llamar\u00e1 \u201cWhatsApp de Facebook\u201d.<\/p>\n\n\n\n<p>Fuentes de la compa\u00f1\u00eda dijeron a The Verge que quieren \u201cser\nclaros acerca de los productos y servicios que son de Facebook\u201d. Pero no\ninformaron cu\u00e1ndo se producir\u00e1 el cambio, que no s\u00f3lo supone modificaciones en\nla denominaci\u00f3n. Se espera que WhatsApp avance hacia una integraci\u00f3n con los\nservicios de mensajer\u00eda de Facebook e Instagram.<\/p>\n\n\n\n<p>Eso no implica que una absorber\u00e1 a otra o que alguno de los\nmensajeros desaparecer\u00e1. El plan de la compa\u00f1\u00eda es crear una \u201cmacroplataforma\u201d\nen la que existan menores barreras en la comunicaci\u00f3n. Es decir, las apps\nseguir\u00e1n existiendo, cada una por cuenta propia, pero los usuarios podr\u00e1n\ninteractuar con personas que est\u00e1n usando otro mensajero.<\/p>\n\n\n\n<p>Anuncios e integraci\u00f3n de las plataformas aparecen como\ningredientes en una receta que tambi\u00e9n involucra otro proyecto de magnitud que\nse cuece en la cacerola de Facebook. Hablamos de Libra, una moneda digital\ncreada por la compa\u00f1\u00eda de Palo Alto, que a\u00fan debe atravesar escollos\nadministrativos y legales.<\/p>\n\n\n\n<p>En paralelo aparecer\u00e1 WhatsApp Pay, que no es una\ncriptomoneda sino un sistema de pagos digitales. Debutar\u00e1 a fines de este a\u00f1o\nen La India y se espera que luego inicie su expansi\u00f3n a nivel mundial.<\/p>\n\n\n\n<p>Tambi\u00e9n se esperan cambios en los t\u00e9rminos de uso del\nservicio, y en ese marco ya no podr\u00eda ser utilizado por menores de 13 a\u00f1os.\nTambi\u00e9n se dijo que sumar\u00e1 un nuevo sistema de seguridad para acceder a los\nmensajes&#8230; e impedir que sean le\u00eddos por indiscretos. Esas mejoras figuran\nentre algunas de las funciones que son testeadas en versiones beta del\nmensajero.<\/p>\n\n\n\n<p>Mientras se prepara para esos saltos, WhatsApp sigue siendo eje de nuestros h\u00e1bitos digitales. Fue la app m\u00e1s descargada en equipos Android durante 2018 y se dice que cada usuario la chequea en promedio 23 veces al d\u00eda. Medallas suficientes para que sus pretensiones sean de tremenda magnitud, igual que sus desaf\u00edos.<\/p>\n\n\n\n<p>*Por Uriel Bederman<\/p>\n\n\n\n<p>Fuente: TN<\/p>\n<!-- AddThis Advanced Settings generic via filter on the_content -->","protected":false},"excerpt":{"rendered":"<p>Un recorrido por la historia y actualidad del mensajero, que usa el 20% de la humanidad. Adem\u00e1s, cu\u00e1les son las<!-- AddThis Advanced Settings generic via filter on get_the_excerpt --><\/p>\n","protected":false},"author":1,"featured_media":12598,"comment_status":"closed","ping_status":"closed","sticky":false,"template":"","format":"standard","meta":{"colormag_page_container_layout":"default_layout","colormag_page_sidebar_layout":"default_layout","jetpack_post_was_ever_published":false,"_jetpack_newsletter_access":"","_jetpack_dont_email_post_to_subs":false,"_jetpack_newsletter_tier_id":0,"_jetpack_memberships_contains_paywalled_content":false,"_jetpack_memberships_contains_paid_content":false,"footnotes":"","jetpack_publicize_message":"#Tecnolog\u00eda Lo mejor y lo peor de WhatsApp en sus diez a\u00f1os de vida","jetpack_publicize_feature_enabled":true,"jetpack_social_post_already_shared":true,"jetpack_social_options":{"image_generator_settings":{"template":"highway","default_image_id":0,"font":"","enabled":false},"version":2}},"categories":[5],"tags":[17],"class_list":["post-12590","post","type-post","status-publish","format-standard","has-post-thumbnail","hentry","category-transformacion-digital","tag-otros-medios"],"jetpack_publicize_connections":[],"jetpack_featured_media_url":"https:\/\/i0.wp.com\/ccnews.com.ar\/prensa\/wp-content\/uploads\/2019\/08\/1504858340_625958_1504858447_noticia_normal.jpg?fit=1200%2C675","jetpack_shortlink":"https:\/\/wp.me\/p7L1gj-3h4","jetpack-related-posts":[{"id":11227,"url":"http:\/\/ccnews.com.ar\/prensa\/cuales-son-las-tres-redes-sociales-del-futuro-que-buscan-destronar-a-facebook-instagram-y-twitter\/","url_meta":{"origin":12590,"position":0},"title":"Cu\u00e1les son las tres redes sociales &#8220;del futuro&#8221; que buscan destronar a Facebook, Instagram y Twitter","author":"admin","date":"28 abril, 2019","format":false,"excerpt":"TikTok, EscapeX y QZone desaf\u00edan a las plataformas m\u00e1s populares y quieren robarles la corona. C\u00f3mo funcionan. De los cerca de 8 mil millones de habitantes de nuestro mundo, 2.5 mil millones usan Facebook. A pesar de esa cifra exorbitante, la red social m\u00e1s popular de Internet atraviesa tiempos cr\u00edticos.\u2026","rel":"","context":"En \u00abTransformaci\u00f3n digital\u00bb","block_context":{"text":"Transformaci\u00f3n digital","link":"http:\/\/ccnews.com.ar\/prensa\/category\/transformacion-digital\/"},"img":{"alt_text":"","src":"https:\/\/i0.wp.com\/ccnews.com.ar\/prensa\/wp-content\/uploads\/2019\/04\/redes-sociales.jpg?fit=1200%2C672&resize=350%2C200","width":350,"height":200,"srcset":"https:\/\/i0.wp.com\/ccnews.com.ar\/prensa\/wp-content\/uploads\/2019\/04\/redes-sociales.jpg?fit=1200%2C672&resize=350%2C200 1x, https:\/\/i0.wp.com\/ccnews.com.ar\/prensa\/wp-content\/uploads\/2019\/04\/redes-sociales.jpg?fit=1200%2C672&resize=525%2C300 1,5x, https:\/\/i0.wp.com\/ccnews.com.ar\/prensa\/wp-content\/uploads\/2019\/04\/redes-sociales.jpg?fit=1200%2C672&resize=700%2C400 2x, https:\/\/i0.wp.com\/ccnews.com.ar\/prensa\/wp-content\/uploads\/2019\/04\/redes-sociales.jpg?fit=1200%2C672&resize=1050%2C600 3x"},"classes":[]},{"id":2403,"url":"http:\/\/ccnews.com.ar\/prensa\/aqui-estan-estos-son-los-ultimos-seis-cambios-de-whatsapp-que-afectan-a-sus-millones-de-usuarios\/","url_meta":{"origin":12590,"position":1},"title":"Aqu\u00ed est\u00e1n, estos son: los \u00faltimos seis cambios de WhatsApp que afectan a sus millones de usuarios","author":"CLUSTERciar","date":"1 diciembre, 2016","format":false,"excerpt":"La aplicaci\u00f3n propiedad de Facebook comenz\u00f3 hace siete a\u00f1os con la\u00a0mensajer\u00eda\u00a0y los\u00a0chats de grupo. Luego agregaron las\u00a0llamadas, y lo hizo de manera que funcionara en\u00a0miles de combinaciones\u00a0entre dispositivos y plataformas alrededor del mundo WhatsApp, la aplicaci\u00f3n de mensajer\u00eda instant\u00e1nea m\u00e1s popular del mundo, profundiz\u00f3 este a\u00f1o su renovaci\u00f3n con vistas\u2026","rel":"","context":"En \u00abTransformaci\u00f3n digital\u00bb","block_context":{"text":"Transformaci\u00f3n digital","link":"http:\/\/ccnews.com.ar\/prensa\/category\/transformacion-digital\/"},"img":{"alt_text":"","src":"","width":0,"height":0},"classes":[]},{"id":8463,"url":"http:\/\/ccnews.com.ar\/prensa\/crecio-la-produccion-de-gas-y-petroleo-en-neuquen-en-los-ultimos-5-meses\/","url_meta":{"origin":12590,"position":2},"title":"Creci\u00f3 la producci\u00f3n de gas y petr\u00f3leo en Neuqu\u00e9n en los \u00faltimos 5 meses","author":"CLUSTERciar","date":"2 agosto, 2018","format":false,"excerpt":"El gobernador precis\u00f3 que en el caso del gas se increment\u00f3 en un 5,8 por ciento, y en el petr\u00f3leo un 7,5. El gobernador Omar Guti\u00e9rrez confirm\u00f3 el jueves 12 de julio que en los primeros 5 meses de este a\u00f1o \u201cse registr\u00f3 un incremento del 7,5 por ciento en\u2026","rel":"","context":"En \u00abEnerg\u00eda y Producci\u00f3n\u00bb","block_context":{"text":"Energ\u00eda y Producci\u00f3n","link":"http:\/\/ccnews.com.ar\/prensa\/category\/energia-y-produccion\/"},"img":{"alt_text":"","src":"https:\/\/i0.wp.com\/ccnews.com.ar\/prensa\/wp-content\/uploads\/2018\/07\/20180712091101.jpg?fit=1000%2C566&resize=350%2C200","width":350,"height":200,"srcset":"https:\/\/i0.wp.com\/ccnews.com.ar\/prensa\/wp-content\/uploads\/2018\/07\/20180712091101.jpg?fit=1000%2C566&resize=350%2C200 1x, https:\/\/i0.wp.com\/ccnews.com.ar\/prensa\/wp-content\/uploads\/2018\/07\/20180712091101.jpg?fit=1000%2C566&resize=525%2C300 1,5x, https:\/\/i0.wp.com\/ccnews.com.ar\/prensa\/wp-content\/uploads\/2018\/07\/20180712091101.jpg?fit=1000%2C566&resize=700%2C400 2x"},"classes":[]},{"id":6691,"url":"http:\/\/ccnews.com.ar\/prensa\/whatsapp-business-para-que-sirve-y-como-funciona-la-version-del-mensajero-para-empresas\/","url_meta":{"origin":12590,"position":3},"title":"WhatsApp Business: para qu\u00e9 sirve y c\u00f3mo funciona la versi\u00f3n del mensajero para empresas","author":"CLUSTERciar","date":"2 febrero, 2018","format":false,"excerpt":"Las empresas y comercios\u00a0ya pueden comenzar a utilizar WhatsApp Business, una versi\u00f3n de la app pensada para conectarlas de manera m\u00e1s directa con clientes. WhatsApp Business (WhatsApp para Negocios)\u00a0funcionaba a modo de pruebas desde el a\u00f1o pasado, pero ahora acaba de ser habilitada para descargar en Android en Reino Unido,\u2026","rel":"","context":"En \u00abTransformaci\u00f3n digital\u00bb","block_context":{"text":"Transformaci\u00f3n digital","link":"http:\/\/ccnews.com.ar\/prensa\/category\/transformacion-digital\/"},"img":{"alt_text":"","src":"https:\/\/i0.wp.com\/ccnews.com.ar\/prensa\/wp-content\/uploads\/2018\/01\/2613968h688.jpg?fit=1032%2C688&resize=350%2C200","width":350,"height":200,"srcset":"https:\/\/i0.wp.com\/ccnews.com.ar\/prensa\/wp-content\/uploads\/2018\/01\/2613968h688.jpg?fit=1032%2C688&resize=350%2C200 1x, https:\/\/i0.wp.com\/ccnews.com.ar\/prensa\/wp-content\/uploads\/2018\/01\/2613968h688.jpg?fit=1032%2C688&resize=525%2C300 1,5x, https:\/\/i0.wp.com\/ccnews.com.ar\/prensa\/wp-content\/uploads\/2018\/01\/2613968h688.jpg?fit=1032%2C688&resize=700%2C400 2x"},"classes":[]},{"id":14402,"url":"http:\/\/ccnews.com.ar\/prensa\/liderazgo-y-colaboracion-seran-claves-para-el-2025\/","url_meta":{"origin":12590,"position":4},"title":"Liderazgo y colaboraci\u00f3n ser\u00e1n claves para el 2025","author":"admin","date":"25 enero, 2020","format":false,"excerpt":"Termin\u00f3 la edici\u00f3n 50 del Foro Econ\u00f3mico Internacional en Davos. De entre los temas surgi\u00f3 el c\u00f3mo se puede mejorar la capacitaci\u00f3n profesional de 1.000 millones de personas en los pr\u00f3ximos cinco a\u00f1os. \u00bfPor qu\u00e9 es necesario? Y, \u00bfc\u00f3mo conseguirlo? La mayor\u00eda de personas con cargos directivos \u2013como primeras ejecutivas\u2026","rel":"","context":"En \u00abManagement\u00bb","block_context":{"text":"Management","link":"http:\/\/ccnews.com.ar\/prensa\/category\/management\/"},"img":{"alt_text":"","src":"https:\/\/i0.wp.com\/ccnews.com.ar\/prensa\/wp-content\/uploads\/2020\/01\/foro-de-davos.jpg?fit=920%2C517&resize=350%2C200","width":350,"height":200,"srcset":"https:\/\/i0.wp.com\/ccnews.com.ar\/prensa\/wp-content\/uploads\/2020\/01\/foro-de-davos.jpg?fit=920%2C517&resize=350%2C200 1x, https:\/\/i0.wp.com\/ccnews.com.ar\/prensa\/wp-content\/uploads\/2020\/01\/foro-de-davos.jpg?fit=920%2C517&resize=525%2C300 1,5x, https:\/\/i0.wp.com\/ccnews.com.ar\/prensa\/wp-content\/uploads\/2020\/01\/foro-de-davos.jpg?fit=920%2C517&resize=700%2C400 2x"},"classes":[]},{"id":10147,"url":"http:\/\/ccnews.com.ar\/prensa\/las-inversiones-extranjeras-hacen-foco-en-vaca-muerta\/","url_meta":{"origin":12590,"position":5},"title":"Las inversiones extranjeras hacen foco en Vaca Muerta","author":"admin","date":"29 enero, 2019","format":false,"excerpt":"Entre 2016 y 2018 Neuqu\u00e9n fue la segunda provincia en recibir la mayor cantidad de aportes. Los anuncios de empresas for\u00e1neas sumaron 20.800 millones de d\u00f3lares. La provincia de Neuqu\u00e9n se ubic\u00f3 como la segunda jurisdicci\u00f3n del pa\u00eds es recibir m\u00e1s inversiones de empresas extranjeras en el trie\u00f1o que va\u2026","rel":"","context":"En \u00abEnerg\u00eda y Producci\u00f3n\u00bb","block_context":{"text":"Energ\u00eda y Producci\u00f3n","link":"http:\/\/ccnews.com.ar\/prensa\/category\/energia-y-produccion\/"},"img":{"alt_text":"","src":"https:\/\/i0.wp.com\/ccnews.com.ar\/prensa\/wp-content\/uploads\/2019\/01\/Inspeccion1.jpg?fit=660%2C400&resize=350%2C200","width":350,"height":200,"srcset":"https:\/\/i0.wp.com\/ccnews.com.ar\/prensa\/wp-content\/uploads\/2019\/01\/Inspeccion1.jpg?fit=660%2C400&resize=350%2C200 1x, https:\/\/i0.wp.com\/ccnews.com.ar\/prensa\/wp-content\/uploads\/2019\/01\/Inspeccion1.jpg?fit=660%2C400&resize=525%2C300 1,5x"},"classes":[]}],"jetpack_sharing_enabled":true,"_links":{"self":[{"href":"http:\/\/ccnews.com.ar\/prensa\/wp-json\/wp\/v2\/posts\/12590","targetHints":{"allow":["GET"]}}],"collection":[{"href":"http:\/\/ccnews.com.ar\/prensa\/wp-json\/wp\/v2\/posts"}],"about":[{"href":"http:\/\/ccnews.com.ar\/prensa\/wp-json\/wp\/v2\/types\/post"}],"author":[{"embeddable":true,"href":"http:\/\/ccnews.com.ar\/prensa\/wp-json\/wp\/v2\/users\/1"}],"replies":[{"embeddable":true,"href":"http:\/\/ccnews.com.ar\/prensa\/wp-json\/wp\/v2\/comments?post=12590"}],"version-history":[{"count":1,"href":"http:\/\/ccnews.com.ar\/prensa\/wp-json\/wp\/v2\/posts\/12590\/revisions"}],"predecessor-version":[{"id":12600,"href":"http:\/\/ccnews.com.ar\/prensa\/wp-json\/wp\/v2\/posts\/12590\/revisions\/12600"}],"wp:featuredmedia":[{"embeddable":true,"href":"http:\/\/ccnews.com.ar\/prensa\/wp-json\/wp\/v2\/media\/12598"}],"wp:attachment":[{"href":"http:\/\/ccnews.com.ar\/prensa\/wp-json\/wp\/v2\/media?parent=12590"}],"wp:term":[{"taxonomy":"category","embeddable":true,"href":"http:\/\/ccnews.com.ar\/prensa\/wp-json\/wp\/v2\/categories?post=12590"},{"taxonomy":"post_tag","embeddable":true,"href":"http:\/\/ccnews.com.ar\/prensa\/wp-json\/wp\/v2\/tags?post=12590"}],"curies":[{"name":"wp","href":"https:\/\/api.w.org\/{rel}","templated":true}]}}