{"id":12668,"date":"2019-08-29T08:00:26","date_gmt":"2019-08-29T11:00:26","guid":{"rendered":"http:\/\/ccnews.com.ar\/prensa\/?p=12668"},"modified":"2019-08-29T08:32:40","modified_gmt":"2019-08-29T11:32:40","slug":"la-argentina-sube-al-noveno-lugar-del-ranking-de-paises-atractivos-para-invertir-en-energias-renovables","status":"publish","type":"post","link":"http:\/\/ccnews.com.ar\/prensa\/la-argentina-sube-al-noveno-lugar-del-ranking-de-paises-atractivos-para-invertir-en-energias-renovables\/","title":{"rendered":"La Argentina sube al noveno lugar del ranking de pa\u00edses atractivos para invertir en energ\u00edas renovables"},"content":{"rendered":"\n<p><strong>La Argentina avanz\u00f3\nun escal\u00f3n al subir del d\u00e9cimo al noveno lugar en el ranking de pa\u00edses m\u00e1s\natractivos para la inversi\u00f3n y el desarrollo de energ\u00edas renovables, de acuerdo\nal reporte anual que difundi\u00f3 hoy la consultora Ernst &amp; Young.<\/strong><\/p>\n\n\n\n<p>La evaluaci\u00f3n sobre los atractivos de mercado, explic\u00f3 la\nconsultora, se formulan en funci\u00f3n de las tendencias globales que afectan las\nprioridades de inversi\u00f3n, y los desaf\u00edos y factores de \u00e9xito que se advierten\nen cada pa\u00eds.<\/p>\n\n\n\n<p>De esta manera, el posicionamiento global de la industria lo\nencabezan China, Estados Unidos, Francia, India y Australia, entre los cinco\nmejor evaluados por la consultora, y les siguen Alemania, Jap\u00f3n, Reino Unido,\nla Argentina y Pa\u00edses Bajos.<\/p>\n\n\n\n<p>Esta nueva edici\u00f3n del reporte signific\u00f3 la mejora de un\npuesto de la Argentina, como pa\u00eds atractivo para las inversiones en Energ\u00edas\nRenovables, al desplazar al d\u00e9cimo lugar a Pa\u00edses Bajos.<\/p>\n\n\n\n<p>La autora del indicador valor\u00f3 &#8220;los factores que\nimpulsan el atractivo del mercado en un mundo donde la energ\u00eda renovable ha ido\nm\u00e1s all\u00e1 de la descarbonizaci\u00f3n y la dependencia de los subsidios&#8221;.<\/p>\n\n\n\n<p>Las preguntas que se plante\u00f3 en el trabajo que determin\u00f3 la\nmejora de la Argentina estuvieron referidas a indagar si existe una necesidad a\nlargo plazo de suministro de energ\u00eda adicional o de reemplazo y si la pol\u00edtica\nest\u00e1 obstaculizando o ayudando la capacidad de explotar las oportunidades de\nenerg\u00edas renovables en un pa\u00eds.<\/p>\n\n\n\n<p>Tambi\u00e9n observ\u00f3 si se han implementado componentes\nesenciales para garantizar la entrega del proyecto, como contratos a largo\nplazo, infraestructura de red y disponibilidad de financiamiento, as\u00ed como la\ndiversidad de los recursos naturales, el historial, la cartera de proyectos y\nlas tecnolog\u00edas renovables.<\/p>\n\n\n\n<p>Tambi\u00e9n se evalu\u00f3 la macroestabilidad y el clima de\ninversi\u00f3n que permiten o impiden la facilidad de hacer negocios en un pa\u00eds.<\/p>\n\n\n\n<p>El reporte difundido hoy tuvo un cierre del trabajo de campo\nprevio a las elecciones primarias en la Argentina.<\/p>\n\n\n\n<p>Fuente:\u00a0La Naci\u00f3n<\/p>\n<!-- AddThis Advanced Settings generic via filter on the_content -->","protected":false},"excerpt":{"rendered":"<p>La Argentina avanz\u00f3 un escal\u00f3n al subir del d\u00e9cimo al noveno lugar en el ranking de pa\u00edses m\u00e1s atractivos para<!-- AddThis Advanced Settings generic via filter on get_the_excerpt --><\/p>\n","protected":false},"author":1,"featured_media":12670,"comment_status":"closed","ping_status":"closed","sticky":false,"template":"","format":"standard","meta":{"colormag_page_container_layout":"default_layout","colormag_page_sidebar_layout":"default_layout","jetpack_post_was_ever_published":false,"_jetpack_newsletter_access":"","_jetpack_dont_email_post_to_subs":false,"_jetpack_newsletter_tier_id":0,"_jetpack_memberships_contains_paywalled_content":false,"_jetpack_memberships_contains_paid_content":false,"footnotes":"","jetpack_publicize_message":"#BuenJueves #Ingenier\u00eda La Argentina sube al noveno lugar del ranking de pa\u00edses atractivos para invertir en energ\u00edas renovables","jetpack_publicize_feature_enabled":true,"jetpack_social_post_already_shared":true,"jetpack_social_options":{"image_generator_settings":{"template":"highway","default_image_id":0,"font":"","enabled":false},"version":2}},"categories":[3],"tags":[17],"class_list":["post-12668","post","type-post","status-publish","format-standard","has-post-thumbnail","hentry","category-sustentabilidad","tag-otros-medios"],"jetpack_publicize_connections":[],"jetpack_featured_media_url":"https:\/\/i0.wp.com\/ccnews.com.ar\/prensa\/wp-content\/uploads\/2019\/08\/3087634w1033.jpg?fit=1033%2C688","jetpack_shortlink":"https:\/\/wp.me\/p7L1gj-3ik","jetpack-related-posts":[{"id":3477,"url":"http:\/\/ccnews.com.ar\/prensa\/empresarios-analizaron-futuras-inversiones-en-energias-renovables\/","url_meta":{"origin":12668,"position":0},"title":"Empresarios analizaron futuras inversiones en energ\u00edas renovables","author":"CLUSTERciar","date":"21 marzo, 2017","format":false,"excerpt":"Se realiz\u00f3 la semana pasada un desayuno con 80 l\u00edderes empresariales donde se analiz\u00f3 el sector de energ\u00edas renovables en el pa\u00eds. Organizado por la compa\u00f1\u00eda Luft Energ\u00eda y la consultora IHS Markit, el encuentro Desaf\u00edo Renovable en Argentina tuvo como ejes principales las potencialidades del sector en el pa\u00eds\u2026","rel":"","context":"En \u00abSustentabilidad\u00bb","block_context":{"text":"Sustentabilidad","link":"http:\/\/ccnews.com.ar\/prensa\/category\/sustentabilidad\/"},"img":{"alt_text":"","src":"https:\/\/i0.wp.com\/ccnews.com.ar\/prensa\/wp-content\/uploads\/2017\/03\/Energias-renovables-768x614.jpg?fit=768%2C614&resize=350%2C200","width":350,"height":200,"srcset":"https:\/\/i0.wp.com\/ccnews.com.ar\/prensa\/wp-content\/uploads\/2017\/03\/Energias-renovables-768x614.jpg?fit=768%2C614&resize=350%2C200 1x, https:\/\/i0.wp.com\/ccnews.com.ar\/prensa\/wp-content\/uploads\/2017\/03\/Energias-renovables-768x614.jpg?fit=768%2C614&resize=525%2C300 1,5x, https:\/\/i0.wp.com\/ccnews.com.ar\/prensa\/wp-content\/uploads\/2017\/03\/Energias-renovables-768x614.jpg?fit=768%2C614&resize=700%2C400 2x"},"classes":[]},{"id":2895,"url":"http:\/\/ccnews.com.ar\/prensa\/argentina-da-envidia-por-sus-recursos-tiene-la-tercera-reserva-eolica-mundial-y-la-segunda-solar\/","url_meta":{"origin":12668,"position":1},"title":"Argentina da &#8220;envidia&#8221; por sus recursos: tiene la tercera reserva e\u00f3lica mundial y la segunda solar","author":"CLUSTERciar","date":"15 enero, 2017","format":false,"excerpt":"Mauricio Macri reafirm\u00f3 su voluntad de impulsar el desarrollo del sector de las energ\u00edas renovables y diversificar los recursos con los que cuenta el pa\u00eds Con\u00a0una ley reci\u00e9n estrenada y una pol\u00edtica de incentivos m\u00e1s atractiva para los inversionistas, Argentina quiere conquistar el mercado de las energ\u00edas renovables. El Presidente\u2026","rel":"","context":"En \u00abSustentabilidad\u00bb","block_context":{"text":"Sustentabilidad","link":"http:\/\/ccnews.com.ar\/prensa\/category\/sustentabilidad\/"},"img":{"alt_text":"","src":"https:\/\/i0.wp.com\/ccnews.com.ar\/prensa\/wp-content\/uploads\/2016\/12\/432398.jpg?fit=630%2C460&resize=350%2C200","width":350,"height":200,"srcset":"https:\/\/i0.wp.com\/ccnews.com.ar\/prensa\/wp-content\/uploads\/2016\/12\/432398.jpg?fit=630%2C460&resize=350%2C200 1x, https:\/\/i0.wp.com\/ccnews.com.ar\/prensa\/wp-content\/uploads\/2016\/12\/432398.jpg?fit=630%2C460&resize=525%2C300 1,5x"},"classes":[]},{"id":4103,"url":"http:\/\/ccnews.com.ar\/prensa\/argentina-apuesta-por-las-energias-renovables\/","url_meta":{"origin":12668,"position":2},"title":"Argentina apuesta por las energ\u00edas renovables","author":"CLUSTERciar","date":"14 mayo, 2017","format":false,"excerpt":"Argentina es uno de los pa\u00edses de Am\u00e9rica Latina que cuenta con m\u00e1s recursos de energ\u00edas renovables: vientos constantes en la Patagonia al sur del pa\u00eds; sol todo el a\u00f1o en las zonas remotas del noroeste; energ\u00eda hidroel\u00e9ctrica y biomasa gracias a los r\u00edos y las extensas tierras agr\u00edcolas., ha\u2026","rel":"","context":"En \u00abEnerg\u00eda y Producci\u00f3n\u00bb","block_context":{"text":"Energ\u00eda y Producci\u00f3n","link":"http:\/\/ccnews.com.ar\/prensa\/category\/energia-y-produccion\/"},"img":{"alt_text":"","src":"https:\/\/i0.wp.com\/ccnews.com.ar\/prensa\/wp-content\/uploads\/2017\/05\/Renovables-Mexico-1110x510.jpg?fit=1110%2C510&resize=350%2C200","width":350,"height":200,"srcset":"https:\/\/i0.wp.com\/ccnews.com.ar\/prensa\/wp-content\/uploads\/2017\/05\/Renovables-Mexico-1110x510.jpg?fit=1110%2C510&resize=350%2C200 1x, https:\/\/i0.wp.com\/ccnews.com.ar\/prensa\/wp-content\/uploads\/2017\/05\/Renovables-Mexico-1110x510.jpg?fit=1110%2C510&resize=525%2C300 1,5x, https:\/\/i0.wp.com\/ccnews.com.ar\/prensa\/wp-content\/uploads\/2017\/05\/Renovables-Mexico-1110x510.jpg?fit=1110%2C510&resize=700%2C400 2x, https:\/\/i0.wp.com\/ccnews.com.ar\/prensa\/wp-content\/uploads\/2017\/05\/Renovables-Mexico-1110x510.jpg?fit=1110%2C510&resize=1050%2C600 3x"},"classes":[]},{"id":2761,"url":"http:\/\/ccnews.com.ar\/prensa\/la-produccion-mundial-de-energias-renovables-crecio-un-70\/","url_meta":{"origin":12668,"position":3},"title":"La producci\u00f3n mundial de energ\u00edas renovables creci\u00f3 un 70%","author":"CLUSTERciar","date":"28 diciembre, 2016","format":false,"excerpt":"Aunque los combustibles f\u00f3siles siguen siendo el principal insumo para la generaci\u00f3n de electricidad a escala global, la participaci\u00f3n de las fuentes energ\u00e9ticas limpias no deja de crecer. Las potencias del G20 ya obtienen, en promedio, un 8% de la energ\u00eda el\u00e9ctrica que consumen a partir del aprovechamiento de recursos\u2026","rel":"","context":"En \u00abEnerg\u00eda y Producci\u00f3n\u00bb","block_context":{"text":"Energ\u00eda y Producci\u00f3n","link":"http:\/\/ccnews.com.ar\/prensa\/category\/energia-y-produccion\/"},"img":{"alt_text":"","src":"","width":0,"height":0},"classes":[]},{"id":8859,"url":"http:\/\/ccnews.com.ar\/prensa\/soplan-buenos-vientos-en-argentina\/","url_meta":{"origin":12668,"position":4},"title":"Soplan buenos vientos en Argentina","author":"CLUSTERciar","date":"21 septiembre, 2018","format":false,"excerpt":"Las metas de reconversi\u00f3n de la matriz energ\u00e9tica hacia fuentes renovables avanzan a pasos acelerados. Los desarrollos e\u00f3licos fueron analizados en la Argentina Wind Power 2018, en donde se destac\u00f3 el potencial que posee en el pa\u00eds. Se realiz\u00f3 la semana pasada en Buenos Aires el Argentina Wind Power, un\u2026","rel":"","context":"En \u00abEnerg\u00eda y Producci\u00f3n\u00bb","block_context":{"text":"Energ\u00eda y Producci\u00f3n","link":"http:\/\/ccnews.com.ar\/prensa\/category\/energia-y-produccion\/"},"img":{"alt_text":"","src":"https:\/\/i0.wp.com\/ccnews.com.ar\/prensa\/wp-content\/uploads\/2018\/09\/image_content_10098887_20180912201440.jpg?fit=660%2C370&resize=350%2C200","width":350,"height":200,"srcset":"https:\/\/i0.wp.com\/ccnews.com.ar\/prensa\/wp-content\/uploads\/2018\/09\/image_content_10098887_20180912201440.jpg?fit=660%2C370&resize=350%2C200 1x, https:\/\/i0.wp.com\/ccnews.com.ar\/prensa\/wp-content\/uploads\/2018\/09\/image_content_10098887_20180912201440.jpg?fit=660%2C370&resize=525%2C300 1,5x"},"classes":[]},{"id":14396,"url":"http:\/\/ccnews.com.ar\/prensa\/crecen-las-perspectivas-de-desarrollo-en-energias-renovables\/","url_meta":{"origin":12668,"position":5},"title":"Crecen las perspectivas de desarrollo en energ\u00edas renovables","author":"admin","date":"26 enero, 2020","format":false,"excerpt":"Un informe de Bloomberg NEF que cont\u00f3 US$282.200 millones en fondos para tecnolog\u00edas de energ\u00eda limpia en 2019, solo 1% m\u00e1s que el a\u00f1o anterior, sugiere que los autos el\u00e9ctricos, los parques e\u00f3licos marinos y los dispositivos de almacenamiento de energ\u00eda disfrutar\u00e1n de las mayores ganancias. Ese crecimiento probablemente impulsar\u00e1\u2026","rel":"","context":"En \u00abSustentabilidad\u00bb","block_context":{"text":"Sustentabilidad","link":"http:\/\/ccnews.com.ar\/prensa\/category\/sustentabilidad\/"},"img":{"alt_text":"","src":"https:\/\/i0.wp.com\/ccnews.com.ar\/prensa\/wp-content\/uploads\/2020\/01\/energias_latinoamerica.jpg?fit=1200%2C800&resize=350%2C200","width":350,"height":200,"srcset":"https:\/\/i0.wp.com\/ccnews.com.ar\/prensa\/wp-content\/uploads\/2020\/01\/energias_latinoamerica.jpg?fit=1200%2C800&resize=350%2C200 1x, https:\/\/i0.wp.com\/ccnews.com.ar\/prensa\/wp-content\/uploads\/2020\/01\/energias_latinoamerica.jpg?fit=1200%2C800&resize=525%2C300 1,5x, https:\/\/i0.wp.com\/ccnews.com.ar\/prensa\/wp-content\/uploads\/2020\/01\/energias_latinoamerica.jpg?fit=1200%2C800&resize=700%2C400 2x, https:\/\/i0.wp.com\/ccnews.com.ar\/prensa\/wp-content\/uploads\/2020\/01\/energias_latinoamerica.jpg?fit=1200%2C800&resize=1050%2C600 3x"},"classes":[]}],"jetpack_sharing_enabled":true,"_links":{"self":[{"href":"http:\/\/ccnews.com.ar\/prensa\/wp-json\/wp\/v2\/posts\/12668","targetHints":{"allow":["GET"]}}],"collection":[{"href":"http:\/\/ccnews.com.ar\/prensa\/wp-json\/wp\/v2\/posts"}],"about":[{"href":"http:\/\/ccnews.com.ar\/prensa\/wp-json\/wp\/v2\/types\/post"}],"author":[{"embeddable":true,"href":"http:\/\/ccnews.com.ar\/prensa\/wp-json\/wp\/v2\/users\/1"}],"replies":[{"embeddable":true,"href":"http:\/\/ccnews.com.ar\/prensa\/wp-json\/wp\/v2\/comments?post=12668"}],"version-history":[{"count":1,"href":"http:\/\/ccnews.com.ar\/prensa\/wp-json\/wp\/v2\/posts\/12668\/revisions"}],"predecessor-version":[{"id":12672,"href":"http:\/\/ccnews.com.ar\/prensa\/wp-json\/wp\/v2\/posts\/12668\/revisions\/12672"}],"wp:featuredmedia":[{"embeddable":true,"href":"http:\/\/ccnews.com.ar\/prensa\/wp-json\/wp\/v2\/media\/12670"}],"wp:attachment":[{"href":"http:\/\/ccnews.com.ar\/prensa\/wp-json\/wp\/v2\/media?parent=12668"}],"wp:term":[{"taxonomy":"category","embeddable":true,"href":"http:\/\/ccnews.com.ar\/prensa\/wp-json\/wp\/v2\/categories?post=12668"},{"taxonomy":"post_tag","embeddable":true,"href":"http:\/\/ccnews.com.ar\/prensa\/wp-json\/wp\/v2\/tags?post=12668"}],"curies":[{"name":"wp","href":"https:\/\/api.w.org\/{rel}","templated":true}]}}