{"id":12735,"date":"2019-09-03T08:46:41","date_gmt":"2019-09-03T11:46:41","guid":{"rendered":"http:\/\/ccnews.com.ar\/prensa\/?p=12735"},"modified":"2019-09-13T11:01:02","modified_gmt":"2019-09-13T14:01:02","slug":"asfaltos-inteligentes-con-materiales-magneticos-aumentan-la-seguridad-de-los-monopatines-electricos","status":"publish","type":"post","link":"http:\/\/ccnews.com.ar\/prensa\/asfaltos-inteligentes-con-materiales-magneticos-aumentan-la-seguridad-de-los-monopatines-electricos\/","title":{"rendered":"Dise\u00f1an asfaltos inteligentes que aumentan la seguridad de los monopatines el\u00e9ctricos"},"content":{"rendered":"\n<h1 class=\"wp-block-heading\"><\/h1>\n\n\n\n<p><ins><\/ins>Cient\u00edficos de la Universidad de Granada (UGR) (Espa\u00f1a) han dise\u00f1ado asfaltos inteligentes, confeccionado con materiales magn\u00e9ticos, que aumentan notablemente la seguridad de los Veh\u00edculos de Movilidad Personal (VMP), y en particular, de los patinetes el\u00e9ctricos, en zonas urbanas.<\/p>\n\n\n\n<p>Su trabajo, que se enmarca en el \u00e1mbito de las \u201csmart cities\u201d (\u201cciudades inteligentes\u201d), permitir\u00eda a la carretera indicar a los patinetes cu\u00e1ndo es necesario reducir la velocidad, por ejemplo, o apagar directamente su motor en caso de peligro. Los investigadores han desarrollado, adem\u00e1s un prototipo de VMP que interact\u00faa con el asfalto.<\/p>\n\n\n\n<p>La estrecha colaboraci\u00f3n entre los investigadores Fernando Moreno Navarro y Mar\u00eda del Carmen Rubio G\u00e1mez, del Laboratorio de Ingenier\u00eda de la Construcci\u00f3n (LabIC), y Guillermo Iglesias Salto, del departamento de F\u00edsica Aplicada de la Universidad de Granada, han dado sus frutos en la utilizaci\u00f3n de materiales magn\u00e9ticos y su aplicaci\u00f3n en asfaltos inteligentes que modifican sus propiedades con campos magn\u00e9ticos externos.<\/p>\n\n\n\n<p>El objetivo es crear mejores infraestructuras para los ciudadanos, desde transporte p\u00fablico, pasando por ahorro energ\u00e9tico, sostenibilidad o eficiencia en todos sus aspectos. Con m\u00e1s de cinco publicaciones cient\u00edficas conjuntas en revistas de alto impacto y dos patentes sobre asfaltos \u201cMecanomutables\u201d (PCT\/ES2014\/071002) y sistemas de seguridad en pavimentos (P201631096), los investigadores de la UGR han encontrado otra novedosa aplicaci\u00f3n que abordar\u00eda el gran problema actual que suponen los patinetes el\u00e9ctricos en las ciudades.<\/p>\n\n\n\n<p>Pavimento inteligente de aviso de reducci\u00f3n de velocidad. (Imagen: UGR)<\/p>\n\n\n\n<p>La proliferaci\u00f3n de los VMP, entre ellos los patinetes el\u00e9ctricos, en las grandes ciudades, demuestra que la infraestructura existente a\u00fan no est\u00e1 preparada para lidiar con estos veh\u00edculos y las regulaciones correspondientes a\u00fan, son muy recientes o inexistentes, por lo que se reportan ya los primeros accidentes fatales asociados a su uso.<\/p>\n\n\n\n<p>Ambos laboratorios de la Universidad de Granada trabajan en proyectos innovadores de cara afrontar los retos de las ciudades inteligentes o del futuro. Las carreteras \u201ccodificadas\u201d son unos de estos proyectos, y consisten en agregar diferentes cantidades de material met\u00e1lico bajo las carreteras, aceras y pasos peatonales, entre otras zonas de la ciudad, de manera que se genere un c\u00f3digo que permita identificar y asociar instrucciones espec\u00edficas de funcionamiento para los VMP (patinetes el\u00e9ctricos) y sus usuarios.<\/p>\n\n\n\n<p>Estos c\u00f3digos bajo el asfalto env\u00edan informaci\u00f3n en tiempo real interactuando con los VMP, indicando la reducci\u00f3n de la velocidad, dependiendo de la zona transitada o el apagado del motor en algunos casos, por ejemplo.<\/p>\n\n\n\n<p>Este proyecto se vincula con el trabajo de la investigadora Paulina Leiva Padilla, de la red de capacitaci\u00f3n europea Infraestructuras de Transporte Resilientes, Sostenibles, Multifuncionales y Aut\u00f3nomas (SMARTI, por sus siglas en ingl\u00e9s), que recibe fondos del Programa Europeo Horizonte 2020, bajo las acciones Marie Sk\u0142odowska-Curie.<\/p>\n\n\n\n<p>El primer prototipo de VMP, que interact\u00faa con estos c\u00f3digos del asfalto, fue presentado con \u00e9xito en el 8\u00ba Congreso de la Asociaci\u00f3n Europea de Tecnolog\u00eda del Asfalto (EATA), llevada a cabo en Granada, del 3 al 5 de junio del 2019, donde se reunieron expertos de la industria e investigadores de gran prestigio internacional en el \u00e1rea de la Ingenier\u00eda de Caminos.<\/p>\n\n\n\n<p>Los investigadores de la UGR pretenden que este trabajo sea un paso intermedio en la incorporaci\u00f3n de carreteras inteligentes para asistir a la industria automotriz en el desarrollo de veh\u00edculos aut\u00f3nomos. <\/p>\n\n\n\n<p>Fuente: UGR\/DICYT<\/p>\n<!-- AddThis Advanced Settings generic via filter on the_content -->","protected":false},"excerpt":{"rendered":"<p>Cient\u00edficos de la Universidad de Granada (UGR) (Espa\u00f1a) han dise\u00f1ado asfaltos inteligentes, confeccionado con materiales magn\u00e9ticos, que aumentan notablemente la<!-- AddThis Advanced Settings generic via filter on get_the_excerpt --><\/p>\n","protected":false},"author":1,"featured_media":12737,"comment_status":"open","ping_status":"closed","sticky":false,"template":"","format":"standard","meta":{"colormag_page_container_layout":"default_layout","colormag_page_sidebar_layout":"default_layout","jetpack_post_was_ever_published":false,"_jetpack_newsletter_access":"","_jetpack_dont_email_post_to_subs":false,"_jetpack_newsletter_tier_id":0,"_jetpack_memberships_contains_paywalled_content":false,"_jetpack_memberships_contains_paid_content":false,"footnotes":"","jetpack_publicize_message":"#BuenMartes #Ingenier\u00eda Asfaltos inteligentes con materiales magn\u00e9ticos aumentan la seguridad de los monopatines el\u00e9ctricos","jetpack_publicize_feature_enabled":true,"jetpack_social_post_already_shared":true,"jetpack_social_options":{"image_generator_settings":{"template":"highway","default_image_id":0,"font":"","enabled":false},"version":2}},"categories":[3],"tags":[13],"class_list":["post-12735","post","type-post","status-publish","format-standard","has-post-thumbnail","hentry","category-sustentabilidad","tag-ccnews"],"jetpack_publicize_connections":[],"jetpack_featured_media_url":"https:\/\/i0.wp.com\/ccnews.com.ar\/prensa\/wp-content\/uploads\/2019\/09\/2514_47127.jpg?fit=670%2C379","jetpack_shortlink":"https:\/\/wp.me\/p7L1gj-3jp","jetpack-related-posts":[{"id":3441,"url":"http:\/\/ccnews.com.ar\/prensa\/instalaran-este-ano-la-primera-estacion-para-autos-electricos-en-buenos-aires\/","url_meta":{"origin":12735,"position":0},"title":"Instalar\u00e1n este a\u00f1o la primera estaci\u00f3n para autos el\u00e9ctricos en Buenos Aires","author":"CLUSTERciar","date":"6 marzo, 2017","format":false,"excerpt":"La penetraci\u00f3n de veh\u00edculos h\u00edbridos o el\u00e9ctricos en el mercado argentino es todav\u00eda muy baja, casi inexistente. La brecha con potencias en materia de movilidad el\u00e9ctrica como EE.UU., Jap\u00f3n o Europa es sideral. Sin embargo, algunas novedades invitan a pensar en un cambio del paradigma automotor en el pa\u00eds. En\u2026","rel":"","context":"En \u00abSustentabilidad\u00bb","block_context":{"text":"Sustentabilidad","link":"http:\/\/ccnews.com.ar\/prensa\/category\/sustentabilidad\/"},"img":{"alt_text":"","src":"https:\/\/i0.wp.com\/ccnews.com.ar\/prensa\/wp-content\/uploads\/2017\/03\/Estaci%C3%B3n-el%C3%A9ctrica-Enel-2.jpg?fit=600%2C337&resize=350%2C200","width":350,"height":200,"srcset":"https:\/\/i0.wp.com\/ccnews.com.ar\/prensa\/wp-content\/uploads\/2017\/03\/Estaci%C3%B3n-el%C3%A9ctrica-Enel-2.jpg?fit=600%2C337&resize=350%2C200 1x, https:\/\/i0.wp.com\/ccnews.com.ar\/prensa\/wp-content\/uploads\/2017\/03\/Estaci%C3%B3n-el%C3%A9ctrica-Enel-2.jpg?fit=600%2C337&resize=525%2C300 1,5x"},"classes":[]},{"id":14072,"url":"http:\/\/ccnews.com.ar\/prensa\/tendencias-2020-en-ciberseguridad-la-tecnologia-se-esta-volviendo-mas-inteligente-2\/","url_meta":{"origin":12735,"position":1},"title":"Tendencias 2020 en ciberseguridad: la tecnolog\u00eda se est\u00e1 volviendo m\u00e1s inteligente","author":"admin","date":"29 diciembre, 2019","format":false,"excerpt":"El \u00faltimo informe de la empresa ESET, Tendencias de Ciberseguridad 2020: La tecnolog\u00eda se est\u00e1 volviendo m\u00e1s inteligente, \u00bfy nosotros?, explora las predicciones que los expertos en seguridad inform\u00e1tica de la compa\u00f1\u00eda anuncian de cara al nuevo a\u00f1o que comienza. En el informe los investigadores revelan cu\u00e1les son los principales\u2026","rel":"","context":"En \u00abTransformaci\u00f3n digital\u00bb","block_context":{"text":"Transformaci\u00f3n digital","link":"http:\/\/ccnews.com.ar\/prensa\/category\/transformacion-digital\/"},"img":{"alt_text":"","src":"https:\/\/i0.wp.com\/ccnews.com.ar\/prensa\/wp-content\/uploads\/2019\/12\/Symantec-tendencias-2019.jpg?fit=1000%2C600&resize=350%2C200","width":350,"height":200,"srcset":"https:\/\/i0.wp.com\/ccnews.com.ar\/prensa\/wp-content\/uploads\/2019\/12\/Symantec-tendencias-2019.jpg?fit=1000%2C600&resize=350%2C200 1x, https:\/\/i0.wp.com\/ccnews.com.ar\/prensa\/wp-content\/uploads\/2019\/12\/Symantec-tendencias-2019.jpg?fit=1000%2C600&resize=525%2C300 1,5x, https:\/\/i0.wp.com\/ccnews.com.ar\/prensa\/wp-content\/uploads\/2019\/12\/Symantec-tendencias-2019.jpg?fit=1000%2C600&resize=700%2C400 2x"},"classes":[]},{"id":11697,"url":"http:\/\/ccnews.com.ar\/prensa\/tecnologia-empresarial-ciudades-inteligentes\/","url_meta":{"origin":12735,"position":2},"title":"Tecnolog\u00eda empresarial: ciudades inteligentes","author":"admin","date":"7 junio, 2019","format":false,"excerpt":"Oracle estima que el mercado global para las ciudades inteligentes alcanzar\u00e1 los 1.944 millones de d\u00f3lares americanos para el a\u00f1o 2023. La ciudad inteligente es un concepto que surge de un \u00e1rea urbana que utiliza diferentes tipos de\u00a0sensores electr\u00f3nicos del internet de las cosas (IoT) para recopilar datos y luego\u2026","rel":"","context":"En \u00abTransformaci\u00f3n digital\u00bb","block_context":{"text":"Transformaci\u00f3n digital","link":"http:\/\/ccnews.com.ar\/prensa\/category\/transformacion-digital\/"},"img":{"alt_text":"","src":"https:\/\/i0.wp.com\/ccnews.com.ar\/prensa\/wp-content\/uploads\/2019\/06\/15598258315cf90da76578e924586584.jpg?fit=1200%2C561&resize=350%2C200","width":350,"height":200,"srcset":"https:\/\/i0.wp.com\/ccnews.com.ar\/prensa\/wp-content\/uploads\/2019\/06\/15598258315cf90da76578e924586584.jpg?fit=1200%2C561&resize=350%2C200 1x, https:\/\/i0.wp.com\/ccnews.com.ar\/prensa\/wp-content\/uploads\/2019\/06\/15598258315cf90da76578e924586584.jpg?fit=1200%2C561&resize=525%2C300 1,5x, https:\/\/i0.wp.com\/ccnews.com.ar\/prensa\/wp-content\/uploads\/2019\/06\/15598258315cf90da76578e924586584.jpg?fit=1200%2C561&resize=700%2C400 2x, https:\/\/i0.wp.com\/ccnews.com.ar\/prensa\/wp-content\/uploads\/2019\/06\/15598258315cf90da76578e924586584.jpg?fit=1200%2C561&resize=1050%2C600 3x"},"classes":[]},{"id":7925,"url":"http:\/\/ccnews.com.ar\/prensa\/paris-y-londres-tendran-calles-mas-ecologicas-con-las-camionetas-electricas-ups\/","url_meta":{"origin":12735,"position":3},"title":"Par\u00eds y Londr\u00e9s tendr\u00e1n calles m\u00e1s ecol\u00f3gicas con las camionetas el\u00e9ctricas UPS","author":"admin","date":"26 mayo, 2018","format":false,"excerpt":"Las\u00a0camionetas el\u00e9ctricas UPS\u00a0son la nueva invenci\u00f3n de Par\u00eds y Londr\u00e9s. La empresa Arrival se ali\u00f3 con UPS para echar las camionetas a rodar. La intensi\u00f3n es poner a rodar camiones el\u00e9ctricos que hacen entregas de paquetes en Par\u00eds y Londr\u00e9s de forma ecol\u00f3gica. Ser\u00e1 una flota de \u00faltima generaci\u00f3n de\u2026","rel":"","context":"En \u00abSustentabilidad\u00bb","block_context":{"text":"Sustentabilidad","link":"http:\/\/ccnews.com.ar\/prensa\/category\/sustentabilidad\/"},"img":{"alt_text":"","src":"https:\/\/i0.wp.com\/ccnews.com.ar\/prensa\/wp-content\/uploads\/2018\/05\/UPS-camiones-electricos-Londres-Paris-copia-850x491.jpg?fit=850%2C491&resize=350%2C200","width":350,"height":200,"srcset":"https:\/\/i0.wp.com\/ccnews.com.ar\/prensa\/wp-content\/uploads\/2018\/05\/UPS-camiones-electricos-Londres-Paris-copia-850x491.jpg?fit=850%2C491&resize=350%2C200 1x, https:\/\/i0.wp.com\/ccnews.com.ar\/prensa\/wp-content\/uploads\/2018\/05\/UPS-camiones-electricos-Londres-Paris-copia-850x491.jpg?fit=850%2C491&resize=525%2C300 1,5x, https:\/\/i0.wp.com\/ccnews.com.ar\/prensa\/wp-content\/uploads\/2018\/05\/UPS-camiones-electricos-Londres-Paris-copia-850x491.jpg?fit=850%2C491&resize=700%2C400 2x"},"classes":[]},{"id":6823,"url":"http:\/\/ccnews.com.ar\/prensa\/bosch-vodafone-y-huawei-permiten-que-los-coches-inteligentes-se-comuniquen-entre-ellos\/","url_meta":{"origin":12735,"position":4},"title":"Bosch, Vodafone y Huawei permiten que los coches inteligentes se comuniquen entre ellos","author":"admin","date":"7 febrero, 2018","format":false,"excerpt":"El\u00a0control de crucero adaptativo\u00a0(ACC) es una tecnolog\u00eda que facilita la conducci\u00f3n. La comunicaci\u00f3n entre coches hace que la conducci\u00f3n sea m\u00e1s tranquila, eficiente y segura.\u00a0Por primera vez en Europa, Bosch, Vodafone y Huawei ponen a prueba el \u201cCellular-V2X\u201d.\u00a0Una tecnolog\u00eda que\u00a0permite que los coches inteligentes se comuniquen entre ellos. Telefon\u00eda m\u00f3vil\u2026","rel":"","context":"En \u00abTransformaci\u00f3n digital\u00bb","block_context":{"text":"Transformaci\u00f3n digital","link":"http:\/\/ccnews.com.ar\/prensa\/category\/transformacion-digital\/"},"img":{"alt_text":"","src":"https:\/\/i0.wp.com\/ccnews.com.ar\/prensa\/wp-content\/uploads\/2018\/01\/energia-16.jpg?fit=850%2C491&resize=350%2C200","width":350,"height":200,"srcset":"https:\/\/i0.wp.com\/ccnews.com.ar\/prensa\/wp-content\/uploads\/2018\/01\/energia-16.jpg?fit=850%2C491&resize=350%2C200 1x, https:\/\/i0.wp.com\/ccnews.com.ar\/prensa\/wp-content\/uploads\/2018\/01\/energia-16.jpg?fit=850%2C491&resize=525%2C300 1,5x, https:\/\/i0.wp.com\/ccnews.com.ar\/prensa\/wp-content\/uploads\/2018\/01\/energia-16.jpg?fit=850%2C491&resize=700%2C400 2x"},"classes":[]},{"id":11351,"url":"http:\/\/ccnews.com.ar\/prensa\/automoviles-electricos-nuevas-soluciones-imponen-nuevos-retos\/","url_meta":{"origin":12735,"position":5},"title":"Autom\u00f3viles el\u00e9ctricos: Nuevas soluciones imponen nuevos retos","author":"admin","date":"11 mayo, 2019","format":false,"excerpt":"Los autom\u00f3viles el\u00e9ctricos, poco a poco, desplazan a sus pares de combusti\u00f3n interna. El impacto ambiental y la necesidad de nuevas fuentes de energ\u00eda han sido determinantes. Sin embargo, los retos no son pocos, tanto en lo econ\u00f3mico como en lo tecnol\u00f3gico y social. Cambios en los paradigmas empresariales, necesidad\u2026","rel":"","context":"En \u00abSustentabilidad\u00bb","block_context":{"text":"Sustentabilidad","link":"http:\/\/ccnews.com.ar\/prensa\/category\/sustentabilidad\/"},"img":{"alt_text":"","src":"https:\/\/i0.wp.com\/ccnews.com.ar\/prensa\/wp-content\/uploads\/2019\/05\/Automoviles-electricos-reportaje-revista-2.jpg?fit=600%2C330&resize=350%2C200","width":350,"height":200,"srcset":"https:\/\/i0.wp.com\/ccnews.com.ar\/prensa\/wp-content\/uploads\/2019\/05\/Automoviles-electricos-reportaje-revista-2.jpg?fit=600%2C330&resize=350%2C200 1x, https:\/\/i0.wp.com\/ccnews.com.ar\/prensa\/wp-content\/uploads\/2019\/05\/Automoviles-electricos-reportaje-revista-2.jpg?fit=600%2C330&resize=525%2C300 1,5x"},"classes":[]}],"jetpack_sharing_enabled":true,"_links":{"self":[{"href":"http:\/\/ccnews.com.ar\/prensa\/wp-json\/wp\/v2\/posts\/12735","targetHints":{"allow":["GET"]}}],"collection":[{"href":"http:\/\/ccnews.com.ar\/prensa\/wp-json\/wp\/v2\/posts"}],"about":[{"href":"http:\/\/ccnews.com.ar\/prensa\/wp-json\/wp\/v2\/types\/post"}],"author":[{"embeddable":true,"href":"http:\/\/ccnews.com.ar\/prensa\/wp-json\/wp\/v2\/users\/1"}],"replies":[{"embeddable":true,"href":"http:\/\/ccnews.com.ar\/prensa\/wp-json\/wp\/v2\/comments?post=12735"}],"version-history":[{"count":4,"href":"http:\/\/ccnews.com.ar\/prensa\/wp-json\/wp\/v2\/posts\/12735\/revisions"}],"predecessor-version":[{"id":12745,"href":"http:\/\/ccnews.com.ar\/prensa\/wp-json\/wp\/v2\/posts\/12735\/revisions\/12745"}],"wp:featuredmedia":[{"embeddable":true,"href":"http:\/\/ccnews.com.ar\/prensa\/wp-json\/wp\/v2\/media\/12737"}],"wp:attachment":[{"href":"http:\/\/ccnews.com.ar\/prensa\/wp-json\/wp\/v2\/media?parent=12735"}],"wp:term":[{"taxonomy":"category","embeddable":true,"href":"http:\/\/ccnews.com.ar\/prensa\/wp-json\/wp\/v2\/categories?post=12735"},{"taxonomy":"post_tag","embeddable":true,"href":"http:\/\/ccnews.com.ar\/prensa\/wp-json\/wp\/v2\/tags?post=12735"}],"curies":[{"name":"wp","href":"https:\/\/api.w.org\/{rel}","templated":true}]}}