{"id":12865,"date":"2019-09-06T09:35:42","date_gmt":"2019-09-06T12:35:42","guid":{"rendered":"http:\/\/ccnews.com.ar\/prensa\/?p=12865"},"modified":"2019-09-13T11:01:01","modified_gmt":"2019-09-13T14:01:01","slug":"agenda-2030-el-camino-hacia-la-sustentabilidad","status":"publish","type":"post","link":"http:\/\/ccnews.com.ar\/prensa\/agenda-2030-el-camino-hacia-la-sustentabilidad\/","title":{"rendered":"Agenda 2030: el camino hacia la sustentabilidad"},"content":{"rendered":"\n<h2 class=\"wp-block-heading\"><\/h2>\n\n\n\n<p><strong>Las empresas productoras trazaron metas a corto y largo plazo que acompa\u00f1an los Objetivos de Desarrollo Sostenible.\u00a0Cambiaron la forma de operar con obligaciones compartidas que atraviesan varias \u00e1reas de las compa\u00f1\u00edas. <\/strong><\/p>\n\n\n\n<p>Ancladas en los Objetivos de Desarrollo Sostenible (ODS)\u00a0<strong>varias empresas productoras de hidrocarburos con presencia en la Cuenca Neuquina comenzaron a redise\u00f1ar sus estructuras para convertir sus operacione<\/strong>s en desarrollos sustentables y eficientes.<\/p>\n\n\n\n<p>En l\u00edneas generales&nbsp;<strong>las firmas trazaron ambiciosos objetivos a corto y largo plazo<\/strong>, que adem\u00e1s de representar millonarias inversiones, demandan la sinergia entre la mayor\u00eda de las \u00e1reas de las compa\u00f1\u00edas.<\/p>\n\n\n\n<p>Para alcanzar mayor eficiencia y sustentabilidad se parte desde los m\u00e1s altos cargos y luego van en cascada por los diversos gerencias y \u00e1reas.&nbsp;<strong>Algunos objetivos son individuales de algunos sectores, pero en su mayor\u00eda se trata de ideas compartidas<\/strong>&nbsp;que trascienden varias \u00e1reas de las compa\u00f1\u00edas.<\/p>\n\n\n\n<blockquote class=\"wp-block-quote is-layout-flow wp-block-quote-is-layout-flow\"><p>YPF busca ser una firma transparente con foco en su gesti\u00f3n ambiental, social, econ\u00f3mico y que genere valor a corto y largo plazo\u201d.<\/p><\/blockquote>\n\n\n\n<p><strong>Desde 2015 la mayor\u00eda de estos cambios no solo se convirtieron en prioridad, sino que comenzaron a formar parte de las operaciones.&nbsp;<\/strong>En algunos casos se reconoce a los empleados y jefes con bonos por cumplimiento.<\/p>\n\n\n\n<p>Si bien hoy hay resultados m\u00e1s concretos,&nbsp;<strong>en un principio no fue tarea f\u00e1cil definir todo lo que significaba ser una compa\u00f1\u00eda m\u00e1s sustentable<\/strong>. De hecho, varias de las empresas que trabajan en la zona comenzaron con cambios antes de los ODS y en ellos encontraron puntos en com\u00fan para definir el rumbo.<\/p>\n\n\n\n<p>Hay objetivos que son compartidos entre las empresas y lo que cambia son las implementaciones.<strong>&nbsp;Los principales son: mantener la tasa de accidentes e incidentes en cero, reducir las emisiones de CO2<\/strong>, colaborar con las comunidades linderas, optimizar los recursos empleados, incrementar la generaci\u00f3n de energ\u00eda renovable y trabajar en favor de la transparencia.<\/p>\n\n\n\n<blockquote class=\"wp-block-quote is-layout-flow wp-block-quote-is-layout-flow\"><p>Es fundamental el compromiso de la alta direcci\u00f3n. Hemos recorrido un largo camino, pero a\u00fan quedan desaf\u00edos\u201d.<\/p><\/blockquote>\n\n\n\n<p>Sobre esto se debati\u00f3 en la XV Jornada de Argentina Sustentable que se llev\u00f3 adelante la semana pasada en Neuqu\u00e9n. YPF, Total Austral, Pampa Energ\u00eda fueron algunas de las disertantes.<\/p>\n\n\n\n<p><strong>La coordinadora de Sustentabilidad de YPF, Ethel Bonnet Laverge, present\u00f3 los seis objetivos que se propuso la compa\u00f1\u00eda para 2023<\/strong>: el primero, ser l\u00edder en generaci\u00f3n de energ\u00eda renovable en el pa\u00eds; estar entre los primeros tres generadores de energ\u00eda el\u00e9ctrica; lograr que el 20% de la generaci\u00f3n propia sea proveniente de energ\u00edas renovables; obtener un 10% de mejora en la eficiencia energ\u00e9tica; reducir un 10% las emisiones de CO2; y por \u00faltimo, que el 70% de los combustibles sea de bajo contenido de azufre.<\/p>\n\n\n\n<p>Para cumplir con la totalidad de estos objetivos la empresa deber\u00e1 hacer grandes inversiones para optimizar las instalaciones existentes y sumar m\u00e1s infraestructura.&nbsp;<strong>Antes de 2030 buscan que la totalidad de sus combustibles sea de bajo contenido de azufre, para esto van a adecuar la mayor\u00eda de sus refiner\u00edas.<\/strong><\/p>\n\n\n\n<p>\u201cPensamos en c\u00f3mo la industria espec\u00edficamente acompa\u00f1a hacia la gesti\u00f3n sustentable y la relaci\u00f3n con su grupo de inter\u00e9s, de qu\u00e9 manera respondemos a los desaf\u00edos y c\u00f3mo damos respuesta a las expectativas de proveedores, empleados, clientes, comunidades e inversores\u201d, indic\u00f3 Laverge.<\/p>\n\n\n\n<h2 class=\"wp-block-heading\"><strong>La estrategia de Total<\/strong><\/h2>\n\n\n\n<p>La compa\u00f1\u00eda francesa adhiri\u00f3 al pacto global de Naciones Unidas en 2015 y defini\u00f3 su estrategia de desarrollo sustentable para sus operaciones.<\/p>\n\n\n\n<p><strong>Para 2030 la compa\u00f1\u00eda se propuso reducir la intensidad del carb\u00f3n de sus productos en un 15% hasta 2030.<\/strong>&nbsp;Actualmente llevan una reducci\u00f3n del 5%. Otro de los objetivos es mejorar&nbsp;<strong>la eficiencia energ\u00e9tica en un 1% por a\u00f1o aunque ya lo superaron y llevan un 10%.<\/strong><\/p>\n\n\n\n<p>Con vistas al ambiente buscan limitar el impacto de contexto y ambiental de sus actividades. A nivel global del grupo tienen el objetivo de revalorizar m\u00e1s del 50% de los residuos que se generan.<\/p>\n\n\n\n<p>\u201c<strong>La seguridad no es un principio sino un valor, este tema como otros llegaron para quedarse, son buenas pr\u00e1cticas internacionales, tienen que ver con el contexto global<\/strong>\u201d, indic\u00f3 la coordinadora de Inversiones Sociales y Comunitarias de la compa\u00f1\u00eda, Mar\u00eda Daniello.<\/p>\n\n\n\n<p>As\u00ed como Total e YPF trabajan con Objetivos de Desarrollo Sostenibles, todas las empresas que operan en la formaci\u00f3n comparten filosof\u00edas similares. Incluso las compa\u00f1\u00edas que tienen inversores extranjeros ponen obligaciones de este tipo para continuar la sociedad.<\/p>\n\n\n\n<h2 class=\"wp-block-heading\">Un proceso que comenz\u00f3 hace a\u00f1os y a\u00fan contin\u00faa<\/h2>\n\n\n\n<p><strong>Lo que m\u00e1s tiempo les llev\u00f3 a las compa\u00f1\u00edas es dimensionar todo lo que implicaba ser una empresa sustentable y eficiente.<\/strong>&nbsp;No solo bastaba con pensar en el medio ambiente y reducir costos.<\/p>\n\n\n\n<p>Pampa Energ\u00eda es otra de las empresas que tambi\u00e9n estableci\u00f3 objetivos internos en busca de sostenibilidad.<strong>&nbsp;Desde la firma hicieron hincapi\u00e9 en que uno de los grandes cambios que se vio al interior de las compa\u00f1\u00edas<\/strong>, en los \u00faltimos 10 a\u00f1os, es que las diversas \u00e1reas comenzaron a pensar estrategias en conjunto y no por separado.<\/p>\n\n\n\n<p>La jefa de RSE y Fundaci\u00f3n de firma, Mariana Corti, resalt\u00f3: \u201c<strong>Algo que pens\u00e1bamos que nos iba a llevar poco tiempo en desarrollarlo y definirlo nos est\u00e1 llevando un trabajo enorme<\/strong>. A veces es m\u00e1s f\u00e1cil definir cosas por \u00e1rea, pero cuando lo circulas por otros sectores las cosas cambian. Es necesario integrar todas las miradas para definir objetivos concretos\u201d.<\/p>\n\n\n\n<p>Queda claro la sustentabilidad no puede ser pensada como un \u00e1rea por si sola, sino m\u00e1s bien como un factor que atraviesa a cada una de las \u00e1reas de una compa\u00f1\u00eda y requiere de todas para lograr los objetivos.<\/p>\n\n\n\n<p>Por Mat\u00edas del Pozzi.<\/p>\n\n\n\n<p>Fuente: R\u00edo Negro <\/p>\n<!-- AddThis Advanced Settings generic via filter on the_content -->","protected":false},"excerpt":{"rendered":"<p>Las empresas productoras trazaron metas a corto y largo plazo que acompa\u00f1an los Objetivos de Desarrollo Sostenible.\u00a0Cambiaron la forma de<!-- AddThis Advanced Settings generic via filter on get_the_excerpt --><\/p>\n","protected":false},"author":1,"featured_media":12867,"comment_status":"open","ping_status":"closed","sticky":false,"template":"","format":"standard","meta":{"colormag_page_container_layout":"default_layout","colormag_page_sidebar_layout":"default_layout","jetpack_post_was_ever_published":false,"_jetpack_newsletter_access":"","_jetpack_dont_email_post_to_subs":false,"_jetpack_newsletter_tier_id":0,"_jetpack_memberships_contains_paywalled_content":false,"_jetpack_memberships_contains_paid_content":false,"footnotes":"","jetpack_publicize_message":"#BuenViernes #Inspecci\u00f3n Agenda 2030: el camino hacia la sustentabilidad","jetpack_publicize_feature_enabled":true,"jetpack_social_post_already_shared":true,"jetpack_social_options":{"image_generator_settings":{"template":"highway","default_image_id":0,"font":"","enabled":false},"version":2}},"categories":[11],"tags":[17],"class_list":["post-12865","post","type-post","status-publish","format-standard","has-post-thumbnail","hentry","category-energia-y-produccion","tag-otros-medios"],"jetpack_publicize_connections":[],"jetpack_featured_media_url":"https:\/\/i0.wp.com\/ccnews.com.ar\/prensa\/wp-content\/uploads\/2019\/09\/Imagen-thumbnail_DTM-AESA-Y-208-1.jpg?fit=920%2C520","jetpack_shortlink":"https:\/\/wp.me\/p7L1gj-3lv","jetpack-related-posts":[{"id":15676,"url":"http:\/\/ccnews.com.ar\/prensa\/la-crisis-del-covid-19-potencia-la-relevancia-del-area-de-sustentabilidad-corporativa\/","url_meta":{"origin":12865,"position":0},"title":"La crisis del Covid-19 potencia la relevancia del \u00e1rea de sustentabilidad corporativa","author":"Editor","date":"19 junio, 2020","format":false,"excerpt":"GlobeScan y BSR encuestaron a 102 ejecutivos s\u00e9nior de sostenibilidad de algunas de las compa\u00f1\u00edas m\u00e1s grandes del planeta. En su reciente informe, intentan comprender la respuesta a corto plazo y la visi\u00f3n a largo plazo.","rel":"","context":"En \u00abCovid-19\u00bb","block_context":{"text":"Covid-19","link":"http:\/\/ccnews.com.ar\/prensa\/category\/covid-19\/"},"img":{"alt_text":"","src":"https:\/\/i0.wp.com\/ccnews.com.ar\/prensa\/wp-content\/uploads\/2020\/06\/sust.png?fit=512%2C341&resize=350%2C200","width":350,"height":200},"classes":[]},{"id":14632,"url":"http:\/\/ccnews.com.ar\/prensa\/economia-util-y-ambientalmente-sustentable\/","url_meta":{"origin":12865,"position":1},"title":"Econom\u00eda  \u00fatil y ambientalmente sustentable","author":"admin","date":"21 febrero, 2020","format":false,"excerpt":"\u00bfPor qu\u00e9 una empresa debe preocuparse del desarrollo sustentable? \u00bfEsto cuesti\u00f3n de los gobiernos, de los pol\u00edticos, de los te\u00f3ricos? No, definitivamente no. Vivimos en un mundo complejo, donde las interdependencias entre los sistemas act\u00faan en forma constante. Develar fehacientemente estas interrelaciones nos es imposible, pero como m\u00ednimo podemos aproximarnos.\u2026","rel":"","context":"En \u00abEducaci\u00f3n\/Sociedad\u00bb","block_context":{"text":"Educaci\u00f3n\/Sociedad","link":"http:\/\/ccnews.com.ar\/prensa\/category\/educacion-sociedad\/"},"img":{"alt_text":"","src":"https:\/\/i0.wp.com\/ccnews.com.ar\/prensa\/wp-content\/uploads\/2020\/02\/5e441470-6669-11e9-ba9a-f15f77fc3ce7-rimg-w1200-h600-gmir.jpg?fit=1200%2C600&resize=350%2C200","width":350,"height":200,"srcset":"https:\/\/i0.wp.com\/ccnews.com.ar\/prensa\/wp-content\/uploads\/2020\/02\/5e441470-6669-11e9-ba9a-f15f77fc3ce7-rimg-w1200-h600-gmir.jpg?fit=1200%2C600&resize=350%2C200 1x, https:\/\/i0.wp.com\/ccnews.com.ar\/prensa\/wp-content\/uploads\/2020\/02\/5e441470-6669-11e9-ba9a-f15f77fc3ce7-rimg-w1200-h600-gmir.jpg?fit=1200%2C600&resize=525%2C300 1,5x, https:\/\/i0.wp.com\/ccnews.com.ar\/prensa\/wp-content\/uploads\/2020\/02\/5e441470-6669-11e9-ba9a-f15f77fc3ce7-rimg-w1200-h600-gmir.jpg?fit=1200%2C600&resize=700%2C400 2x, https:\/\/i0.wp.com\/ccnews.com.ar\/prensa\/wp-content\/uploads\/2020\/02\/5e441470-6669-11e9-ba9a-f15f77fc3ce7-rimg-w1200-h600-gmir.jpg?fit=1200%2C600&resize=1050%2C600 3x"},"classes":[]},{"id":8067,"url":"http:\/\/ccnews.com.ar\/prensa\/como-se-gestiona-el-talento-en-la-era-de-la-transformacion-digital\/","url_meta":{"origin":12865,"position":2},"title":"\u00bfC\u00f3mo se gestiona el talento en la era de la transformaci\u00f3n digital?","author":"CLUSTERciar","date":"14 junio, 2018","format":false,"excerpt":"El mundo tradicional del trabajo privilegi\u00f3 contratar empleados de determinadas carreras, que hubieran estudiado en determinada universidad En un mundo en constante cambio, es un hecho que las empresas se est\u00e1n enfrentando su propia transformaci\u00f3n digital, y una de las cuestiones m\u00e1s importantes es entender que no s\u00f3lo se trata\u2026","rel":"","context":"En \u00abManagement\u00bb","block_context":{"text":"Management","link":"http:\/\/ccnews.com.ar\/prensa\/category\/management\/"},"img":{"alt_text":"","src":"https:\/\/i0.wp.com\/ccnews.com.ar\/prensa\/wp-content\/uploads\/2018\/06\/397802.jpg?fit=640%2C460&resize=350%2C200","width":350,"height":200,"srcset":"https:\/\/i0.wp.com\/ccnews.com.ar\/prensa\/wp-content\/uploads\/2018\/06\/397802.jpg?fit=640%2C460&resize=350%2C200 1x, https:\/\/i0.wp.com\/ccnews.com.ar\/prensa\/wp-content\/uploads\/2018\/06\/397802.jpg?fit=640%2C460&resize=525%2C300 1,5x"},"classes":[]},{"id":2495,"url":"http:\/\/ccnews.com.ar\/prensa\/seres-premia-el-compromiso-con-el-empleo-la-inclusion-y-el-desarrollo-sostenible\/","url_meta":{"origin":12865,"position":3},"title":"Seres premia el compromiso con el empleo, la inclusi\u00f3n y el desarrollo sostenible","author":"CLUSTERciar","date":"24 noviembre, 2016","format":false,"excerpt":"Proyectos de Accenture, Disjob, Repsol y PRISA reciben el galard\u00f3n por su labor social Accenture, Disjob, la Fundaci\u00f3n Repsol y PRISA, grupo editor de este peri\u00f3dico, han recibido este jueves el premio Seres, que entrega la fundaci\u00f3n del mismo nombre y que reconoce la labor social de las empresas. La\u2026","rel":"","context":"En \u00abManagement\u00bb","block_context":{"text":"Management","link":"http:\/\/ccnews.com.ar\/prensa\/category\/management\/"},"img":{"alt_text":"","src":"https:\/\/i0.wp.com\/ccnews.com.ar\/prensa\/wp-content\/uploads\/2016\/11\/1477503175_439907_1477592107_noticia_normal_recorte1.jpg?fit=1200%2C722&resize=350%2C200","width":350,"height":200,"srcset":"https:\/\/i0.wp.com\/ccnews.com.ar\/prensa\/wp-content\/uploads\/2016\/11\/1477503175_439907_1477592107_noticia_normal_recorte1.jpg?fit=1200%2C722&resize=350%2C200 1x, https:\/\/i0.wp.com\/ccnews.com.ar\/prensa\/wp-content\/uploads\/2016\/11\/1477503175_439907_1477592107_noticia_normal_recorte1.jpg?fit=1200%2C722&resize=525%2C300 1,5x, https:\/\/i0.wp.com\/ccnews.com.ar\/prensa\/wp-content\/uploads\/2016\/11\/1477503175_439907_1477592107_noticia_normal_recorte1.jpg?fit=1200%2C722&resize=700%2C400 2x, https:\/\/i0.wp.com\/ccnews.com.ar\/prensa\/wp-content\/uploads\/2016\/11\/1477503175_439907_1477592107_noticia_normal_recorte1.jpg?fit=1200%2C722&resize=1050%2C600 3x"},"classes":[]},{"id":15216,"url":"http:\/\/ccnews.com.ar\/prensa\/ser-sustentable-en-2020-clave-para-evitar-el-fracaso-de-las-empresas\/","url_meta":{"origin":12865,"position":4},"title":"Ser sustentable en 2020: clave para evitar el fracaso de las empresas","author":"admin","date":"11 abril, 2020","format":false,"excerpt":"Cada vez m\u00e1s en el mundo, sobre todo en estos momentos de alta tensi\u00f3n, la sociedad valora que las empresas sean sustentables. Un estilo de gestionar que puede evitar fracasar en este 2020 que luce tan incierto como desafiante. Se considera que una empresa es sustentable cuando busca su excelencia\u2026","rel":"","context":"En \u00abEducaci\u00f3n\/Sociedad\u00bb","block_context":{"text":"Educaci\u00f3n\/Sociedad","link":"http:\/\/ccnews.com.ar\/prensa\/category\/educacion-sociedad\/"},"img":{"alt_text":"","src":"https:\/\/i0.wp.com\/ccnews.com.ar\/prensa\/wp-content\/uploads\/2020\/04\/494690.jpg?fit=880%2C587&resize=350%2C200","width":350,"height":200,"srcset":"https:\/\/i0.wp.com\/ccnews.com.ar\/prensa\/wp-content\/uploads\/2020\/04\/494690.jpg?fit=880%2C587&resize=350%2C200 1x, https:\/\/i0.wp.com\/ccnews.com.ar\/prensa\/wp-content\/uploads\/2020\/04\/494690.jpg?fit=880%2C587&resize=525%2C300 1,5x, https:\/\/i0.wp.com\/ccnews.com.ar\/prensa\/wp-content\/uploads\/2020\/04\/494690.jpg?fit=880%2C587&resize=700%2C400 2x"},"classes":[]},{"id":16582,"url":"http:\/\/ccnews.com.ar\/prensa\/sustentabilidad-e-innovacion-el-rol-de-las-empresas-en-la-postpandemia\/","url_meta":{"origin":12865,"position":5},"title":"Sustentabilidad e innovacion, el rol de las empresas en la postpandemia","author":"Editor","date":"11 marzo, 2021","format":false,"excerpt":"Por: VIRGINIA GILLIGAN Si bien los indicadores de la econom\u00eda mundial elaborados por los expertos contemplan una\u00a0paulatina recuperaci\u00f3n de la actividad, todav\u00eda hay numerosas incertidumbres que el planeta debe enfrentar, en lo que podr\u00eda calificarse como una\u00a0etapa post pandemia. Durante el a\u00f1o 2020 hubo una ca\u00edda global del PBI del\u2026","rel":"","context":"En \u00abSustentabilidad\u00bb","block_context":{"text":"Sustentabilidad","link":"http:\/\/ccnews.com.ar\/prensa\/category\/sustentabilidad\/"},"img":{"alt_text":"","src":"","width":0,"height":0},"classes":[]}],"jetpack_sharing_enabled":true,"_links":{"self":[{"href":"http:\/\/ccnews.com.ar\/prensa\/wp-json\/wp\/v2\/posts\/12865","targetHints":{"allow":["GET"]}}],"collection":[{"href":"http:\/\/ccnews.com.ar\/prensa\/wp-json\/wp\/v2\/posts"}],"about":[{"href":"http:\/\/ccnews.com.ar\/prensa\/wp-json\/wp\/v2\/types\/post"}],"author":[{"embeddable":true,"href":"http:\/\/ccnews.com.ar\/prensa\/wp-json\/wp\/v2\/users\/1"}],"replies":[{"embeddable":true,"href":"http:\/\/ccnews.com.ar\/prensa\/wp-json\/wp\/v2\/comments?post=12865"}],"version-history":[{"count":2,"href":"http:\/\/ccnews.com.ar\/prensa\/wp-json\/wp\/v2\/posts\/12865\/revisions"}],"predecessor-version":[{"id":12871,"href":"http:\/\/ccnews.com.ar\/prensa\/wp-json\/wp\/v2\/posts\/12865\/revisions\/12871"}],"wp:featuredmedia":[{"embeddable":true,"href":"http:\/\/ccnews.com.ar\/prensa\/wp-json\/wp\/v2\/media\/12867"}],"wp:attachment":[{"href":"http:\/\/ccnews.com.ar\/prensa\/wp-json\/wp\/v2\/media?parent=12865"}],"wp:term":[{"taxonomy":"category","embeddable":true,"href":"http:\/\/ccnews.com.ar\/prensa\/wp-json\/wp\/v2\/categories?post=12865"},{"taxonomy":"post_tag","embeddable":true,"href":"http:\/\/ccnews.com.ar\/prensa\/wp-json\/wp\/v2\/tags?post=12865"}],"curies":[{"name":"wp","href":"https:\/\/api.w.org\/{rel}","templated":true}]}}