{"id":13067,"date":"2019-09-26T08:00:22","date_gmt":"2019-09-26T11:00:22","guid":{"rendered":"http:\/\/ccnews.com.ar\/prensa\/?p=13067"},"modified":"2019-09-26T08:40:06","modified_gmt":"2019-09-26T11:40:06","slug":"vaca-muerta-fue-el-eje-de-la-aog-2019","status":"publish","type":"post","link":"http:\/\/ccnews.com.ar\/prensa\/vaca-muerta-fue-el-eje-de-la-aog-2019\/","title":{"rendered":"Vaca Muerta fue el eje de la AOG 2019"},"content":{"rendered":"\n<p><strong>Las principales\npetroleras y empresas de servicio que operan en Argentina resaltaron la\nimportancia de la formaci\u00f3n para el futuro econ\u00f3mico del pa\u00eds.<\/strong><\/p>\n\n\n\n<p>Como en todos los encuentros la Argentina Oil&amp;Gas\nconcentr\u00f3 a los mayores referentes de la industria nacional e internacional.\nLos 35.000 metros cuadrados que conforman el tradicional predio de La Rural, en\nBuenos Aires, estuvieron cubiertos con las m\u00e1s prestigiosas compa\u00f1\u00edas del\nsector.<\/p>\n\n\n\n<p>La XII edici\u00f3n cont\u00f3 charlas y presentaciones de\nfuncionarios p\u00fablicos como de referentes del sector privado.<\/p>\n\n\n\n<p>El secretario de Energ\u00eda de Naci\u00f3n, Gustavo Lopetegui,\nparticip\u00f3 del acto inaugural que fue coordinado por el presidente del Instituto\nArgentino de Gas y Petr\u00f3leo (IAPG), Ernesto L\u00f3pez Anad\u00f3n.<\/p>\n\n\n\n<p>Tambi\u00e9n estuvo presente el gobernador de Neuqu\u00e9n, Omar\nGuti\u00e9rrez, que junto con el resto de los funcionarios realizaron la tradicional\nrecorrida por todos los stands de la Expo.<\/p>\n\n\n\n<p>Los ejes que se discusi\u00f3n estuvieron en la coyuntura actual\ny c\u00f3mo afectan los \u00edndices de la macroeconom\u00eda en el desarrollo de Vaca Muerta.<\/p>\n\n\n\n<p>Uno de los pedidos que se repiti\u00f3 entre las diversas compa\u00f1\u00edas fue la necesidad de que los desarrollos no convencionales de la formaci\u00f3n cuenten con una pol\u00edtica de Estado que los proteja de la volatilidad econ\u00f3mica.<\/p>\n\n\n\n<figure class=\"wp-block-image\"><img loading=\"lazy\" decoding=\"async\" width=\"1200\" height=\"672\" data-attachment-id=\"13073\" data-permalink=\"http:\/\/ccnews.com.ar\/prensa\/vaca-muerta-fue-el-eje-de-la-aog-2019\/3-1-1-1\/\" data-orig-file=\"https:\/\/i0.wp.com\/ccnews.com.ar\/prensa\/wp-content\/uploads\/2019\/09\/3-1-1-1.jpg?fit=1200%2C672\" data-orig-size=\"1200,672\" data-comments-opened=\"0\" data-image-meta=\"{&quot;aperture&quot;:&quot;0&quot;,&quot;credit&quot;:&quot;&quot;,&quot;camera&quot;:&quot;&quot;,&quot;caption&quot;:&quot;&quot;,&quot;created_timestamp&quot;:&quot;0&quot;,&quot;copyright&quot;:&quot;&quot;,&quot;focal_length&quot;:&quot;0&quot;,&quot;iso&quot;:&quot;0&quot;,&quot;shutter_speed&quot;:&quot;0&quot;,&quot;title&quot;:&quot;&quot;,&quot;orientation&quot;:&quot;0&quot;}\" data-image-title=\"3-1-1-1\" data-image-description=\"\" data-image-caption=\"\" data-large-file=\"https:\/\/i0.wp.com\/ccnews.com.ar\/prensa\/wp-content\/uploads\/2019\/09\/3-1-1-1.jpg?fit=800%2C448\" src=\"https:\/\/i2.wp.com\/ccnews.com.ar\/prensa\/wp-content\/uploads\/2019\/09\/3-1-1-1.jpg?fit=800%2C448\" alt=\"\" class=\"wp-image-13073\" srcset=\"https:\/\/i0.wp.com\/ccnews.com.ar\/prensa\/wp-content\/uploads\/2019\/09\/3-1-1-1.jpg?w=1200 1200w, https:\/\/i0.wp.com\/ccnews.com.ar\/prensa\/wp-content\/uploads\/2019\/09\/3-1-1-1.jpg?resize=300%2C168 300w, https:\/\/i0.wp.com\/ccnews.com.ar\/prensa\/wp-content\/uploads\/2019\/09\/3-1-1-1.jpg?resize=768%2C430 768w, https:\/\/i0.wp.com\/ccnews.com.ar\/prensa\/wp-content\/uploads\/2019\/09\/3-1-1-1.jpg?resize=1024%2C573 1024w\" sizes=\"auto, (max-width: 800px) 100vw, 800px\" \/><figcaption> La empresa petrolera del Estado neuquino llev\u00f3 toda la actualidad de Vaca Muerta a la AOG 2019. <br><\/figcaption><\/figure>\n\n\n\n<figure class=\"wp-block-image\"><img data-recalc-dims=\"1\" loading=\"lazy\" decoding=\"async\" width=\"657\" height=\"368\" data-attachment-id=\"13075\" data-permalink=\"http:\/\/ccnews.com.ar\/prensa\/vaca-muerta-fue-el-eje-de-la-aog-2019\/2-1-2\/\" data-orig-file=\"https:\/\/i0.wp.com\/ccnews.com.ar\/prensa\/wp-content\/uploads\/2019\/09\/2-1-2.jpg?fit=657%2C368\" data-orig-size=\"657,368\" data-comments-opened=\"0\" data-image-meta=\"{&quot;aperture&quot;:&quot;0&quot;,&quot;credit&quot;:&quot;&quot;,&quot;camera&quot;:&quot;&quot;,&quot;caption&quot;:&quot;&quot;,&quot;created_timestamp&quot;:&quot;0&quot;,&quot;copyright&quot;:&quot;&quot;,&quot;focal_length&quot;:&quot;0&quot;,&quot;iso&quot;:&quot;0&quot;,&quot;shutter_speed&quot;:&quot;0&quot;,&quot;title&quot;:&quot;&quot;,&quot;orientation&quot;:&quot;0&quot;}\" data-image-title=\"2-1-2\" data-image-description=\"\" data-image-caption=\"\" data-large-file=\"https:\/\/i0.wp.com\/ccnews.com.ar\/prensa\/wp-content\/uploads\/2019\/09\/2-1-2.jpg?fit=657%2C368\" src=\"https:\/\/i0.wp.com\/ccnews.com.ar\/prensa\/wp-content\/uploads\/2019\/09\/2-1-2.jpg?resize=657%2C368\" alt=\"\" class=\"wp-image-13075\" srcset=\"https:\/\/i0.wp.com\/ccnews.com.ar\/prensa\/wp-content\/uploads\/2019\/09\/2-1-2.jpg?w=657 657w, https:\/\/i0.wp.com\/ccnews.com.ar\/prensa\/wp-content\/uploads\/2019\/09\/2-1-2.jpg?resize=300%2C168 300w\" sizes=\"auto, (max-width: 657px) 100vw, 657px\" \/><figcaption> Pan American Energy tuvo uno de los stand m\u00e1s concurridos de la Expo. Se juntaron con Axion Energy, la otra pata del negocio. <\/figcaption><\/figure>\n\n\n\n<figure class=\"wp-block-image\"><img loading=\"lazy\" decoding=\"async\" width=\"1200\" height=\"671\" data-attachment-id=\"13077\" data-permalink=\"http:\/\/ccnews.com.ar\/prensa\/vaca-muerta-fue-el-eje-de-la-aog-2019\/6-10\/\" data-orig-file=\"https:\/\/i0.wp.com\/ccnews.com.ar\/prensa\/wp-content\/uploads\/2019\/09\/6-10.jpg?fit=1200%2C671\" data-orig-size=\"1200,671\" data-comments-opened=\"0\" data-image-meta=\"{&quot;aperture&quot;:&quot;0&quot;,&quot;credit&quot;:&quot;&quot;,&quot;camera&quot;:&quot;&quot;,&quot;caption&quot;:&quot;&quot;,&quot;created_timestamp&quot;:&quot;0&quot;,&quot;copyright&quot;:&quot;&quot;,&quot;focal_length&quot;:&quot;0&quot;,&quot;iso&quot;:&quot;0&quot;,&quot;shutter_speed&quot;:&quot;0&quot;,&quot;title&quot;:&quot;&quot;,&quot;orientation&quot;:&quot;0&quot;}\" data-image-title=\"6-10\" data-image-description=\"\" data-image-caption=\"\" data-large-file=\"https:\/\/i0.wp.com\/ccnews.com.ar\/prensa\/wp-content\/uploads\/2019\/09\/6-10.jpg?fit=800%2C448\" src=\"https:\/\/i2.wp.com\/ccnews.com.ar\/prensa\/wp-content\/uploads\/2019\/09\/6-10.jpg?fit=800%2C448\" alt=\"\" class=\"wp-image-13077\" srcset=\"https:\/\/i0.wp.com\/ccnews.com.ar\/prensa\/wp-content\/uploads\/2019\/09\/6-10.jpg?w=1200 1200w, https:\/\/i0.wp.com\/ccnews.com.ar\/prensa\/wp-content\/uploads\/2019\/09\/6-10.jpg?resize=300%2C168 300w, https:\/\/i0.wp.com\/ccnews.com.ar\/prensa\/wp-content\/uploads\/2019\/09\/6-10.jpg?resize=768%2C429 768w, https:\/\/i0.wp.com\/ccnews.com.ar\/prensa\/wp-content\/uploads\/2019\/09\/6-10.jpg?resize=1024%2C573 1024w\" sizes=\"auto, (max-width: 800px) 100vw, 800px\" \/><figcaption> El martes inaugur\u00f3 el segmento Encuentro con los CEOs donde los principales directivos de compa\u00f1\u00eda de servicio y operadoras de la industria disertaron sobre el presente del sector. <\/figcaption><\/figure>\n\n\n\n<figure class=\"wp-block-image\"><img loading=\"lazy\" decoding=\"async\" width=\"1200\" height=\"672\" data-attachment-id=\"13079\" data-permalink=\"http:\/\/ccnews.com.ar\/prensa\/vaca-muerta-fue-el-eje-de-la-aog-2019\/5-17\/\" data-orig-file=\"https:\/\/i0.wp.com\/ccnews.com.ar\/prensa\/wp-content\/uploads\/2019\/09\/5-17.jpg?fit=1200%2C672\" data-orig-size=\"1200,672\" data-comments-opened=\"0\" data-image-meta=\"{&quot;aperture&quot;:&quot;0&quot;,&quot;credit&quot;:&quot;&quot;,&quot;camera&quot;:&quot;&quot;,&quot;caption&quot;:&quot;&quot;,&quot;created_timestamp&quot;:&quot;0&quot;,&quot;copyright&quot;:&quot;&quot;,&quot;focal_length&quot;:&quot;0&quot;,&quot;iso&quot;:&quot;0&quot;,&quot;shutter_speed&quot;:&quot;0&quot;,&quot;title&quot;:&quot;&quot;,&quot;orientation&quot;:&quot;0&quot;}\" data-image-title=\"5-17\" data-image-description=\"\" data-image-caption=\"\" data-large-file=\"https:\/\/i0.wp.com\/ccnews.com.ar\/prensa\/wp-content\/uploads\/2019\/09\/5-17.jpg?fit=800%2C448\" src=\"https:\/\/i1.wp.com\/ccnews.com.ar\/prensa\/wp-content\/uploads\/2019\/09\/5-17.jpg?fit=800%2C448\" alt=\"\" class=\"wp-image-13079\" srcset=\"https:\/\/i0.wp.com\/ccnews.com.ar\/prensa\/wp-content\/uploads\/2019\/09\/5-17.jpg?w=1200 1200w, https:\/\/i0.wp.com\/ccnews.com.ar\/prensa\/wp-content\/uploads\/2019\/09\/5-17.jpg?resize=300%2C168 300w, https:\/\/i0.wp.com\/ccnews.com.ar\/prensa\/wp-content\/uploads\/2019\/09\/5-17.jpg?resize=768%2C430 768w, https:\/\/i0.wp.com\/ccnews.com.ar\/prensa\/wp-content\/uploads\/2019\/09\/5-17.jpg?resize=1024%2C573 1024w\" sizes=\"auto, (max-width: 800px) 100vw, 800px\" \/><figcaption> Como en todas las ediciones las empresas de servicio llevaron a la Expo las \u00faltimas tecnolog\u00edas que ofrecen. <\/figcaption><\/figure>\n\n\n\n<p>Fuente: Diario R\u00edo Negro<\/p>\n<!-- AddThis Advanced Settings generic via filter on the_content -->","protected":false},"excerpt":{"rendered":"<p>Las principales petroleras y empresas de servicio que operan en Argentina resaltaron la importancia de la formaci\u00f3n para el futuro<!-- AddThis Advanced Settings generic via filter on get_the_excerpt --><\/p>\n","protected":false},"author":1,"featured_media":13071,"comment_status":"closed","ping_status":"closed","sticky":false,"template":"","format":"standard","meta":{"colormag_page_container_layout":"default_layout","colormag_page_sidebar_layout":"default_layout","jetpack_post_was_ever_published":false,"_jetpack_newsletter_access":"","_jetpack_dont_email_post_to_subs":false,"_jetpack_newsletter_tier_id":0,"_jetpack_memberships_contains_paywalled_content":false,"_jetpack_memberships_contains_paid_content":false,"footnotes":"","jetpack_publicize_message":"#BuenJueves #Inspecci\u00f3n Vaca Muerta fue el eje de la AOG 2019","jetpack_publicize_feature_enabled":true,"jetpack_social_post_already_shared":true,"jetpack_social_options":{"image_generator_settings":{"template":"highway","default_image_id":0,"font":"","enabled":false},"version":2}},"categories":[11],"tags":[17],"class_list":["post-13067","post","type-post","status-publish","format-standard","has-post-thumbnail","hentry","category-energia-y-produccion","tag-otros-medios"],"jetpack_publicize_connections":[],"jetpack_featured_media_url":"https:\/\/i0.wp.com\/ccnews.com.ar\/prensa\/wp-content\/uploads\/2019\/09\/4-23.jpg?fit=1200%2C672","jetpack_shortlink":"https:\/\/wp.me\/p7L1gj-3oL","jetpack-related-posts":[{"id":2895,"url":"http:\/\/ccnews.com.ar\/prensa\/argentina-da-envidia-por-sus-recursos-tiene-la-tercera-reserva-eolica-mundial-y-la-segunda-solar\/","url_meta":{"origin":13067,"position":0},"title":"Argentina da &#8220;envidia&#8221; por sus recursos: tiene la tercera reserva e\u00f3lica mundial y la segunda solar","author":"CLUSTERciar","date":"15 enero, 2017","format":false,"excerpt":"Mauricio Macri reafirm\u00f3 su voluntad de impulsar el desarrollo del sector de las energ\u00edas renovables y diversificar los recursos con los que cuenta el pa\u00eds Con\u00a0una ley reci\u00e9n estrenada y una pol\u00edtica de incentivos m\u00e1s atractiva para los inversionistas, Argentina quiere conquistar el mercado de las energ\u00edas renovables. El Presidente\u2026","rel":"","context":"En \u00abSustentabilidad\u00bb","block_context":{"text":"Sustentabilidad","link":"http:\/\/ccnews.com.ar\/prensa\/category\/sustentabilidad\/"},"img":{"alt_text":"","src":"https:\/\/i0.wp.com\/ccnews.com.ar\/prensa\/wp-content\/uploads\/2016\/12\/432398.jpg?fit=630%2C460&resize=350%2C200","width":350,"height":200,"srcset":"https:\/\/i0.wp.com\/ccnews.com.ar\/prensa\/wp-content\/uploads\/2016\/12\/432398.jpg?fit=630%2C460&resize=350%2C200 1x, https:\/\/i0.wp.com\/ccnews.com.ar\/prensa\/wp-content\/uploads\/2016\/12\/432398.jpg?fit=630%2C460&resize=525%2C300 1,5x"},"classes":[]},{"id":14174,"url":"http:\/\/ccnews.com.ar\/prensa\/neuquen-advirtio-en-la-ofephi-por-el-precio-del-gas-a-la-baja\/","url_meta":{"origin":13067,"position":1},"title":"Neuqu\u00e9n advirti\u00f3 en la Ofephi por el precio del gas a la baja","author":"admin","date":"9 enero, 2020","format":false,"excerpt":"La provincia plante\u00f3 la necesidad de generar condiciones que hagan sustentable el desarrollo de las \u00e1reas de shale y tight gas ante una licitaci\u00f3n de Cammesa que tuvo ofertas de u$s 1,50 por mill\u00f3n de BTU en diciembre. El gobierno neuquino llev\u00f3 ante las autoridades energ\u00e9ticas del gobierno nacional su\u2026","rel":"","context":"En \u00abEnerg\u00eda y Producci\u00f3n\u00bb","block_context":{"text":"Energ\u00eda y Producci\u00f3n","link":"http:\/\/ccnews.com.ar\/prensa\/category\/energia-y-produccion\/"},"img":{"alt_text":"","src":"https:\/\/i0.wp.com\/ccnews.com.ar\/prensa\/wp-content\/uploads\/2020\/01\/gas-pipe-1024-e1563394533732.jpg?fit=1024%2C642&resize=350%2C200","width":350,"height":200,"srcset":"https:\/\/i0.wp.com\/ccnews.com.ar\/prensa\/wp-content\/uploads\/2020\/01\/gas-pipe-1024-e1563394533732.jpg?fit=1024%2C642&resize=350%2C200 1x, https:\/\/i0.wp.com\/ccnews.com.ar\/prensa\/wp-content\/uploads\/2020\/01\/gas-pipe-1024-e1563394533732.jpg?fit=1024%2C642&resize=525%2C300 1,5x, https:\/\/i0.wp.com\/ccnews.com.ar\/prensa\/wp-content\/uploads\/2020\/01\/gas-pipe-1024-e1563394533732.jpg?fit=1024%2C642&resize=700%2C400 2x"},"classes":[]},{"id":13047,"url":"http:\/\/ccnews.com.ar\/prensa\/comienza-la-expo-argentina-oilgas-2019\/","url_meta":{"origin":13067,"position":2},"title":"Comienza la Expo Argentina Oil&#038;Gas 2019","author":"admin","date":"23 septiembre, 2019","format":false,"excerpt":"El encuentro se extender\u00e1 hasta el jueves y reunir\u00e1 a los principales actores de la industria petrolera. La cita se topar\u00e1 este a\u00f1o con un clima enrarecido a ra\u00edz de las medidas adoptadas por el gobierno nacional, en especial el congelamiento del barril. La exposici\u00f3n m\u00e1s importante de la industria\u2026","rel":"","context":"En \u00abSustentabilidad\u00bb","block_context":{"text":"Sustentabilidad","link":"http:\/\/ccnews.com.ar\/prensa\/category\/sustentabilidad\/"},"img":{"alt_text":"","src":"https:\/\/i0.wp.com\/ccnews.com.ar\/prensa\/wp-content\/uploads\/2019\/09\/CMG_1561.jpg?fit=900%2C520&resize=350%2C200","width":350,"height":200,"srcset":"https:\/\/i0.wp.com\/ccnews.com.ar\/prensa\/wp-content\/uploads\/2019\/09\/CMG_1561.jpg?fit=900%2C520&resize=350%2C200 1x, https:\/\/i0.wp.com\/ccnews.com.ar\/prensa\/wp-content\/uploads\/2019\/09\/CMG_1561.jpg?fit=900%2C520&resize=525%2C300 1,5x, https:\/\/i0.wp.com\/ccnews.com.ar\/prensa\/wp-content\/uploads\/2019\/09\/CMG_1561.jpg?fit=900%2C520&resize=700%2C400 2x"},"classes":[]},{"id":9135,"url":"http:\/\/ccnews.com.ar\/prensa\/amcham-argentina-llega-a-neuquen-para-discutir-sobre-el-futuro-del-sector-energetico-en-el-pais\/","url_meta":{"origin":13067,"position":3},"title":"Amcham argentina llega a neuqu\u00e9n para discutir sobre el futuro del sector energ\u00e9tico en el pa\u00eds","author":"CLUSTERciar","date":"21 octubre, 2018","format":false,"excerpt":"Del Programa de Energ\u00eda que lleva a cabo la c\u00e1mara junto al IAPG, participar\u00e1n distintas autoridades del gobierno provincial y representantes de compa\u00f1\u00edas. La C\u00e1mara de Comercio de los Estados Unidos en Argentina \u2013 AmCham \u2013 realizar\u00e1 un viaje a la provincia de Neuqu\u00e9n el lunes 22 y el martes\u2026","rel":"","context":"En \u00abEnerg\u00eda y Producci\u00f3n\u00bb","block_context":{"text":"Energ\u00eda y Producci\u00f3n","link":"http:\/\/ccnews.com.ar\/prensa\/category\/energia-y-produccion\/"},"img":{"alt_text":"","src":"https:\/\/i0.wp.com\/ccnews.com.ar\/prensa\/wp-content\/uploads\/2018\/10\/ccn-15.jpg?fit=601%2C311&resize=350%2C200","width":350,"height":200,"srcset":"https:\/\/i0.wp.com\/ccnews.com.ar\/prensa\/wp-content\/uploads\/2018\/10\/ccn-15.jpg?fit=601%2C311&resize=350%2C200 1x, https:\/\/i0.wp.com\/ccnews.com.ar\/prensa\/wp-content\/uploads\/2018\/10\/ccn-15.jpg?fit=601%2C311&resize=525%2C300 1,5x"},"classes":[]},{"id":3067,"url":"http:\/\/ccnews.com.ar\/prensa\/wartsila-suministrara-una-planta-de-energia-rapida-de-40-mw-a-la-argentina\/","url_meta":{"origin":13067,"position":4},"title":"W\u00e4rtsil\u00e4 suministrar\u00e1 una planta de energ\u00eda r\u00e1pida de 40 MW a la Argentina","author":"CLUSTERciar","date":"10 febrero, 2017","format":false,"excerpt":"W\u00e4rtsil\u00e4 suministrar\u00e1 una planta Smart Power Generation de 40 MW a Mendoza, Argentina, para Methax S.A., una compa\u00f1\u00eda de prop\u00f3sito espec\u00edfico propiedad de Grupo Galileo. El valor de la orden es de aproximadamente 25 millones de euros. El pedido de ingenier\u00eda, adquisici\u00f3n y construcci\u00f3n (EPC) llave en mano incluye los\u2026","rel":"","context":"En \u00abEnerg\u00eda y Producci\u00f3n\u00bb","block_context":{"text":"Energ\u00eda y Producci\u00f3n","link":"http:\/\/ccnews.com.ar\/prensa\/category\/energia-y-produccion\/"},"img":{"alt_text":"","src":"https:\/\/i0.wp.com\/ccnews.com.ar\/prensa\/wp-content\/uploads\/2017\/01\/Anchoris20Gas.jpg?fit=600%2C311&resize=350%2C200","width":350,"height":200,"srcset":"https:\/\/i0.wp.com\/ccnews.com.ar\/prensa\/wp-content\/uploads\/2017\/01\/Anchoris20Gas.jpg?fit=600%2C311&resize=350%2C200 1x, https:\/\/i0.wp.com\/ccnews.com.ar\/prensa\/wp-content\/uploads\/2017\/01\/Anchoris20Gas.jpg?fit=600%2C311&resize=525%2C300 1,5x"},"classes":[]},{"id":16270,"url":"http:\/\/ccnews.com.ar\/prensa\/gutierrez-nos-acercamos-a-niveles-prepandemia\/","url_meta":{"origin":13067,"position":5},"title":"Guti\u00e9rrez: &#8220;nos acercamos a niveles prepandemia&#8221;","author":"Editor","date":"30 octubre, 2020","format":false,"excerpt":"El gobernador afirm\u00f3 que, de todos modos, la provincia esperaba unos 230 mil barriles de crudo a finales de este a\u00f1o cuando sobrevino la baja de la demanda.","rel":"","context":"En \u00abEnerg\u00eda y Producci\u00f3n\u00bb","block_context":{"text":"Energ\u00eda y Producci\u00f3n","link":"http:\/\/ccnews.com.ar\/prensa\/category\/energia-y-produccion\/"},"img":{"alt_text":"","src":"https:\/\/i0.wp.com\/ccnews.com.ar\/prensa\/wp-content\/uploads\/2020\/10\/1582832498_041823_1582833500_noticia_normal.jpg?fit=980%2C590&resize=350%2C200","width":350,"height":200,"srcset":"https:\/\/i0.wp.com\/ccnews.com.ar\/prensa\/wp-content\/uploads\/2020\/10\/1582832498_041823_1582833500_noticia_normal.jpg?fit=980%2C590&resize=350%2C200 1x, https:\/\/i0.wp.com\/ccnews.com.ar\/prensa\/wp-content\/uploads\/2020\/10\/1582832498_041823_1582833500_noticia_normal.jpg?fit=980%2C590&resize=525%2C300 1,5x, https:\/\/i0.wp.com\/ccnews.com.ar\/prensa\/wp-content\/uploads\/2020\/10\/1582832498_041823_1582833500_noticia_normal.jpg?fit=980%2C590&resize=700%2C400 2x"},"classes":[]}],"jetpack_sharing_enabled":true,"_links":{"self":[{"href":"http:\/\/ccnews.com.ar\/prensa\/wp-json\/wp\/v2\/posts\/13067","targetHints":{"allow":["GET"]}}],"collection":[{"href":"http:\/\/ccnews.com.ar\/prensa\/wp-json\/wp\/v2\/posts"}],"about":[{"href":"http:\/\/ccnews.com.ar\/prensa\/wp-json\/wp\/v2\/types\/post"}],"author":[{"embeddable":true,"href":"http:\/\/ccnews.com.ar\/prensa\/wp-json\/wp\/v2\/users\/1"}],"replies":[{"embeddable":true,"href":"http:\/\/ccnews.com.ar\/prensa\/wp-json\/wp\/v2\/comments?post=13067"}],"version-history":[{"count":1,"href":"http:\/\/ccnews.com.ar\/prensa\/wp-json\/wp\/v2\/posts\/13067\/revisions"}],"predecessor-version":[{"id":13081,"href":"http:\/\/ccnews.com.ar\/prensa\/wp-json\/wp\/v2\/posts\/13067\/revisions\/13081"}],"wp:featuredmedia":[{"embeddable":true,"href":"http:\/\/ccnews.com.ar\/prensa\/wp-json\/wp\/v2\/media\/13071"}],"wp:attachment":[{"href":"http:\/\/ccnews.com.ar\/prensa\/wp-json\/wp\/v2\/media?parent=13067"}],"wp:term":[{"taxonomy":"category","embeddable":true,"href":"http:\/\/ccnews.com.ar\/prensa\/wp-json\/wp\/v2\/categories?post=13067"},{"taxonomy":"post_tag","embeddable":true,"href":"http:\/\/ccnews.com.ar\/prensa\/wp-json\/wp\/v2\/tags?post=13067"}],"curies":[{"name":"wp","href":"https:\/\/api.w.org\/{rel}","templated":true}]}}