{"id":13085,"date":"2019-09-26T09:24:34","date_gmt":"2019-09-26T12:24:34","guid":{"rendered":"http:\/\/ccnews.com.ar\/prensa\/?p=13085"},"modified":"2019-09-27T09:09:23","modified_gmt":"2019-09-27T12:09:23","slug":"dia-de-las-relaciones-publicas-hoy-el-relacionamiento-es-indispensable-en-cualquier-organizacion","status":"publish","type":"post","link":"http:\/\/ccnews.com.ar\/prensa\/dia-de-las-relaciones-publicas-hoy-el-relacionamiento-es-indispensable-en-cualquier-organizacion\/","title":{"rendered":"D\u00eda de las Relaciones P\u00fablicas:  &#8220;Hoy, el relacionamiento es indispensable  en cualquier organizaci\u00f3n&#8221;"},"content":{"rendered":"\n<p><strong>En<\/strong> <strong>el<\/strong> <strong>D\u00eda Interamericano de las Relaciones P\u00fablicas, <em>CCNews<\/em> dialog\u00f3 con un especialista en la materia: Enrique Brian, Relaciones Externas de Shell Argentina, quien comparti\u00f3 un panorama sobre la situaci\u00f3n y los desaf\u00edos de la profesi\u00f3n en la actualidad.<\/strong><\/p>\n\n\n\n<p>Enrique Brian es Licenciado en Relaciones Internacionales y desde hace quince a\u00f1os est\u00e1 vinculado a las relaciones p\u00fablicas e institucionales en el sector energ\u00e9tico. Ingres\u00f3 a Shell en 2015 para desempe\u00f1ar una funci\u00f3n vinculada al relacionamiento con el p\u00fablico de las operaciones en los yacimientos. Desde entonces ha ampliado su campo de acci\u00f3n y ha liderado m\u00faltiples desaf\u00edos y logros en relaciones con la comunidad, con instituciones y con empresas del sector.<\/p>\n\n\n\n<p><strong>\u00bfCu\u00e1l es el panorama actual de las relaciones p\u00fablicas?<\/strong><\/p>\n\n\n\n<p>Al igual que ocurre con las relaciones en general, est\u00e1n pasando por un proceso de cambio cultural. Por un lado, esta situaci\u00f3n genera desaf\u00edos externos en t\u00e9rminos de c\u00f3mo comunicamos, c\u00f3mo planteamos prop\u00f3sitos y c\u00f3mo somos capaces de interactuar para lograrlos. Por otro, promueve la necesidad de manejar las expectativas, lo que va de la mano con el relacionamiento interno.<\/p>\n\n\n\n<p><strong>\u00bfQu\u00e9 aspectos son importantes en las relaciones internas?<\/strong><\/p>\n\n\n\n<p>Es fundamental saber c\u00f3mo somos capaces de cohesionar los grupos de trabajo, de mantener unida a la gente para que entienda cu\u00e1l es el norte que nos planteamos, lograr que lo que intentamos decir sea coherente con lo que espera el afuera y que la imagen que mostramos sea s\u00f3lida. Entonces, esto necesita imperiosamente un encuadre: tener muy claro cu\u00e1les son los objetivos, para mantener a todos alineados.&nbsp;<\/p>\n\n\n\n<p><strong>\u00bfCu\u00e1l es el aporte de valor de las relaciones p\u00fablicas?<\/strong><\/p>\n\n\n\n<p>Hoy, el relacionamiento es indispensable en cualquier organizaci\u00f3n. Las relaciones p\u00fablicas aportan el valor de generar m\u00e9todos y herramientas, el valor del profesionalismo vinculado a c\u00f3mo hacemos para darle un contenido informativo a la forma de relacionarnos, el valor de poder tener un orden y una planificaci\u00f3n, de desarrollar una estrategia clara de comunicaci\u00f3n para una instituci\u00f3n o una empresa.&nbsp;&nbsp;<\/p>\n\n\n\n<p><strong>\u00bfPor qu\u00e9 hoy es prioritario lograr un buen relacionamiento?<\/strong><\/p>\n\n\n\n<p>Por el cambio cultural al que hac\u00eda referencia. Hoy es clave el mapeo de los actores que van a hacer posible las operaciones de una compa\u00f1\u00eda; y esto necesita un m\u00e9todo, necesita gente comprometida, proactiva, vers\u00e1til, capaz de vincularse con el otro. Entonces, eso que antes se hac\u00eda naturalmente, hoy tiene pautas y procedimientos que son imprescindibles para lograr objetivos.<\/p>\n\n\n\n<p><strong>\u00bfDe qu\u00e9 otras disciplinas se nutren las relaciones p\u00fablicas?&nbsp;<\/strong><\/p>\n\n\n\n<p>La interacci\u00f3n entre distintas disciplinas es clave para hacer un trabajo cada vez m\u00e1s profesional e integral. Nosotros tomamos de la psicolog\u00eda la interpretaci\u00f3n del relacionamiento, trabajamos en t\u00e9rminos antropol\u00f3gicos con la lectura del lenguaje no verbal, utilizamos herramientas de ingenier\u00eda o de otras ciencias exactas en el desarrollo de m\u00e9todos para plantear objetivos y mapear <em>stakeholders<\/em> o, por ejemplo, darles un seguimiento.&nbsp;<\/p>\n\n\n\n<p><strong>\u00bfCon qu\u00e9 disciplinas se aborda el conocimiento del contexto?&nbsp;<\/strong><\/p>\n\n\n\n<p>Para cualquier persona que intente lograr un s\u00f3lido relacionamiento, es indispensable comprender el entorno en el que se est\u00e1 desarrollando, y el contexto no solamente tiene que ver con las ciencias naturales o con las ciencias sociales que entienden el contexto social, sino tambi\u00e9n con la historia, para poder entender el anclaje que tiene el espacio en el que nos estamos relacionando.&nbsp;<\/p>\n\n\n\n<p><strong>\u00bfCu\u00e1les son las claves para una buena estrategia de relaciones p\u00fablicas?<\/strong><\/p>\n\n\n\n<p>Lo primero es el respeto. Despu\u00e9s, el manejo de las expectativas que generan muchas de las industrias con las que nos vinculamos. Tambi\u00e9n es importante interesarse en el espacio con el que nos vamos a relacionar, construir v\u00ednculos de confianza y decir siempre la verdad: una estrategia s\u00f3lida de relaciones p\u00fablicas o de relaciones institucionales debe resistir los archivos.&nbsp;<\/p>\n\n\n\n<p><strong>\u00bfCu\u00e1les son hoy los mayores desaf\u00edos para un profesional del \u00e1rea?<\/strong><\/p>\n\n\n\n<p>Uno de los m\u00e1s importantes es la velocidad con la que se traslada la informaci\u00f3n, m\u00e1s all\u00e1 de su grado de verosimilitud. La confianza tarda mucho en construirse y muy poco en romperse. Entonces debemos estar en el lugar, no gestionar los relacionamientos a control remoto. Cada vez se requiere m\u00e1s presencia y m\u00e1s conocimiento local.&nbsp;<\/p>\n\n\n\n<p><strong>\u00bfEsto requiere adaptarse para interactuar con actores diversos?&nbsp;<\/strong><\/p>\n\n\n\n<p>Exacto, y es algo que no se aprende tan f\u00e1cil. Requiere de roce, de experiencia de un aprendizaje continuo y de estar permeable a entender lo que el otro te quiere decir. Nadie puede pensar que sabe todo sobre sus interlocutores. Esa adaptaci\u00f3n est\u00e1 relacionada con la versatilidad, con la capacidad de manejar abstracciones y de poder comprender el entorno.&nbsp;<\/p>\n\n\n\n<p><strong>\u00bfQu\u00e9 caracter\u00edsticas debe tener un buen profesional de relaciones p\u00fablicas?<\/strong><\/p>\n\n\n\n<p>Son fundamentales el respeto y la sencillez para desarrollar su rol. Tener capacidad creativa y estar en condiciones de aprender continuamente, entender que hay que estudiar para saber con qui\u00e9n uno se va a relacionar, y ser capaz de tener una capacidad de comunicaci\u00f3n clara y de poder dar <em>feedback<\/em> hacia fuera y hacia dentro de la organizaci\u00f3n.<\/p>\n\n\n\n<p><strong>\u00bfCu\u00e1l es tu labor en Shell?&nbsp;<\/strong><\/p>\n\n\n\n<p>Ingres\u00e9 en 2015 con una funci\u00f3n vinculada al relacionamiento con el p\u00fablico de nuestras operaciones en los yacimientos. Desde ese momento hasta hoy he abordado m\u00faltiples desaf\u00edos en relaciones con comunidades, superficiarios, instituciones, personas de gobierno y medios de prensa. En todos los casos he tratado de comunicar los objetivos de Shell y de leer la realidad local para poder comunic\u00e1rsela al negocio y lograr una estrategia de desarrollo s\u00f3lida.&nbsp;<\/p>\n\n\n\n<p><strong>\u00bfPod\u00e9s mencionar algunos de los logros que has conseguido?<\/strong><\/p>\n\n\n\n<p>Algo positivo es el nivel de relaci\u00f3n que logramos con los interlocutores del campo y con nuestros vecinos de la operaci\u00f3n. Hoy tenemos casi 600 egresados de proyectos sociales que hemos desarrollado con comunidades vecinas como San Patricio del Cha\u00f1ar y A\u00f1elo. La capacidad educativa que se derrama en la zona y que est\u00e1 disponible para mejorar el desarrollo y la curva de aprendizaje es un logro continuo y est\u00e1 en constante crecimiento.<\/p>\n\n\n\n<p><strong>\u00bfEn qu\u00e9 consisti\u00f3 el proyecto en San Patricio del Cha\u00f1ar?<\/strong><\/p>\n\n\n\n<p>Durante cuatro a\u00f1os desarrollamos capacitaciones orientadas a distintas ramas de la actividad hidrocarbur\u00edfera. Adem\u00e1s, junto con el municipio de San Patricio del Cha\u00f1ar, fomentamos que dejen de tener una simple bolsa de empleo para que pasen a contar con una Secretaria de Empleo y Proyectos, que sirviera como medio para generarle capacidades a la sociedad.&nbsp;<\/p>\n\n\n\n<p><strong>\u00bfEn las capacitaciones se tuvo en cuenta la salida laboral?<\/strong><\/p>\n\n\n\n<p>Justamente, la mayor parte de los empleados que operan la estaci\u00f3n de producci\u00f3n temprana de Shell son egresados de esas capacitaciones. Se formaron con nosotros y tambi\u00e9n estuvieron desde el inicio de nuestra operaci\u00f3n y son de localidades de la zona. Tambi\u00e9n, gran parte de nuestros proveedores y contratistas convocaron a muchos de estos t\u00e9cnicos. La inserci\u00f3n laboral lograda es uno de nuestros orgullos.<\/p>\n\n\n\n<p>Fuente: CCNews<br><\/p>\n\n\n\n<p><br><\/p>\n<!-- AddThis Advanced Settings generic via filter on the_content -->","protected":false},"excerpt":{"rendered":"<p>En el D\u00eda Interamericano de las Relaciones P\u00fablicas, CCNews dialog\u00f3 con un especialista en la materia: Enrique Brian, Relaciones Externas<!-- AddThis Advanced Settings generic via filter on get_the_excerpt --><\/p>\n","protected":false},"author":2,"featured_media":13119,"comment_status":"closed","ping_status":"closed","sticky":false,"template":"","format":"standard","meta":{"colormag_page_container_layout":"default_layout","colormag_page_sidebar_layout":"default_layout","jetpack_post_was_ever_published":false,"_jetpack_newsletter_access":"","_jetpack_dont_email_post_to_subs":false,"_jetpack_newsletter_tier_id":0,"_jetpack_memberships_contains_paywalled_content":false,"_jetpack_memberships_contains_paid_content":false,"footnotes":"","jetpack_publicize_message":"#Management #BuenJueves \nD\u00eda de las Relaciones P\u00fablicas:  \"Hoy, el relacionamiento es indispensable  en cualquier organizaci\u00f3n\"  ","jetpack_publicize_feature_enabled":true,"jetpack_social_post_already_shared":true,"jetpack_social_options":{"image_generator_settings":{"template":"highway","default_image_id":0,"font":"","enabled":false},"version":2}},"categories":[7],"tags":[13],"class_list":["post-13085","post","type-post","status-publish","format-standard","has-post-thumbnail","hentry","category-management","tag-ccnews"],"jetpack_publicize_connections":[],"jetpack_featured_media_url":"https:\/\/i0.wp.com\/ccnews.com.ar\/prensa\/wp-content\/uploads\/2019\/09\/nota-1.jpg?fit=803%2C404","jetpack_shortlink":"https:\/\/wp.me\/p7L1gj-3p3","jetpack-related-posts":[{"id":602,"url":"http:\/\/ccnews.com.ar\/prensa\/tiempos-de-negociacion-sindical\/","url_meta":{"origin":13085,"position":0},"title":"Tiempos de Negociaci\u00f3n Sindical","author":"CLUSTERciar","date":"30 mayo, 2016","format":false,"excerpt":"Desde el a\u00f1o 2003 la actividad gremial en Argentina ha crecido al ritmo de la actividad econ\u00f3mica. La expansi\u00f3n sindical tom\u00f3 nuevos rumbos y asistimos a un escenario que sigue cambiando. Las mesas de di\u00e1logo, la reconfiguraci\u00f3n de las relaciones empleadores\/empleados, son los desaf\u00edos que obligan a repensar la relaci\u00f3n\u2026","rel":"","context":"En \u00abEducaci\u00f3n\/Sociedad\u00bb","block_context":{"text":"Educaci\u00f3n\/Sociedad","link":"http:\/\/ccnews.com.ar\/prensa\/category\/educacion-sociedad\/"},"img":{"alt_text":"","src":"","width":0,"height":0},"classes":[]},{"id":11837,"url":"http:\/\/ccnews.com.ar\/prensa\/colaboraciones-con-la-inteligencia-artificial-para-la-sociedad\/","url_meta":{"origin":13085,"position":1},"title":"Colaboraciones con la inteligencia artificial para la sociedad","author":"admin","date":"19 junio, 2019","format":false,"excerpt":"Los retos, las oportunidades y los factores de \u00e9xito en la gesti\u00f3n de la IA para las colaboraciones p\u00fablicas y privadas. La ciencia de los datos y la inteligencia artificial (IA) son muy prometedoras para que las organizaciones del sector p\u00fablico mejoren los servicios que ofrecen a la ciudadan\u00eda. Sin\u2026","rel":"","context":"En \u00abManagement\u00bb","block_context":{"text":"Management","link":"http:\/\/ccnews.com.ar\/prensa\/category\/management\/"},"img":{"alt_text":"","src":"https:\/\/i0.wp.com\/ccnews.com.ar\/prensa\/wp-content\/uploads\/2019\/06\/inteligencia-artificial-esade-681x462.jpg?fit=681%2C462&resize=350%2C200","width":350,"height":200,"srcset":"https:\/\/i0.wp.com\/ccnews.com.ar\/prensa\/wp-content\/uploads\/2019\/06\/inteligencia-artificial-esade-681x462.jpg?fit=681%2C462&resize=350%2C200 1x, https:\/\/i0.wp.com\/ccnews.com.ar\/prensa\/wp-content\/uploads\/2019\/06\/inteligencia-artificial-esade-681x462.jpg?fit=681%2C462&resize=525%2C300 1,5x"},"classes":[]},{"id":15848,"url":"http:\/\/ccnews.com.ar\/prensa\/llegan-los-empleos-verdes-para-reducir-el-impacto-ambiental\/","url_meta":{"origin":13085,"position":2},"title":"Llegan los empleos verdes, para reducir el impacto ambiental","author":"Editor","date":"23 julio, 2020","format":false,"excerpt":"\u00abLos empleos verdes son aquellos que reducen el impacto ambiental de empresas y sectores econ\u00f3micos hasta alcanzar niveles sostenibles. Son empleos que ayudan a reducir el consumo de energ\u00eda, materias primas y agua mediante estrategias de eficiencia\u00bb, explica Carlos Amanqu\u00e9s, coordinador de Comunicaciones y Relaciones Institucionales de la Red Argentina\u2026","rel":"","context":"En \u00abSustentabilidad\u00bb","block_context":{"text":"Sustentabilidad","link":"http:\/\/ccnews.com.ar\/prensa\/category\/sustentabilidad\/"},"img":{"alt_text":"","src":"https:\/\/i0.wp.com\/ccnews.com.ar\/prensa\/wp-content\/uploads\/2020\/07\/Empleos_verdes_Noticias_Positivas-1024x544.png?fit=1024%2C544&resize=350%2C200","width":350,"height":200,"srcset":"https:\/\/i0.wp.com\/ccnews.com.ar\/prensa\/wp-content\/uploads\/2020\/07\/Empleos_verdes_Noticias_Positivas-1024x544.png?fit=1024%2C544&resize=350%2C200 1x, https:\/\/i0.wp.com\/ccnews.com.ar\/prensa\/wp-content\/uploads\/2020\/07\/Empleos_verdes_Noticias_Positivas-1024x544.png?fit=1024%2C544&resize=525%2C300 1,5x, https:\/\/i0.wp.com\/ccnews.com.ar\/prensa\/wp-content\/uploads\/2020\/07\/Empleos_verdes_Noticias_Positivas-1024x544.png?fit=1024%2C544&resize=700%2C400 2x"},"classes":[]},{"id":8055,"url":"http:\/\/ccnews.com.ar\/prensa\/las-ventajas-de-empezar-una-carrera-en-agosto\/","url_meta":{"origin":13085,"position":3},"title":"Las ventajas de empezar  una carrera en agosto","author":"CLUSTERciar","date":"14 junio, 2018","format":false,"excerpt":"Cada d\u00eda m\u00e1s instituciones brindan la posibilidad de comenzar a cursar en la segunda mitad del a\u00f1o. Potenciar Educaci\u00f3n Superior, adem\u00e1s, permite recuperar el primer cuatrimestre y as\u00ed completar Tecnicaturas Superiores en solo dos a\u00f1os y medio. Ya sea para aprovechar lo que resta del a\u00f1o o para adelantarse al\u2026","rel":"","context":"En \u00abEducaci\u00f3n\/Sociedad\u00bb","block_context":{"text":"Educaci\u00f3n\/Sociedad","link":"http:\/\/ccnews.com.ar\/prensa\/category\/educacion-sociedad\/"},"img":{"alt_text":"","src":"https:\/\/i0.wp.com\/ccnews.com.ar\/prensa\/wp-content\/uploads\/2018\/06\/web.jpg?fit=803%2C226&resize=350%2C200","width":350,"height":200,"srcset":"https:\/\/i0.wp.com\/ccnews.com.ar\/prensa\/wp-content\/uploads\/2018\/06\/web.jpg?fit=803%2C226&resize=350%2C200 1x, https:\/\/i0.wp.com\/ccnews.com.ar\/prensa\/wp-content\/uploads\/2018\/06\/web.jpg?fit=803%2C226&resize=525%2C300 1,5x, https:\/\/i0.wp.com\/ccnews.com.ar\/prensa\/wp-content\/uploads\/2018\/06\/web.jpg?fit=803%2C226&resize=700%2C400 2x"},"classes":[]},{"id":4211,"url":"http:\/\/ccnews.com.ar\/prensa\/clusterciar-resalto-la-participacion-argentina-en-houston\/","url_meta":{"origin":13085,"position":4},"title":"CLUSTERciar RESALT\u00d3 LA PARTICIPACI\u00d3N ARGENTINA EN HOUSTON","author":"CLUSTERciar","date":"17 mayo, 2017","format":false,"excerpt":"El director de Negocios y Relaciones Institucionales de CLUSTERciar, Jorge Petrocelli, destac\u00f3 la misi\u00f3n de empresarios locales en la OTC. \u201cEs un momento para poder hablar en qu\u00e9 est\u00e1n todos\u201d, precis\u00f3. Jorge Petrocelli, Director de Negocios y Relaciones Institucionales del CLUSTERciar fue uno de los representantes delas 35 organizaciones que\u2026","rel":"","context":"En \u00abManagement\u00bb","block_context":{"text":"Management","link":"http:\/\/ccnews.com.ar\/prensa\/category\/management\/"},"img":{"alt_text":"","src":"https:\/\/i0.wp.com\/ccnews.com.ar\/prensa\/wp-content\/uploads\/2017\/05\/IMG_2893.jpg?fit=1200%2C900&resize=350%2C200","width":350,"height":200,"srcset":"https:\/\/i0.wp.com\/ccnews.com.ar\/prensa\/wp-content\/uploads\/2017\/05\/IMG_2893.jpg?fit=1200%2C900&resize=350%2C200 1x, https:\/\/i0.wp.com\/ccnews.com.ar\/prensa\/wp-content\/uploads\/2017\/05\/IMG_2893.jpg?fit=1200%2C900&resize=525%2C300 1,5x, https:\/\/i0.wp.com\/ccnews.com.ar\/prensa\/wp-content\/uploads\/2017\/05\/IMG_2893.jpg?fit=1200%2C900&resize=700%2C400 2x, https:\/\/i0.wp.com\/ccnews.com.ar\/prensa\/wp-content\/uploads\/2017\/05\/IMG_2893.jpg?fit=1200%2C900&resize=1050%2C600 3x"},"classes":[]},{"id":2009,"url":"http:\/\/ccnews.com.ar\/prensa\/la-comunicacion-interna-se-segmenta-para-ser-mas-efectiva\/","url_meta":{"origin":13085,"position":5},"title":"La comunicaci\u00f3n interna se segmenta para ser m\u00e1s efectiva","author":"CLUSTERciar","date":"24 octubre, 2016","format":false,"excerpt":"Los responsables de Comunicaci\u00f3n Interna ganan espacio. Los mensajes son cada vez m\u00e1s segmentados y para distintos p\u00fablicos. Con mayor relevancia en las empresas grandes de elevada dotaci\u00f3n y dispersi\u00f3n geogr\u00e1fica, los responsables de Comunicaciones Internas (CI) han ido ganando espacio propio: no s\u00f3lo para comunicar beneficios o pol\u00edticas de\u2026","rel":"","context":"En \u00abManagement\u00bb","block_context":{"text":"Management","link":"http:\/\/ccnews.com.ar\/prensa\/category\/management\/"},"img":{"alt_text":"","src":"","width":0,"height":0},"classes":[]}],"jetpack_sharing_enabled":true,"_links":{"self":[{"href":"http:\/\/ccnews.com.ar\/prensa\/wp-json\/wp\/v2\/posts\/13085","targetHints":{"allow":["GET"]}}],"collection":[{"href":"http:\/\/ccnews.com.ar\/prensa\/wp-json\/wp\/v2\/posts"}],"about":[{"href":"http:\/\/ccnews.com.ar\/prensa\/wp-json\/wp\/v2\/types\/post"}],"author":[{"embeddable":true,"href":"http:\/\/ccnews.com.ar\/prensa\/wp-json\/wp\/v2\/users\/2"}],"replies":[{"embeddable":true,"href":"http:\/\/ccnews.com.ar\/prensa\/wp-json\/wp\/v2\/comments?post=13085"}],"version-history":[{"count":2,"href":"http:\/\/ccnews.com.ar\/prensa\/wp-json\/wp\/v2\/posts\/13085\/revisions"}],"predecessor-version":[{"id":13117,"href":"http:\/\/ccnews.com.ar\/prensa\/wp-json\/wp\/v2\/posts\/13085\/revisions\/13117"}],"wp:featuredmedia":[{"embeddable":true,"href":"http:\/\/ccnews.com.ar\/prensa\/wp-json\/wp\/v2\/media\/13119"}],"wp:attachment":[{"href":"http:\/\/ccnews.com.ar\/prensa\/wp-json\/wp\/v2\/media?parent=13085"}],"wp:term":[{"taxonomy":"category","embeddable":true,"href":"http:\/\/ccnews.com.ar\/prensa\/wp-json\/wp\/v2\/categories?post=13085"},{"taxonomy":"post_tag","embeddable":true,"href":"http:\/\/ccnews.com.ar\/prensa\/wp-json\/wp\/v2\/tags?post=13085"}],"curies":[{"name":"wp","href":"https:\/\/api.w.org\/{rel}","templated":true}]}}