{"id":13099,"date":"2019-09-26T09:07:31","date_gmt":"2019-09-26T12:07:31","guid":{"rendered":"http:\/\/ccnews.com.ar\/prensa\/?p=13099"},"modified":"2019-09-26T09:07:38","modified_gmt":"2019-09-26T12:07:38","slug":"autos-ecologicos-en-argentina-y-el-futuro-de-la-mecanica-sustentable","status":"publish","type":"post","link":"http:\/\/ccnews.com.ar\/prensa\/autos-ecologicos-en-argentina-y-el-futuro-de-la-mecanica-sustentable\/","title":{"rendered":"Autos ecol\u00f3gicos en Argentina y el futuro de la mec\u00e1nica sustentable"},"content":{"rendered":"\n<p><strong>Los cl\u00e1sicos motores\na combusti\u00f3n parecer\u00edan tener los d\u00edas contados, o al menos en los pr\u00f3ximos\na\u00f1os se espera una reducci\u00f3n de los impulsores abastecidos por este tipo de\nenerg\u00eda. A pesar de que en Argentina, el futuro con mec\u00e1nica sustentable al\nparecer estar\u00eda muy lejos de la actualidad, existen diferentes marcas que ya\nofrecen modelos h\u00edbridos o totalmente el\u00e9ctricos.<\/strong><\/p>\n\n\n\n<p>Al menos por el momento, la cantidad de rodados amigables\ncon el medio ambiente son escasos, pero existen automotrices que ya anunciaron\nsus intenciones de sumar al mercado nacional, modelos o versiones que reduzcan\nla cantidad de emisiones contaminantes.<\/p>\n\n\n\n<p>Si se toman como referencia los \u00faltimos salones\ninternacionales realizados en diferentes pa\u00edses del mundo, donde las marcas\naprovecharon para mostrar parte de la gama de los veh\u00edculos, pr\u00f3ximos\nlanzamientos, prototipos, y proyectos a futuro, la tendencia de los modelos\nh\u00edbridos y el\u00e9ctricos parecer\u00eda ganar cada vez m\u00e1s terreno.<\/p>\n\n\n\n<p>En contrapartida, la modalidad sustentable implica no s\u00f3lo\nsumar autos que colaboren a reducir el calentamiento global y le hagan frente\nal efecto invernadero, sino que al menos en los casos de los rodados\ncompletamente electrificados o aquellos que necesitan de una fuente de energ\u00eda\nenchufable, la infraestructura de cada pa\u00eds se convierte en un factor\nprimordial, informaron desde Perfil.<\/p>\n\n\n\n<p>Por ejemplo en Argentina, por m\u00e1s que aumente la cantidad de veh\u00edculos propulsados por motores h\u00edbridos o alternativos a la combusti\u00f3n, se necesita la tecnolog\u00eda necesaria que vaya de la mano con la autonom\u00eda de estos modelos (distancia que un veh\u00edculo puede recorrer) y las centrales de abastecimiento de energ\u00eda.<\/p>\n\n\n\n<p>Fuente: Revista Nuevas Energ\u00edas <\/p>\n<!-- AddThis Advanced Settings generic via filter on the_content -->","protected":false},"excerpt":{"rendered":"<p>Los cl\u00e1sicos motores a combusti\u00f3n parecer\u00edan tener los d\u00edas contados, o al menos en los pr\u00f3ximos a\u00f1os se espera una<!-- AddThis Advanced Settings generic via filter on get_the_excerpt --><\/p>\n","protected":false},"author":1,"featured_media":13107,"comment_status":"closed","ping_status":"closed","sticky":false,"template":"","format":"standard","meta":{"colormag_page_container_layout":"default_layout","colormag_page_sidebar_layout":"default_layout","jetpack_post_was_ever_published":false,"_jetpack_newsletter_access":"","_jetpack_dont_email_post_to_subs":false,"_jetpack_newsletter_tier_id":0,"_jetpack_memberships_contains_paywalled_content":false,"_jetpack_memberships_contains_paid_content":false,"footnotes":"","jetpack_publicize_message":"#BuenJueves #Ingenier\u00eda Autos ecol\u00f3gicos en Argentina y el futuro de la mec\u00e1nica sustentable","jetpack_publicize_feature_enabled":true,"jetpack_social_post_already_shared":true,"jetpack_social_options":{"image_generator_settings":{"template":"highway","default_image_id":0,"font":"","enabled":false},"version":2}},"categories":[3],"tags":[17],"class_list":["post-13099","post","type-post","status-publish","format-standard","has-post-thumbnail","hentry","category-sustentabilidad","tag-otros-medios"],"jetpack_publicize_connections":[],"jetpack_featured_media_url":"https:\/\/i0.wp.com\/ccnews.com.ar\/prensa\/wp-content\/uploads\/2019\/09\/B1wau5EPM_0x750__1.jpg?fit=1124%2C750","jetpack_shortlink":"https:\/\/wp.me\/p7L1gj-3ph","jetpack-related-posts":[{"id":14836,"url":"http:\/\/ccnews.com.ar\/prensa\/sustentabilidad-un-elemento-clave-para-las-marcas\/","url_meta":{"origin":13099,"position":0},"title":"Sustentabilidad, un elemento clave para las marcas","author":"admin","date":"10 marzo, 2020","format":false,"excerpt":"Las nuevas generaciones ya no solo buscan el beneficio del producto, sino que ahora buscan marcas que se adapten a sus sistemas de creencias y valores. El ciclo natural de la vida implica un cambio, los consumidores, aquellos entidades a las cuales tanto desea el mercado ha sufrido un cambio\u2026","rel":"","context":"En \u00abManagement\u00bb","block_context":{"text":"Management","link":"http:\/\/ccnews.com.ar\/prensa\/category\/management\/"},"img":{"alt_text":"","src":"https:\/\/i0.wp.com\/ccnews.com.ar\/prensa\/wp-content\/uploads\/2020\/03\/sustentable-1.jpg?fit=925%2C1000&resize=350%2C200","width":350,"height":200,"srcset":"https:\/\/i0.wp.com\/ccnews.com.ar\/prensa\/wp-content\/uploads\/2020\/03\/sustentable-1.jpg?fit=925%2C1000&resize=350%2C200 1x, https:\/\/i0.wp.com\/ccnews.com.ar\/prensa\/wp-content\/uploads\/2020\/03\/sustentable-1.jpg?fit=925%2C1000&resize=525%2C300 1,5x, https:\/\/i0.wp.com\/ccnews.com.ar\/prensa\/wp-content\/uploads\/2020\/03\/sustentable-1.jpg?fit=925%2C1000&resize=700%2C400 2x"},"classes":[]},{"id":14596,"url":"http:\/\/ccnews.com.ar\/prensa\/sustentabilidad-un-estilo-de-vida\/","url_meta":{"origin":13099,"position":1},"title":"Sustentabilidad, un estilo de vida","author":"admin","date":"16 febrero, 2020","format":false,"excerpt":"En Mendoza la movida va ganando fuerza. Hay Pymes que van creciendo de la mano de la econom\u00eda circular- Los diez pa\u00edses m\u00e1s sustentables son europeos. Esto no quiere decir que debamos mudarnos a Suiza, Luxemburgo, Austria, Singapur, Alemania, Espa\u00f1a, Rep\u00fablica Checa, Austria, Suecia o Noruega para poder llevar una\u2026","rel":"","context":"En \u00abEducaci\u00f3n\/Sociedad\u00bb","block_context":{"text":"Educaci\u00f3n\/Sociedad","link":"http:\/\/ccnews.com.ar\/prensa\/category\/educacion-sociedad\/"},"img":{"alt_text":"","src":"https:\/\/i0.wp.com\/ccnews.com.ar\/prensa\/wp-content\/uploads\/2020\/02\/economia-circular-1024x679.png?fit=1024%2C679&resize=350%2C200","width":350,"height":200,"srcset":"https:\/\/i0.wp.com\/ccnews.com.ar\/prensa\/wp-content\/uploads\/2020\/02\/economia-circular-1024x679.png?fit=1024%2C679&resize=350%2C200 1x, https:\/\/i0.wp.com\/ccnews.com.ar\/prensa\/wp-content\/uploads\/2020\/02\/economia-circular-1024x679.png?fit=1024%2C679&resize=525%2C300 1,5x, https:\/\/i0.wp.com\/ccnews.com.ar\/prensa\/wp-content\/uploads\/2020\/02\/economia-circular-1024x679.png?fit=1024%2C679&resize=700%2C400 2x"},"classes":[]},{"id":530,"url":"http:\/\/ccnews.com.ar\/prensa\/crece-la-penetracion-de-smartphones-pero-pocos-son-4g\/","url_meta":{"origin":13099,"position":2},"title":"Crece la penetraci\u00f3n de smartphones pero pocos son 4G","author":"CLUSTERciar","date":"8 mayo, 2016","format":false,"excerpt":"Seg\u00fan un informe de Carrier y Asociados, existen 22,8 millones de tel\u00e9fonos inteligentes en uso pero solo 14% tiene\u00a04G.\u00a0 - Que los smartphones hoy son la norma en Argentina no sorprende a nadie. Pero s\u00ed, quiz\u00e1s, que pocos de ellos tengan 4G. As\u00ed lo resume un informe de Carrier y\u2026","rel":"","context":"En \u00abTransformaci\u00f3n digital\u00bb","block_context":{"text":"Transformaci\u00f3n digital","link":"http:\/\/ccnews.com.ar\/prensa\/category\/transformacion-digital\/"},"img":{"alt_text":"","src":"","width":0,"height":0},"classes":[]},{"id":16715,"url":"http:\/\/ccnews.com.ar\/prensa\/la-tendencia-a-vivir-de-manera-mas-sustentable\/","url_meta":{"origin":13099,"position":3},"title":"La tendencia a vivir de manera m\u00e1s sustentable","author":"admin","date":"11 noviembre, 2021","format":false,"excerpt":"La sustentabilidad 2021 a nivel global seg\u00fan el estudio de Kantar realizado en 35 pa\u00edses, \u00bfcu\u00e1les son los temas ambientales y sociales que los preocupan? \u00bfQu\u00e9 rol tienen que jugar las marcas?","rel":"","context":"En \u00abSustentabilidad\u00bb","block_context":{"text":"Sustentabilidad","link":"http:\/\/ccnews.com.ar\/prensa\/category\/sustentabilidad\/"},"img":{"alt_text":"","src":"https:\/\/i0.wp.com\/ccnews.com.ar\/prensa\/wp-content\/uploads\/2021\/11\/sustentabilidad.jpg?fit=640%2C480&resize=350%2C200","width":350,"height":200,"srcset":"https:\/\/i0.wp.com\/ccnews.com.ar\/prensa\/wp-content\/uploads\/2021\/11\/sustentabilidad.jpg?fit=640%2C480&resize=350%2C200 1x, https:\/\/i0.wp.com\/ccnews.com.ar\/prensa\/wp-content\/uploads\/2021\/11\/sustentabilidad.jpg?fit=640%2C480&resize=525%2C300 1,5x"},"classes":[]},{"id":1533,"url":"http:\/\/ccnews.com.ar\/prensa\/el-bim-llego-para-quedarse-tecnologia-que-hace-la-construccion-sustentable\/","url_meta":{"origin":13099,"position":4},"title":"El &#8220;BIM&#8221; llego para quedarse  &#8211; Tecnolog\u00eda que hace la construcci\u00f3n sustentable","author":"CLUSTERciar","date":"6 septiembre, 2016","format":false,"excerpt":"La tecnolog\u00eda BIM est\u00e1 revolucionando la manera de desarrollar los proyectos de construcci\u00f3n y de infraestructura en todo el mundo. La Argentina no se escapa de este proceso y por ello CIAR S.A. como l\u00edder en la consultar\u00eda, provisi\u00f3n e implementaci\u00f3n de estas tecnolog\u00eda organiza este\u00a07 de septiembre un seminario\u2026","rel":"","context":"En \u00abTransformaci\u00f3n digital\u00bb","block_context":{"text":"Transformaci\u00f3n digital","link":"http:\/\/ccnews.com.ar\/prensa\/category\/transformacion-digital\/"},"img":{"alt_text":"IVANA KERMEN - Arquitecta, Especialista BIM en Autodesk para Latinoam\u00e9rica","src":"https:\/\/i0.wp.com\/ciar.com.ar\/2016\/BIM\/images\/Ivana-kermer.jpg?resize=350%2C200","width":350,"height":200},"classes":[]},{"id":15276,"url":"http:\/\/ccnews.com.ar\/prensa\/como-adaptar-tu-estrategia-de-medios-en-la-situacion-del-covid-19\/","url_meta":{"origin":13099,"position":5},"title":"C\u00f3mo adaptar tu estrategia de medios en la situaci\u00f3n del COVID-19","author":"Editor","date":"19 abril, 2020","format":false,"excerpt":"Las marcas se encuentran sumergidas en un dilema provocado por el Covid-19, plante\u00e1ndose c\u00f3mo mejorar su estrategia de medios. En esta situaci\u00f3n global de constante cambio, es dif\u00edcil saber cu\u00e1l deber\u00eda ser el pr\u00f3ximo movimiento de tu negocio. Uno de los muchos dilemas a los que se enfrentan las marcas\u2026","rel":"","context":"En \u00abCovid-19\u00bb","block_context":{"text":"Covid-19","link":"http:\/\/ccnews.com.ar\/prensa\/category\/covid-19\/"},"img":{"alt_text":"","src":"https:\/\/i0.wp.com\/ccnews.com.ar\/prensa\/wp-content\/uploads\/2020\/04\/estrategia-de-medios.png?fit=626%2C364&resize=350%2C200","width":350,"height":200,"srcset":"https:\/\/i0.wp.com\/ccnews.com.ar\/prensa\/wp-content\/uploads\/2020\/04\/estrategia-de-medios.png?fit=626%2C364&resize=350%2C200 1x, https:\/\/i0.wp.com\/ccnews.com.ar\/prensa\/wp-content\/uploads\/2020\/04\/estrategia-de-medios.png?fit=626%2C364&resize=525%2C300 1,5x"},"classes":[]}],"jetpack_sharing_enabled":true,"_links":{"self":[{"href":"http:\/\/ccnews.com.ar\/prensa\/wp-json\/wp\/v2\/posts\/13099","targetHints":{"allow":["GET"]}}],"collection":[{"href":"http:\/\/ccnews.com.ar\/prensa\/wp-json\/wp\/v2\/posts"}],"about":[{"href":"http:\/\/ccnews.com.ar\/prensa\/wp-json\/wp\/v2\/types\/post"}],"author":[{"embeddable":true,"href":"http:\/\/ccnews.com.ar\/prensa\/wp-json\/wp\/v2\/users\/1"}],"replies":[{"embeddable":true,"href":"http:\/\/ccnews.com.ar\/prensa\/wp-json\/wp\/v2\/comments?post=13099"}],"version-history":[{"count":1,"href":"http:\/\/ccnews.com.ar\/prensa\/wp-json\/wp\/v2\/posts\/13099\/revisions"}],"predecessor-version":[{"id":13101,"href":"http:\/\/ccnews.com.ar\/prensa\/wp-json\/wp\/v2\/posts\/13099\/revisions\/13101"}],"wp:featuredmedia":[{"embeddable":true,"href":"http:\/\/ccnews.com.ar\/prensa\/wp-json\/wp\/v2\/media\/13107"}],"wp:attachment":[{"href":"http:\/\/ccnews.com.ar\/prensa\/wp-json\/wp\/v2\/media?parent=13099"}],"wp:term":[{"taxonomy":"category","embeddable":true,"href":"http:\/\/ccnews.com.ar\/prensa\/wp-json\/wp\/v2\/categories?post=13099"},{"taxonomy":"post_tag","embeddable":true,"href":"http:\/\/ccnews.com.ar\/prensa\/wp-json\/wp\/v2\/tags?post=13099"}],"curies":[{"name":"wp","href":"https:\/\/api.w.org\/{rel}","templated":true}]}}