{"id":13123,"date":"2019-09-27T08:00:50","date_gmt":"2019-09-27T11:00:50","guid":{"rendered":"http:\/\/ccnews.com.ar\/prensa\/?p=13123"},"modified":"2019-09-27T09:06:50","modified_gmt":"2019-09-27T12:06:50","slug":"inteligencia-aumentada-machine-learning-y-asistentes-virtuales-entre-las-principales-tendencias-de-la-ia","status":"publish","type":"post","link":"http:\/\/ccnews.com.ar\/prensa\/inteligencia-aumentada-machine-learning-y-asistentes-virtuales-entre-las-principales-tendencias-de-la-ia\/","title":{"rendered":"Inteligencia aumentada, machine learning y asistentes virtuales entre las principales tendencias de la IA"},"content":{"rendered":"\n<p><strong>El despliegue de la inteligencia artificial se acelera: entre 2018 y 2019 ha\u00a0aumentado un 10% el n\u00famero de compa\u00f1\u00edas que han puesto en marcha proyectos de inteligencia artificial\u00a0en distintas \u00e1reas de actividad, seg\u00fan Gartner.<\/strong><\/p>\n\n\n\n<p>En este sentido, hay dos tecnolog\u00edas que ya se encuentran en pleno desarrollo y que est\u00e1 proporcionando\u00a0productividad a las compa\u00f1\u00edas\u00a0que han apostado por ellas:\u00a0los aceleradores de GPU y el reconocimiento del discurso. Por su parte, el\u00a0software RPA se presenta como una de las principales tendencias de IA en los pr\u00f3ximos dos a\u00f1os.<\/p>\n\n\n\n<p>Adem\u00e1s, los responsables de las \u00e1reas de innovaci\u00f3n y tecnolog\u00eda de las organizaciones deben tener en cuenta\u00a0el impacto de la inteligencia aumentada en los pr\u00f3ximos cinco a\u00f1os. Se trata de una modelo de asociaci\u00f3n basado en el trabajo conjunto entre la inteligencia artificial y el personal humano para mejorar el desarrollo cognitivo e impulsar la eficiencia de la automatizaci\u00f3n.<\/p>\n\n\n\n<h4 class=\"wp-block-heading\">Experiencia, previsi\u00f3n y regulaci\u00f3n<\/h4>\n\n\n\n<p>As\u00ed mismo,\u00a0los chatbots y asistentes virtuales basados en texto o voz, o una combinaci\u00f3n de ambos, deber\u00e1n ser tenidos en cuenta por los departamentos de IT para potenciar la relaci\u00f3n con el cliente y la experiencia de usuario.<\/p>\n\n\n\n<p>El\u00a0machine learning tambi\u00e9n impactar\u00e1 con fuerza en las organizaciones en el futuro pr\u00f3ximo\u00a0gracias a su aplicaci\u00f3n en la extracci\u00f3n de conocimiento y patrones de datos, lo que facilita el trato personalizado al cliente, las predicciones en la cadena de suministro o la previsi\u00f3n de incidencias.<\/p>\n\n\n\n<p>Sin embargo, Gartner se\u00f1ala los\u00a0posibles riesgos regulatorios y de reputaci\u00f3n\u00a0que implica el trabajo con la inteligencia artificial y la gobernanza de la tecnolog\u00eda. En este sentido, los directivos deber\u00e1n atender a aspectos relacionados con la creaci\u00f3n de pol\u00edticas y protocolos para combatir los prejuicios, la discriminaci\u00f3n y otras implicaciones negativas de la IA.<\/p>\n\n\n\n<p>Fuente: Dir &amp;Ge<\/p>\n<!-- AddThis Advanced Settings generic via filter on the_content -->","protected":false},"excerpt":{"rendered":"<p>El despliegue de la inteligencia artificial se acelera: entre 2018 y 2019 ha\u00a0aumentado un 10% el n\u00famero de compa\u00f1\u00edas que<!-- AddThis Advanced Settings generic via filter on get_the_excerpt --><\/p>\n","protected":false},"author":1,"featured_media":13125,"comment_status":"closed","ping_status":"closed","sticky":false,"template":"","format":"standard","meta":{"colormag_page_container_layout":"default_layout","colormag_page_sidebar_layout":"default_layout","jetpack_post_was_ever_published":false,"_jetpack_newsletter_access":"","_jetpack_dont_email_post_to_subs":false,"_jetpack_newsletter_tier_id":0,"_jetpack_memberships_contains_paywalled_content":false,"_jetpack_memberships_contains_paid_content":false,"footnotes":"","jetpack_publicize_message":"#BuenViernes #Management #IA Inteligencia aumentada, machine learning y asistentes virtuales entre las principales tendencias de la IA","jetpack_publicize_feature_enabled":true,"jetpack_social_post_already_shared":true,"jetpack_social_options":{"image_generator_settings":{"template":"highway","default_image_id":0,"font":"","enabled":false},"version":2}},"categories":[7],"tags":[17],"class_list":["post-13123","post","type-post","status-publish","format-standard","has-post-thumbnail","hentry","category-management","tag-otros-medios"],"jetpack_publicize_connections":[],"jetpack_featured_media_url":"https:\/\/i0.wp.com\/ccnews.com.ar\/prensa\/wp-content\/uploads\/2019\/09\/depositphotos_275709138-stock-photo-ai-learning-and-artificial-intelligence.jpg?fit=1024%2C683","jetpack_shortlink":"https:\/\/wp.me\/p7L1gj-3pF","jetpack-related-posts":[{"id":11077,"url":"http:\/\/ccnews.com.ar\/prensa\/el-93-de-las-companias-considera-clave-la-tecnologia-inteligente-para-la-transformacion-digital\/","url_meta":{"origin":13123,"position":0},"title":"El 93% de las compa\u00f1\u00edas considera clave la tecnolog\u00eda inteligente para la transformaci\u00f3n digital","author":"admin","date":"10 abril, 2019","format":false,"excerpt":"El 93% de las compa\u00f1\u00edas considera que las tecnolog\u00edas inteligentes, tales como IoT, inteligencia artificial, blockchain o realidad aumentada, son fundamentales para impulsar la transformaci\u00f3n digital. Impulsar la innovaci\u00f3n y cumplir con los objetivos de la digitalizaci\u00f3n pasa necesariamente por contar con herramientas y soluciones tecnol\u00f3gicas inteligentes. As\u00ed, el 93%\u2026","rel":"","context":"En \u00abManagement\u00bb","block_context":{"text":"Management","link":"http:\/\/ccnews.com.ar\/prensa\/category\/management\/"},"img":{"alt_text":"","src":"https:\/\/i0.wp.com\/ccnews.com.ar\/prensa\/wp-content\/uploads\/2019\/04\/0.jpg?fit=1200%2C801&resize=350%2C200","width":350,"height":200,"srcset":"https:\/\/i0.wp.com\/ccnews.com.ar\/prensa\/wp-content\/uploads\/2019\/04\/0.jpg?fit=1200%2C801&resize=350%2C200 1x, https:\/\/i0.wp.com\/ccnews.com.ar\/prensa\/wp-content\/uploads\/2019\/04\/0.jpg?fit=1200%2C801&resize=525%2C300 1,5x, https:\/\/i0.wp.com\/ccnews.com.ar\/prensa\/wp-content\/uploads\/2019\/04\/0.jpg?fit=1200%2C801&resize=700%2C400 2x, https:\/\/i0.wp.com\/ccnews.com.ar\/prensa\/wp-content\/uploads\/2019\/04\/0.jpg?fit=1200%2C801&resize=1050%2C600 3x"},"classes":[]},{"id":10329,"url":"http:\/\/ccnews.com.ar\/prensa\/7-pasos-fundamentales-para-implementar-la-inteligencia-artificial-con-exito\/","url_meta":{"origin":13123,"position":1},"title":"7 pasos fundamentales para implementar la inteligencia artificial con \u00e9xito","author":"admin","date":"14 febrero, 2019","format":false,"excerpt":"La inteligencia artificial est\u00e1 transformando la forma de trabajar y organizarse de las compa\u00f1\u00edas, pero para muchas resulta complicado adaptarse a los nuevos modelos de negocio. Un estudio llevado a cabo por Forbes Insights se\u00f1ala que muchas empresas no han sabido implementar la inteligencia artificial de la mejor manera. As\u00ed,\u2026","rel":"","context":"En \u00abManagement\u00bb","block_context":{"text":"Management","link":"http:\/\/ccnews.com.ar\/prensa\/category\/management\/"},"img":{"alt_text":"","src":"https:\/\/i0.wp.com\/ccnews.com.ar\/prensa\/wp-content\/uploads\/2019\/02\/manag1-1.jpg?fit=681%2C454&resize=350%2C200","width":350,"height":200,"srcset":"https:\/\/i0.wp.com\/ccnews.com.ar\/prensa\/wp-content\/uploads\/2019\/02\/manag1-1.jpg?fit=681%2C454&resize=350%2C200 1x, https:\/\/i0.wp.com\/ccnews.com.ar\/prensa\/wp-content\/uploads\/2019\/02\/manag1-1.jpg?fit=681%2C454&resize=525%2C300 1,5x"},"classes":[]},{"id":11209,"url":"http:\/\/ccnews.com.ar\/prensa\/cinco-aspectos-a-tener-en-cuenta-sobre-la-implantacion-de-la-inteligencia-artificial\/","url_meta":{"origin":13123,"position":2},"title":"Cinco aspectos a tener en cuenta sobre la implantaci\u00f3n de la inteligencia artificial","author":"admin","date":"25 abril, 2019","format":false,"excerpt":"El volumen de mercado de la inteligencia artificial podr\u00eda alcanzar los 3,9 billones de d\u00f3lares en 2022 y una de cada tres empresas ya incorpora herramientas basadas en esta tecnolog\u00eda. En los \u00faltimos cuatro a\u00f1os, el n\u00famero de compa\u00f1\u00edas que aplican inteligencia artificial en sus procesos ha crecido un 270%,\u2026","rel":"","context":"En \u00abManagement\u00bb","block_context":{"text":"Management","link":"http:\/\/ccnews.com.ar\/prensa\/category\/management\/"},"img":{"alt_text":"","src":"https:\/\/i0.wp.com\/ccnews.com.ar\/prensa\/wp-content\/uploads\/2019\/04\/inteligencia-artificial-aspectos-681x454.jpg?fit=681%2C454&resize=350%2C200","width":350,"height":200,"srcset":"https:\/\/i0.wp.com\/ccnews.com.ar\/prensa\/wp-content\/uploads\/2019\/04\/inteligencia-artificial-aspectos-681x454.jpg?fit=681%2C454&resize=350%2C200 1x, https:\/\/i0.wp.com\/ccnews.com.ar\/prensa\/wp-content\/uploads\/2019\/04\/inteligencia-artificial-aspectos-681x454.jpg?fit=681%2C454&resize=525%2C300 1,5x"},"classes":[]},{"id":13790,"url":"http:\/\/ccnews.com.ar\/prensa\/el-64-de-las-personas-confian-mas-en-un-robot-que-en-su-gerente\/","url_meta":{"origin":13123,"position":3},"title":"El 64% de las personas conf\u00edan m\u00e1s en un robot que en su gerente","author":"admin","date":"1 diciembre, 2019","format":false,"excerpt":"La gente conf\u00eda m\u00e1s en los robots que en sus gerentes, seg\u00fan el segundo estudio anual AI at Work (la Inteligencia artificial en el trabajo) llevado a cabo por Oracle y Future Workplace, empresa de investigaci\u00f3n dedicada a preparar a los l\u00edderes para las disrupciones en el reclutamiento, desarrollo y\u2026","rel":"","context":"En \u00abManagement\u00bb","block_context":{"text":"Management","link":"http:\/\/ccnews.com.ar\/prensa\/category\/management\/"},"img":{"alt_text":"","src":"https:\/\/i0.wp.com\/ccnews.com.ar\/prensa\/wp-content\/uploads\/2019\/11\/485965-1.jpg?fit=1200%2C675&resize=350%2C200","width":350,"height":200,"srcset":"https:\/\/i0.wp.com\/ccnews.com.ar\/prensa\/wp-content\/uploads\/2019\/11\/485965-1.jpg?fit=1200%2C675&resize=350%2C200 1x, https:\/\/i0.wp.com\/ccnews.com.ar\/prensa\/wp-content\/uploads\/2019\/11\/485965-1.jpg?fit=1200%2C675&resize=525%2C300 1,5x, https:\/\/i0.wp.com\/ccnews.com.ar\/prensa\/wp-content\/uploads\/2019\/11\/485965-1.jpg?fit=1200%2C675&resize=700%2C400 2x, https:\/\/i0.wp.com\/ccnews.com.ar\/prensa\/wp-content\/uploads\/2019\/11\/485965-1.jpg?fit=1200%2C675&resize=1050%2C600 3x"},"classes":[]},{"id":11445,"url":"http:\/\/ccnews.com.ar\/prensa\/estas-son-las-tecnologias-que-llegaran-al-aula-en-los-proximos-anos\/","url_meta":{"origin":13123,"position":4},"title":"Estas son las tecnolog\u00edas que llegar\u00e1n al aula en los pr\u00f3ximos a\u00f1os","author":"admin","date":"20 mayo, 2019","format":false,"excerpt":"El \u00faltimo Informe Horizon se\u00f1ala a la inteligencia artificial o los asistentes virtuales como algunas de las tecnolog\u00edas que llegar\u00e1n en los pr\u00f3ximos a\u00f1os al sector educativo. Est\u00e1 elaborado por la asociaci\u00f3n sin \u00e1nimo de lucro Educase, dedicada a ayudar a los centros de Educaci\u00f3n Superior a incorporar las TICs\u2026","rel":"","context":"En \u00abEducaci\u00f3n\/Sociedad\u00bb","block_context":{"text":"Educaci\u00f3n\/Sociedad","link":"http:\/\/ccnews.com.ar\/prensa\/category\/educacion-sociedad\/"},"img":{"alt_text":"","src":"https:\/\/i0.wp.com\/ccnews.com.ar\/prensa\/wp-content\/uploads\/2019\/05\/educacion.png?fit=696%2C474&resize=350%2C200","width":350,"height":200,"srcset":"https:\/\/i0.wp.com\/ccnews.com.ar\/prensa\/wp-content\/uploads\/2019\/05\/educacion.png?fit=696%2C474&resize=350%2C200 1x, https:\/\/i0.wp.com\/ccnews.com.ar\/prensa\/wp-content\/uploads\/2019\/05\/educacion.png?fit=696%2C474&resize=525%2C300 1,5x"},"classes":[]},{"id":12099,"url":"http:\/\/ccnews.com.ar\/prensa\/te-mostramos-cuales-son-los-empleos-en-marketing-que-traera-la-inteligencia-artificial\/","url_meta":{"origin":13123,"position":5},"title":"Te mostramos cu\u00e1les son los empleos en marketing que traer\u00e1 la inteligencia artificial","author":"admin","date":"9 julio, 2019","format":false,"excerpt":"Mientras que muchos nuevos trabajos incluyen conocimientos t\u00e9cnicos, es importante que otros tengan una dosis adicional de empat\u00eda e inteligencia emocional A la inversa de lo que muchos creen, la inteligencia artificial no sacar\u00e1 empleos a los profesionales del marketing sino que los ir\u00e1 transformando y reemplazar\u00e1 a algunos de\u2026","rel":"","context":"En \u00abManagement\u00bb","block_context":{"text":"Management","link":"http:\/\/ccnews.com.ar\/prensa\/category\/management\/"},"img":{"alt_text":"","src":"https:\/\/i0.wp.com\/ccnews.com.ar\/prensa\/wp-content\/uploads\/2019\/07\/shutterstock_773247298.jpg?fit=1000%2C668&resize=350%2C200","width":350,"height":200,"srcset":"https:\/\/i0.wp.com\/ccnews.com.ar\/prensa\/wp-content\/uploads\/2019\/07\/shutterstock_773247298.jpg?fit=1000%2C668&resize=350%2C200 1x, https:\/\/i0.wp.com\/ccnews.com.ar\/prensa\/wp-content\/uploads\/2019\/07\/shutterstock_773247298.jpg?fit=1000%2C668&resize=525%2C300 1,5x, https:\/\/i0.wp.com\/ccnews.com.ar\/prensa\/wp-content\/uploads\/2019\/07\/shutterstock_773247298.jpg?fit=1000%2C668&resize=700%2C400 2x"},"classes":[]}],"jetpack_sharing_enabled":true,"_links":{"self":[{"href":"http:\/\/ccnews.com.ar\/prensa\/wp-json\/wp\/v2\/posts\/13123","targetHints":{"allow":["GET"]}}],"collection":[{"href":"http:\/\/ccnews.com.ar\/prensa\/wp-json\/wp\/v2\/posts"}],"about":[{"href":"http:\/\/ccnews.com.ar\/prensa\/wp-json\/wp\/v2\/types\/post"}],"author":[{"embeddable":true,"href":"http:\/\/ccnews.com.ar\/prensa\/wp-json\/wp\/v2\/users\/1"}],"replies":[{"embeddable":true,"href":"http:\/\/ccnews.com.ar\/prensa\/wp-json\/wp\/v2\/comments?post=13123"}],"version-history":[{"count":2,"href":"http:\/\/ccnews.com.ar\/prensa\/wp-json\/wp\/v2\/posts\/13123\/revisions"}],"predecessor-version":[{"id":13129,"href":"http:\/\/ccnews.com.ar\/prensa\/wp-json\/wp\/v2\/posts\/13123\/revisions\/13129"}],"wp:featuredmedia":[{"embeddable":true,"href":"http:\/\/ccnews.com.ar\/prensa\/wp-json\/wp\/v2\/media\/13125"}],"wp:attachment":[{"href":"http:\/\/ccnews.com.ar\/prensa\/wp-json\/wp\/v2\/media?parent=13123"}],"wp:term":[{"taxonomy":"category","embeddable":true,"href":"http:\/\/ccnews.com.ar\/prensa\/wp-json\/wp\/v2\/categories?post=13123"},{"taxonomy":"post_tag","embeddable":true,"href":"http:\/\/ccnews.com.ar\/prensa\/wp-json\/wp\/v2\/tags?post=13123"}],"curies":[{"name":"wp","href":"https:\/\/api.w.org\/{rel}","templated":true}]}}