{"id":1313,"date":"2016-08-30T08:00:34","date_gmt":"2016-08-30T11:00:34","guid":{"rendered":"http:\/\/clusterciarnews.com.ar\/prensa\/?p=1313"},"modified":"2016-08-30T08:38:17","modified_gmt":"2016-08-30T11:38:17","slug":"6-temas-que-frenan-la-empatia","status":"publish","type":"post","link":"http:\/\/ccnews.com.ar\/prensa\/6-temas-que-frenan-la-empatia\/","title":{"rendered":"6 temas que frenan la empat\u00eda"},"content":{"rendered":"<p><img data-recalc-dims=\"1\" decoding=\"async\" src=\"https:\/\/i0.wp.com\/www.managementjournal.net\/media\/k2\/items\/cache\/7c1c9aa03c51b585e34d0c723421162e_M.jpg?w=800\" alt=\"Demuestra tolerancia y paciencia para aceptar las diferentes opiniones, enfoques y estilos de vida. Foto:archivo\" \/><\/p>\n<p>&nbsp;<\/p>\n<div class=\"itemIntroText\">\n<p>La empat\u00eda es una habilidad social que nos permite sentir o percibir lo que otra persona experimenta en una situaci\u00f3n determinada, y esto se debe a que nos identificamos mental y afectivamente con su estado de \u00e1nimo.<\/p>\n<\/div>\n<div class=\"itemFullText\">\n<p>Para el autor de la teor\u00eda de la <strong>Inteligencia Emocional<\/strong>, Daniel Goleman, la empat\u00eda es un componente fundamental para el desarrollo profesional dentro del \u00e1mbito laboral, ya que esta capacidad de entender y ponerse en el lugar del otro nos permite anticipar y solucionar conflictos interpersonales, tener una mayor influencia en los dem\u00e1s, lograr una mayor conexi\u00f3n emocional con las otras personas, ser m\u00e1s persuasivos y aumentar la probabilidad de que los dem\u00e1s conf\u00eden en nosotros.<\/p>\n<p><strong>Una persona puede incrementar su capacidad emp\u00e1tica observando detalladamente a los dem\u00e1s mientras habla con ellos<\/strong>. Ser\u00e1 necesario que preste toda su atenci\u00f3n y observe el lenguaje no verbal que esta persona transmite, esforz\u00e1ndose en tratar comprender lo que est\u00e1 sintiendo en ese momento.<\/p>\n<p>Sin embargo, la empat\u00eda es mucho m\u00e1s que saber lo que el otro siente, tambi\u00e9n implica responder de una manera apropiada a la emoci\u00f3n que la otra persona est\u00e1 expresando, demostrando un genuino inter\u00e9s de apoyo, comprensi\u00f3n y ayuda.<\/p>\n<p>Entre los principales errores que com\u00fanmente se cometen y obstaculizan la capacidad emp\u00e1tica son:<\/p>\n<p><strong>\u2022 Restarle importancia a las preocupaciones y problem\u00e1ticas que enfrentan los dem\u00e1s.<\/strong> Por supuesto que nuestro objetivo es un inter\u00e9s por darle tranquilidad a la persona, pero es muy probable que el mensaje sea de incomprensi\u00f3n y falta de apoyo.<\/p>\n<p><strong>\u2022 Poner ejemplos para aleccionar al otro.<\/strong> Con esta respuesta, pese a que nuestra intenci\u00f3n es ayudar y dar ideas, le estamos trasmitiendo a la persona que no es v\u00e1lida y que debe aprender de los dem\u00e1s en un momento que emocionalmente necesita comprensi\u00f3n, no lecciones.<\/p>\n<p><strong>\u2022 Hablar sobre uno mismo y desviar el tema de conversaci\u00f3n con frases tales como:<\/strong> \u201cPues a m\u00ed me paso algo similar el otro d\u00eda mientras estaba en la oficina, y lo que hice\u2026\u201d Nuevamente estamos aleccionando al otro y peor a\u00fan, nos ponemos como ejemplo a seguir lo que seguramente no ser\u00e1 bien recibido por alguien que pasa por un momento dif\u00edcil.<\/p>\n<p><strong>\u2022 Juzgar y criticar la actuaci\u00f3n del otro.<\/strong> Esta respuesta por supuesto producir\u00e1 resultados negativos en la percepci\u00f3n del otro.<\/p>\n<p>\u2022 Experimentar sentimientos de compasi\u00f3n y l\u00e1stima.<\/p>\n<p>\u2022 Seguirle la corriente.<\/p>\n<p>Se ha observado que generalmente una persona puede desarrollar con mayor facilidad su capacidad emp\u00e1tica cuando al interior de su familia y desde los primeros a\u00f1os de su vida, se han visto satisfechas sus necesidades afectivas y emocionales.<\/p>\n<p>Si no viviste en un entorno as\u00ed no te preocupes, esta habilidad social puede desarrollarse y potenciarse a lo largo de la vida, s\u00f3lo basta comprender que para el desarrollo de la empat\u00eda tendr\u00edamos que ser capaces de salir de nosotros mismos e intentar entrar en el mundo del otro.<\/p>\n<p>5 estrategias de comunicaci\u00f3n para desarrollar la empat\u00eda<\/p>\n<p><strong>1.<\/strong> <strong>Aprende a escuchar lo que los dem\u00e1s te dicen sin palabras<\/strong>, esto es, intenta interpretar la comunicaci\u00f3n no verbal de los otros buscando comprender sus estados emocionales.<\/p>\n<p><strong>2. Escucha con la mente abierta y sin prejuicios,<\/strong> mostr\u00e1ndote respetuoso con los dem\u00e1s.<\/p>\n<p><strong>3. Presta atenci\u00f3n y demuestra inter\u00e9s por lo que te est\u00e1n contando.<\/strong> Recuerda que no es suficiente con saber lo que el otro siente, tambi\u00e9n es importante demostr\u00e1rselo.<\/p>\n<p><strong>4.<\/strong> <strong>No interrumpas mientras te est\u00e1n hablando<\/strong>. Por lo general tratamos de dar consejos, en lugar de intentar sentir lo que el otro est\u00e1 sintiendo.<\/p>\n<p><strong>5. Si es necesario que des tu opini\u00f3n,<\/strong> busca hacerlo de forma constructiva, siendo sincero y honesto, pero sin lastimar con comentarios directos y ofensivos.<\/p>\n<p><strong>6. Demuestra tolerancia y paciencia para aceptar las diferentes opiniones<\/strong>, enfoques y estilos de vida que puedan tener las personas que te rodean.<\/p>\n<p>Practica regularmente estos sencillos consejos para que consigas incrementar tu capacidad para entender los pensamientos y emociones ajenas, de ponerte en el lugar de los dem\u00e1s, captar los mensajes verbales y no verbales, y compartir tus sentimientos de forma emp\u00e1tica.<\/p>\n<p>Fuente:Altonivel<\/p>\n<\/div>\n<!-- AddThis Advanced Settings generic via filter on the_content -->","protected":false},"excerpt":{"rendered":"<p>&nbsp; La empat\u00eda es una habilidad social que nos permite sentir o percibir lo que otra persona experimenta en una<!-- AddThis Advanced Settings generic via filter on get_the_excerpt --><\/p>\n","protected":false},"author":2,"featured_media":1315,"comment_status":"closed","ping_status":"closed","sticky":false,"template":"","format":"standard","meta":{"colormag_page_container_layout":"default_layout","colormag_page_sidebar_layout":"default_layout","jetpack_post_was_ever_published":false,"_jetpack_newsletter_access":"","_jetpack_dont_email_post_to_subs":false,"_jetpack_newsletter_tier_id":0,"_jetpack_memberships_contains_paywalled_content":false,"_jetpack_memberships_contains_paid_content":false,"footnotes":"","jetpack_publicize_message":"","jetpack_publicize_feature_enabled":true,"jetpack_social_post_already_shared":true,"jetpack_social_options":{"image_generator_settings":{"template":"highway","default_image_id":0,"font":"","enabled":false},"version":2}},"categories":[7],"tags":[17],"class_list":["post-1313","post","type-post","status-publish","format-standard","has-post-thumbnail","hentry","category-management","tag-otros-medios"],"jetpack_publicize_connections":[],"jetpack_featured_media_url":"https:\/\/i0.wp.com\/ccnews.com.ar\/prensa\/wp-content\/uploads\/2016\/08\/plantilla-32.jpg?fit=605%2C172","jetpack_shortlink":"https:\/\/wp.me\/p7L1gj-lb","jetpack-related-posts":[{"id":8349,"url":"http:\/\/ccnews.com.ar\/prensa\/que-es-la-empatia-y-por-que-hay-que-ir-mas-alla\/","url_meta":{"origin":1313,"position":0},"title":"Qu\u00e9 es la empat\u00eda y por qu\u00e9 hay que ir m\u00e1s all\u00e1","author":"CLUSTERciar","date":"21 julio, 2018","format":false,"excerpt":"Con comprender lo que el otro piensa o siente no alcanza para hacer algo con su dolor. Nadie tiene dudas que la empat\u00eda es una gran cosa: de alguna forma, nos permite\u00a0captar el estado interno de otro ser humano en un momento determinado. Gracias a nuestro complejo andamiaje neuronal podemos\u2026","rel":"","context":"En \u00abEducaci\u00f3n\/Sociedad\u00bb","block_context":{"text":"Educaci\u00f3n\/Sociedad","link":"http:\/\/ccnews.com.ar\/prensa\/category\/educacion-sociedad\/"},"img":{"alt_text":"","src":"https:\/\/i0.wp.com\/ccnews.com.ar\/prensa\/wp-content\/uploads\/2018\/07\/HkTM0u9z7_930x525__1.jpg?fit=930%2C525&resize=350%2C200","width":350,"height":200,"srcset":"https:\/\/i0.wp.com\/ccnews.com.ar\/prensa\/wp-content\/uploads\/2018\/07\/HkTM0u9z7_930x525__1.jpg?fit=930%2C525&resize=350%2C200 1x, https:\/\/i0.wp.com\/ccnews.com.ar\/prensa\/wp-content\/uploads\/2018\/07\/HkTM0u9z7_930x525__1.jpg?fit=930%2C525&resize=525%2C300 1,5x, https:\/\/i0.wp.com\/ccnews.com.ar\/prensa\/wp-content\/uploads\/2018\/07\/HkTM0u9z7_930x525__1.jpg?fit=930%2C525&resize=700%2C400 2x"},"classes":[]},{"id":4367,"url":"http:\/\/ccnews.com.ar\/prensa\/la-inteligencia-emocional-enriquece-tu-trabajo\/","url_meta":{"origin":1313,"position":1},"title":"La inteligencia emocional enriquece tu trabajo","author":"CLUSTERciar","date":"19 junio, 2017","format":false,"excerpt":"El psic\u00f3logo norteamericano David Goleman, en su obra \u201cLa pr\u00e1ctica de la inteligencia emocional (IE)\u201d enumer\u00f3 los cinco componentes b\u00e1sicos de la IE desarrollada por el mismo y que se bas\u00f3 en las investigaciones que realizaron otros autores. Lleg\u00f3 a la conclusi\u00f3n que esos puntos claves son la autoconciencia, autocontrol,\u2026","rel":"","context":"En \u00abManagement\u00bb","block_context":{"text":"Management","link":"http:\/\/ccnews.com.ar\/prensa\/category\/management\/"},"img":{"alt_text":"","src":"https:\/\/i0.wp.com\/ccnews.com.ar\/prensa\/wp-content\/uploads\/2017\/06\/image_content_8380500_20170511222732.jpg?fit=660%2C370&resize=350%2C200","width":350,"height":200,"srcset":"https:\/\/i0.wp.com\/ccnews.com.ar\/prensa\/wp-content\/uploads\/2017\/06\/image_content_8380500_20170511222732.jpg?fit=660%2C370&resize=350%2C200 1x, https:\/\/i0.wp.com\/ccnews.com.ar\/prensa\/wp-content\/uploads\/2017\/06\/image_content_8380500_20170511222732.jpg?fit=660%2C370&resize=525%2C300 1,5x"},"classes":[]},{"id":6257,"url":"http:\/\/ccnews.com.ar\/prensa\/la-educacion-emocional-puede-ayudar-a-prevenir-el-bullying\/","url_meta":{"origin":1313,"position":2},"title":"La educaci\u00f3n emocional puede ayudar a prevenir el bullying","author":"CLUSTERciar","date":"8 diciembre, 2017","format":false,"excerpt":"As\u00ed lo asegur\u00f3 Bego\u00f1a Ibarrola, especialista espa\u00f1ola en neuroeducaci\u00f3n Incluir los sentimientos de los chicos en el aula, ense\u00f1arles a identificarlos y expresarlos son las bases de la\u00a0educaci\u00f3n emocional\u00a0, una forma de ense\u00f1anza que creci\u00f3 en los \u00faltimo 25 a\u00f1os y que, gracias a los avances en la neurociencia, en\u2026","rel":"","context":"En \u00abEducaci\u00f3n\/Sociedad\u00bb","block_context":{"text":"Educaci\u00f3n\/Sociedad","link":"http:\/\/ccnews.com.ar\/prensa\/category\/educacion-sociedad\/"},"img":{"alt_text":"","src":"https:\/\/i0.wp.com\/ccnews.com.ar\/prensa\/wp-content\/uploads\/2017\/11\/educacion-2565663w620.jpg?fit=620%2C348&resize=350%2C200","width":350,"height":200,"srcset":"https:\/\/i0.wp.com\/ccnews.com.ar\/prensa\/wp-content\/uploads\/2017\/11\/educacion-2565663w620.jpg?fit=620%2C348&resize=350%2C200 1x, https:\/\/i0.wp.com\/ccnews.com.ar\/prensa\/wp-content\/uploads\/2017\/11\/educacion-2565663w620.jpg?fit=620%2C348&resize=525%2C300 1,5x"},"classes":[]},{"id":12099,"url":"http:\/\/ccnews.com.ar\/prensa\/te-mostramos-cuales-son-los-empleos-en-marketing-que-traera-la-inteligencia-artificial\/","url_meta":{"origin":1313,"position":3},"title":"Te mostramos cu\u00e1les son los empleos en marketing que traer\u00e1 la inteligencia artificial","author":"admin","date":"9 julio, 2019","format":false,"excerpt":"Mientras que muchos nuevos trabajos incluyen conocimientos t\u00e9cnicos, es importante que otros tengan una dosis adicional de empat\u00eda e inteligencia emocional A la inversa de lo que muchos creen, la inteligencia artificial no sacar\u00e1 empleos a los profesionales del marketing sino que los ir\u00e1 transformando y reemplazar\u00e1 a algunos de\u2026","rel":"","context":"En \u00abManagement\u00bb","block_context":{"text":"Management","link":"http:\/\/ccnews.com.ar\/prensa\/category\/management\/"},"img":{"alt_text":"","src":"https:\/\/i0.wp.com\/ccnews.com.ar\/prensa\/wp-content\/uploads\/2019\/07\/shutterstock_773247298.jpg?fit=1000%2C668&resize=350%2C200","width":350,"height":200,"srcset":"https:\/\/i0.wp.com\/ccnews.com.ar\/prensa\/wp-content\/uploads\/2019\/07\/shutterstock_773247298.jpg?fit=1000%2C668&resize=350%2C200 1x, https:\/\/i0.wp.com\/ccnews.com.ar\/prensa\/wp-content\/uploads\/2019\/07\/shutterstock_773247298.jpg?fit=1000%2C668&resize=525%2C300 1,5x, https:\/\/i0.wp.com\/ccnews.com.ar\/prensa\/wp-content\/uploads\/2019\/07\/shutterstock_773247298.jpg?fit=1000%2C668&resize=700%2C400 2x"},"classes":[]},{"id":12277,"url":"http:\/\/ccnews.com.ar\/prensa\/comunicacion-corporativa-tu-empresa-esta-conectando-con-su-publico\/","url_meta":{"origin":1313,"position":4},"title":"Comunicaci\u00f3n corporativa: \u00bftu empresa est\u00e1 conectando  con su p\u00fablico?","author":"Editor","date":"26 julio, 2019","format":false,"excerpt":"A la hora de dar a conocer productos, servicios, actividades o valores de una compa\u00f1\u00eda, existe un paso fundamental en el proceso comunicativo: la conexi\u00f3n con la audiencia. Aqu\u00ed, algunas claves para desarrollar una comunicaci\u00f3n efectiva poniendo foco en el receptor. Por Ariel Ferraro; redactor, guionista y asesor en comunicaci\u00f3n\u2026","rel":"","context":"En \u00abManagement\u00bb","block_context":{"text":"Management","link":"http:\/\/ccnews.com.ar\/prensa\/category\/management\/"},"img":{"alt_text":"","src":"https:\/\/i0.wp.com\/ccnews.com.ar\/prensa\/wp-content\/uploads\/2019\/07\/nota-2.jpg?fit=803%2C404&resize=350%2C200","width":350,"height":200,"srcset":"https:\/\/i0.wp.com\/ccnews.com.ar\/prensa\/wp-content\/uploads\/2019\/07\/nota-2.jpg?fit=803%2C404&resize=350%2C200 1x, https:\/\/i0.wp.com\/ccnews.com.ar\/prensa\/wp-content\/uploads\/2019\/07\/nota-2.jpg?fit=803%2C404&resize=525%2C300 1,5x, https:\/\/i0.wp.com\/ccnews.com.ar\/prensa\/wp-content\/uploads\/2019\/07\/nota-2.jpg?fit=803%2C404&resize=700%2C400 2x"},"classes":[]},{"id":10229,"url":"http:\/\/ccnews.com.ar\/prensa\/aprendizaje-basado-en-el-pensamiento-las-habilidades-necesarias-para-conseguirlo\/","url_meta":{"origin":1313,"position":5},"title":"Aprendizaje basado en el pensamiento: las habilidades necesarias para conseguirlo","author":"admin","date":"6 febrero, 2019","format":false,"excerpt":"Para que la metodolog\u00eda Thinking-Based Learning (Aprendizaje Basado en el Pensamiento) sea efectiva, los estudiantes deben afinar al m\u00e1ximo habilidades como el pensamiento independiente, la capacidad comunicativa, la escucha activa, la empat\u00eda, la metacognici\u00f3n y la recopilaci\u00f3n de datos a trav\u00e9s de los sentidos. El Thinking-based Learning (TBL) o Aprendizaje\u2026","rel":"","context":"En \u00abEducaci\u00f3n\/Sociedad\u00bb","block_context":{"text":"Educaci\u00f3n\/Sociedad","link":"http:\/\/ccnews.com.ar\/prensa\/category\/educacion-sociedad\/"},"img":{"alt_text":"","src":"https:\/\/i0.wp.com\/ccnews.com.ar\/prensa\/wp-content\/uploads\/2019\/02\/edu1.jpg?fit=800%2C582&resize=350%2C200","width":350,"height":200,"srcset":"https:\/\/i0.wp.com\/ccnews.com.ar\/prensa\/wp-content\/uploads\/2019\/02\/edu1.jpg?fit=800%2C582&resize=350%2C200 1x, https:\/\/i0.wp.com\/ccnews.com.ar\/prensa\/wp-content\/uploads\/2019\/02\/edu1.jpg?fit=800%2C582&resize=525%2C300 1,5x, https:\/\/i0.wp.com\/ccnews.com.ar\/prensa\/wp-content\/uploads\/2019\/02\/edu1.jpg?fit=800%2C582&resize=700%2C400 2x"},"classes":[]}],"jetpack_sharing_enabled":true,"_links":{"self":[{"href":"http:\/\/ccnews.com.ar\/prensa\/wp-json\/wp\/v2\/posts\/1313","targetHints":{"allow":["GET"]}}],"collection":[{"href":"http:\/\/ccnews.com.ar\/prensa\/wp-json\/wp\/v2\/posts"}],"about":[{"href":"http:\/\/ccnews.com.ar\/prensa\/wp-json\/wp\/v2\/types\/post"}],"author":[{"embeddable":true,"href":"http:\/\/ccnews.com.ar\/prensa\/wp-json\/wp\/v2\/users\/2"}],"replies":[{"embeddable":true,"href":"http:\/\/ccnews.com.ar\/prensa\/wp-json\/wp\/v2\/comments?post=1313"}],"version-history":[{"count":1,"href":"http:\/\/ccnews.com.ar\/prensa\/wp-json\/wp\/v2\/posts\/1313\/revisions"}],"predecessor-version":[{"id":1317,"href":"http:\/\/ccnews.com.ar\/prensa\/wp-json\/wp\/v2\/posts\/1313\/revisions\/1317"}],"wp:featuredmedia":[{"embeddable":true,"href":"http:\/\/ccnews.com.ar\/prensa\/wp-json\/wp\/v2\/media\/1315"}],"wp:attachment":[{"href":"http:\/\/ccnews.com.ar\/prensa\/wp-json\/wp\/v2\/media?parent=1313"}],"wp:term":[{"taxonomy":"category","embeddable":true,"href":"http:\/\/ccnews.com.ar\/prensa\/wp-json\/wp\/v2\/categories?post=1313"},{"taxonomy":"post_tag","embeddable":true,"href":"http:\/\/ccnews.com.ar\/prensa\/wp-json\/wp\/v2\/tags?post=1313"}],"curies":[{"name":"wp","href":"https:\/\/api.w.org\/{rel}","templated":true}]}}