{"id":13131,"date":"2019-09-29T08:00:18","date_gmt":"2019-09-29T11:00:18","guid":{"rendered":"http:\/\/ccnews.com.ar\/prensa\/?p=13131"},"modified":"2019-09-27T16:18:58","modified_gmt":"2019-09-27T19:18:58","slug":"educacion-emocional-por-que-es-el-nuevo-desafio-de-las-escuelas","status":"publish","type":"post","link":"http:\/\/ccnews.com.ar\/prensa\/educacion-emocional-por-que-es-el-nuevo-desafio-de-las-escuelas\/","title":{"rendered":"Educaci\u00f3n emocional. Por qu\u00e9 es el nuevo desaf\u00edo de las escuelas"},"content":{"rendered":"\n<p><strong>\u00bfEnse\u00f1ar a controlar\no sacar las emociones en el colegio? \u00bfEspacios reflexi\u00f3n o expresi\u00f3n corporal a\nla par de las asignaturas normales? \u00bfDocentes especializados en gesti\u00f3n\nemocional? Si todo esto te parece lejano o no entend\u00e9s exactamente c\u00f3mo puede\nbeneficiar a los alumnos, la charla con Lucas Malaisi, un apasionado psic\u00f3logo\ny pedagogo, basta para convencer.<\/strong><\/p>\n\n\n\n<p>Desde su fundaci\u00f3n y con sus libros, Malaisi viene\ntrabajando el tema para que sea contemplado en la educaci\u00f3n formal primaria y\np\u00fablica en nuestro pa\u00eds, incluyendo el impulso de un proyecto de ley de\neducaci\u00f3n emocional que ya est\u00e1 aprobado en algunas provincias y camino a\nimplementarse en otras.<\/p>\n\n\n\n<p>&#8220;Los legisladores no lo est\u00e1n viendo e implementando\ntodav\u00eda y esta es una gran omisi\u00f3n a nivel social, pero el 80% del desarrollo\nde una persona depende de las habilidades emocionales. El acento de la\neducaci\u00f3n tradicional estaba puesto en ayudar a combatir el lectoanalfabetismo,\ncosa que se logr\u00f3 porque hoy el 98% en Am\u00e9rica Latina sabe leer y escribir. Sin\nembargo en el siglo XXI padecemos el analfabetismo emocional, que se ve\nreflejado en el consumo de drogas, la violencia, el \u00edndice de abandono escolar,\nsuicidios, delincuencia y otros temas que tienen por eje la mala gesti\u00f3n de las\nemociones. Esto es lo que viene a hacer la educaci\u00f3n emocional: dar\nexplicaciones a c\u00f3mo funcionan las emociones y c\u00f3mo gestionarlas para evitar\ntodo ese tipo de t\u00f3picos a futuro. La escuela sigue igual, pero hoy detectamos\nnuevos desaf\u00edos, si bien hay una gran resistencia en el \u00e1mbito tambi\u00e9n&#8221;,\nenumera Malaisi entre algunas de las variables por las que el sistema educativo\nno incluye, todav\u00eda, estas cuestiones.<\/p>\n\n\n\n<p>Una encuesta realizada en febrero de este a\u00f1o por el Pew\nResearch Center en los EE.UU. revel\u00f3 que el 70% de los adolescentes\nconsideraban la salud mental un tema preocupante para ellos y sus pares, con la\nansiedad y la depresi\u00f3n a la cabeza, seguidos de bullying y el uso drogas\n(sobre 1000 encuestados de entre 13 y 17). Asimismo, esta semana varios medios\nde ese pa\u00eds reportaban que la franja de los 18 a los 25 tuvo un incremento del\n63% entre el 2009 y el 2017 en casos de depresi\u00f3n. Si ya se habla de que la\ngeneraci\u00f3n Z de nuevos nativos digitales probablemente sea la m\u00e1s estresada\n(\u00a1m\u00e1s que los millennials!) en las franjas de los 18 a 21, llama la atenci\u00f3n\nque el aspecto emocional haya quedado escindido de la educaci\u00f3n, sobre todo si\npodr\u00eda ser un factor para mejorar la calidad de vida.<\/p>\n\n\n\n<p>Al fin y al cabo, en distintas escuelas se le dedica a la\neducaci\u00f3n art\u00edstica, religiosa, e inclusive deportiva, tiempo y recursos.<\/p>\n\n\n\n<p>Malaisi es adem\u00e1s autor del recientemente publicado Modo\ncreativo, educaci\u00f3n emocional de j\u00f3venes adultos, un libro pensado para darles\nherramientas a los docentes que van a hacer educaci\u00f3n emocional, pero que\nprimero deben aprender ellos, como referentes de los chicos, a gestionar sus\nemociones. &#8220;Mi esfuerzo es explicarles a las personas con base cient\u00edfica\nel efecto que tienen las emociones en la vida, en el desempe\u00f1o, y c\u00f3mo por\nejemplo cuando uno se estresa se activa el sistema simp\u00e1tico (reacciones y\nreflejos viscerales) y con esto se desactiva el parasimp\u00e1tico (controla las\nfunciones y actos involuntarios), y entonces se desactivan otros sistemas que\ntienen que ver con el descanso, el sue\u00f1o, lo inmunol\u00f3gico, la reconstituci\u00f3n\ncelular, la memoria de vocaci\u00f3n, ingresando cuando estamos estresados o vivimos\nuna emoci\u00f3n displacentera a lo que se llama modo defensa&#8221;.<\/p>\n\n\n\n<p><strong>\u00bfY las emociones qu\u00e9?<\/strong><\/p>\n\n\n\n<p>Ademas, el libro explica c\u00f3mo los pensamientos, que son una\nexpresi\u00f3n directa de las creencias, terminan transform\u00e1ndose en emociones y de\nqu\u00e9 manera esto incide en nuestro accionar cotidiano: desde c\u00f3mo lidi\u00e1s con el\nfracaso o las frustraciones, a la resoluci\u00f3n de un problema, tu capacidad para\nexpresar lo que sent\u00eds y la forma de vincularnos con los dem\u00e1s. Atenci\u00f3n, esto\naplica tanto para ni\u00f1os y adolescentes, como adultos. La idea central por tanto\nes tener las herramientas para gestionar las emociones, ya que de esto depende\nque las cosas nos salgan bien o mal, seg\u00fan si estamos modo creativo o defensa.\nTanto en Europa como EE.UU. se vienen trabajando distintos enfoques\nalternativos desde la educaci\u00f3n, y en algunos colegios ya se implementan desde\nclases de mindfulness a sesiones de juegos en la naturaleza dependiendo del\ntipo de colegio. Ac\u00e1, la educaci\u00f3n emocional como algo novel ha quedado\ncircunscripto a las escuelas privadas o de otros enfoques, que son las que\ntienen recursos y autonom\u00eda para llevarla a cabo, dejando al margen a las\nescuelas p\u00fablicas y de zonas vulnerables, que por otro lado son las que m\u00e1s lo\nnecesitan.<\/p>\n\n\n\n<p>&#8220;Muchas de las cosas que hacen en el colegio me parecen\nmaravillosas, porque adem\u00e1s de la cuesti\u00f3n intelectual y del aprendizaje tienen\nen cuenta las motivaciones emocionales de cada uno de los chicos&#8221;, cuenta\nNatalia Beneitez, mam\u00e1 de Emilio, de 10 a\u00f1os, que va a cuarto grado de la\nEscuela para el Nuevo Hombre, un colegio privado, mixto y laico del barrio de\nFlores que incorpora algunas de estas nociones en la ense\u00f1anza. &#8220;Tienen un\ntaller desde el jard\u00edn donde a trav\u00e9s de la expresi\u00f3n corporal van todos los\nviernes al zoom del colegio y tienen un rato para sacarse las zapatillas y las medias,\nhacer respiraciones y contar con el cuerpo las cosas que les pasan todos los\nd\u00edas. Lo que les preocupa, lo que les duele, lo que los hace felices, lo que\ndisfrutan. Y trabajan mucho las emociones, que est\u00e1 bien estar triste,\ncontento, enojado, y aprenden a manejar y a controlar todo eso (especialmente\nlos enojos y peleas con \u00e9nfasis bullying), y tienen un gran sentido de la\nresponsabilidad para con el otro y con su propio cuerpo. Adem\u00e1s todas las\nma\u00f1anas tienen algo que ellos llaman encuentro, donde cada grupo se junta con\nlos suyos y los docentes y charlan de las cosas que les preocupan&#8221;.<\/p>\n\n\n\n<p>El tema de la educaci\u00f3n emocional hoy en d\u00eda se trabaja en\ndos provincias con el proyecto de ley aprobado, Corrientes y Misiones, y hay\ndos m\u00e9todos: se puede trabajar capacitando primero a los docentes y que ellos\nluego lo planifiquen como cualquier otro contenido, sea transversalmente, es\ndecir de forma conjunta con otras asignaturas, o verticalmente, que es por\nejemplo haciendo una hora de educaci\u00f3n emocional. En Formosa sacaron una\nresoluci\u00f3n que invita a los colegios a aplicarlo, pero que todav\u00eda no tiene\nentidad de ley. La aplicaci\u00f3n es un proceso y es paulatino, como con la ESI hay\ncolegios que lo est\u00e1n haciendo y otros que no. Sin embargo, desde la fundaci\u00f3n\ny el proyecto Cicatrizando Argentina que pretende extenderlo por toda Am\u00e9rica\nLatina, se sigue de cerca el desarrollo.<\/p>\n\n\n\n<p>Por otro lado, se ha declarado el 10 de noviembre D\u00eda de la\nEducaci\u00f3n Emocional, tanto en colegios como para llevar a otros \u00e1mbitos como el\nempresarial, y se fomenta expresar las emociones asertivamente durante este d\u00eda\npara institucionalizar el h\u00e1bito de decir lo que sentimos. Lo que busca y\ngarantiza la ley al aplicarse es instalar este tipo educaci\u00f3n en los colegios,\npermitiendo que el alcance sea sist\u00e9mico, sustentable y durable en el tiempo, y\nfinalmente, que la formaci\u00f3n sea cient\u00edfica y de calidad para los docentes\ncapacitados (en vez de paga ya que no todos pueden acceder a ella).<\/p>\n\n\n\n<p>Lo cierto es que las emociones son un recurso genuino para\nla toma de decisiones, y tienen efectos probados no s\u00f3lo en el desempe\u00f1o\neducativo o laboral, sino tambi\u00e9n en los procesos biol\u00f3gicos de sanaci\u00f3n o\nenfermedad, ya que si no expresamos o reconocemos las emociones podemos\nenfermar. &#8220;No necesitamos nada, s\u00f3lo tener procesos mentales adecuados\ndonde aprendemos a respetarnos a nosotros mismos, a motivarnos y eso hace que\nla persona est\u00e9 satisfecha consigo misma y se mantenga en modo creativo&#8221;.<\/p>\n\n\n\n<p>*Por Laura Marajofsky<\/p>\n\n\n\n<p>Fuente: Diario La Naci\u00f3n<\/p>\n<!-- AddThis Advanced Settings generic via filter on the_content -->","protected":false},"excerpt":{"rendered":"<p>\u00bfEnse\u00f1ar a controlar o sacar las emociones en el colegio? \u00bfEspacios reflexi\u00f3n o expresi\u00f3n corporal a la par de las<!-- AddThis Advanced Settings generic via filter on get_the_excerpt --><\/p>\n","protected":false},"author":1,"featured_media":13133,"comment_status":"closed","ping_status":"closed","sticky":false,"template":"","format":"standard","meta":{"colormag_page_container_layout":"default_layout","colormag_page_sidebar_layout":"default_layout","jetpack_post_was_ever_published":false,"_jetpack_newsletter_access":"","_jetpack_dont_email_post_to_subs":false,"_jetpack_newsletter_tier_id":0,"_jetpack_memberships_contains_paywalled_content":false,"_jetpack_memberships_contains_paid_content":false,"footnotes":"","jetpack_publicize_message":"#Educaci\u00f3n Educaci\u00f3n emocional. Por qu\u00e9 es el nuevo desaf\u00edo de las escuelas","jetpack_publicize_feature_enabled":true,"jetpack_social_post_already_shared":true,"jetpack_social_options":{"image_generator_settings":{"template":"highway","default_image_id":0,"font":"","enabled":false},"version":2}},"categories":[19],"tags":[17],"class_list":["post-13131","post","type-post","status-publish","format-standard","has-post-thumbnail","hentry","category-educacion-sociedad","tag-otros-medios"],"jetpack_publicize_connections":[],"jetpack_featured_media_url":"https:\/\/i0.wp.com\/ccnews.com.ar\/prensa\/wp-content\/uploads\/2019\/09\/3108136w1033.jpg?fit=1033%2C688","jetpack_shortlink":"https:\/\/wp.me\/p7L1gj-3pN","jetpack-related-posts":[{"id":8183,"url":"http:\/\/ccnews.com.ar\/prensa\/educacion-emocional-conoce-de-que-se-trata-la-herramienta-de-cambio-genuina-que-buscan-aplicar-en-las-escuelas\/","url_meta":{"origin":13131,"position":0},"title":"Educaci\u00f3n emocional: conoc\u00e9 de que se trata \u201cla herramienta de cambio genuina\u201d que buscan aplicar en las escuelas","author":"CLUSTERciar","date":"26 junio, 2018","format":false,"excerpt":"Mat\u00edas Liberati explic\u00f3 en qu\u00e9 consiste la iniciativa de la ONG \u201cResaca solidaria\u201d. Apelan a que el docente pueda detectar si los chicos \u201cest\u00e1n tristes, contentos o enojados\u201d. La educaci\u00f3n tradicional \u201cmuestra sus limitaciones todo el tiempo\u201d reflexion\u00f3 y destac\u00f3 los \u201cresultados alt\u00edsimos\u201d en otros pa\u00edses. Escuch\u00e1 la nota en\u2026","rel":"","context":"En \u00abEducaci\u00f3n\/Sociedad\u00bb","block_context":{"text":"Educaci\u00f3n\/Sociedad","link":"http:\/\/ccnews.com.ar\/prensa\/category\/educacion-sociedad\/"},"img":{"alt_text":"","src":"https:\/\/i0.wp.com\/ccnews.com.ar\/prensa\/wp-content\/uploads\/2018\/06\/20180622105824_.EDUCACI%C3_N-EMOCIONAL-FM-CIELO-NTDV.jpg?fit=680%2C453&resize=350%2C200","width":350,"height":200,"srcset":"https:\/\/i0.wp.com\/ccnews.com.ar\/prensa\/wp-content\/uploads\/2018\/06\/20180622105824_.EDUCACI%C3_N-EMOCIONAL-FM-CIELO-NTDV.jpg?fit=680%2C453&resize=350%2C200 1x, https:\/\/i0.wp.com\/ccnews.com.ar\/prensa\/wp-content\/uploads\/2018\/06\/20180622105824_.EDUCACI%C3_N-EMOCIONAL-FM-CIELO-NTDV.jpg?fit=680%2C453&resize=525%2C300 1,5x"},"classes":[]},{"id":9975,"url":"http:\/\/ccnews.com.ar\/prensa\/la-educacion-emocional-es-la-estrategia-pedagogica-del-momento\/","url_meta":{"origin":13131,"position":1},"title":"La educaci\u00f3n emocional es la estrategia pedag\u00f3gica del momento","author":"admin","date":"17 enero, 2019","format":false,"excerpt":"Un proyecto busca incorporar la educaci\u00f3n emocional como metodolog\u00eda de ense\u00f1anza en todas las escuelas, con el fin de promover un mejor desarrollo personal y social de los chicos. Seg\u00fan el Licenciado en psicolog\u00eda Lucas Malaisi, del 70 al 80% del \u00e9xito que obtenemos en la vida de adultos depende\u00a0de\u2026","rel":"","context":"En \u00abEducaci\u00f3n\/Sociedad\u00bb","block_context":{"text":"Educaci\u00f3n\/Sociedad","link":"http:\/\/ccnews.com.ar\/prensa\/category\/educacion-sociedad\/"},"img":{"alt_text":"","src":"https:\/\/i0.wp.com\/ccnews.com.ar\/prensa\/wp-content\/uploads\/2019\/01\/Educacion1.png?fit=1200%2C672&resize=350%2C200","width":350,"height":200,"srcset":"https:\/\/i0.wp.com\/ccnews.com.ar\/prensa\/wp-content\/uploads\/2019\/01\/Educacion1.png?fit=1200%2C672&resize=350%2C200 1x, https:\/\/i0.wp.com\/ccnews.com.ar\/prensa\/wp-content\/uploads\/2019\/01\/Educacion1.png?fit=1200%2C672&resize=525%2C300 1,5x, https:\/\/i0.wp.com\/ccnews.com.ar\/prensa\/wp-content\/uploads\/2019\/01\/Educacion1.png?fit=1200%2C672&resize=700%2C400 2x, https:\/\/i0.wp.com\/ccnews.com.ar\/prensa\/wp-content\/uploads\/2019\/01\/Educacion1.png?fit=1200%2C672&resize=1050%2C600 3x"},"classes":[]},{"id":6257,"url":"http:\/\/ccnews.com.ar\/prensa\/la-educacion-emocional-puede-ayudar-a-prevenir-el-bullying\/","url_meta":{"origin":13131,"position":2},"title":"La educaci\u00f3n emocional puede ayudar a prevenir el bullying","author":"CLUSTERciar","date":"8 diciembre, 2017","format":false,"excerpt":"As\u00ed lo asegur\u00f3 Bego\u00f1a Ibarrola, especialista espa\u00f1ola en neuroeducaci\u00f3n Incluir los sentimientos de los chicos en el aula, ense\u00f1arles a identificarlos y expresarlos son las bases de la\u00a0educaci\u00f3n emocional\u00a0, una forma de ense\u00f1anza que creci\u00f3 en los \u00faltimo 25 a\u00f1os y que, gracias a los avances en la neurociencia, en\u2026","rel":"","context":"En \u00abEducaci\u00f3n\/Sociedad\u00bb","block_context":{"text":"Educaci\u00f3n\/Sociedad","link":"http:\/\/ccnews.com.ar\/prensa\/category\/educacion-sociedad\/"},"img":{"alt_text":"","src":"https:\/\/i0.wp.com\/ccnews.com.ar\/prensa\/wp-content\/uploads\/2017\/11\/educacion-2565663w620.jpg?fit=620%2C348&resize=350%2C200","width":350,"height":200,"srcset":"https:\/\/i0.wp.com\/ccnews.com.ar\/prensa\/wp-content\/uploads\/2017\/11\/educacion-2565663w620.jpg?fit=620%2C348&resize=350%2C200 1x, https:\/\/i0.wp.com\/ccnews.com.ar\/prensa\/wp-content\/uploads\/2017\/11\/educacion-2565663w620.jpg?fit=620%2C348&resize=525%2C300 1,5x"},"classes":[]},{"id":12981,"url":"http:\/\/ccnews.com.ar\/prensa\/la-importancia-de-la-educacion-especial-para-adaptarse-a-las-necesidades-del-alumnado\/","url_meta":{"origin":13131,"position":3},"title":"La importancia de la educaci\u00f3n especial para adaptarse a las necesidades del alumnado","author":"admin","date":"14 septiembre, 2019","format":false,"excerpt":"TDAH, dislexia o TEA son algunos de los trastornos del neurodesarrollo m\u00e1s comunes entre el alumnado y una de las causas m\u00e1s frecuentes de los problemas de aprendizaje y conducta. La educaci\u00f3n especial es esencial para evitar sus consecuencias. \u00bfSab\u00edas que m\u00e1s de un 30% de los estudiantes presentan alg\u00fan\u2026","rel":"","context":"En \u00abEducaci\u00f3n\/Sociedad\u00bb","block_context":{"text":"Educaci\u00f3n\/Sociedad","link":"http:\/\/ccnews.com.ar\/prensa\/category\/educacion-sociedad\/"},"img":{"alt_text":"","src":"https:\/\/i0.wp.com\/ccnews.com.ar\/prensa\/wp-content\/uploads\/2019\/09\/cropped-34090-696x392.jpg?fit=696%2C392&resize=350%2C200","width":350,"height":200,"srcset":"https:\/\/i0.wp.com\/ccnews.com.ar\/prensa\/wp-content\/uploads\/2019\/09\/cropped-34090-696x392.jpg?fit=696%2C392&resize=350%2C200 1x, https:\/\/i0.wp.com\/ccnews.com.ar\/prensa\/wp-content\/uploads\/2019\/09\/cropped-34090-696x392.jpg?fit=696%2C392&resize=525%2C300 1,5x"},"classes":[]},{"id":6627,"url":"http:\/\/ccnews.com.ar\/prensa\/desnutricion-emocional-un-mal-creciente-en-los-chicos\/","url_meta":{"origin":13131,"position":4},"title":"\u201cDesnutrici\u00f3n emocional\u201d, un mal creciente en los chicos","author":"CLUSTERciar","date":"1 febrero, 2018","format":false,"excerpt":"Aumentan las consultas psicol\u00f3gicas que revelan problemas en el cuidado parental a ni\u00f1os y adolescentes. Qu\u00e9 pr\u00e1cticas favorecen que los peque\u00f1os reconozcan actitudes da\u00f1inas. Los consultorios m\u00e9dicos y psicol\u00f3gicos que atienden a ni\u00f1os y adolescentes se encuentran, cada vez m\u00e1s, con cuadros que desnudan falta de atenci\u00f3n parental. Docentes tambi\u00e9n\u2026","rel":"","context":"En \u00abEducaci\u00f3n\/Sociedad\u00bb","block_context":{"text":"Educaci\u00f3n\/Sociedad","link":"http:\/\/ccnews.com.ar\/prensa\/category\/educacion-sociedad\/"},"img":{"alt_text":"","src":"https:\/\/i0.wp.com\/ccnews.com.ar\/prensa\/wp-content\/uploads\/2018\/01\/infancia1_0.jpg?fit=1020%2C560&resize=350%2C200","width":350,"height":200,"srcset":"https:\/\/i0.wp.com\/ccnews.com.ar\/prensa\/wp-content\/uploads\/2018\/01\/infancia1_0.jpg?fit=1020%2C560&resize=350%2C200 1x, https:\/\/i0.wp.com\/ccnews.com.ar\/prensa\/wp-content\/uploads\/2018\/01\/infancia1_0.jpg?fit=1020%2C560&resize=525%2C300 1,5x, https:\/\/i0.wp.com\/ccnews.com.ar\/prensa\/wp-content\/uploads\/2018\/01\/infancia1_0.jpg?fit=1020%2C560&resize=700%2C400 2x"},"classes":[]},{"id":11021,"url":"http:\/\/ccnews.com.ar\/prensa\/hacia-la-integracion-y-la-equidad-algunas-propuestas-para-la-educacion-del-futuro\/","url_meta":{"origin":13131,"position":5},"title":"Hacia la integraci\u00f3n y la equidad: algunas propuestas para la educaci\u00f3n del futuro","author":"CLUSTERciar","date":"5 abril, 2019","format":false,"excerpt":"\u00bfCu\u00e1l ser\u00eda la realidad si la educaci\u00f3n fuera prioridad?\". Con este interrogante comenz\u00f3 Ana Julia Rosales, directora de Articulaci\u00f3n de la fundaci\u00f3n Cimientos, la presentaci\u00f3n del diagn\u00f3stico con propuestas para la transformaci\u00f3n educativa generado por\u00a0Primero Educaci\u00f3n, una red de m\u00e1s de 30 organizaciones educativas y sociales este mi\u00e9rcoles en la\u2026","rel":"","context":"En \u00abEducaci\u00f3n\/Sociedad\u00bb","block_context":{"text":"Educaci\u00f3n\/Sociedad","link":"http:\/\/ccnews.com.ar\/prensa\/category\/educacion-sociedad\/"},"img":{"alt_text":"","src":"https:\/\/i0.wp.com\/ccnews.com.ar\/prensa\/wp-content\/uploads\/2019\/04\/2906282w1033.jpg?fit=1033%2C775&resize=350%2C200","width":350,"height":200,"srcset":"https:\/\/i0.wp.com\/ccnews.com.ar\/prensa\/wp-content\/uploads\/2019\/04\/2906282w1033.jpg?fit=1033%2C775&resize=350%2C200 1x, https:\/\/i0.wp.com\/ccnews.com.ar\/prensa\/wp-content\/uploads\/2019\/04\/2906282w1033.jpg?fit=1033%2C775&resize=525%2C300 1,5x, https:\/\/i0.wp.com\/ccnews.com.ar\/prensa\/wp-content\/uploads\/2019\/04\/2906282w1033.jpg?fit=1033%2C775&resize=700%2C400 2x"},"classes":[]}],"jetpack_sharing_enabled":true,"_links":{"self":[{"href":"http:\/\/ccnews.com.ar\/prensa\/wp-json\/wp\/v2\/posts\/13131","targetHints":{"allow":["GET"]}}],"collection":[{"href":"http:\/\/ccnews.com.ar\/prensa\/wp-json\/wp\/v2\/posts"}],"about":[{"href":"http:\/\/ccnews.com.ar\/prensa\/wp-json\/wp\/v2\/types\/post"}],"author":[{"embeddable":true,"href":"http:\/\/ccnews.com.ar\/prensa\/wp-json\/wp\/v2\/users\/1"}],"replies":[{"embeddable":true,"href":"http:\/\/ccnews.com.ar\/prensa\/wp-json\/wp\/v2\/comments?post=13131"}],"version-history":[{"count":1,"href":"http:\/\/ccnews.com.ar\/prensa\/wp-json\/wp\/v2\/posts\/13131\/revisions"}],"predecessor-version":[{"id":13135,"href":"http:\/\/ccnews.com.ar\/prensa\/wp-json\/wp\/v2\/posts\/13131\/revisions\/13135"}],"wp:featuredmedia":[{"embeddable":true,"href":"http:\/\/ccnews.com.ar\/prensa\/wp-json\/wp\/v2\/media\/13133"}],"wp:attachment":[{"href":"http:\/\/ccnews.com.ar\/prensa\/wp-json\/wp\/v2\/media?parent=13131"}],"wp:term":[{"taxonomy":"category","embeddable":true,"href":"http:\/\/ccnews.com.ar\/prensa\/wp-json\/wp\/v2\/categories?post=13131"},{"taxonomy":"post_tag","embeddable":true,"href":"http:\/\/ccnews.com.ar\/prensa\/wp-json\/wp\/v2\/tags?post=13131"}],"curies":[{"name":"wp","href":"https:\/\/api.w.org\/{rel}","templated":true}]}}