{"id":13195,"date":"2019-10-08T08:00:17","date_gmt":"2019-10-08T11:00:17","guid":{"rendered":"http:\/\/ccnews.com.ar\/prensa\/?p=13195"},"modified":"2019-10-08T09:13:45","modified_gmt":"2019-10-08T12:13:45","slug":"asi-es-el-primer-remolcador-de-barcos-electrico-del-mundo","status":"publish","type":"post","link":"http:\/\/ccnews.com.ar\/prensa\/asi-es-el-primer-remolcador-de-barcos-electrico-del-mundo\/","title":{"rendered":"As\u00ed es el primer remolcador de barcos el\u00e9ctrico del mundo"},"content":{"rendered":"\n<p><strong>Cuando pensamos en\nmovilidad sostenible lo primero que se nos viene a la cabeza son los coches, no\nobstante, existen decenas de tipos de veh\u00edculos que contaminan nuestro planeta.\nLa conclusi\u00f3n es simple, hay que buscar que todos sean el\u00e9ctricos y no solo los\nautom\u00f3viles.<\/strong><\/p>\n\n\n\n<p>Y la clave de todo, no solo deber\u00edamos electrificar los\nveh\u00edculos personales, las industrias tambi\u00e9n deber\u00edan hacer lo propio. En este\nsentido, ya hemos conocido casos de electrificaci\u00f3n de camiones destinados a\nsectores como el de la miner\u00eda o la construcci\u00f3n.<\/p>\n\n\n\n<p>Sin embargo, el ser humano suele olvidarse de aquello que no\nsuele tener a simple vista, como el mar. Por \u00e9l surcan millones de veh\u00edculos\nque tambi\u00e9n son contaminantes, por lo que a\u00fan queda trabajo que hacer. Nueva\nZelanda es un buen ejemplo de movilidad mar\u00edtima sostenible, ya que acaban de\nhacerse con el primer remolcador de barcos el\u00e9ctrico de tama\u00f1o completo del\nmundo. \u00a1A continuaci\u00f3n los detalles!<\/p>\n\n\n\n<p><strong>El primer remolcador\nel\u00e9ctrico de tama\u00f1o completo <\/strong><\/p>\n\n\n\n<p>El puerto de Auckland (Nueva Zelanda) es uno de los m\u00e1s\ntecnol\u00f3gicos del mundo. De hecho, hace poco os habl\u00e1bamos de sus robots\naut\u00f3nomos de 100 toneladas, pilares esenciales para que la econom\u00eda de una isla\ncomo Nueva Zelanda siga adelante.<\/p>\n\n\n\n<p>Dicho puerto se hizo de nuevo noticia por hacerse con el primer\nremolcador mar\u00edtimo el\u00e9ctrico de tama\u00f1o completo del mundo. El veh\u00edculo, un\nDamen RSD-E Tug 2513, se les entregar\u00e1 en 2021 tras haber firmado un contrato\ncon la compa\u00f1\u00eda holandesa Damen Shipyards.<\/p>\n\n\n\n<p>El remolcador contar\u00e1 con un bolardo de 70 toneladas. Para\nque os hag\u00e1is una idea, el remolcador di\u00e9sel m\u00e1s poderoso del puerto tambi\u00e9n\ntiene un bolardo de dicho calibre. Lo mejor es que este el\u00e9ctrico podr\u00e1\nefectuar tareas portuarias normales y corrientes.<\/p>\n\n\n\n<p><strong>Ahorrando dinero y\nemitiendo menos CO2<\/strong><\/p>\n\n\n\n<p>Las bater\u00edas del E Tug suman unos 2800 kWh, lo equivalente a\naproximadamente 70 Nissan Leaf, ya que cada uno integra una bater\u00eda de 40 kW.\nEste remolcador est\u00e1 capacitado para realizar 3 o 4 operaciones, cada una de\nellas de una hora de duraci\u00f3n de media. Despu\u00e9s, deber\u00e1 recargarse, tarea que\nle llevar\u00e1 unas dos horas.<\/p>\n\n\n\n<p>El E Tug dobla aproximadamente el precio de un remolcador\ndi\u00e9sel, sin embargo, sus compradores explican que supondr\u00e1 un ahorro neto de\n2,5 millones de d\u00f3lares durante sus 25 a\u00f1os de vida \u00fatil. Todo ello libr\u00e1ndose\nde la contaminaci\u00f3n que supondr\u00eda optar por un modelo di\u00e9sel.<\/p>\n\n\n\n<p>Nos agrada que en Auckland est\u00e9n tomando medidas tan sostenibles, aunque no nos sorprende en absoluto. Hace tiempo sus responsables explicaron que quer\u00edan que su puerto fuera cero emisiones para el a\u00f1o 2040 y con medidas como la que os acabamos de comentar lo m\u00e1s seguro es que lo logren. \u00bfCu\u00e1ndo tomar\u00e1n ejemplo el resto de pa\u00edses del mundo?<\/p>\n\n\n\n<p>*Por Alex Branco<\/p>\n\n\n\n<p>Fuente: El Espa\u00f1ol<\/p>\n<!-- AddThis Advanced Settings generic via filter on the_content -->","protected":false},"excerpt":{"rendered":"<p>Cuando pensamos en movilidad sostenible lo primero que se nos viene a la cabeza son los coches, no obstante, existen<!-- AddThis Advanced Settings generic via filter on get_the_excerpt --><\/p>\n","protected":false},"author":1,"featured_media":13197,"comment_status":"closed","ping_status":"closed","sticky":false,"template":"","format":"standard","meta":{"colormag_page_container_layout":"default_layout","colormag_page_sidebar_layout":"default_layout","jetpack_post_was_ever_published":false,"_jetpack_newsletter_access":"","_jetpack_dont_email_post_to_subs":false,"_jetpack_newsletter_tier_id":0,"_jetpack_memberships_contains_paywalled_content":false,"_jetpack_memberships_contains_paid_content":false,"footnotes":"","jetpack_publicize_message":"#BuenMartes #Ingenier\u00eda As\u00ed es el primer remolcador de barcos el\u00e9ctrico del mundo","jetpack_publicize_feature_enabled":true,"jetpack_social_post_already_shared":true,"jetpack_social_options":{"image_generator_settings":{"template":"highway","default_image_id":0,"font":"","enabled":false},"version":2}},"categories":[3],"tags":[17],"class_list":["post-13195","post","type-post","status-publish","format-standard","has-post-thumbnail","hentry","category-sustentabilidad","tag-otros-medios"],"jetpack_publicize_connections":[],"jetpack_featured_media_url":"https:\/\/i0.wp.com\/ccnews.com.ar\/prensa\/wp-content\/uploads\/2019\/10\/asi-es-el-primer-remolcador-de-barcos-electrico-del-mundo-1200x675.jpg?fit=1200%2C675","jetpack_shortlink":"https:\/\/wp.me\/p7L1gj-3qP","jetpack-related-posts":[{"id":4413,"url":"http:\/\/ccnews.com.ar\/prensa\/ni-tan-rapidos-ni-tan-furiosos\/","url_meta":{"origin":13195,"position":0},"title":"Ni tan r\u00e1pidos ni tan furiosos","author":"CLUSTERciar","date":"17 junio, 2017","format":false,"excerpt":"Los autos el\u00e9ctricos est\u00e1n m\u00e1s cerca de las calles argentinas. Sin embargo,\u00a0 la incorporaci\u00f3n al mercado argentino plantea varios interrogantes y tambi\u00e9n algunas contradicciones. En esta nota se analizan algunos\u00a0aspectos\u00a0controvertidos El paradigma del transporte el\u00e9ctrico -insonoro, limpio y eficiente- se ha instalado definitivamente en\u00a0la\u00a0Argentina. Las automotrices ya lo detectaron y\u2026","rel":"","context":"En \u00abSustentabilidad\u00bb","block_context":{"text":"Sustentabilidad","link":"http:\/\/ccnews.com.ar\/prensa\/category\/sustentabilidad\/"},"img":{"alt_text":"","src":"https:\/\/i0.wp.com\/ccnews.com.ar\/prensa\/wp-content\/uploads\/2017\/06\/autos-erlectricos.jpg?fit=660%2C371&resize=350%2C200","width":350,"height":200,"srcset":"https:\/\/i0.wp.com\/ccnews.com.ar\/prensa\/wp-content\/uploads\/2017\/06\/autos-erlectricos.jpg?fit=660%2C371&resize=350%2C200 1x, https:\/\/i0.wp.com\/ccnews.com.ar\/prensa\/wp-content\/uploads\/2017\/06\/autos-erlectricos.jpg?fit=660%2C371&resize=525%2C300 1,5x"},"classes":[]},{"id":14694,"url":"http:\/\/ccnews.com.ar\/prensa\/la-movilidad-colaborativa-y-sustentable-un-desafio-urbano-para-todos\/","url_meta":{"origin":13195,"position":1},"title":"La movilidad colaborativa y sustentable, un desaf\u00edo urbano para todos","author":"admin","date":"27 febrero, 2020","format":false,"excerpt":"Las alternativas al autom\u00f3vil particular son bienvenidas en las ciudades del presente y tambi\u00e9n lo ser\u00e1n en las del futuro. Latinoam\u00e9rica tiene cuatro de las 10 ciudades con peor tr\u00e1fico del mundo. A su vez, en la Ciudad Aut\u00f3noma de Buenos Aires, el 50% de la infraestructura de la ciudad\u2026","rel":"","context":"En \u00abEducaci\u00f3n\/Sociedad\u00bb","block_context":{"text":"Educaci\u00f3n\/Sociedad","link":"http:\/\/ccnews.com.ar\/prensa\/category\/educacion-sociedad\/"},"img":{"alt_text":"","src":"https:\/\/i0.wp.com\/ccnews.com.ar\/prensa\/wp-content\/uploads\/2020\/02\/DATA_.jpeg?fit=1024%2C683&resize=350%2C200","width":350,"height":200,"srcset":"https:\/\/i0.wp.com\/ccnews.com.ar\/prensa\/wp-content\/uploads\/2020\/02\/DATA_.jpeg?fit=1024%2C683&resize=350%2C200 1x, https:\/\/i0.wp.com\/ccnews.com.ar\/prensa\/wp-content\/uploads\/2020\/02\/DATA_.jpeg?fit=1024%2C683&resize=525%2C300 1,5x, https:\/\/i0.wp.com\/ccnews.com.ar\/prensa\/wp-content\/uploads\/2020\/02\/DATA_.jpeg?fit=1024%2C683&resize=700%2C400 2x"},"classes":[]},{"id":4127,"url":"http:\/\/ccnews.com.ar\/prensa\/propuestas-de-la-onu-para-latinoamerica-movilidad-electrica-y-generacion-distribuida\/","url_meta":{"origin":13195,"position":2},"title":"Propuestas de la ONU para Latinoam\u00e9rica: movilidad el\u00e9ctrica y generaci\u00f3n distribuida","author":"CLUSTERciar","date":"24 mayo, 2017","format":false,"excerpt":"El Programa de las Naciones Unidas para el Medio Ambiente est\u00e1 avanzando en una serie de recomendaciones para los pa\u00edses de Am\u00e9rica Latina en pos de un futuro sustentable. Proponen, como ejes del paradigma energ\u00e9tico del futuro, el uso de veh\u00edculos el\u00e9ctricos y la generaci\u00f3n distribuida mediante energ\u00edas renovables. Adem\u00e1s,\u2026","rel":"","context":"En \u00abEnerg\u00eda y Producci\u00f3n\u00bb","block_context":{"text":"Energ\u00eda y Producci\u00f3n","link":"http:\/\/ccnews.com.ar\/prensa\/category\/energia-y-produccion\/"},"img":{"alt_text":"","src":"https:\/\/i0.wp.com\/ccnews.com.ar\/prensa\/wp-content\/uploads\/2017\/05\/nota-3.jpg?fit=800%2C400&resize=350%2C200","width":350,"height":200,"srcset":"https:\/\/i0.wp.com\/ccnews.com.ar\/prensa\/wp-content\/uploads\/2017\/05\/nota-3.jpg?fit=800%2C400&resize=350%2C200 1x, https:\/\/i0.wp.com\/ccnews.com.ar\/prensa\/wp-content\/uploads\/2017\/05\/nota-3.jpg?fit=800%2C400&resize=525%2C300 1,5x, https:\/\/i0.wp.com\/ccnews.com.ar\/prensa\/wp-content\/uploads\/2017\/05\/nota-3.jpg?fit=800%2C400&resize=700%2C400 2x"},"classes":[]},{"id":16620,"url":"http:\/\/ccnews.com.ar\/prensa\/paises-bajos-apuesta-por-el-reparto-de-mercancias-libre-de-emisiones-en-las-ciudades\/","url_meta":{"origin":13195,"position":3},"title":"Pa\u00edses Bajos apuesta por el reparto de mercanc\u00edas libre de emisiones en las ciudades","author":"admin","date":"7 mayo, 2021","format":false,"excerpt":"Las grandes urbes holandesas podr\u00e1n designar a partir de 2025 zonas de servicios log\u00edsticos donde solo podr\u00e1n entrar veh\u00edculos el\u00e9ctricos o bicicletas","rel":"","context":"En \u00abSustentabilidad\u00bb","block_context":{"text":"Sustentabilidad","link":"http:\/\/ccnews.com.ar\/prensa\/category\/sustentabilidad\/"},"img":{"alt_text":"","src":"https:\/\/i0.wp.com\/ccnews.com.ar\/prensa\/wp-content\/uploads\/2021\/05\/PVD6L6YAQJFHHPKYVKDMR2BOGM.jpg?fit=1200%2C776&resize=350%2C200","width":350,"height":200,"srcset":"https:\/\/i0.wp.com\/ccnews.com.ar\/prensa\/wp-content\/uploads\/2021\/05\/PVD6L6YAQJFHHPKYVKDMR2BOGM.jpg?fit=1200%2C776&resize=350%2C200 1x, https:\/\/i0.wp.com\/ccnews.com.ar\/prensa\/wp-content\/uploads\/2021\/05\/PVD6L6YAQJFHHPKYVKDMR2BOGM.jpg?fit=1200%2C776&resize=525%2C300 1,5x, https:\/\/i0.wp.com\/ccnews.com.ar\/prensa\/wp-content\/uploads\/2021\/05\/PVD6L6YAQJFHHPKYVKDMR2BOGM.jpg?fit=1200%2C776&resize=700%2C400 2x, https:\/\/i0.wp.com\/ccnews.com.ar\/prensa\/wp-content\/uploads\/2021\/05\/PVD6L6YAQJFHHPKYVKDMR2BOGM.jpg?fit=1200%2C776&resize=1050%2C600 3x"},"classes":[]},{"id":1905,"url":"http:\/\/ccnews.com.ar\/prensa\/autonomos-y-sin-cabina-de-conduccion-asi-seran-los-camiones-del-futuro\/","url_meta":{"origin":13195,"position":4},"title":"Aut\u00f3nomos y sin cabina de conducci\u00f3n, as\u00ed ser\u00e1n los camiones del futuro","author":"CLUSTERciar","date":"15 octubre, 2016","format":false,"excerpt":"Komatsu anunci\u00f3 un prototipo que prescinde del espacio para el conductor, mientras que Uber busca ingresar en el segmento junto a Otto, una firma especializada en servicios de navegaci\u00f3n para transportistas que adquiri\u00f3 por 680 millones de d\u00f3lares \u00a0 Los veh\u00edculos aut\u00f3nomos no s\u00f3lo se limitan a los coches que\u2026","rel":"","context":"En \u00abTransformaci\u00f3n digital\u00bb","block_context":{"text":"Transformaci\u00f3n digital","link":"http:\/\/ccnews.com.ar\/prensa\/category\/transformacion-digital\/"},"img":{"alt_text":"","src":"","width":0,"height":0},"classes":[]},{"id":3441,"url":"http:\/\/ccnews.com.ar\/prensa\/instalaran-este-ano-la-primera-estacion-para-autos-electricos-en-buenos-aires\/","url_meta":{"origin":13195,"position":5},"title":"Instalar\u00e1n este a\u00f1o la primera estaci\u00f3n para autos el\u00e9ctricos en Buenos Aires","author":"CLUSTERciar","date":"6 marzo, 2017","format":false,"excerpt":"La penetraci\u00f3n de veh\u00edculos h\u00edbridos o el\u00e9ctricos en el mercado argentino es todav\u00eda muy baja, casi inexistente. La brecha con potencias en materia de movilidad el\u00e9ctrica como EE.UU., Jap\u00f3n o Europa es sideral. Sin embargo, algunas novedades invitan a pensar en un cambio del paradigma automotor en el pa\u00eds. En\u2026","rel":"","context":"En \u00abSustentabilidad\u00bb","block_context":{"text":"Sustentabilidad","link":"http:\/\/ccnews.com.ar\/prensa\/category\/sustentabilidad\/"},"img":{"alt_text":"","src":"https:\/\/i0.wp.com\/ccnews.com.ar\/prensa\/wp-content\/uploads\/2017\/03\/Estaci%C3%B3n-el%C3%A9ctrica-Enel-2.jpg?fit=600%2C337&resize=350%2C200","width":350,"height":200,"srcset":"https:\/\/i0.wp.com\/ccnews.com.ar\/prensa\/wp-content\/uploads\/2017\/03\/Estaci%C3%B3n-el%C3%A9ctrica-Enel-2.jpg?fit=600%2C337&resize=350%2C200 1x, https:\/\/i0.wp.com\/ccnews.com.ar\/prensa\/wp-content\/uploads\/2017\/03\/Estaci%C3%B3n-el%C3%A9ctrica-Enel-2.jpg?fit=600%2C337&resize=525%2C300 1,5x"},"classes":[]}],"jetpack_sharing_enabled":true,"_links":{"self":[{"href":"http:\/\/ccnews.com.ar\/prensa\/wp-json\/wp\/v2\/posts\/13195","targetHints":{"allow":["GET"]}}],"collection":[{"href":"http:\/\/ccnews.com.ar\/prensa\/wp-json\/wp\/v2\/posts"}],"about":[{"href":"http:\/\/ccnews.com.ar\/prensa\/wp-json\/wp\/v2\/types\/post"}],"author":[{"embeddable":true,"href":"http:\/\/ccnews.com.ar\/prensa\/wp-json\/wp\/v2\/users\/1"}],"replies":[{"embeddable":true,"href":"http:\/\/ccnews.com.ar\/prensa\/wp-json\/wp\/v2\/comments?post=13195"}],"version-history":[{"count":1,"href":"http:\/\/ccnews.com.ar\/prensa\/wp-json\/wp\/v2\/posts\/13195\/revisions"}],"predecessor-version":[{"id":13199,"href":"http:\/\/ccnews.com.ar\/prensa\/wp-json\/wp\/v2\/posts\/13195\/revisions\/13199"}],"wp:featuredmedia":[{"embeddable":true,"href":"http:\/\/ccnews.com.ar\/prensa\/wp-json\/wp\/v2\/media\/13197"}],"wp:attachment":[{"href":"http:\/\/ccnews.com.ar\/prensa\/wp-json\/wp\/v2\/media?parent=13195"}],"wp:term":[{"taxonomy":"category","embeddable":true,"href":"http:\/\/ccnews.com.ar\/prensa\/wp-json\/wp\/v2\/categories?post=13195"},{"taxonomy":"post_tag","embeddable":true,"href":"http:\/\/ccnews.com.ar\/prensa\/wp-json\/wp\/v2\/tags?post=13195"}],"curies":[{"name":"wp","href":"https:\/\/api.w.org\/{rel}","templated":true}]}}