{"id":13350,"date":"2019-10-22T08:00:19","date_gmt":"2019-10-22T11:00:19","guid":{"rendered":"http:\/\/ccnews.com.ar\/prensa\/?p=13350"},"modified":"2019-10-22T08:43:52","modified_gmt":"2019-10-22T11:43:52","slug":"como-mejorar-la-toma-de-decisiones-en-grupos","status":"publish","type":"post","link":"http:\/\/ccnews.com.ar\/prensa\/como-mejorar-la-toma-de-decisiones-en-grupos\/","title":{"rendered":"C\u00f3mo mejorar la toma de decisiones en grupos"},"content":{"rendered":"\n<p><strong>Un nuevo algoritmo\ncomputacional revela medidas para alcanzar el consenso en grupos<\/strong><\/p>\n\n\n\n<p>La toma de decisiones puede ser un proceso muy subjetivo.\nEsto es especialmente cierto cuando las decisiones deben tomarse en grupos en\nlos que predominan los desacuerdos y las diferencias de opini\u00f3n, por lo que\nresulta dif\u00edcil llegar a un consenso.<\/p>\n\n\n\n<p>En una investigaci\u00f3n basada en an\u00e1lisis ling\u00fc\u00edsticos y\nalgoritmos matem\u00e1ticos se observ\u00f3 c\u00f3mo se expresaban los expertos en entornos\nde toma de decisiones en grupo y se midi\u00f3 su grado de desacuerdo, reticencia y\nconsenso.<\/p>\n\n\n\n<p>\u201cLos t\u00e9rminos ling\u00fc\u00edsticos son un factor clave para\ncomprender la incertidumbre inherente al razonamiento humano a la hora de\nexpresar preferencias\u201d, explica la profesora Agell, y a\u00f1ade: \u201cCuando las\nevaluaciones de quienes toman las decisiones implican vacilaci\u00f3n, la\ninformaci\u00f3n ling\u00fc\u00edstica puede ser una herramienta eficaz para determinar en qu\u00e9\nmedida discrepan y se polarizan las opiniones de los expertos en el grupo\u201d.<\/p>\n\n\n\n<p><strong>Llegar al consenso<\/strong><\/p>\n\n\n\n<p>En caso de diferentes escenarios en la toma de decisiones en\ngrupo, el algoritmo calcula no solo el estado de consenso de los expertos sobre\ncada una de las posibles soluciones, sino tambi\u00e9n el grado de discrepancia\ndentro del grupo, teniendo en cuenta las opiniones indecisas.<\/p>\n\n\n\n<p>Para ello, el sistema analiza expresiones imprecisas y\ndubitativas utilizadas por los expertos y calcula el nivel medio de consenso en\nfunci\u00f3n de la distancia entre la opini\u00f3n predominante en el grupo y la opini\u00f3n\nindividual de cada uno de los expertos.<\/p>\n\n\n\n<p>\u201cLos resultados muestran que el nivel de consenso en los\ngrupos est\u00e1 m\u00e1s cerca del razonamiento de sentido com\u00fan\u201d, afirma la profesora\nAgell, y contin\u00faa: \u201cY la medici\u00f3n de la discrepancia en t\u00e9rminos de las\ndiferencias existentes es crucial para diferenciar entre grupos y encontrar las\nposibles maneras de llegar a un consenso\u201d.<\/p>\n\n\n\n<p><strong>Encontrar a los\nexpertos adecuados<\/strong><\/p>\n\n\n\n<p>A veces, a la hora de elegir a los responsables de la toma\nde decisiones para evaluar diferentes alternativas, conviene un experto\nresuelto en vez de prudente. Otras veces, puede ser \u00fatil contar con un experto\nm\u00e1s inconformista capaz de abrir una puerta a la innovaci\u00f3n. Y a veces es al\nrev\u00e9s.<\/p>\n\n\n\n<p>En su investigaci\u00f3n, los autores dise\u00f1aron un perfil de\nexperto que hace un seguimiento de las evaluaciones previas de los expertos y\ndetermina su grado de precisi\u00f3n y discrepancia en relaci\u00f3n con el equipo\nencargado de la toma de decisiones. Este perfil podr\u00eda ser \u00fatil para cualquiera\nque tenga que elegir a los miembros de un grupo que toma decisiones, ya que puede\nidentificar de antemano las principales caracter\u00edsticas de las evaluaciones de\ncada uno de los posibles miembros.<\/p>\n\n\n\n<p>\u201cPor ejemplo, si queremos tener un comit\u00e9 en el que se\nalcance f\u00e1cilmente el consenso, podemos elegir a responsables cuyas opiniones\nse aproximen a la opini\u00f3n general, lo que se traduce en una baja precisi\u00f3n y\nuna baja discrepancia\u201d, constata la profesora Agell.<\/p>\n\n\n\n<p>\u201cEn cambio, si preferimos un comit\u00e9 en el que se defiendan\ncon firmeza opiniones polarizadas, deber\u00edamos elegir responsables decididos\ncuyas opiniones tiendan a desmarcarse de la opini\u00f3n general, lo que significa\nun alto grado de precisi\u00f3n y discrepancia\u201d.<\/p>\n\n\n\n<p>Los perfiles recogen las actitudes de los expertos en evaluaciones anteriores y pueden ser \u00fatiles para seleccionar a las personas adecuadas para futuros comit\u00e9s o grupos en los que se toman decisiones.<\/p>\n\n\n\n<p>Fuente: Dir&amp;Ge<\/p>\n<!-- AddThis Advanced Settings generic via filter on the_content -->","protected":false},"excerpt":{"rendered":"<p>Un nuevo algoritmo computacional revela medidas para alcanzar el consenso en grupos La toma de decisiones puede ser un proceso<!-- AddThis Advanced Settings generic via filter on get_the_excerpt --><\/p>\n","protected":false},"author":1,"featured_media":13352,"comment_status":"closed","ping_status":"closed","sticky":false,"template":"","format":"standard","meta":{"colormag_page_container_layout":"default_layout","colormag_page_sidebar_layout":"default_layout","jetpack_post_was_ever_published":false,"_jetpack_newsletter_access":"","_jetpack_dont_email_post_to_subs":false,"_jetpack_newsletter_tier_id":0,"_jetpack_memberships_contains_paywalled_content":false,"_jetpack_memberships_contains_paid_content":false,"footnotes":"","jetpack_publicize_message":"#BuenMartes #Management C\u00f3mo mejorar la toma de decisiones en grupos","jetpack_publicize_feature_enabled":true,"jetpack_social_post_already_shared":true,"jetpack_social_options":{"image_generator_settings":{"template":"highway","default_image_id":0,"font":"","enabled":false},"version":2}},"categories":[7],"tags":[17],"class_list":["post-13350","post","type-post","status-publish","format-standard","has-post-thumbnail","hentry","category-management","tag-otros-medios"],"jetpack_publicize_connections":[],"jetpack_featured_media_url":"https:\/\/i0.wp.com\/ccnews.com.ar\/prensa\/wp-content\/uploads\/2019\/10\/shutterstock_741463504-1.jpg?fit=1000%2C667","jetpack_shortlink":"https:\/\/wp.me\/p7L1gj-3tk","jetpack-related-posts":[{"id":5671,"url":"http:\/\/ccnews.com.ar\/prensa\/rapidas-y-sin-furia-como-toman-las-decisiones-las-empresas-mas-creativas\/","url_meta":{"origin":13350,"position":0},"title":"R\u00e1pidas y sin furia: c\u00f3mo toman las decisiones las empresas m\u00e1s creativas","author":"CLUSTERciar","date":"19 octubre, 2017","format":false,"excerpt":"Para copiar - nuevo paradigma: estructuras m\u00e1s horizontales, menor aversi\u00f3n al riesgo y fuerte dinamismo interno son algunas de las claves de estas compa\u00f1\u00edas En un contexto donde la velocidad con la que circula la informaci\u00f3n es vertiginosa y los escenarios de negocios mutan constantemente, la pr\u00f3xima innovaci\u00f3n puede surgir\u2026","rel":"","context":"En \u00abEducaci\u00f3n\/Sociedad\u00bb","block_context":{"text":"Educaci\u00f3n\/Sociedad","link":"http:\/\/ccnews.com.ar\/prensa\/category\/educacion-sociedad\/"},"img":{"alt_text":"","src":"https:\/\/i0.wp.com\/ccnews.com.ar\/prensa\/wp-content\/uploads\/2017\/09\/Untitled-1-1.jpg?fit=1150%2C357&resize=350%2C200","width":350,"height":200,"srcset":"https:\/\/i0.wp.com\/ccnews.com.ar\/prensa\/wp-content\/uploads\/2017\/09\/Untitled-1-1.jpg?fit=1150%2C357&resize=350%2C200 1x, https:\/\/i0.wp.com\/ccnews.com.ar\/prensa\/wp-content\/uploads\/2017\/09\/Untitled-1-1.jpg?fit=1150%2C357&resize=525%2C300 1,5x, https:\/\/i0.wp.com\/ccnews.com.ar\/prensa\/wp-content\/uploads\/2017\/09\/Untitled-1-1.jpg?fit=1150%2C357&resize=700%2C400 2x, https:\/\/i0.wp.com\/ccnews.com.ar\/prensa\/wp-content\/uploads\/2017\/09\/Untitled-1-1.jpg?fit=1150%2C357&resize=1050%2C600 3x"},"classes":[]},{"id":16658,"url":"http:\/\/ccnews.com.ar\/prensa\/como-es-el-consumo-responsable\/","url_meta":{"origin":13350,"position":1},"title":"\u00bfC\u00f3mo es el consumo responsable?","author":"admin","date":"24 junio, 2021","format":false,"excerpt":"Los criterios b\u00e1sicos del consumo responsable son: comercio local con bajas emisiones de bi\u00f3xido de carbono (CO2) y la cercan\u00eda entre productores y consumidores; un proceso de producci\u00f3n respetuoso del ambiente con uso nulo o m\u00ednimo de insumos qu\u00edmicos, promoci\u00f3n de la biodiversidad, pr\u00e1cticas de conservaci\u00f3n de suelos, manejo sustentable\u2026","rel":"","context":"En \u00abManagement\u00bb","block_context":{"text":"Management","link":"http:\/\/ccnews.com.ar\/prensa\/category\/management\/"},"img":{"alt_text":"","src":"https:\/\/i0.wp.com\/ccnews.com.ar\/prensa\/wp-content\/uploads\/2021\/06\/Consumo-local-de-alimentos-1536x1024.jpg?fit=1200%2C800&resize=350%2C200","width":350,"height":200,"srcset":"https:\/\/i0.wp.com\/ccnews.com.ar\/prensa\/wp-content\/uploads\/2021\/06\/Consumo-local-de-alimentos-1536x1024.jpg?fit=1200%2C800&resize=350%2C200 1x, https:\/\/i0.wp.com\/ccnews.com.ar\/prensa\/wp-content\/uploads\/2021\/06\/Consumo-local-de-alimentos-1536x1024.jpg?fit=1200%2C800&resize=525%2C300 1,5x, https:\/\/i0.wp.com\/ccnews.com.ar\/prensa\/wp-content\/uploads\/2021\/06\/Consumo-local-de-alimentos-1536x1024.jpg?fit=1200%2C800&resize=700%2C400 2x, https:\/\/i0.wp.com\/ccnews.com.ar\/prensa\/wp-content\/uploads\/2021\/06\/Consumo-local-de-alimentos-1536x1024.jpg?fit=1200%2C800&resize=1050%2C600 3x"},"classes":[]},{"id":1929,"url":"http:\/\/ccnews.com.ar\/prensa\/equivocarse-esta-bien-es-el-nuevo-mantra-en-el-mundo-de-los-negocios\/","url_meta":{"origin":13350,"position":2},"title":"&#8220;Equivocarse est\u00e1 bien&#8221; es el nuevo mantra en el mundo de los negocios","author":"CLUSTERciar","date":"19 octubre, 2016","format":false,"excerpt":"Ante contextos desordenados hace falta un liderazgo m\u00e1s experimental que vea al fracaso como un aprendizaje En\u00a0los \u00faltimos tiempos parece que los dirigentes del mundo y de las empresas se han vuelto menos profesionales, abundan los errores y muchas decisiones importantes son revertidas. Los t\u00edtulos de las noticias son repetitivos:\u2026","rel":"","context":"En \u00abManagement\u00bb","block_context":{"text":"Management","link":"http:\/\/ccnews.com.ar\/prensa\/category\/management\/"},"img":{"alt_text":"","src":"","width":0,"height":0},"classes":[]},{"id":12913,"url":"http:\/\/ccnews.com.ar\/prensa\/un-robot-puede-ser-un-lider\/","url_meta":{"origin":13350,"position":3},"title":"\u00bfUn robot puede ser un l\u00edder?","author":"admin","date":"12 septiembre, 2019","format":false,"excerpt":"La inteligencia artificial (IA) es cada vez m\u00e1s capaz de tomar decisiones en situaciones complejas. Las m\u00e1quinas digitales est\u00e1n reemplazando todo tipo de trabajos humanos, ya sean repetitivos, espec\u00edficos, manuales o cognitivos. Sin embargo, existe un preocupante lado oscuro de esta potente fuerza. Nos bombardean constantemente con noticias sobre los\u2026","rel":"","context":"En \u00abManagement\u00bb","block_context":{"text":"Management","link":"http:\/\/ccnews.com.ar\/prensa\/category\/management\/"},"img":{"alt_text":"","src":"https:\/\/i0.wp.com\/ccnews.com.ar\/prensa\/wp-content\/uploads\/2019\/09\/366-1024x724.jpg?fit=1024%2C724&resize=350%2C200","width":350,"height":200,"srcset":"https:\/\/i0.wp.com\/ccnews.com.ar\/prensa\/wp-content\/uploads\/2019\/09\/366-1024x724.jpg?fit=1024%2C724&resize=350%2C200 1x, https:\/\/i0.wp.com\/ccnews.com.ar\/prensa\/wp-content\/uploads\/2019\/09\/366-1024x724.jpg?fit=1024%2C724&resize=525%2C300 1,5x, https:\/\/i0.wp.com\/ccnews.com.ar\/prensa\/wp-content\/uploads\/2019\/09\/366-1024x724.jpg?fit=1024%2C724&resize=700%2C400 2x"},"classes":[]},{"id":14162,"url":"http:\/\/ccnews.com.ar\/prensa\/es-posible-ganar-ganar-en-nuestra-sociedad\/","url_meta":{"origin":13350,"position":4},"title":"\u00bfEs posible &#8220;ganar-ganar&#8221; en nuestra sociedad?","author":"admin","date":"7 enero, 2020","format":false,"excerpt":"El principio ganar-ganar no solo \"es posible\", sino que es la \u00fanica manera de mantener una relaci\u00f3n sana, de trabajo, comercial, familiar, de amistad, etc\u00e9tera. Hablar de servicios p\u00fablicos sostenibles sin pensar en las personas no tiene mucho sentido. En cualquier tipo de relaci\u00f3n, las partes involucradas tratan de estirar\u2026","rel":"","context":"En \u00abEducaci\u00f3n\/Sociedad\u00bb","block_context":{"text":"Educaci\u00f3n\/Sociedad","link":"http:\/\/ccnews.com.ar\/prensa\/category\/educacion-sociedad\/"},"img":{"alt_text":"","src":"https:\/\/i0.wp.com\/ccnews.com.ar\/prensa\/wp-content\/uploads\/2020\/01\/ganar-ganar-leyenda-daniel-colombo.jpg?fit=1200%2C666&resize=350%2C200","width":350,"height":200,"srcset":"https:\/\/i0.wp.com\/ccnews.com.ar\/prensa\/wp-content\/uploads\/2020\/01\/ganar-ganar-leyenda-daniel-colombo.jpg?fit=1200%2C666&resize=350%2C200 1x, https:\/\/i0.wp.com\/ccnews.com.ar\/prensa\/wp-content\/uploads\/2020\/01\/ganar-ganar-leyenda-daniel-colombo.jpg?fit=1200%2C666&resize=525%2C300 1,5x, https:\/\/i0.wp.com\/ccnews.com.ar\/prensa\/wp-content\/uploads\/2020\/01\/ganar-ganar-leyenda-daniel-colombo.jpg?fit=1200%2C666&resize=700%2C400 2x, https:\/\/i0.wp.com\/ccnews.com.ar\/prensa\/wp-content\/uploads\/2020\/01\/ganar-ganar-leyenda-daniel-colombo.jpg?fit=1200%2C666&resize=1050%2C600 3x"},"classes":[]},{"id":8109,"url":"http:\/\/ccnews.com.ar\/prensa\/si-tiene-estas-9-cualidades-puede-ser-un-gran-lider-en-la-empresa\/","url_meta":{"origin":13350,"position":5},"title":"Si tiene estas 9 cualidades, puede ser un gran l\u00edder en la empresa","author":"admin","date":"19 junio, 2018","format":false,"excerpt":"Honestidad, confianza y simpat\u00eda son algunas de las cualidades que poseen los mejores l\u00edderes. Descubra si usted tiene estas caracter\u00edsticas Cu\u00e1les son las nueve\u00a0cualidades\u00a0esenciales que posee un verdadero\u00a0l\u00edder? De acuerdo con un art\u00edculo publicado por Peter Economy, autor de libros como \"Ser Jefes para Dummies\" y editor asociado de Leader\u2026","rel":"","context":"En \u00abManagement\u00bb","block_context":{"text":"Management","link":"http:\/\/ccnews.com.ar\/prensa\/category\/management\/"},"img":{"alt_text":"","src":"https:\/\/i0.wp.com\/ccnews.com.ar\/prensa\/wp-content\/uploads\/2018\/06\/lider2.jpg?fit=600%2C400&resize=350%2C200","width":350,"height":200,"srcset":"https:\/\/i0.wp.com\/ccnews.com.ar\/prensa\/wp-content\/uploads\/2018\/06\/lider2.jpg?fit=600%2C400&resize=350%2C200 1x, https:\/\/i0.wp.com\/ccnews.com.ar\/prensa\/wp-content\/uploads\/2018\/06\/lider2.jpg?fit=600%2C400&resize=525%2C300 1,5x"},"classes":[]}],"jetpack_sharing_enabled":true,"_links":{"self":[{"href":"http:\/\/ccnews.com.ar\/prensa\/wp-json\/wp\/v2\/posts\/13350","targetHints":{"allow":["GET"]}}],"collection":[{"href":"http:\/\/ccnews.com.ar\/prensa\/wp-json\/wp\/v2\/posts"}],"about":[{"href":"http:\/\/ccnews.com.ar\/prensa\/wp-json\/wp\/v2\/types\/post"}],"author":[{"embeddable":true,"href":"http:\/\/ccnews.com.ar\/prensa\/wp-json\/wp\/v2\/users\/1"}],"replies":[{"embeddable":true,"href":"http:\/\/ccnews.com.ar\/prensa\/wp-json\/wp\/v2\/comments?post=13350"}],"version-history":[{"count":1,"href":"http:\/\/ccnews.com.ar\/prensa\/wp-json\/wp\/v2\/posts\/13350\/revisions"}],"predecessor-version":[{"id":13354,"href":"http:\/\/ccnews.com.ar\/prensa\/wp-json\/wp\/v2\/posts\/13350\/revisions\/13354"}],"wp:featuredmedia":[{"embeddable":true,"href":"http:\/\/ccnews.com.ar\/prensa\/wp-json\/wp\/v2\/media\/13352"}],"wp:attachment":[{"href":"http:\/\/ccnews.com.ar\/prensa\/wp-json\/wp\/v2\/media?parent=13350"}],"wp:term":[{"taxonomy":"category","embeddable":true,"href":"http:\/\/ccnews.com.ar\/prensa\/wp-json\/wp\/v2\/categories?post=13350"},{"taxonomy":"post_tag","embeddable":true,"href":"http:\/\/ccnews.com.ar\/prensa\/wp-json\/wp\/v2\/tags?post=13350"}],"curies":[{"name":"wp","href":"https:\/\/api.w.org\/{rel}","templated":true}]}}