{"id":13426,"date":"2019-10-31T08:00:08","date_gmt":"2019-10-31T11:00:08","guid":{"rendered":"http:\/\/ccnews.com.ar\/prensa\/?p=13426"},"modified":"2019-10-31T08:26:07","modified_gmt":"2019-10-31T11:26:07","slug":"neuquen-impulsa-un-plan-para-evitar-la-caida-de-las-inversiones-en-vaca-muerta","status":"publish","type":"post","link":"http:\/\/ccnews.com.ar\/prensa\/neuquen-impulsa-un-plan-para-evitar-la-caida-de-las-inversiones-en-vaca-muerta\/","title":{"rendered":"Neuqu\u00e9n impulsa un plan para evitar la ca\u00edda de las inversiones en Vaca Muerta"},"content":{"rendered":"\n<p><strong>La iniciativa\ncontempla tanto el precio del petr\u00f3leo, los combustibles y el gas natural.\nBusca generar herramientas que permitan amortiguar saltos tarifarios y generar\nuna nueva tarifa social para los sectores m\u00e1s carenciados.<\/strong><\/p>\n\n\n\n<p>El gobierno neuquino elabor\u00f3 un plan para mitigar la crisis\nque hoy enfrenta Vaca Muerta a partir del congelamiento del barril y el control\nde divisas, que amenaza a las inversiones anunciadas para los pr\u00f3ximos cuatro\na\u00f1os que representan 24.391 millones de d\u00f3lares.<\/p>\n\n\n\n<p>Uno de los ejes de la iniciativa es la liberaci\u00f3n del precio\ndel barril dado que es sostiene que a la vez que mella las inversiones y hace\ncaer la producci\u00f3n, lleva a una reducci\u00f3n en los impuestos que percibe el mismo\nEstado nacional.<\/p>\n\n\n\n<p>La propuesta contempla la aplicaci\u00f3n de una especie de\nfuelle por medio del Impuesto a los Combustibles L\u00edquidos (ICL) que marca que\nante una disparada de las variables que hacen subir las naftas, como son el\nprecio del crudo y la cotizaci\u00f3n de d\u00f3lar, el ICL baje para amortiguar el\nimpacto en los surtidores, y vuelva a subir cuando las condiciones cambien.<\/p>\n\n\n\n<p>La cuenta que toma Neuqu\u00e9n es que sobre el valor del litro\nde nafta cerca del 40% corresponde a impuestos y es por esto que permitir\u00edan\nabsorber las subas y mantener los surtidores en lo que se defini\u00f3 como \u201cvalores\nrazonables\u201d.<\/p>\n\n\n\n<p>La segunda iniciativa tiene que ver con el gas y la\nnecesidad de evitar que un congelamiento en la tarifa marque que no s\u00f3lo no se\nalcance el autoabastecimiento -este a\u00f1o se importaron 24 buques de GNL- sino\ntambi\u00e9n eludir la necesidad de tener que volver a importar una cuantiosa\ncantidad del fluido.<\/p>\n\n\n\n<p>Para esto se propuso crear un fondo compensador formado por\nimpuestos nacionales y de las provincias productoras de hidrocarburos, nutridos\nde la mayor producci\u00f3n de gas, que permitan establecer una tarifa social para\nlos usuarios residenciales de menos recursos.<\/p>\n\n\n\n<p>La iniciativa se\u00f1ala que esta tarifa se aplicar\u00eda en los\nmeses de mayor consumo que van de mayo a septiembre.<\/p>\n\n\n\n<p>*Por Victoria Terzaghi<\/p>\n\n\n\n<p>Fuente: Diario R\u00edo Negro<\/p>\n<!-- AddThis Advanced Settings generic via filter on the_content -->","protected":false},"excerpt":{"rendered":"<p>La iniciativa contempla tanto el precio del petr\u00f3leo, los combustibles y el gas natural. Busca generar herramientas que permitan amortiguar<!-- AddThis Advanced Settings generic via filter on get_the_excerpt --><\/p>\n","protected":false},"author":1,"featured_media":13428,"comment_status":"closed","ping_status":"closed","sticky":false,"template":"","format":"standard","meta":{"colormag_page_container_layout":"default_layout","colormag_page_sidebar_layout":"default_layout","jetpack_post_was_ever_published":false,"_jetpack_newsletter_access":"","_jetpack_dont_email_post_to_subs":false,"_jetpack_newsletter_tier_id":0,"_jetpack_memberships_contains_paywalled_content":false,"_jetpack_memberships_contains_paid_content":false,"footnotes":"","jetpack_publicize_message":"#BuenJueves #Inspecci\u00f3n Neuqu\u00e9n impulsa un plan para evitar la ca\u00edda de las inversiones en Vaca Muerta","jetpack_publicize_feature_enabled":true,"jetpack_social_post_already_shared":true,"jetpack_social_options":{"image_generator_settings":{"template":"highway","default_image_id":0,"font":"","enabled":false},"version":2}},"categories":[11],"tags":[17],"class_list":["post-13426","post","type-post","status-publish","format-standard","has-post-thumbnail","hentry","category-energia-y-produccion","tag-otros-medios"],"jetpack_publicize_connections":[],"jetpack_featured_media_url":"https:\/\/i0.wp.com\/ccnews.com.ar\/prensa\/wp-content\/uploads\/2019\/10\/Imagen-AAG.NQN-10.01.jpg?fit=920%2C517","jetpack_shortlink":"https:\/\/wp.me\/p7L1gj-3uy","jetpack-related-posts":[{"id":15374,"url":"http:\/\/ccnews.com.ar\/prensa\/el-barril-a-20-dolares-aleja-las-inversiones-en-vaca-muerta\/","url_meta":{"origin":13426,"position":0},"title":"El barril a 20 d\u00f3lares aleja las inversiones en Vaca Muerta","author":"Editor","date":"23 abril, 2020","format":false,"excerpt":"La cotizaci\u00f3n del Brent opera en valores que no hacen rentable el desarrollo de no convencionales en el pa\u00eds. Los campos maduros tambi\u00e9n se ven afectados.","rel":"","context":"En \u00abEnerg\u00eda y Producci\u00f3n\u00bb","block_context":{"text":"Energ\u00eda y Producci\u00f3n","link":"http:\/\/ccnews.com.ar\/prensa\/category\/energia-y-produccion\/"},"img":{"alt_text":"","src":"https:\/\/i0.wp.com\/ccnews.com.ar\/prensa\/wp-content\/uploads\/2020\/04\/Fracturas.png?fit=920%2C517&resize=350%2C200","width":350,"height":200,"srcset":"https:\/\/i0.wp.com\/ccnews.com.ar\/prensa\/wp-content\/uploads\/2020\/04\/Fracturas.png?fit=920%2C517&resize=350%2C200 1x, https:\/\/i0.wp.com\/ccnews.com.ar\/prensa\/wp-content\/uploads\/2020\/04\/Fracturas.png?fit=920%2C517&resize=525%2C300 1,5x, https:\/\/i0.wp.com\/ccnews.com.ar\/prensa\/wp-content\/uploads\/2020\/04\/Fracturas.png?fit=920%2C517&resize=700%2C400 2x"},"classes":[]},{"id":15294,"url":"http:\/\/ccnews.com.ar\/prensa\/derrumbe-internacional-del-petroleo-como-impactara-en-vaca-muerta-y-en-el-precio-local-de-los-combustibles\/","url_meta":{"origin":13426,"position":1},"title":"Derrumbe internacional del petr\u00f3leo: c\u00f3mo impactar\u00e1 en Vaca Muerta y en el precio local de los combustibles","author":"Editor","date":"21 abril, 2020","format":false,"excerpt":"La abrupta ca\u00edda de los precios internacionales no tendr\u00e1 un efecto directo en los precios de la nafta y el gasoil en los surtidores locales. Qu\u00e9 pasar\u00e1 con la producci\u00f3n en la Patagonia Los valores internacionales no se reflejar\u00e1n en los precios las estaciones de servicio Los precios internacionales del\u2026","rel":"","context":"En \u00abEnerg\u00eda y Producci\u00f3n\u00bb","block_context":{"text":"Energ\u00eda y Producci\u00f3n","link":"http:\/\/ccnews.com.ar\/prensa\/category\/energia-y-produccion\/"},"img":{"alt_text":"","src":"https:\/\/i0.wp.com\/ccnews.com.ar\/prensa\/wp-content\/uploads\/2020\/04\/petroleo.jpg?fit=960%2C640&resize=350%2C200","width":350,"height":200,"srcset":"https:\/\/i0.wp.com\/ccnews.com.ar\/prensa\/wp-content\/uploads\/2020\/04\/petroleo.jpg?fit=960%2C640&resize=350%2C200 1x, https:\/\/i0.wp.com\/ccnews.com.ar\/prensa\/wp-content\/uploads\/2020\/04\/petroleo.jpg?fit=960%2C640&resize=525%2C300 1,5x, https:\/\/i0.wp.com\/ccnews.com.ar\/prensa\/wp-content\/uploads\/2020\/04\/petroleo.jpg?fit=960%2C640&resize=700%2C400 2x"},"classes":[]},{"id":12602,"url":"http:\/\/ccnews.com.ar\/prensa\/la-segunda-sequia-llega-a-vaca-muerta\/","url_meta":{"origin":13426,"position":2},"title":"La segunda sequ\u00eda llega a Vaca Muerta","author":"admin","date":"22 agosto, 2019","format":false,"excerpt":"El congelamiento del valor del barril dictaminado por Naci\u00f3n pone en jaque la actividad en la llamada \"segunda Pampa H\u00fameda\". Las operadoras reconocen que viven un momento de incertidumbre y esperan cambios en la norma. La publicaci\u00f3n y el sostenimiento del Decreto de Necesidad y Urgencia 566\/19 que instaur\u00f3 un\u2026","rel":"","context":"En \u00abEnerg\u00eda y Producci\u00f3n\u00bb","block_context":{"text":"Energ\u00eda y Producci\u00f3n","link":"http:\/\/ccnews.com.ar\/prensa\/category\/energia-y-produccion\/"},"img":{"alt_text":"","src":"https:\/\/i0.wp.com\/ccnews.com.ar\/prensa\/wp-content\/uploads\/2019\/08\/Imagen-A%C3%B1elo-Torre-de-perforacion-atardec-10879595.jpg?fit=900%2C520&resize=350%2C200","width":350,"height":200,"srcset":"https:\/\/i0.wp.com\/ccnews.com.ar\/prensa\/wp-content\/uploads\/2019\/08\/Imagen-A%C3%B1elo-Torre-de-perforacion-atardec-10879595.jpg?fit=900%2C520&resize=350%2C200 1x, https:\/\/i0.wp.com\/ccnews.com.ar\/prensa\/wp-content\/uploads\/2019\/08\/Imagen-A%C3%B1elo-Torre-de-perforacion-atardec-10879595.jpg?fit=900%2C520&resize=525%2C300 1,5x, https:\/\/i0.wp.com\/ccnews.com.ar\/prensa\/wp-content\/uploads\/2019\/08\/Imagen-A%C3%B1elo-Torre-de-perforacion-atardec-10879595.jpg?fit=900%2C520&resize=700%2C400 2x"},"classes":[]},{"id":14142,"url":"http:\/\/ccnews.com.ar\/prensa\/como-impacta-en-vaca-muerta-el-bombardeo-en-irak\/","url_meta":{"origin":13426,"position":3},"title":"\u00bfC\u00f3mo impacta en Vaca Muerta el bombardeo en Irak?","author":"admin","date":"4 enero, 2020","format":false,"excerpt":"La suba del petr\u00f3leo suma un factor para la discordia en la industria petrolera: el barril en Argentina no expresa el precio internacional en la venta de los combustibles, una variable que Naci\u00f3n frena para combatir la inflaci\u00f3n. El incremento del 4% en un d\u00eda coloca al crudo en 68\u2026","rel":"","context":"En \u00abEnerg\u00eda y Producci\u00f3n\u00bb","block_context":{"text":"Energ\u00eda y Producci\u00f3n","link":"http:\/\/ccnews.com.ar\/prensa\/category\/energia-y-produccion\/"},"img":{"alt_text":"","src":"https:\/\/i0.wp.com\/ccnews.com.ar\/prensa\/wp-content\/uploads\/2020\/01\/0004270377.jpg?fit=730%2C339&resize=350%2C200","width":350,"height":200,"srcset":"https:\/\/i0.wp.com\/ccnews.com.ar\/prensa\/wp-content\/uploads\/2020\/01\/0004270377.jpg?fit=730%2C339&resize=350%2C200 1x, https:\/\/i0.wp.com\/ccnews.com.ar\/prensa\/wp-content\/uploads\/2020\/01\/0004270377.jpg?fit=730%2C339&resize=525%2C300 1,5x, https:\/\/i0.wp.com\/ccnews.com.ar\/prensa\/wp-content\/uploads\/2020\/01\/0004270377.jpg?fit=730%2C339&resize=700%2C400 2x"},"classes":[]},{"id":14254,"url":"http:\/\/ccnews.com.ar\/prensa\/la-volatilidad-del-petroleo-perjudicaria-a-vaca-muerta\/","url_meta":{"origin":13426,"position":4},"title":"La volatilidad del petr\u00f3leo perjudicar\u00eda a Vaca Muerta","author":"admin","date":"14 enero, 2020","format":false,"excerpt":"Para el economista Gonzalo Echegaray las fluctuaciones de precios potenciadas por la crisis entre Estados Unidos e Ir\u00e1n impactar\u00e1n en una baja de las inversiones. Traz\u00f3 un complejo escenario para las pymes a ra\u00edz de la ca\u00edda en la actividad. El conflicto abierto entre Estados Unidos e Ir\u00e1n, que ya\u2026","rel":"","context":"En \u00abEnerg\u00eda y Producci\u00f3n\u00bb","block_context":{"text":"Energ\u00eda y Producci\u00f3n","link":"http:\/\/ccnews.com.ar\/prensa\/category\/energia-y-produccion\/"},"img":{"alt_text":"","src":"https:\/\/i0.wp.com\/ccnews.com.ar\/prensa\/wp-content\/uploads\/2020\/01\/Imagen-AG.NQN-03.12.jpg?fit=920%2C517&resize=350%2C200","width":350,"height":200,"srcset":"https:\/\/i0.wp.com\/ccnews.com.ar\/prensa\/wp-content\/uploads\/2020\/01\/Imagen-AG.NQN-03.12.jpg?fit=920%2C517&resize=350%2C200 1x, https:\/\/i0.wp.com\/ccnews.com.ar\/prensa\/wp-content\/uploads\/2020\/01\/Imagen-AG.NQN-03.12.jpg?fit=920%2C517&resize=525%2C300 1,5x, https:\/\/i0.wp.com\/ccnews.com.ar\/prensa\/wp-content\/uploads\/2020\/01\/Imagen-AG.NQN-03.12.jpg?fit=920%2C517&resize=700%2C400 2x"},"classes":[]},{"id":8003,"url":"http:\/\/ccnews.com.ar\/prensa\/crece-la-inversion-en-vaca-muerta\/","url_meta":{"origin":13426,"position":5},"title":"Crece la inversi\u00f3n en Vaca Muerta","author":"admin","date":"8 junio, 2018","format":false,"excerpt":"YPF proyecta desembolsar US$ 1.400 M en infraestructura para el plan quinquenal que har\u00e1 foco en el transporte Crece la inversi\u00f3n en infraestructura para Vaca Muerta. El plan quinquenal que la petrolera de bandera argentina present\u00f3 a fines del a\u00f1o pasado centra los esfuerzos de la compa\u00f1\u00eda en generar un\u2026","rel":"","context":"En \u00abEnerg\u00eda y Producci\u00f3n\u00bb","block_context":{"text":"Energ\u00eda y Producci\u00f3n","link":"http:\/\/ccnews.com.ar\/prensa\/category\/energia-y-produccion\/"},"img":{"alt_text":"","src":"https:\/\/i0.wp.com\/ccnews.com.ar\/prensa\/wp-content\/uploads\/2018\/06\/Vaca-Muerta-Rincon-del-Mangrullo-Pepe-Delloro-bbva-frances-argentina-bbva-1920x1323.jpg?fit=1200%2C827&resize=350%2C200","width":350,"height":200,"srcset":"https:\/\/i0.wp.com\/ccnews.com.ar\/prensa\/wp-content\/uploads\/2018\/06\/Vaca-Muerta-Rincon-del-Mangrullo-Pepe-Delloro-bbva-frances-argentina-bbva-1920x1323.jpg?fit=1200%2C827&resize=350%2C200 1x, https:\/\/i0.wp.com\/ccnews.com.ar\/prensa\/wp-content\/uploads\/2018\/06\/Vaca-Muerta-Rincon-del-Mangrullo-Pepe-Delloro-bbva-frances-argentina-bbva-1920x1323.jpg?fit=1200%2C827&resize=525%2C300 1,5x, https:\/\/i0.wp.com\/ccnews.com.ar\/prensa\/wp-content\/uploads\/2018\/06\/Vaca-Muerta-Rincon-del-Mangrullo-Pepe-Delloro-bbva-frances-argentina-bbva-1920x1323.jpg?fit=1200%2C827&resize=700%2C400 2x, https:\/\/i0.wp.com\/ccnews.com.ar\/prensa\/wp-content\/uploads\/2018\/06\/Vaca-Muerta-Rincon-del-Mangrullo-Pepe-Delloro-bbva-frances-argentina-bbva-1920x1323.jpg?fit=1200%2C827&resize=1050%2C600 3x"},"classes":[]}],"jetpack_sharing_enabled":true,"_links":{"self":[{"href":"http:\/\/ccnews.com.ar\/prensa\/wp-json\/wp\/v2\/posts\/13426","targetHints":{"allow":["GET"]}}],"collection":[{"href":"http:\/\/ccnews.com.ar\/prensa\/wp-json\/wp\/v2\/posts"}],"about":[{"href":"http:\/\/ccnews.com.ar\/prensa\/wp-json\/wp\/v2\/types\/post"}],"author":[{"embeddable":true,"href":"http:\/\/ccnews.com.ar\/prensa\/wp-json\/wp\/v2\/users\/1"}],"replies":[{"embeddable":true,"href":"http:\/\/ccnews.com.ar\/prensa\/wp-json\/wp\/v2\/comments?post=13426"}],"version-history":[{"count":1,"href":"http:\/\/ccnews.com.ar\/prensa\/wp-json\/wp\/v2\/posts\/13426\/revisions"}],"predecessor-version":[{"id":13430,"href":"http:\/\/ccnews.com.ar\/prensa\/wp-json\/wp\/v2\/posts\/13426\/revisions\/13430"}],"wp:featuredmedia":[{"embeddable":true,"href":"http:\/\/ccnews.com.ar\/prensa\/wp-json\/wp\/v2\/media\/13428"}],"wp:attachment":[{"href":"http:\/\/ccnews.com.ar\/prensa\/wp-json\/wp\/v2\/media?parent=13426"}],"wp:term":[{"taxonomy":"category","embeddable":true,"href":"http:\/\/ccnews.com.ar\/prensa\/wp-json\/wp\/v2\/categories?post=13426"},{"taxonomy":"post_tag","embeddable":true,"href":"http:\/\/ccnews.com.ar\/prensa\/wp-json\/wp\/v2\/tags?post=13426"}],"curies":[{"name":"wp","href":"https:\/\/api.w.org\/{rel}","templated":true}]}}