{"id":13544,"date":"2019-11-10T08:00:44","date_gmt":"2019-11-10T11:00:44","guid":{"rendered":"http:\/\/ccnews.com.ar\/prensa\/?p=13544"},"modified":"2019-11-08T16:19:43","modified_gmt":"2019-11-08T19:19:43","slug":"los-envios-de-gas-a-chile-superan-la-importacion-de-gnl","status":"publish","type":"post","link":"http:\/\/ccnews.com.ar\/prensa\/los-envios-de-gas-a-chile-superan-la-importacion-de-gnl\/","title":{"rendered":"Los env\u00edos de gas a Chile superan la importaci\u00f3n de GNL"},"content":{"rendered":"\n<p><strong>Este a\u00f1o Argentina\nimport\u00f3 26 buques metaneros, pero las exportaciones de gas natural suman el\nequivalente a m\u00e1s de 27 cargueros. Los contratos en firme no despertaron\ninter\u00e9s en el vecino pa\u00eds y el precio contin\u00faa a la baja.<\/strong><\/p>\n\n\n\n<p>En octubre del a\u00f1o pasado el gas natural argentino volvi\u00f3 a\nfluir hacia Chile tras once a\u00f1os en los que el declino de la producci\u00f3n marc\u00f3\nno s\u00f3lo el abrupto corte de la senda exportadora sino tambi\u00e9n la disparada de\nlas importaciones. El balance de este a\u00f1o muestra que la tendencia ha comenzado\na revertirse dado que las exportaciones al vecino pa\u00eds superaron en volumen a\nlas importaciones de buques metaneros.<\/p>\n\n\n\n<p>Hasta septiembre pasado el pa\u00eds import\u00f3 un total de 26\nbuques metaneros que descargaron su gas natural licuado (GNL) en el puerto de\nEscobar.<\/p>\n\n\n\n<p>Este volumen representa una ca\u00edda internanual del 53% en lo\nque hace a la cantidad de buques que ingresaron al pa\u00eds, dado que en 2018\nhab\u00edan sido 34 los barcos que descargaron en Escobar y 22 los que amarraron en\nBah\u00eda Blanca, en la barcaza regasificadora que dej\u00f3 el pa\u00eds a fines del a\u00f1o\npasado.<\/p>\n\n\n\n<p><strong>En n\u00fameros<\/strong><\/p>\n\n\n\n<p><strong>1.560 millones de\nmetros c\u00fabicos suman las exportaciones de gas natural hacia Chile en los\nprimeros diez meses del a\u00f1o.<\/strong><\/p>\n\n\n\n<p>En tanto que las exportaciones de gas natural hacia Chile alcanzaron\nen los primeros nueve meses de este a\u00f1o los 1.445 millones de metros c\u00fabicos.\nDurante el mes pasado fueron m\u00e1s de 120 millones los que se adicionaron, dado\nque, con el inicio de la primavera, comienza la temporada alta de env\u00edos al\nexterior.<\/p>\n\n\n\n<p>Ese volumen total es superior a los 1.560 millones de metros\nc\u00fabicos y representa el equivalente a m\u00e1s de 27 buques metaneros, por lo cual\npor primera vez desde el inicio de las importaciones de gas natural licuado la\nbalanza energ\u00e9tica en este punto es favorable a la producci\u00f3n nacional.<\/p>\n\n\n\n<p>Ahora bien, en t\u00e9rminos econ\u00f3micos la ecuaci\u00f3n no es igual y\narroja un saldo negativo. Es que los buques de GNL se importaron este a\u00f1o a\nvalores que fueron desde los 6,7 a los 4,2 d\u00f3lares por mill\u00f3n de BTU (la unidad\nde medici\u00f3n brit\u00e1nica utilizada para el gas), precios a los cuales se debe\nadicionar el costo de regasificaci\u00f3n y transporte.<\/p>\n\n\n\n<p><strong>En n\u00fameros<\/strong><\/p>\n\n\n\n<p><strong>2,33 d\u00f3lares por\nmill\u00f3n de BTUes el precio m\u00e1s bajo pactado para una exportaci\u00f3n.<\/strong><\/p>\n\n\n\n<p>De esta forma el valor final del gas importado ronda los 7\nd\u00f3lares -aunque con una tendencia a la baja- mientras que el gas que fluy\u00f3\nhacia Chile lo hizo a precios que fueron desde los 5 a los 2,33 d\u00f3lares por\nmill\u00f3n de BTU, es decir a pr\u00e1cticamente la mitad del precio de importaci\u00f3n.<\/p>\n\n\n\n<p><strong>Precios en picada<\/strong><\/p>\n\n\n\n<p>La llegada de la primavera marc\u00f3 dos tendencias negativas\npara el gas nacional que cruza Los Andes. Por un lado el precio promedio se\ndesplom\u00f3, llegando a registrarse contratos de exportaci\u00f3n por 2,33 d\u00f3lares por\nmill\u00f3n de BTU, un valor que est\u00e1 por debajo del mismo costo de producci\u00f3n.<\/p>\n\n\n\n<p>Las razones centrales de esta ca\u00edda del precio es la\nsobreoferta del gas argentino en esta \u00e9poca del a\u00f1o en la que el mercado\nnacional se achica, y el impacto que generan los contratos a corto plazo y de\ntipo interrumpible, con los que el mercado chileno se siente c\u00f3modo.<\/p>\n\n\n\n<p><strong>En n\u00fameros<\/strong><\/p>\n\n\n\n<p><strong>7 d\u00f3lares es el valor\npromedio para el gas de los buques metaneros. Si bien tiende a la baja, es m\u00e1s\ncaro que el nacional.<\/strong><\/p>\n\n\n\n<p>Desde Naci\u00f3n se avanz\u00f3 en dar respuesta al pedido de las\nproductoras de gas para permitir contratos de exportaci\u00f3n en firme, pero la\nletra chica de la habilitaci\u00f3n lanzada en agosto termin\u00f3 frustrando la\niniciativa que apenas sum\u00f3 convenios por 2 millones de metros c\u00fabicos por d\u00eda.<\/p>\n\n\n\n<p>Esta es la segunda tendencia negativa que la primavera est\u00e1\nreflejando, dado que tanto para los productores locales como para los\ncompradores chilenos, el plan de exportaci\u00f3n en firme no es atractivo.<\/p>\n\n\n\n<p>En el caso de las petroleras, el principal problema radica\nen que la norma que habilit\u00f3 el sistema fija que en caso de una necesidad del\nmercado nacional ser\u00e1 la exportadora la que deba hacer frente al costo que\nimplicar\u00eda el eventual uso de otras fuentes energ\u00e9ticas como pueden ser el fuel\noil o el gasoil para dar respuesta a la demanda en el pa\u00eds.<\/p>\n\n\n\n<p>Mientras que los compradores chilenos por un lado ven que el precio que pueden negociar se incrementa en 10 a 15 centavos de d\u00f3lar por mill\u00f3n de BTU, un plus que est\u00e1 destinados a formar un fondo ante la eventual necesidad argentina de usar otros combustibles.<\/p>\n\n\n\n<figure class=\"wp-block-image\"><img data-recalc-dims=\"1\" decoding=\"async\" src=\"https:\/\/i0.wp.com\/www.rionegro.com.ar\/wp-content\/uploads\/2019\/11\/Imagen-Dlt3KJAWsAEEiOm.jpg?w=800&#038;ssl=1\" alt=\"\"\/><figcaption> <strong>Fort\u00edn de Piedra,<\/strong>\u00a0de Tecpetrol, es el principal bloque productor de gas del pa\u00eds y Vaca Muerta. <\/figcaption><\/figure>\n\n\n\n<p>Pero por el otro lado tambi\u00e9n se mostraron reacios a la\nmodalidad contractual propuesta en la norma que es take or pay (tomar o pagar),\nes decir que reciban o no el gas de igual modo deber\u00e1n pagarlo.<\/p>\n\n\n\n<p>En este \u00faltimo punto es donde la desconfianza generada por\nArgentina en el mercado chileno cobra peso, dado que mientras a\u00fan est\u00e1 fresco\nel corte repentino de las exportaciones que se hizo en 2007, tambi\u00e9n las firmas\nse mostraron temerosas de que las productoras argentinas no puedan cumplir con\nla producci\u00f3n pautada a ra\u00edz de la crisis macroecon\u00f3mica que atraviesa el pa\u00eds\ny que impacta con medidas como el control de divisas en la producci\u00f3n de gas.<\/p>\n\n\n\n<p><strong>Recuperar confianza<\/strong><\/p>\n\n\n\n<p>A fines de agosto el secretario de Energ\u00eda de la Naci\u00f3n,\nGustavo Lopetegui particip\u00f3 de un encuentro binacional en Loma Campana con las\nprincipales empresas chilenas que compran el gas argentino. El mensaje que se\nbusc\u00f3 dar es que la producci\u00f3n est\u00e1 en crecimiento y que a Argentina le sobra gas\npara exportar.<\/p>\n\n\n\n<p>Sin embargo el mensaje parece no haber cambiado la opini\u00f3n\ndel mercado chileno que ve c\u00f3mo desde las elecciones PASO el pa\u00eds comenz\u00f3 a\ndesestabilizarse y la industria petrolera, incluyendo a Vaca Muerta, qued\u00f3\nentrampada en una serie de medidas entre las que cala profundo el control de\ndivisas.<\/p>\n\n\n\n<p><strong>Comenz\u00f3 la temporada\nde cierre forzoso de pozos productores<\/strong><\/p>\n\n\n\n<p>Con la llegada de los primeros d\u00edas del calor de la\nprimavera se puso punto final al per\u00edodo de alta demanda de gas en el pa\u00eds, el\ncual la producci\u00f3n nacional no logra cubrir toda la demanda.<\/p>\n\n\n\n<p>La producci\u00f3n de gas de la provincia de Neuqu\u00e9n se redujo en\n5 millones de metros c\u00fabicos entre agosto y septiembre, pasando de 80 a 75\nmillones de metros c\u00fabicos en apenas 30 d\u00edas.<\/p>\n\n\n\n<p>Cerca de la mitad de esa reducci\u00f3n, un poco m\u00e1s de 2\nmillones de metros c\u00fabicos, correspondieron al gas de Vaca Muerta que se\nproduce en el principal yacimiento productor del pa\u00eds, Fort\u00edn de Piedra.<\/p>\n\n\n\n<p>La tendencia marca que la ca\u00edda continuar\u00e1 al menos hasta\ndiciembre cuando, de la mano de los aires acondicionados, se incremente la\ndemanda el\u00e9ctrica.<\/p>\n\n\n\n<p>En este desplome del consumo interno, la salida exportadora\n-a la que se suma el GNL que YPF produce en Bah\u00eda Blanca- es la herramienta que\nlas petroleras poseen para poder evitar el cierre de pozos productores.<\/p>\n\n\n\n<p>Y es la raz\u00f3n por la que varias empresas pautaron env\u00edos por\ndebajo de la rentabilidad, de menos de 3 d\u00f3lares por mill\u00f3n de BTU pues,\nparafraseando el dicho, m\u00e1s vale gas vendido barato que pozos cerrados.<\/p>\n\n\n\n<p>*Por Victoria Terzagui<\/p>\n\n\n\n<p>Fuente: Diario R\u00edo Negro<\/p>\n<!-- AddThis Advanced Settings generic via filter on the_content -->","protected":false},"excerpt":{"rendered":"<p>Este a\u00f1o Argentina import\u00f3 26 buques metaneros, pero las exportaciones de gas natural suman el equivalente a m\u00e1s de 27<!-- AddThis Advanced Settings generic via filter on get_the_excerpt --><\/p>\n","protected":false},"author":1,"featured_media":13546,"comment_status":"closed","ping_status":"closed","sticky":false,"template":"","format":"standard","meta":{"colormag_page_container_layout":"default_layout","colormag_page_sidebar_layout":"default_layout","jetpack_post_was_ever_published":false,"_jetpack_newsletter_access":"","_jetpack_dont_email_post_to_subs":false,"_jetpack_newsletter_tier_id":0,"_jetpack_memberships_contains_paywalled_content":false,"_jetpack_memberships_contains_paid_content":false,"footnotes":"","jetpack_publicize_message":"#Inspecci\u00f3n Los env\u00edos de gas a Chile superan la importaci\u00f3n de GNL","jetpack_publicize_feature_enabled":true,"jetpack_social_post_already_shared":true,"jetpack_social_options":{"image_generator_settings":{"template":"highway","default_image_id":0,"font":"","enabled":false},"version":2}},"categories":[11],"tags":[17],"class_list":["post-13544","post","type-post","status-publish","format-standard","has-post-thumbnail","hentry","category-energia-y-produccion","tag-otros-medios"],"jetpack_publicize_connections":[],"jetpack_featured_media_url":"https:\/\/i0.wp.com\/ccnews.com.ar\/prensa\/wp-content\/uploads\/2019\/11\/Imagen-IMG_20180922_102011.jpg?fit=920%2C517","jetpack_shortlink":"https:\/\/wp.me\/p7L1gj-3ws","jetpack-related-posts":[{"id":12317,"url":"http:\/\/ccnews.com.ar\/prensa\/las-exportaciones-de-gas-suman-mas-de-1-000-millones-de-metros-cubicos\/","url_meta":{"origin":13544,"position":0},"title":"Las exportaciones de gas suman m\u00e1s de 1.000 millones de metros c\u00fabicos","author":"admin","date":"26 julio, 2019","format":false,"excerpt":"Es el balance del primer semestre del a\u00f1o y equivalen a 19 buques de GNL. En lo que va del 2019 los despachos a Chile, Uruguay y Brasil superaron a las importaciones de barcos metaneros. A mediados de octubre del a\u00f1o pasado el grifo exportador de gas natural se reabri\u00f3\u2026","rel":"","context":"En \u00abEnerg\u00eda y Producci\u00f3n\u00bb","block_context":{"text":"Energ\u00eda y Producci\u00f3n","link":"http:\/\/ccnews.com.ar\/prensa\/category\/energia-y-produccion\/"},"img":{"alt_text":"","src":"https:\/\/i0.wp.com\/ccnews.com.ar\/prensa\/wp-content\/uploads\/2019\/07\/image_content_10377687_20181207232712.jpg?fit=1200%2C800&resize=350%2C200","width":350,"height":200,"srcset":"https:\/\/i0.wp.com\/ccnews.com.ar\/prensa\/wp-content\/uploads\/2019\/07\/image_content_10377687_20181207232712.jpg?fit=1200%2C800&resize=350%2C200 1x, https:\/\/i0.wp.com\/ccnews.com.ar\/prensa\/wp-content\/uploads\/2019\/07\/image_content_10377687_20181207232712.jpg?fit=1200%2C800&resize=525%2C300 1,5x, https:\/\/i0.wp.com\/ccnews.com.ar\/prensa\/wp-content\/uploads\/2019\/07\/image_content_10377687_20181207232712.jpg?fit=1200%2C800&resize=700%2C400 2x, https:\/\/i0.wp.com\/ccnews.com.ar\/prensa\/wp-content\/uploads\/2019\/07\/image_content_10377687_20181207232712.jpg?fit=1200%2C800&resize=1050%2C600 3x"},"classes":[]},{"id":10679,"url":"http:\/\/ccnews.com.ar\/prensa\/chile-le-abre-a-vaca-muerta-la-ruta-del-pacifico\/","url_meta":{"origin":13544,"position":1},"title":"Chile le abre a Vaca Muerta la ruta del Pac\u00edfico","author":"admin","date":"7 marzo, 2019","format":false,"excerpt":"En una entrevista exclusiva, la ministra de Energ\u00eda de Chile Susana Jim\u00e9nez, detall\u00f3 el impacto de la llegada del gas argentino. Conf\u00eda iniciar en el corto plazo conversaciones con Argentina para que el fluido se lic\u00fae y exporte desde los complejos portuarios de ese pa\u00eds. El v\u00ednculo entre Neuqu\u00e9n y\u2026","rel":"","context":"En \u00abEnerg\u00eda y Producci\u00f3n\u00bb","block_context":{"text":"Energ\u00eda y Producci\u00f3n","link":"http:\/\/ccnews.com.ar\/prensa\/category\/energia-y-produccion\/"},"img":{"alt_text":"","src":"https:\/\/i0.wp.com\/ccnews.com.ar\/prensa\/wp-content\/uploads\/2019\/03\/inp1.jpeg?fit=1200%2C800&resize=350%2C200","width":350,"height":200,"srcset":"https:\/\/i0.wp.com\/ccnews.com.ar\/prensa\/wp-content\/uploads\/2019\/03\/inp1.jpeg?fit=1200%2C800&resize=350%2C200 1x, https:\/\/i0.wp.com\/ccnews.com.ar\/prensa\/wp-content\/uploads\/2019\/03\/inp1.jpeg?fit=1200%2C800&resize=525%2C300 1,5x, https:\/\/i0.wp.com\/ccnews.com.ar\/prensa\/wp-content\/uploads\/2019\/03\/inp1.jpeg?fit=1200%2C800&resize=700%2C400 2x, https:\/\/i0.wp.com\/ccnews.com.ar\/prensa\/wp-content\/uploads\/2019\/03\/inp1.jpeg?fit=1200%2C800&resize=1050%2C600 3x"},"classes":[]},{"id":14426,"url":"http:\/\/ccnews.com.ar\/prensa\/el-gas-de-vaca-muerta-llego-a-europa\/","url_meta":{"origin":13544,"position":2},"title":"El gas de Vaca Muerta lleg\u00f3 a Europa","author":"admin","date":"29 enero, 2020","format":false,"excerpt":"El cargamento de GNL elaborado por YPF fue descargado en el puerto de Barcelona. Una nueva carga ya es procesada en Bah\u00eda Blanca para partir a mediados del mes entrante. Luego de un largo viaje, y con algunos traspi\u00e9s por el estado del tiempo, el carguero Methane Kari Elin arrib\u00f3\u2026","rel":"","context":"En \u00abEnerg\u00eda y Producci\u00f3n\u00bb","block_context":{"text":"Energ\u00eda y Producci\u00f3n","link":"http:\/\/ccnews.com.ar\/prensa\/category\/energia-y-produccion\/"},"img":{"alt_text":"","src":"https:\/\/i0.wp.com\/ccnews.com.ar\/prensa\/wp-content\/uploads\/2020\/01\/IMG_0368.jpg?fit=920%2C517&resize=350%2C200","width":350,"height":200,"srcset":"https:\/\/i0.wp.com\/ccnews.com.ar\/prensa\/wp-content\/uploads\/2020\/01\/IMG_0368.jpg?fit=920%2C517&resize=350%2C200 1x, https:\/\/i0.wp.com\/ccnews.com.ar\/prensa\/wp-content\/uploads\/2020\/01\/IMG_0368.jpg?fit=920%2C517&resize=525%2C300 1,5x, https:\/\/i0.wp.com\/ccnews.com.ar\/prensa\/wp-content\/uploads\/2020\/01\/IMG_0368.jpg?fit=920%2C517&resize=700%2C400 2x"},"classes":[]},{"id":14990,"url":"http:\/\/ccnews.com.ar\/prensa\/vaca-muerta-se-agudiza-la-crisis-del-gas-y-aumentan-las-importaciones\/","url_meta":{"origin":13544,"position":3},"title":"Vaca Muerta: se agudiza la crisis del gas y aumentan las importaciones","author":"CLUSTERciar","date":"24 marzo, 2020","format":false,"excerpt":"La baja actividad en la formaci\u00f3n complica el escenario para el invierno y ya se realizaron las primeras licitaciones.\u00a0Confirman que, de no revertirse la situaci\u00f3n, las compras al extranjero aumentar\u00e1n. Vaca Muerta no logra descifrar c\u00f3mo sortear el complejo momento que atraviesa y su crisis ya repercuti\u00f3 en la demanda\u00a0de\u2026","rel":"","context":"En \u00abEnerg\u00eda y Producci\u00f3n\u00bb","block_context":{"text":"Energ\u00eda y Producci\u00f3n","link":"http:\/\/ccnews.com.ar\/prensa\/category\/energia-y-produccion\/"},"img":{"alt_text":"","src":"https:\/\/i0.wp.com\/ccnews.com.ar\/prensa\/wp-content\/uploads\/2020\/03\/5de8fe88e205d-1072x570.jpg?fit=1072%2C570&resize=350%2C200","width":350,"height":200,"srcset":"https:\/\/i0.wp.com\/ccnews.com.ar\/prensa\/wp-content\/uploads\/2020\/03\/5de8fe88e205d-1072x570.jpg?fit=1072%2C570&resize=350%2C200 1x, https:\/\/i0.wp.com\/ccnews.com.ar\/prensa\/wp-content\/uploads\/2020\/03\/5de8fe88e205d-1072x570.jpg?fit=1072%2C570&resize=525%2C300 1,5x, https:\/\/i0.wp.com\/ccnews.com.ar\/prensa\/wp-content\/uploads\/2020\/03\/5de8fe88e205d-1072x570.jpg?fit=1072%2C570&resize=700%2C400 2x, https:\/\/i0.wp.com\/ccnews.com.ar\/prensa\/wp-content\/uploads\/2020\/03\/5de8fe88e205d-1072x570.jpg?fit=1072%2C570&resize=1050%2C600 3x"},"classes":[]},{"id":14568,"url":"http:\/\/ccnews.com.ar\/prensa\/la-revolucion-del-shale-gas-y-vaca-muerta-como-ancla-al-mundo\/","url_meta":{"origin":13544,"position":4},"title":"La revoluci\u00f3n del shale gas y Vaca Muerta como ancla al mundo","author":"admin","date":"13 febrero, 2020","format":false,"excerpt":"Seg\u00fan el informe de la Agencia Internacional de Energ\u00eda (IEA) titulado \u201cRevisi\u00f3n de las pol\u00edticas energ\u00e9ticas de los EE. UU. 2019\u201d. La revoluci\u00f3n del shale, adem\u00e1s de aumentar considerablemente la producci\u00f3n de gas y petr\u00f3leo de los Estados Unidos, lo posicion\u00f3 como exportador mundial de gas y l\u00edder global en\u2026","rel":"","context":"En \u00abEnerg\u00eda y Producci\u00f3n\u00bb","block_context":{"text":"Energ\u00eda y Producci\u00f3n","link":"http:\/\/ccnews.com.ar\/prensa\/category\/energia-y-produccion\/"},"img":{"alt_text":"","src":"https:\/\/i0.wp.com\/ccnews.com.ar\/prensa\/wp-content\/uploads\/2020\/02\/3164896w1033.jpg?fit=1033%2C688&resize=350%2C200","width":350,"height":200,"srcset":"https:\/\/i0.wp.com\/ccnews.com.ar\/prensa\/wp-content\/uploads\/2020\/02\/3164896w1033.jpg?fit=1033%2C688&resize=350%2C200 1x, https:\/\/i0.wp.com\/ccnews.com.ar\/prensa\/wp-content\/uploads\/2020\/02\/3164896w1033.jpg?fit=1033%2C688&resize=525%2C300 1,5x, https:\/\/i0.wp.com\/ccnews.com.ar\/prensa\/wp-content\/uploads\/2020\/02\/3164896w1033.jpg?fit=1033%2C688&resize=700%2C400 2x"},"classes":[]},{"id":12721,"url":"http:\/\/ccnews.com.ar\/prensa\/la-barcaza-de-ypf-se-prepara-para-volver-a-procesar-gnl\/","url_meta":{"origin":13544,"position":5},"title":"La barcaza de YPF se prepara para volver a procesar GNL","author":"admin","date":"1 septiembre, 2019","format":false,"excerpt":"El complejo montado en Bah\u00eda Blanca proyecta realizar una segunda exportaci\u00f3n antes de fin de a\u00f1o. Las autoridades de YPF se preparan para poner en funcionamiento nuevamente la barcaza licuefactora que est\u00e1 montada en el puerto de Bah\u00eda Blanca y desde donde parti\u00f3 a principios de junio la primera exportaci\u00f3n\u2026","rel":"","context":"En \u00abEnerg\u00eda y Producci\u00f3n\u00bb","block_context":{"text":"Energ\u00eda y Producci\u00f3n","link":"http:\/\/ccnews.com.ar\/prensa\/category\/energia-y-produccion\/"},"img":{"alt_text":"","src":"https:\/\/i0.wp.com\/ccnews.com.ar\/prensa\/wp-content\/uploads\/2019\/08\/Imagen-ext.jpg?fit=800%2C427&resize=350%2C200","width":350,"height":200,"srcset":"https:\/\/i0.wp.com\/ccnews.com.ar\/prensa\/wp-content\/uploads\/2019\/08\/Imagen-ext.jpg?fit=800%2C427&resize=350%2C200 1x, https:\/\/i0.wp.com\/ccnews.com.ar\/prensa\/wp-content\/uploads\/2019\/08\/Imagen-ext.jpg?fit=800%2C427&resize=525%2C300 1,5x, https:\/\/i0.wp.com\/ccnews.com.ar\/prensa\/wp-content\/uploads\/2019\/08\/Imagen-ext.jpg?fit=800%2C427&resize=700%2C400 2x"},"classes":[]}],"jetpack_sharing_enabled":true,"_links":{"self":[{"href":"http:\/\/ccnews.com.ar\/prensa\/wp-json\/wp\/v2\/posts\/13544","targetHints":{"allow":["GET"]}}],"collection":[{"href":"http:\/\/ccnews.com.ar\/prensa\/wp-json\/wp\/v2\/posts"}],"about":[{"href":"http:\/\/ccnews.com.ar\/prensa\/wp-json\/wp\/v2\/types\/post"}],"author":[{"embeddable":true,"href":"http:\/\/ccnews.com.ar\/prensa\/wp-json\/wp\/v2\/users\/1"}],"replies":[{"embeddable":true,"href":"http:\/\/ccnews.com.ar\/prensa\/wp-json\/wp\/v2\/comments?post=13544"}],"version-history":[{"count":1,"href":"http:\/\/ccnews.com.ar\/prensa\/wp-json\/wp\/v2\/posts\/13544\/revisions"}],"predecessor-version":[{"id":13548,"href":"http:\/\/ccnews.com.ar\/prensa\/wp-json\/wp\/v2\/posts\/13544\/revisions\/13548"}],"wp:featuredmedia":[{"embeddable":true,"href":"http:\/\/ccnews.com.ar\/prensa\/wp-json\/wp\/v2\/media\/13546"}],"wp:attachment":[{"href":"http:\/\/ccnews.com.ar\/prensa\/wp-json\/wp\/v2\/media?parent=13544"}],"wp:term":[{"taxonomy":"category","embeddable":true,"href":"http:\/\/ccnews.com.ar\/prensa\/wp-json\/wp\/v2\/categories?post=13544"},{"taxonomy":"post_tag","embeddable":true,"href":"http:\/\/ccnews.com.ar\/prensa\/wp-json\/wp\/v2\/tags?post=13544"}],"curies":[{"name":"wp","href":"https:\/\/api.w.org\/{rel}","templated":true}]}}