{"id":13556,"date":"2019-11-12T08:00:32","date_gmt":"2019-11-12T11:00:32","guid":{"rendered":"http:\/\/ccnews.com.ar\/prensa\/?p=13556"},"modified":"2019-11-12T09:07:05","modified_gmt":"2019-11-12T12:07:05","slug":"del-petroleo-a-los-paneles-dubai-hace-historia-con-ciudad-100-solar-carros-electricos-y-edificios-eco-amigables","status":"publish","type":"post","link":"http:\/\/ccnews.com.ar\/prensa\/del-petroleo-a-los-paneles-dubai-hace-historia-con-ciudad-100-solar-carros-electricos-y-edificios-eco-amigables\/","title":{"rendered":"Del petr\u00f3leo a los paneles, Dubai hace historia con ciudad 100% solar, carros el\u00e9ctricos y edificios eco-amigables"},"content":{"rendered":"\n<p><strong>Dubai no solo tiene\nel edificio m\u00e1s grande del mundo y los rascacielos m\u00e1s modernos del planeta,\nahora cuenta&nbsp; tambi\u00e9n con la primer\nciudad 100 por ciento sostenible, con autos el\u00e9ctricos, techos solares e\ninvernaderos para cultivar todo tipo de alimentos los 365 d\u00edas del a\u00f1o.<\/strong><\/p>\n\n\n\n<p>Dubai una de las ciudades m\u00e1s extraordinarias de los\nEmiratos Arabes Unidos est\u00e1 por ser una las ciudades m\u00e1s ecol\u00f3gicas del planeta\n. Hay que recordar que esta regi\u00f3n del mundo se ha fijado como meta alcanzar un\n75% de generaci\u00f3n con fuentes renovables para el a\u00f1o 2050.<\/p>\n\n\n\n<p>Es precisamente en Dubai que se construye Sustainable City\nuna de esas ciudades sacadas del mejor estilo de ciencia ficci\u00f3n pero con una\ndiferencia esta es ya una realidad en desarrollo. Energ\u00eda Limpia reporta que se\ninvierten US$360 millones de d\u00f3lares en esta ciudad con coches, el\u00e9ctricos y\nedificios solares que ser\u00edan la delicia de cualquier arquitecto.<\/p>\n\n\n\n<p>Aunque el proyecto ya est\u00e1 bien avanzado este ser\u00e1 una realidad el pr\u00f3ximo a\u00f1o con casas que rondan el mill\u00f3n d\u00f3lares. Sin lugar a dudas un proyecto que ubica o deber\u00eda decir ratifica a Dubai como la capital de la nueva arquitectura global.<\/p>\n\n\n\n<p>Fuente: Energ\u00eda Limpia XXI<\/p>\n<!-- AddThis Advanced Settings generic via filter on the_content -->","protected":false},"excerpt":{"rendered":"<p>Dubai no solo tiene el edificio m\u00e1s grande del mundo y los rascacielos m\u00e1s modernos del planeta, ahora cuenta&nbsp; tambi\u00e9n<!-- AddThis Advanced Settings generic via filter on get_the_excerpt --><\/p>\n","protected":false},"author":1,"featured_media":13558,"comment_status":"closed","ping_status":"closed","sticky":false,"template":"","format":"standard","meta":{"colormag_page_container_layout":"default_layout","colormag_page_sidebar_layout":"default_layout","jetpack_post_was_ever_published":false,"_jetpack_newsletter_access":"","_jetpack_dont_email_post_to_subs":false,"_jetpack_newsletter_tier_id":0,"_jetpack_memberships_contains_paywalled_content":false,"_jetpack_memberships_contains_paid_content":false,"footnotes":"","jetpack_publicize_message":"#BuenMartes #Ingenier\u00eda Del petr\u00f3leo a los paneles, Dubai hace historia con ciudad 100% solar, carros el\u00e9ctricos y edificios eco-amigables","jetpack_publicize_feature_enabled":true,"jetpack_social_post_already_shared":true,"jetpack_social_options":{"image_generator_settings":{"template":"highway","default_image_id":0,"font":"","enabled":false},"version":2}},"categories":[3],"tags":[17],"class_list":["post-13556","post","type-post","status-publish","format-standard","has-post-thumbnail","hentry","category-sustentabilidad","tag-otros-medios"],"jetpack_publicize_connections":[],"jetpack_featured_media_url":"https:\/\/i0.wp.com\/ccnews.com.ar\/prensa\/wp-content\/uploads\/2019\/11\/slider-006-768x431-1.jpg?fit=723%2C406","jetpack_shortlink":"https:\/\/wp.me\/p7L1gj-3wE","jetpack-related-posts":[{"id":11515,"url":"http:\/\/ccnews.com.ar\/prensa\/argentina-con-una-docena-de-buses-100-electricos-de-la-republica-china\/","url_meta":{"origin":13556,"position":0},"title":"Argentina con una docena de buses 100% el\u00e9ctricos de la Rep\u00fablica China","author":"admin","date":"26 mayo, 2019","format":false,"excerpt":"BYD entrega su primera flota de autobuses 100% el\u00e9ctricos en Argentina ENERGIA LIMPIA XXI \u2013 Una flota de 12 autobuses el\u00e9ctricos BYD K9 con destino a la ciudad de Mendoza, Argentina, lleg\u00f3 al puerto de San Antonio en Chile esta semana. Estos autobuses el\u00e9ctricos son la primera flota de este\u2026","rel":"","context":"En \u00abSustentabilidad\u00bb","block_context":{"text":"Sustentabilidad","link":"http:\/\/ccnews.com.ar\/prensa\/category\/sustentabilidad\/"},"img":{"alt_text":"","src":"https:\/\/i0.wp.com\/ccnews.com.ar\/prensa\/wp-content\/uploads\/2019\/05\/2-2.jpg?fit=600%2C399&resize=350%2C200","width":350,"height":200,"srcset":"https:\/\/i0.wp.com\/ccnews.com.ar\/prensa\/wp-content\/uploads\/2019\/05\/2-2.jpg?fit=600%2C399&resize=350%2C200 1x, https:\/\/i0.wp.com\/ccnews.com.ar\/prensa\/wp-content\/uploads\/2019\/05\/2-2.jpg?fit=600%2C399&resize=525%2C300 1,5x"},"classes":[]},{"id":12402,"url":"http:\/\/ccnews.com.ar\/prensa\/autos-electricos-una-realidad-viable-en-argentina\/","url_meta":{"origin":13556,"position":1},"title":"Autos el\u00e9ctricos: una realidad viable en Argentina","author":"admin","date":"4 agosto, 2019","format":false,"excerpt":"Los autos el\u00e9ctricos son una realidad cada vez m\u00e1s extendida en el mundo. En Argentina, muy lentamente, tambi\u00e9n est\u00e1n empezando a comercializarse, aunque por el momento solo hay dos opciones: la Renault Kangoo ZE y el recientemente lanzado Nissan Leaf. Como pol\u00edtica de fomento, este tipo de veh\u00edculos -al igual\u2026","rel":"","context":"En \u00abSustentabilidad\u00bb","block_context":{"text":"Sustentabilidad","link":"http:\/\/ccnews.com.ar\/prensa\/category\/sustentabilidad\/"},"img":{"alt_text":"","src":"https:\/\/i0.wp.com\/ccnews.com.ar\/prensa\/wp-content\/uploads\/2019\/08\/f800x450-20331_71777_31.jpg?fit=800%2C450&resize=350%2C200","width":350,"height":200,"srcset":"https:\/\/i0.wp.com\/ccnews.com.ar\/prensa\/wp-content\/uploads\/2019\/08\/f800x450-20331_71777_31.jpg?fit=800%2C450&resize=350%2C200 1x, https:\/\/i0.wp.com\/ccnews.com.ar\/prensa\/wp-content\/uploads\/2019\/08\/f800x450-20331_71777_31.jpg?fit=800%2C450&resize=525%2C300 1,5x, https:\/\/i0.wp.com\/ccnews.com.ar\/prensa\/wp-content\/uploads\/2019\/08\/f800x450-20331_71777_31.jpg?fit=800%2C450&resize=700%2C400 2x"},"classes":[]},{"id":12735,"url":"http:\/\/ccnews.com.ar\/prensa\/asfaltos-inteligentes-con-materiales-magneticos-aumentan-la-seguridad-de-los-monopatines-electricos\/","url_meta":{"origin":13556,"position":2},"title":"Dise\u00f1an asfaltos inteligentes que aumentan la seguridad de los monopatines el\u00e9ctricos","author":"admin","date":"3 septiembre, 2019","format":false,"excerpt":"Cient\u00edficos de la Universidad de Granada (UGR) (Espa\u00f1a) han dise\u00f1ado asfaltos inteligentes, confeccionado con materiales magn\u00e9ticos, que aumentan notablemente la seguridad de los Veh\u00edculos de Movilidad Personal (VMP), y en particular, de los patinetes el\u00e9ctricos, en zonas urbanas. Su trabajo, que se enmarca en el \u00e1mbito de las \u201csmart cities\u201d\u2026","rel":"","context":"En \u00abSustentabilidad\u00bb","block_context":{"text":"Sustentabilidad","link":"http:\/\/ccnews.com.ar\/prensa\/category\/sustentabilidad\/"},"img":{"alt_text":"","src":"https:\/\/i0.wp.com\/ccnews.com.ar\/prensa\/wp-content\/uploads\/2019\/09\/2514_47127.jpg?fit=670%2C379&resize=350%2C200","width":350,"height":200,"srcset":"https:\/\/i0.wp.com\/ccnews.com.ar\/prensa\/wp-content\/uploads\/2019\/09\/2514_47127.jpg?fit=670%2C379&resize=350%2C200 1x, https:\/\/i0.wp.com\/ccnews.com.ar\/prensa\/wp-content\/uploads\/2019\/09\/2514_47127.jpg?fit=670%2C379&resize=525%2C300 1,5x"},"classes":[]},{"id":15960,"url":"http:\/\/ccnews.com.ar\/prensa\/comenzaron-los-premios-latinoamerica-verde\/","url_meta":{"origin":13556,"position":3},"title":"Comenzaron los Premios Latinoam\u00e9rica Verde","author":"Editor","date":"20 agosto, 2020","format":false,"excerpt":"Se trata de uno de los festivales de sostenibilidad m\u00e1s relevantes del mundo, que cada a\u00f1o premia y da visibilidad a los 500 mejores proyectos sociales y ambientales de Latinoam\u00e9rica.","rel":"","context":"En \u00abSustentabilidad\u00bb","block_context":{"text":"Sustentabilidad","link":"http:\/\/ccnews.com.ar\/prensa\/category\/sustentabilidad\/"},"img":{"alt_text":"","src":"https:\/\/i0.wp.com\/ccnews.com.ar\/prensa\/wp-content\/uploads\/2020\/08\/Premios-Latinoamerica.jpg?fit=880%2C495&resize=350%2C200","width":350,"height":200,"srcset":"https:\/\/i0.wp.com\/ccnews.com.ar\/prensa\/wp-content\/uploads\/2020\/08\/Premios-Latinoamerica.jpg?fit=880%2C495&resize=350%2C200 1x, https:\/\/i0.wp.com\/ccnews.com.ar\/prensa\/wp-content\/uploads\/2020\/08\/Premios-Latinoamerica.jpg?fit=880%2C495&resize=525%2C300 1,5x, https:\/\/i0.wp.com\/ccnews.com.ar\/prensa\/wp-content\/uploads\/2020\/08\/Premios-Latinoamerica.jpg?fit=880%2C495&resize=700%2C400 2x"},"classes":[]},{"id":16620,"url":"http:\/\/ccnews.com.ar\/prensa\/paises-bajos-apuesta-por-el-reparto-de-mercancias-libre-de-emisiones-en-las-ciudades\/","url_meta":{"origin":13556,"position":4},"title":"Pa\u00edses Bajos apuesta por el reparto de mercanc\u00edas libre de emisiones en las ciudades","author":"admin","date":"7 mayo, 2021","format":false,"excerpt":"Las grandes urbes holandesas podr\u00e1n designar a partir de 2025 zonas de servicios log\u00edsticos donde solo podr\u00e1n entrar veh\u00edculos el\u00e9ctricos o bicicletas","rel":"","context":"En \u00abSustentabilidad\u00bb","block_context":{"text":"Sustentabilidad","link":"http:\/\/ccnews.com.ar\/prensa\/category\/sustentabilidad\/"},"img":{"alt_text":"","src":"https:\/\/i0.wp.com\/ccnews.com.ar\/prensa\/wp-content\/uploads\/2021\/05\/PVD6L6YAQJFHHPKYVKDMR2BOGM.jpg?fit=1200%2C776&resize=350%2C200","width":350,"height":200,"srcset":"https:\/\/i0.wp.com\/ccnews.com.ar\/prensa\/wp-content\/uploads\/2021\/05\/PVD6L6YAQJFHHPKYVKDMR2BOGM.jpg?fit=1200%2C776&resize=350%2C200 1x, https:\/\/i0.wp.com\/ccnews.com.ar\/prensa\/wp-content\/uploads\/2021\/05\/PVD6L6YAQJFHHPKYVKDMR2BOGM.jpg?fit=1200%2C776&resize=525%2C300 1,5x, https:\/\/i0.wp.com\/ccnews.com.ar\/prensa\/wp-content\/uploads\/2021\/05\/PVD6L6YAQJFHHPKYVKDMR2BOGM.jpg?fit=1200%2C776&resize=700%2C400 2x, https:\/\/i0.wp.com\/ccnews.com.ar\/prensa\/wp-content\/uploads\/2021\/05\/PVD6L6YAQJFHHPKYVKDMR2BOGM.jpg?fit=1200%2C776&resize=1050%2C600 3x"},"classes":[]},{"id":14738,"url":"http:\/\/ccnews.com.ar\/prensa\/los-pozos-y-el-petroleo-en-la-ciudad\/","url_meta":{"origin":13556,"position":5},"title":"Los pozos y el petr\u00f3leo en la ciudad","author":"admin","date":"2 marzo, 2020","format":false,"excerpt":"En nueve ciudades petroleras de la provincia hay 3101 pozos activos. En algunos casos, muy cerca de los barrios. Est\u00e1 vigente el debate sobre c\u00f3mo crecen las localidades y el l\u00edmite con el mundo hidrocarbur\u00edfero. \u00bfCu\u00e1l es el ranking? La figura de una cig\u00fce\u00f1a met\u00e1lica se recorta entre las polvorientas\u2026","rel":"","context":"En \u00abEducaci\u00f3n\/Sociedad\u00bb","block_context":{"text":"Educaci\u00f3n\/Sociedad","link":"http:\/\/ccnews.com.ar\/prensa\/category\/educacion-sociedad\/"},"img":{"alt_text":"","src":"https:\/\/i0.wp.com\/ccnews.com.ar\/prensa\/wp-content\/uploads\/2020\/03\/0004582092.jpg?fit=1200%2C675&resize=350%2C200","width":350,"height":200,"srcset":"https:\/\/i0.wp.com\/ccnews.com.ar\/prensa\/wp-content\/uploads\/2020\/03\/0004582092.jpg?fit=1200%2C675&resize=350%2C200 1x, https:\/\/i0.wp.com\/ccnews.com.ar\/prensa\/wp-content\/uploads\/2020\/03\/0004582092.jpg?fit=1200%2C675&resize=525%2C300 1,5x, https:\/\/i0.wp.com\/ccnews.com.ar\/prensa\/wp-content\/uploads\/2020\/03\/0004582092.jpg?fit=1200%2C675&resize=700%2C400 2x, https:\/\/i0.wp.com\/ccnews.com.ar\/prensa\/wp-content\/uploads\/2020\/03\/0004582092.jpg?fit=1200%2C675&resize=1050%2C600 3x"},"classes":[]}],"jetpack_sharing_enabled":true,"_links":{"self":[{"href":"http:\/\/ccnews.com.ar\/prensa\/wp-json\/wp\/v2\/posts\/13556","targetHints":{"allow":["GET"]}}],"collection":[{"href":"http:\/\/ccnews.com.ar\/prensa\/wp-json\/wp\/v2\/posts"}],"about":[{"href":"http:\/\/ccnews.com.ar\/prensa\/wp-json\/wp\/v2\/types\/post"}],"author":[{"embeddable":true,"href":"http:\/\/ccnews.com.ar\/prensa\/wp-json\/wp\/v2\/users\/1"}],"replies":[{"embeddable":true,"href":"http:\/\/ccnews.com.ar\/prensa\/wp-json\/wp\/v2\/comments?post=13556"}],"version-history":[{"count":1,"href":"http:\/\/ccnews.com.ar\/prensa\/wp-json\/wp\/v2\/posts\/13556\/revisions"}],"predecessor-version":[{"id":13560,"href":"http:\/\/ccnews.com.ar\/prensa\/wp-json\/wp\/v2\/posts\/13556\/revisions\/13560"}],"wp:featuredmedia":[{"embeddable":true,"href":"http:\/\/ccnews.com.ar\/prensa\/wp-json\/wp\/v2\/media\/13558"}],"wp:attachment":[{"href":"http:\/\/ccnews.com.ar\/prensa\/wp-json\/wp\/v2\/media?parent=13556"}],"wp:term":[{"taxonomy":"category","embeddable":true,"href":"http:\/\/ccnews.com.ar\/prensa\/wp-json\/wp\/v2\/categories?post=13556"},{"taxonomy":"post_tag","embeddable":true,"href":"http:\/\/ccnews.com.ar\/prensa\/wp-json\/wp\/v2\/tags?post=13556"}],"curies":[{"name":"wp","href":"https:\/\/api.w.org\/{rel}","templated":true}]}}