{"id":13636,"date":"2019-11-22T08:00:07","date_gmt":"2019-11-22T11:00:07","guid":{"rendered":"http:\/\/ccnews.com.ar\/prensa\/?p=13636"},"modified":"2019-11-22T08:33:07","modified_gmt":"2019-11-22T11:33:07","slug":"instalaron-la-primera-turbina-de-energia-eolica-de-ushuaia","status":"publish","type":"post","link":"http:\/\/ccnews.com.ar\/prensa\/instalaron-la-primera-turbina-de-energia-eolica-de-ushuaia\/","title":{"rendered":"Instalaron la primera turbina de energ\u00eda e\u00f3lica de Ushuaia"},"content":{"rendered":"\n<p><strong>La Universidad\nNacional de Tierra del Fuego instal\u00f3 una turbina generadora de energ\u00eda e\u00f3lica\nen su campus de Yrigoyen 879 de Ushuaia para la producci\u00f3n a mediana escala de\nenerg\u00edas renovables no convencionales. La iniciativa se constituye as\u00ed en el\nprimer proyecto experimental de este tipo desarrollado en el Sistema\nUniversitario Nacional y en la Provincia de Tierra del Fuego.<\/strong><\/p>\n\n\n\n<p>La turbina, colocada este mi\u00e9rcoles en el predio\nuniversitario durante un amplio operativo t\u00e9cnico y de seguridad, est\u00e1\ncatalogada como una turbina de baja potencia, capaz de generar 30kW con vientos\nde 9 a 12m\/s en promedio. Se trata de un equipo robusto, con una torre\nmonoposte de 16 metros de altura, un rotor de 18m de di\u00e1metro y un peso\nestimado de 10 toneladas.<\/p>\n\n\n\n<p>La iniciativa denominada \u201cProducci\u00f3n de Energ\u00edas Renovables\nen TDF\u201d demand\u00f3 una inversi\u00f3n de 16 millones de pesos que fueron financiados\npor la Agencia Nacional de Promoci\u00f3n Cient\u00edfica y Tecnol\u00f3gica a trav\u00e9s del\nFondo Argentino Sectorial (FONARSEC), agencia dependiente del Ministerio de\nCiencia y Tecnolog\u00eda de la Naci\u00f3n, a partir de la aprobaci\u00f3n del proyecto\npresentado por la UNTDF y la conformaci\u00f3n del consorcio \u201cENERGAT\u201d, integrado\nadem\u00e1s por la Cooperativa El\u00e9ctrica de R\u00edo Grande.<\/p>\n\n\n\n<p>El emplazamiento de este proyecto e\u00f3lico experimental\nincluye la puesta en funcionamiento de un total de cuatro turbinas que estar\u00e1n\nemplazadas, adem\u00e1s de Ushuaia, en otros puntos estrat\u00e9gicos: Tolhuin, el Cabo\nDomingo de R\u00edo Grande y el paso fronterizo Radman. Seg\u00fan inform\u00f3 El Sure\u00f1o.<\/p>\n\n\n\n<p>Fuente: Revista Nuevas Energ\u00edas<\/p>\n<!-- AddThis Advanced Settings generic via filter on the_content -->","protected":false},"excerpt":{"rendered":"<p>La Universidad Nacional de Tierra del Fuego instal\u00f3 una turbina generadora de energ\u00eda e\u00f3lica en su campus de Yrigoyen 879<!-- AddThis Advanced Settings generic via filter on get_the_excerpt --><\/p>\n","protected":false},"author":1,"featured_media":13650,"comment_status":"closed","ping_status":"closed","sticky":false,"template":"","format":"standard","meta":{"colormag_page_container_layout":"default_layout","colormag_page_sidebar_layout":"default_layout","jetpack_post_was_ever_published":false,"_jetpack_newsletter_access":"","_jetpack_dont_email_post_to_subs":false,"_jetpack_newsletter_tier_id":0,"_jetpack_memberships_contains_paywalled_content":false,"_jetpack_memberships_contains_paid_content":false,"footnotes":"","jetpack_publicize_message":"#BuenViernes #Ingenier\u00eda Instalaron la primera turbina de energ\u00eda e\u00f3lica de Ushuaia","jetpack_publicize_feature_enabled":true,"jetpack_social_post_already_shared":true,"jetpack_social_options":{"image_generator_settings":{"template":"highway","default_image_id":0,"font":"","enabled":false},"version":2}},"categories":[3],"tags":[17],"class_list":["post-13636","post","type-post","status-publish","format-standard","has-post-thumbnail","hentry","category-sustentabilidad","tag-otros-medios"],"jetpack_publicize_connections":[],"jetpack_featured_media_url":"https:\/\/i0.wp.com\/ccnews.com.ar\/prensa\/wp-content\/uploads\/2019\/11\/utn-750x422.jpg?fit=750%2C422","jetpack_shortlink":"https:\/\/wp.me\/p7L1gj-3xW","jetpack-related-posts":[{"id":1235,"url":"http:\/\/ccnews.com.ar\/prensa\/impsa-presenta-todos-los-detalles-tecnicos-de-su-nueva-turbina-iwp100-ar\/","url_meta":{"origin":13636,"position":0},"title":"IMPSA presenta todos los detalles t\u00e9cnicos de su nueva turbina IWP100.ar","author":"CLUSTERciar","date":"21 agosto, 2016","format":false,"excerpt":"Se trata de una turbina Unipower de 2 MW de potencia nominal, con una vida \u00fatil de 20 a\u00f1os, normas de dise\u00f1o IEC 61400-22 y IEC 61400-1, di\u00e1metro de rotor de 103 mts, 15 rpm de velocidad de giro y 49,1 mts de longitud de cada pala. Su rango normal\u2026","rel":"","context":"En \u00abSustentabilidad\u00bb","block_context":{"text":"Sustentabilidad","link":"http:\/\/ccnews.com.ar\/prensa\/category\/sustentabilidad\/"},"img":{"alt_text":"","src":"","width":0,"height":0},"classes":[]},{"id":11397,"url":"http:\/\/ccnews.com.ar\/prensa\/instalan-sistemas-solares-en-distintos-parques-nacionales\/","url_meta":{"origin":13636,"position":1},"title":"Instalan sistemas solares en distintos Parques Nacionales","author":"admin","date":"16 mayo, 2019","format":false,"excerpt":"En el marco del Programa de Fuentes de Energ\u00eda Renovable en \u00c1reas Protegidas Nacionales, la Administraci\u00f3n de Parques Nacionales lleva adelante desde 2018 la instalaci\u00f3n de sistemas solares en distintos Parques con el fin de promover la conversi\u00f3n de servicios energ\u00e9ticos hacia sistemas de generaci\u00f3n de fuentes renovables. En este\u2026","rel":"","context":"En \u00abSustentabilidad\u00bb","block_context":{"text":"Sustentabilidad","link":"http:\/\/ccnews.com.ar\/prensa\/category\/sustentabilidad\/"},"img":{"alt_text":"","src":"https:\/\/i0.wp.com\/ccnews.com.ar\/prensa\/wp-content\/uploads\/2019\/05\/paneles_solares_apn_05_ph-parques-nacionales-750x470.jpeg?fit=750%2C450&resize=350%2C200","width":350,"height":200,"srcset":"https:\/\/i0.wp.com\/ccnews.com.ar\/prensa\/wp-content\/uploads\/2019\/05\/paneles_solares_apn_05_ph-parques-nacionales-750x470.jpeg?fit=750%2C450&resize=350%2C200 1x, https:\/\/i0.wp.com\/ccnews.com.ar\/prensa\/wp-content\/uploads\/2019\/05\/paneles_solares_apn_05_ph-parques-nacionales-750x470.jpeg?fit=750%2C450&resize=525%2C300 1,5x, https:\/\/i0.wp.com\/ccnews.com.ar\/prensa\/wp-content\/uploads\/2019\/05\/paneles_solares_apn_05_ph-parques-nacionales-750x470.jpeg?fit=750%2C450&resize=700%2C400 2x"},"classes":[]},{"id":2895,"url":"http:\/\/ccnews.com.ar\/prensa\/argentina-da-envidia-por-sus-recursos-tiene-la-tercera-reserva-eolica-mundial-y-la-segunda-solar\/","url_meta":{"origin":13636,"position":2},"title":"Argentina da &#8220;envidia&#8221; por sus recursos: tiene la tercera reserva e\u00f3lica mundial y la segunda solar","author":"CLUSTERciar","date":"15 enero, 2017","format":false,"excerpt":"Mauricio Macri reafirm\u00f3 su voluntad de impulsar el desarrollo del sector de las energ\u00edas renovables y diversificar los recursos con los que cuenta el pa\u00eds Con\u00a0una ley reci\u00e9n estrenada y una pol\u00edtica de incentivos m\u00e1s atractiva para los inversionistas, Argentina quiere conquistar el mercado de las energ\u00edas renovables. El Presidente\u2026","rel":"","context":"En \u00abSustentabilidad\u00bb","block_context":{"text":"Sustentabilidad","link":"http:\/\/ccnews.com.ar\/prensa\/category\/sustentabilidad\/"},"img":{"alt_text":"","src":"https:\/\/i0.wp.com\/ccnews.com.ar\/prensa\/wp-content\/uploads\/2016\/12\/432398.jpg?fit=630%2C460&resize=350%2C200","width":350,"height":200,"srcset":"https:\/\/i0.wp.com\/ccnews.com.ar\/prensa\/wp-content\/uploads\/2016\/12\/432398.jpg?fit=630%2C460&resize=350%2C200 1x, https:\/\/i0.wp.com\/ccnews.com.ar\/prensa\/wp-content\/uploads\/2016\/12\/432398.jpg?fit=630%2C460&resize=525%2C300 1,5x"},"classes":[]},{"id":8859,"url":"http:\/\/ccnews.com.ar\/prensa\/soplan-buenos-vientos-en-argentina\/","url_meta":{"origin":13636,"position":3},"title":"Soplan buenos vientos en Argentina","author":"CLUSTERciar","date":"21 septiembre, 2018","format":false,"excerpt":"Las metas de reconversi\u00f3n de la matriz energ\u00e9tica hacia fuentes renovables avanzan a pasos acelerados. Los desarrollos e\u00f3licos fueron analizados en la Argentina Wind Power 2018, en donde se destac\u00f3 el potencial que posee en el pa\u00eds. Se realiz\u00f3 la semana pasada en Buenos Aires el Argentina Wind Power, un\u2026","rel":"","context":"En \u00abEnerg\u00eda y Producci\u00f3n\u00bb","block_context":{"text":"Energ\u00eda y Producci\u00f3n","link":"http:\/\/ccnews.com.ar\/prensa\/category\/energia-y-produccion\/"},"img":{"alt_text":"","src":"https:\/\/i0.wp.com\/ccnews.com.ar\/prensa\/wp-content\/uploads\/2018\/09\/image_content_10098887_20180912201440.jpg?fit=660%2C370&resize=350%2C200","width":350,"height":200,"srcset":"https:\/\/i0.wp.com\/ccnews.com.ar\/prensa\/wp-content\/uploads\/2018\/09\/image_content_10098887_20180912201440.jpg?fit=660%2C370&resize=350%2C200 1x, https:\/\/i0.wp.com\/ccnews.com.ar\/prensa\/wp-content\/uploads\/2018\/09\/image_content_10098887_20180912201440.jpg?fit=660%2C370&resize=525%2C300 1,5x"},"classes":[]},{"id":6475,"url":"http:\/\/ccnews.com.ar\/prensa\/un-registro-nacional-para-las-renovables\/","url_meta":{"origin":13636,"position":4},"title":"Un registro nacional para las renovables","author":"CLUSTERciar","date":"19 enero, 2018","format":false,"excerpt":"El INTI cre\u00f3 una n\u00f3mina para fabricantes del pa\u00eds. Certifica los componentes y los habilita para su comercializaci\u00f3n. En la \u00faltima licitaci\u00f3n para energ\u00edas verdes creci\u00f3 la participaci\u00f3n local y lleg\u00f3 al 37,4%. Proyectan una mayor participaci\u00f3n a futuro. La integraci\u00f3n de la industria nacional en los proyectos de generaci\u00f3n\u2026","rel":"","context":"En \u00abEnerg\u00eda y Producci\u00f3n\u00bb","block_context":{"text":"Energ\u00eda y Producci\u00f3n","link":"http:\/\/ccnews.com.ar\/prensa\/category\/energia-y-produccion\/"},"img":{"alt_text":"","src":"https:\/\/i0.wp.com\/ccnews.com.ar\/prensa\/wp-content\/uploads\/2018\/01\/image_content_9224869_20180103214811.jpg?fit=660%2C370&resize=350%2C200","width":350,"height":200,"srcset":"https:\/\/i0.wp.com\/ccnews.com.ar\/prensa\/wp-content\/uploads\/2018\/01\/image_content_9224869_20180103214811.jpg?fit=660%2C370&resize=350%2C200 1x, https:\/\/i0.wp.com\/ccnews.com.ar\/prensa\/wp-content\/uploads\/2018\/01\/image_content_9224869_20180103214811.jpg?fit=660%2C370&resize=525%2C300 1,5x"},"classes":[]},{"id":7863,"url":"http:\/\/ccnews.com.ar\/prensa\/ypf-invierte-mas-en-energias-renovables-en-argentina\/","url_meta":{"origin":13636,"position":5},"title":"YPF invierte m\u00e1s en energ\u00edas renovables en Argentina","author":"admin","date":"21 mayo, 2018","format":false,"excerpt":"Las\u00a0energ\u00edas renovables en Argentina\u00a0tendr\u00e1s m\u00e1s inversi\u00f3n. La empresa energ\u00e9tica de ese pa\u00eds YPF se est\u00e1 involucrando mas en el sector. Recientemente present\u00f3 un proyecto donde propone la instalaci\u00f3n de\u00a0\u00a030 aerogeneradores en un parque e\u00f3lico en Ca\u00f1ad\u00f3n Le\u00f3n. Dicho proyecto se har\u00e1 a trav\u00e9s de un parque e\u00f3lico en Santa Cruz\u2026","rel":"","context":"En \u00abSustentabilidad\u00bb","block_context":{"text":"Sustentabilidad","link":"http:\/\/ccnews.com.ar\/prensa\/category\/sustentabilidad\/"},"img":{"alt_text":"","src":"https:\/\/i0.wp.com\/ccnews.com.ar\/prensa\/wp-content\/uploads\/2018\/05\/Acciona_PE-Eurus_Mexico-850x491.jpg?fit=850%2C491&resize=350%2C200","width":350,"height":200,"srcset":"https:\/\/i0.wp.com\/ccnews.com.ar\/prensa\/wp-content\/uploads\/2018\/05\/Acciona_PE-Eurus_Mexico-850x491.jpg?fit=850%2C491&resize=350%2C200 1x, https:\/\/i0.wp.com\/ccnews.com.ar\/prensa\/wp-content\/uploads\/2018\/05\/Acciona_PE-Eurus_Mexico-850x491.jpg?fit=850%2C491&resize=525%2C300 1,5x, https:\/\/i0.wp.com\/ccnews.com.ar\/prensa\/wp-content\/uploads\/2018\/05\/Acciona_PE-Eurus_Mexico-850x491.jpg?fit=850%2C491&resize=700%2C400 2x"},"classes":[]}],"jetpack_sharing_enabled":true,"_links":{"self":[{"href":"http:\/\/ccnews.com.ar\/prensa\/wp-json\/wp\/v2\/posts\/13636","targetHints":{"allow":["GET"]}}],"collection":[{"href":"http:\/\/ccnews.com.ar\/prensa\/wp-json\/wp\/v2\/posts"}],"about":[{"href":"http:\/\/ccnews.com.ar\/prensa\/wp-json\/wp\/v2\/types\/post"}],"author":[{"embeddable":true,"href":"http:\/\/ccnews.com.ar\/prensa\/wp-json\/wp\/v2\/users\/1"}],"replies":[{"embeddable":true,"href":"http:\/\/ccnews.com.ar\/prensa\/wp-json\/wp\/v2\/comments?post=13636"}],"version-history":[{"count":1,"href":"http:\/\/ccnews.com.ar\/prensa\/wp-json\/wp\/v2\/posts\/13636\/revisions"}],"predecessor-version":[{"id":13660,"href":"http:\/\/ccnews.com.ar\/prensa\/wp-json\/wp\/v2\/posts\/13636\/revisions\/13660"}],"wp:featuredmedia":[{"embeddable":true,"href":"http:\/\/ccnews.com.ar\/prensa\/wp-json\/wp\/v2\/media\/13650"}],"wp:attachment":[{"href":"http:\/\/ccnews.com.ar\/prensa\/wp-json\/wp\/v2\/media?parent=13636"}],"wp:term":[{"taxonomy":"category","embeddable":true,"href":"http:\/\/ccnews.com.ar\/prensa\/wp-json\/wp\/v2\/categories?post=13636"},{"taxonomy":"post_tag","embeddable":true,"href":"http:\/\/ccnews.com.ar\/prensa\/wp-json\/wp\/v2\/tags?post=13636"}],"curies":[{"name":"wp","href":"https:\/\/api.w.org\/{rel}","templated":true}]}}