{"id":1365,"date":"2016-08-29T14:00:03","date_gmt":"2016-08-29T17:00:03","guid":{"rendered":"http:\/\/clusterciarnews.com.ar\/prensa\/?p=1365"},"modified":"2016-08-29T08:43:40","modified_gmt":"2016-08-29T11:43:40","slug":"un-mayor-volumen-de-petroleo-escalante-se-refinara-en-el-pais","status":"publish","type":"post","link":"http:\/\/ccnews.com.ar\/prensa\/un-mayor-volumen-de-petroleo-escalante-se-refinara-en-el-pais\/","title":{"rendered":"Un mayor volumen de petr\u00f3leo Escalante se refinar\u00e1 en el pa\u00eds"},"content":{"rendered":"<div>\n<p>Argentina tiene previsto incorporar desde octubre de este a\u00f1o la producci\u00f3n de unos 1.000 millones de litros de gasoil y naftas de distinta calidad al mercado interno, lo cual significa aumentar un 5% la producci\u00f3n nacional de combustibles. Ser\u00e1 a partir de la puesta en marcha de una nueva planta en la refiner\u00eda que YPF tiene en La Plata.<\/p>\n<p><img data-recalc-dims=\"1\" decoding=\"async\" src=\"https:\/\/i0.wp.com\/www.laguiapetrolera.com.ar\/fotosnoticias\/4620.jpg?w=800\" \/><\/p>\n<p>Tambi\u00e9n permitir\u00e1 darle un mayor uso en el pa\u00eds a crudos pesados como el Escalante, que hasta ahora tiene como principal destino su exportaci\u00f3n, con el freno que esto implica para la producci\u00f3n en los yacimientos y para la econom\u00eda de Comodoro Rivadavia y de la cuenca del Golfo San Jorge por la ca\u00edda del precio internacional del petr\u00f3leo en los \u00faltimos dos a\u00f1os.<\/p>\n<p>&#8220;El 5% de combustible adicional significa que vamos a incorporar unos 1.000 millones de litros de gasoil y naftas de diversa calidad en el mercado argentino&#8221;, precis\u00f3 el gerente del Complejo Industrial La Plata (CILP) de YPF, Gustavo Chaab.<\/p>\n<p>El combustible adicional que se sumar\u00e1 al pa\u00eds permitir\u00e1 garantizar el abastecimiento de naftas y gasoil en todo el territorio nacional, pocos meses antes que comience la pr\u00f3xima temporada de turismo veraniego.<\/p>\n<p>En di\u00e1logo con T\u00e9lam, el directivo de la petrolera nacionalizada en 2012 vincul\u00f3 el crecimiento en la producci\u00f3n de combustibles l\u00edquidos con la puesta en marcha de la nueva planta de Coque, que se construy\u00f3 en la Refiner\u00eda La Plata y que ser\u00e1 inaugurada oficialmente en octubre por el presidente de la Naci\u00f3n, Mauricio Macri.<\/p>\n<p>El jefe de Estado visit\u00f3 hace pocas semanas el CILP para observar la marcha de las obras de la planta de Coque, en tanto aprovech\u00f3 la oportunidad para conocer algunos detalles m\u00e1s sobre el funcionamiento global de la refiner\u00eda.<\/p>\n<p>Chaab anticip\u00f3 tambi\u00e9n que hoy se iniciar\u00e1n las pruebas definitivas para poner en funcionamiento la planta, cuya construcci\u00f3n demand\u00f3 una inversi\u00f3n de alrededor de 1.000 millones de d\u00f3lares.<\/p>\n<p>&#8220;Estamos muy confiados y expectantes que los ensayos resultar\u00e1n exitosos&#8221;, se\u00f1al\u00f3.<\/p>\n<p>Crudo pesado<\/p>\n<p>Seg\u00fan los datos del Ministerio de Energ\u00eda de la Naci\u00f3n, en 2015 se produjeron un poco m\u00e1s de 20.564 millones de litros de gasoil y naftas, por lo cual los aproximadamente 1.000 millones que se agregar\u00e1n en octubre al sistema representan un 5% del Total del pa\u00eds.<\/p>\n<p>Adem\u00e1s, los 1.000 millones de litros que se sumar\u00e1n al mercado de combustibles representan un 10% de incremento en la producci\u00f3n Total anual de la petrolera estatal.<\/p>\n<p>La nueva planta de Coque constituye la mayor inversi\u00f3n que se realiz\u00f3 en el Complejo de La Plata desde los a\u00f1os 80 y principios de los 90, ocasi\u00f3n en la cual se levantaron otras unidades de procesamiento como el Coque B y el Cracking Catal\u00edtico.<\/p>\n<p>Con la puesta en marcha del nuevo emprendimiento se ampliar\u00e1 la capacidad de conversi\u00f3n, lo cual transformar\u00e1 la Refiner\u00eda La Plata en &#8220;una de las m\u00e1s avanzadas del continente y del mundo&#8221;, coment\u00f3 el ingeniero Chaab.<\/p>\n<p>&#8220;Esta obra tendr\u00e1 un fuerte impacto en el procesamiento de crudo y la capacidad de producci\u00f3n de naftas y gasoil en el Complejo, y -un dato no menor y de vital importancia- es que permitir\u00e1 reemplazar gran parte del combustible l\u00edquido que proviene del exterior, v\u00eda importaciones&#8221;, dijo.<\/p>\n<p>Seg\u00fan el directivo de la petrolera estatal, &#8220;esta situaci\u00f3n ser\u00e1 m\u00e1s importante cuando se normalice la situaci\u00f3n internacional del precio del barril de petr\u00f3leo&#8221;.<\/p>\n<p>En t\u00e9rminos estrictamente t\u00e9cnicos, el objetivo principal de la nueva unidad de Coque apunta a promover el craqueo de mol\u00e9culas de hidrocarburos pesados (de alto peso molecular) a trav\u00e9s de ciertas condiciones de proceso (m\u00e1s de 500\u00b0 C) y suficiente tiempo de reacci\u00f3n (24 horas en c\u00e1maras) para convertirlos en Gas Licuado de Petr\u00f3leo (GLP), naftas, gasoil y gasoil pesado.<\/p>\n<p>La inversi\u00f3n realizada para la construcci\u00f3n resulta particularmente significativa para aquellos crudos pesados sometidos a la inestabilidad y la c\u00edclica situaci\u00f3n que atraviesa el precio internacional del barril de petr\u00f3leo, como el Escalante que se extrae en la provincia de Chubut.<\/p>\n<p>La nueva planta de Coque reemplazar\u00e1 -en parte- a la unidad que se incendi\u00f3 el 2 de abril de 2013, cuando se produjo un intenso y tr\u00e1gico temporal que afect\u00f3 las ciudades de La Plata, Berisso y Ensenada.<\/p>\n<p>De todas formas, el incendio s\u00f3lo aceler\u00f3 los trabajos para la construcci\u00f3n de la nueva planta, que iba a complementar el procesamiento de crudo de la vieja unidad.<\/p>\n<p>Las cifran formales exhiben la real dimensi\u00f3n del emprendimiento: se gener\u00f3 empleo directo e indirecto para 1.800 personas, se utilizaron 22.000 m3 de hormig\u00f3n (casi lo mismo que un edificio de 35 pisos), 4.100 toneladas de estructuras met\u00e1licas y unos 500 kil\u00f3metros de cables.<\/p>\n<\/div>\n<div><\/div>\n<div>Fuente:\u00a0El Comodorense<\/div>\n<!-- AddThis Advanced Settings generic via filter on the_content -->","protected":false},"excerpt":{"rendered":"<p>Argentina tiene previsto incorporar desde octubre de este a\u00f1o la producci\u00f3n de unos 1.000 millones de litros de gasoil y<!-- AddThis Advanced Settings generic via filter on get_the_excerpt --><\/p>\n","protected":false},"author":2,"featured_media":1367,"comment_status":"closed","ping_status":"closed","sticky":false,"template":"","format":"standard","meta":{"colormag_page_container_layout":"default_layout","colormag_page_sidebar_layout":"default_layout","jetpack_post_was_ever_published":false,"_jetpack_newsletter_access":"","_jetpack_dont_email_post_to_subs":false,"_jetpack_newsletter_tier_id":0,"_jetpack_memberships_contains_paywalled_content":false,"_jetpack_memberships_contains_paid_content":false,"footnotes":"","jetpack_publicize_message":"","jetpack_publicize_feature_enabled":true,"jetpack_social_post_already_shared":true,"jetpack_social_options":{"image_generator_settings":{"template":"highway","default_image_id":0,"font":"","enabled":false},"version":2}},"categories":[11],"tags":[17],"class_list":["post-1365","post","type-post","status-publish","format-standard","has-post-thumbnail","hentry","category-energia-y-produccion","tag-otros-medios"],"jetpack_publicize_connections":[],"jetpack_featured_media_url":"https:\/\/i0.wp.com\/ccnews.com.ar\/prensa\/wp-content\/uploads\/2016\/08\/plantilla-40.jpg?fit=605%2C172","jetpack_shortlink":"https:\/\/wp.me\/p7L1gj-m1","jetpack-related-posts":[{"id":14272,"url":"http:\/\/ccnews.com.ar\/prensa\/el-top-5-de-las-principales-petroleras-del-pais\/","url_meta":{"origin":1365,"position":0},"title":"El top 5 de las principales petroleras del pa\u00eds","author":"admin","date":"16 enero, 2020","format":false,"excerpt":"La influencia de Vaca Muerta comenz\u00f3 a mover la aguja en el ranking de las operadoras l\u00edderes. En el segmento del gas Tecpetrol logr\u00f3 subir al podio. PAE gan\u00f3 terreno en el petr\u00f3leo y Vista Oil&Gas se prende a las grandes ligas. El podio de las empresas que lideran y\u2026","rel":"","context":"En \u00abEnerg\u00eda y Producci\u00f3n\u00bb","block_context":{"text":"Energ\u00eda y Producci\u00f3n","link":"http:\/\/ccnews.com.ar\/prensa\/category\/energia-y-produccion\/"},"img":{"alt_text":"","src":"https:\/\/i0.wp.com\/ccnews.com.ar\/prensa\/wp-content\/uploads\/2020\/01\/WP-e1579121775740.jpg?fit=920%2C517&resize=350%2C200","width":350,"height":200,"srcset":"https:\/\/i0.wp.com\/ccnews.com.ar\/prensa\/wp-content\/uploads\/2020\/01\/WP-e1579121775740.jpg?fit=920%2C517&resize=350%2C200 1x, https:\/\/i0.wp.com\/ccnews.com.ar\/prensa\/wp-content\/uploads\/2020\/01\/WP-e1579121775740.jpg?fit=920%2C517&resize=525%2C300 1,5x, https:\/\/i0.wp.com\/ccnews.com.ar\/prensa\/wp-content\/uploads\/2020\/01\/WP-e1579121775740.jpg?fit=920%2C517&resize=700%2C400 2x"},"classes":[]},{"id":2465,"url":"http:\/\/ccnews.com.ar\/prensa\/la-refineria-de-huincul-procesa-un-43-del-petroleo-de-vaca-muerta\/","url_meta":{"origin":1365,"position":1},"title":"La refiner\u00eda de Huincul procesa un 43% del petr\u00f3leo de Vaca Muerta","author":"CLUSTERciar","date":"23 noviembre, 2016","format":false,"excerpt":"A 40 a\u00f1os de su creaci\u00f3n, hace escuela a nivel nacional para determinar c\u00f3mo se comporta el crudo del futuro para elaborar combustibles. La refiner\u00eda de YPF en Plaza Hincul duplic\u00f3 el procesamiento de shale oil en dos a\u00f1os: del total de petr\u00f3leo que se procesa en la planta, el\u2026","rel":"","context":"En \u00abSustentabilidad\u00bb","block_context":{"text":"Sustentabilidad","link":"http:\/\/ccnews.com.ar\/prensa\/category\/sustentabilidad\/"},"img":{"alt_text":"","src":"https:\/\/i0.wp.com\/ccnews.com.ar\/prensa\/wp-content\/uploads\/2016\/11\/image_content_7817946_20161121223643.jpg?fit=660%2C370&resize=350%2C200","width":350,"height":200,"srcset":"https:\/\/i0.wp.com\/ccnews.com.ar\/prensa\/wp-content\/uploads\/2016\/11\/image_content_7817946_20161121223643.jpg?fit=660%2C370&resize=350%2C200 1x, https:\/\/i0.wp.com\/ccnews.com.ar\/prensa\/wp-content\/uploads\/2016\/11\/image_content_7817946_20161121223643.jpg?fit=660%2C370&resize=525%2C300 1,5x"},"classes":[]},{"id":7083,"url":"http:\/\/ccnews.com.ar\/prensa\/allen-consolida-un-perfil-petrolero\/","url_meta":{"origin":1365,"position":2},"title":"ALLEN CONSOLIDA UN PERFIL PETROLERO","author":"admin","date":"28 febrero, 2018","format":false,"excerpt":"YPF destinar\u00e1 u$s 558,9 millones y tiene previsto perforar 93 nuevos pozos. La ciudad produce el 20% del tight gas que genera la petrolera nacional en todo el pa\u00eds. Con millonarias inversiones de parte de YPF, la localidad rionegrina se afianza en el perfil petrolero, que convive con la producci\u00f3n\u2026","rel":"","context":"En \u00abEnerg\u00eda y Producci\u00f3n\u00bb","block_context":{"text":"Energ\u00eda y Producci\u00f3n","link":"http:\/\/ccnews.com.ar\/prensa\/category\/energia-y-produccion\/"},"img":{"alt_text":"","src":"","width":0,"height":0},"classes":[]},{"id":7167,"url":"http:\/\/ccnews.com.ar\/prensa\/allen-consolida-un-perfil-petrolero-2\/","url_meta":{"origin":1365,"position":3},"title":"Allen consolida un perfil petrolero","author":"admin","date":"10 marzo, 2018","format":false,"excerpt":"YPF destinar\u00e1 u$s 558,9 millones y tiene previsto perforar 93 nuevos pozos. La ciudad produce el 20% del tight gas que genera la petrolera nacional en todo el pa\u00eds. Con millonarias inversiones de parte de YPF, la localidad rionegrina se afianza en el perfil petrolero, que convive con la producci\u00f3n\u2026","rel":"","context":"En \u00abEnerg\u00eda y Producci\u00f3n\u00bb","block_context":{"text":"Energ\u00eda y Producci\u00f3n","link":"http:\/\/ccnews.com.ar\/prensa\/category\/energia-y-produccion\/"},"img":{"alt_text":"","src":"https:\/\/i0.wp.com\/ccnews.com.ar\/prensa\/wp-content\/uploads\/2018\/03\/ALLEN_RIONEGRO-657x360.jpg?fit=657%2C360&resize=350%2C200","width":350,"height":200,"srcset":"https:\/\/i0.wp.com\/ccnews.com.ar\/prensa\/wp-content\/uploads\/2018\/03\/ALLEN_RIONEGRO-657x360.jpg?fit=657%2C360&resize=350%2C200 1x, https:\/\/i0.wp.com\/ccnews.com.ar\/prensa\/wp-content\/uploads\/2018\/03\/ALLEN_RIONEGRO-657x360.jpg?fit=657%2C360&resize=525%2C300 1,5x"},"classes":[]},{"id":2179,"url":"http:\/\/ccnews.com.ar\/prensa\/vaca-muerta-el-petroleo-sigue-siendo-su-principal-producto\/","url_meta":{"origin":1365,"position":4},"title":"Vaca Muerta: el petr\u00f3leo sigue siendo su principal producto","author":"CLUSTERciar","date":"3 noviembre, 2016","format":false,"excerpt":"A cinco a\u00f1os de que la formaci\u00f3n shale saltara a la fama, el petr\u00f3leo sigue siendo su principal producto y la oferta de gas de mediano plazo no evitar\u00e1 las importaciones. Fronteras opacas, rentabilidades ocultas y precios que obligan a abrir el debate. En mayo del 2011, YPF anunciaba que\u2026","rel":"","context":"En \u00abSustentabilidad\u00bb","block_context":{"text":"Sustentabilidad","link":"http:\/\/ccnews.com.ar\/prensa\/category\/sustentabilidad\/"},"img":{"alt_text":"","src":"","width":0,"height":0},"classes":[]},{"id":8463,"url":"http:\/\/ccnews.com.ar\/prensa\/crecio-la-produccion-de-gas-y-petroleo-en-neuquen-en-los-ultimos-5-meses\/","url_meta":{"origin":1365,"position":5},"title":"Creci\u00f3 la producci\u00f3n de gas y petr\u00f3leo en Neuqu\u00e9n en los \u00faltimos 5 meses","author":"CLUSTERciar","date":"2 agosto, 2018","format":false,"excerpt":"El gobernador precis\u00f3 que en el caso del gas se increment\u00f3 en un 5,8 por ciento, y en el petr\u00f3leo un 7,5. El gobernador Omar Guti\u00e9rrez confirm\u00f3 el jueves 12 de julio que en los primeros 5 meses de este a\u00f1o \u201cse registr\u00f3 un incremento del 7,5 por ciento en\u2026","rel":"","context":"En \u00abEnerg\u00eda y Producci\u00f3n\u00bb","block_context":{"text":"Energ\u00eda y Producci\u00f3n","link":"http:\/\/ccnews.com.ar\/prensa\/category\/energia-y-produccion\/"},"img":{"alt_text":"","src":"https:\/\/i0.wp.com\/ccnews.com.ar\/prensa\/wp-content\/uploads\/2018\/07\/20180712091101.jpg?fit=1000%2C566&resize=350%2C200","width":350,"height":200,"srcset":"https:\/\/i0.wp.com\/ccnews.com.ar\/prensa\/wp-content\/uploads\/2018\/07\/20180712091101.jpg?fit=1000%2C566&resize=350%2C200 1x, https:\/\/i0.wp.com\/ccnews.com.ar\/prensa\/wp-content\/uploads\/2018\/07\/20180712091101.jpg?fit=1000%2C566&resize=525%2C300 1,5x, https:\/\/i0.wp.com\/ccnews.com.ar\/prensa\/wp-content\/uploads\/2018\/07\/20180712091101.jpg?fit=1000%2C566&resize=700%2C400 2x"},"classes":[]}],"jetpack_sharing_enabled":true,"_links":{"self":[{"href":"http:\/\/ccnews.com.ar\/prensa\/wp-json\/wp\/v2\/posts\/1365","targetHints":{"allow":["GET"]}}],"collection":[{"href":"http:\/\/ccnews.com.ar\/prensa\/wp-json\/wp\/v2\/posts"}],"about":[{"href":"http:\/\/ccnews.com.ar\/prensa\/wp-json\/wp\/v2\/types\/post"}],"author":[{"embeddable":true,"href":"http:\/\/ccnews.com.ar\/prensa\/wp-json\/wp\/v2\/users\/2"}],"replies":[{"embeddable":true,"href":"http:\/\/ccnews.com.ar\/prensa\/wp-json\/wp\/v2\/comments?post=1365"}],"version-history":[{"count":1,"href":"http:\/\/ccnews.com.ar\/prensa\/wp-json\/wp\/v2\/posts\/1365\/revisions"}],"predecessor-version":[{"id":1369,"href":"http:\/\/ccnews.com.ar\/prensa\/wp-json\/wp\/v2\/posts\/1365\/revisions\/1369"}],"wp:featuredmedia":[{"embeddable":true,"href":"http:\/\/ccnews.com.ar\/prensa\/wp-json\/wp\/v2\/media\/1367"}],"wp:attachment":[{"href":"http:\/\/ccnews.com.ar\/prensa\/wp-json\/wp\/v2\/media?parent=1365"}],"wp:term":[{"taxonomy":"category","embeddable":true,"href":"http:\/\/ccnews.com.ar\/prensa\/wp-json\/wp\/v2\/categories?post=1365"},{"taxonomy":"post_tag","embeddable":true,"href":"http:\/\/ccnews.com.ar\/prensa\/wp-json\/wp\/v2\/tags?post=1365"}],"curies":[{"name":"wp","href":"https:\/\/api.w.org\/{rel}","templated":true}]}}