{"id":13658,"date":"2019-11-22T08:38:49","date_gmt":"2019-11-22T11:38:49","guid":{"rendered":"http:\/\/ccnews.com.ar\/prensa\/?p=13658"},"modified":"2019-11-22T08:38:52","modified_gmt":"2019-11-22T11:38:52","slug":"tres-claves-para-aplicar-a-un-ascenso-laboral","status":"publish","type":"post","link":"http:\/\/ccnews.com.ar\/prensa\/tres-claves-para-aplicar-a-un-ascenso-laboral\/","title":{"rendered":"Tres claves para aplicar a un ascenso laboral"},"content":{"rendered":"\n<h6 class=\"wp-block-heading\"><\/h6>\n\n\n\n<p><strong>Los colaboradores pueden dise\u00f1ar su l\u00ednea de carrera, determinando hacia d\u00f3nde les gustar\u00eda avanzar y qu\u00e9 deben hacer para lograrlo.<\/strong><\/p>\n\n\n\n<p>Cuando se habla de\u00a0<strong>ascensos laborales<\/strong>, hay ciertos factores que no dependen del colaborador directamente, como que se abra una nueva posici\u00f3n o que haya una vacante. Sin embargo,\u00a0<em>\u201clo que s\u00ed podemos controlar es estar preparados para que, cuando se abra una postulaci\u00f3n, encajemos perfectamente en el perfil\u201d<\/em>\u00a0se\u00f1ala\u00a0<strong>Christian Venturo<\/strong>, gerente nacional de Selecci\u00f3n y RPO de\u00a0<strong>Adecco<\/strong>.<\/p>\n\n\n\n<p>Si bien corresponde al \u00e1rea de Recursos Humanos desarrollar los perfiles de cada posici\u00f3n, los colaboradores pueden dise\u00f1ar su propia l\u00ednea de carrera (dentro o fuera de la empresa), determinando hacia d\u00f3nde les gustar\u00eda avanzar y qu\u00e9 deben hacer para lograrlo.<\/p>\n\n\n\n<p>De acuerdo a Venturo, algunas de las consideraciones antes de aplicar a un ascenso son:<\/p>\n\n\n\n<p>1. Evaluar si es el momento adecuado: el desempe\u00f1o de determinado puesto lleva un proceso.&nbsp;<em>\u201cPuedes estar en una etapa inicial donde en periodo de aprendizaje, en una fase media donde eres un profesional s\u00f3lido y consolidado, o en una etapa m\u00e1s avanzada donde ya est\u00e1s ense\u00f1ando a otras personas\u201d<\/em>, se\u00f1ala Venturo.<\/p>\n\n\n\n<p>2. Habilidades blandas y conocimientos t\u00e9cnicos: es importante que el postulante realice una autoevaluaci\u00f3n para conocer si cumple con lo que est\u00e1n requiriendo y, de no ser as\u00ed, comenzar a formarse.<\/p>\n\n\n\n<p>\u201cEl trabajo en equipo, la comunicaci\u00f3n asertiva, la resoluci\u00f3n de problemas o el liderazgo no es algo que se adquiere en una universidad, pero s\u00ed son habilidades que puedo desarrollar en la posici\u00f3n que tenga\u201d, agrega el especialista de Adecco.<\/p>\n\n\n\n<p>3. \u00bfQu\u00e9 se espera de esta posici\u00f3n?: m\u00e1s all\u00e1 del desempe\u00f1o de la persona anterior que ocup\u00f3 el cargo o lo que dice en la descripci\u00f3n, es importante estar claros de la misi\u00f3n del puesto, si se cumple con lo esperado y, sobre todo, si estamos dispuestos a asumir ese reto.<\/p>\n\n\n\n<p>Venturo recalca la importancia de que el colaborador tenga inter\u00e9s en desarrollar su carrera y busque oportunidades para asumir nuevos retos, formarse y sobre todo demostrar sus fortalezas, para que al momento en que se abran nuevas oportunidades, pueda ser considerando en el proceso.<\/p>\n\n\n\n<p><em>\u201cUn ascenso siempre es una competencia, en la cual no basta el derecho de antig\u00fcedad, sino la preparaci\u00f3n que tengas y lo que puedas aportar\u201d<\/em>, coment\u00f3.<\/p>\n\n\n\n<p>Fuente: Gesti\u00f3n<\/p>\n<!-- AddThis Advanced Settings generic via filter on the_content -->","protected":false},"excerpt":{"rendered":"<p>Los colaboradores pueden dise\u00f1ar su l\u00ednea de carrera, determinando hacia d\u00f3nde les gustar\u00eda avanzar y qu\u00e9 deben hacer para lograrlo.<!-- AddThis Advanced Settings generic via filter on get_the_excerpt --><\/p>\n","protected":false},"author":1,"featured_media":13664,"comment_status":"closed","ping_status":"closed","sticky":false,"template":"","format":"standard","meta":{"colormag_page_container_layout":"default_layout","colormag_page_sidebar_layout":"default_layout","jetpack_post_was_ever_published":false,"_jetpack_newsletter_access":"","_jetpack_dont_email_post_to_subs":false,"_jetpack_newsletter_tier_id":0,"_jetpack_memberships_contains_paywalled_content":false,"_jetpack_memberships_contains_paid_content":false,"footnotes":"","jetpack_publicize_message":"#BuenViernes #Management Tres claves para aplicar a un ascenso laboral","jetpack_publicize_feature_enabled":true,"jetpack_social_post_already_shared":true,"jetpack_social_options":{"image_generator_settings":{"template":"highway","default_image_id":0,"font":"","enabled":false},"version":2}},"categories":[7],"tags":[17],"class_list":["post-13658","post","type-post","status-publish","format-standard","has-post-thumbnail","hentry","category-management","tag-otros-medios"],"jetpack_publicize_connections":[],"jetpack_featured_media_url":"https:\/\/i0.wp.com\/ccnews.com.ar\/prensa\/wp-content\/uploads\/2019\/11\/IXDVWNT7UFHCJGPJI7FJO6LVGI.jpg?fit=980%2C528","jetpack_shortlink":"https:\/\/wp.me\/p7L1gj-3yi","jetpack-related-posts":[{"id":4863,"url":"http:\/\/ccnews.com.ar\/prensa\/las-extranas-reglas-que-todo-empleado-de-disney-debe-cumplir\/","url_meta":{"origin":13658,"position":0},"title":"Las extra\u00f1as reglas que todo empleado de Disney debe cumplir","author":"CLUSTERciar","date":"3 agosto, 2017","format":false,"excerpt":"Trabajar en Disneyland trae aparejada una normativa particular que la mayor\u00eda desconoce. Qu\u00e9 requisitos deben cumplir para estar dentro del parque m\u00e1s conocido del mundo Disney es un lugar que siempre fue sin\u00f3nimo de felicidad para los miles de turistas que visitan cada d\u00eda los parques m\u00e1s famosos del globo\u2026","rel":"","context":"En \u00abManagement\u00bb","block_context":{"text":"Management","link":"http:\/\/ccnews.com.ar\/prensa\/category\/management\/"},"img":{"alt_text":"","src":"https:\/\/i0.wp.com\/ccnews.com.ar\/prensa\/wp-content\/uploads\/2017\/07\/1500397329_792129_1500397489_noticia_normal_recorte1-7.jpg?fit=600%2C338&resize=350%2C200","width":350,"height":200,"srcset":"https:\/\/i0.wp.com\/ccnews.com.ar\/prensa\/wp-content\/uploads\/2017\/07\/1500397329_792129_1500397489_noticia_normal_recorte1-7.jpg?fit=600%2C338&resize=350%2C200 1x, https:\/\/i0.wp.com\/ccnews.com.ar\/prensa\/wp-content\/uploads\/2017\/07\/1500397329_792129_1500397489_noticia_normal_recorte1-7.jpg?fit=600%2C338&resize=525%2C300 1,5x"},"classes":[]},{"id":1893,"url":"http:\/\/ccnews.com.ar\/prensa\/como-educar-para-emprender-y-no-para-buscar-trabajo\/","url_meta":{"origin":13658,"position":1},"title":"\u00bfC\u00f3mo educar para emprender y no para buscar trabajo?","author":"CLUSTERciar","date":"13 octubre, 2016","format":false,"excerpt":"Dec\u00eda Oscar Wilde que la sociedad perdona a veces a un criminal pero nunca perdona a un so\u00f1ador. Seg\u00fan Hayek, no\u00a0podemos censurar a nuestros j\u00f3venes porque prefieran una posici\u00f3n asalariada segura frente al riesgo de la empresa, cuando desde su primera juventud han visto aqu\u00e9lla considerada como ocupaci\u00f3n superior m\u00e1s\u2026","rel":"","context":"En \u00abEducaci\u00f3n\/Sociedad\u00bb","block_context":{"text":"Educaci\u00f3n\/Sociedad","link":"http:\/\/ccnews.com.ar\/prensa\/category\/educacion-sociedad\/"},"img":{"alt_text":"","src":"","width":0,"height":0},"classes":[]},{"id":5639,"url":"http:\/\/ccnews.com.ar\/prensa\/buscando-nuevas-oportunidades-laborales\/","url_meta":{"origin":13658,"position":2},"title":"Buscando nuevas oportunidades laborales","author":"CLUSTERciar","date":"17 octubre, 2017","format":false,"excerpt":"Muchas veces uno llega al punto en que ya no se siente feliz o c\u00f3modo en el trabajo que uno tiene, y ante esto a veces puede ser recomendable buscar un nuevo empleo. Dejar un empleo a veces puede ser se\u00f1al de mejores oportunidades. Puede ser para algunos una forma\u2026","rel":"","context":"En \u00abManagement\u00bb","block_context":{"text":"Management","link":"http:\/\/ccnews.com.ar\/prensa\/category\/management\/"},"img":{"alt_text":"","src":"https:\/\/i0.wp.com\/ccnews.com.ar\/prensa\/wp-content\/uploads\/2017\/09\/image_content_8652837_20170921224354.jpg?fit=660%2C370&resize=350%2C200","width":350,"height":200,"srcset":"https:\/\/i0.wp.com\/ccnews.com.ar\/prensa\/wp-content\/uploads\/2017\/09\/image_content_8652837_20170921224354.jpg?fit=660%2C370&resize=350%2C200 1x, https:\/\/i0.wp.com\/ccnews.com.ar\/prensa\/wp-content\/uploads\/2017\/09\/image_content_8652837_20170921224354.jpg?fit=660%2C370&resize=525%2C300 1,5x"},"classes":[]},{"id":12560,"url":"http:\/\/ccnews.com.ar\/prensa\/los-rasgos-que-todo-lider-debe-desarrollar-para-no-poner-en-riesgo-su-carrera\/","url_meta":{"origin":13658,"position":3},"title":"Los rasgos que todo l\u00edder debe desarrollar para no poner en riesgo su carrera","author":"admin","date":"18 agosto, 2019","format":false,"excerpt":"La personalidad puede ser una palanca o un ancla en el desarrollo profesional de cada uno. De ese modo, reconocer y explotar las caracter\u00edsticas propias es necesario para hacer un cambio disruptivo en la carrera. Hace unas dos d\u00e9cadas los psic\u00f3logos Robert y Joyce Hogan desarrollaron un inventario de 11\u2026","rel":"","context":"En \u00abManagement\u00bb","block_context":{"text":"Management","link":"http:\/\/ccnews.com.ar\/prensa\/category\/management\/"},"img":{"alt_text":"","src":"https:\/\/i0.wp.com\/ccnews.com.ar\/prensa\/wp-content\/uploads\/2019\/08\/personalidade-1200x801.jpg?fit=1200%2C801&resize=350%2C200","width":350,"height":200,"srcset":"https:\/\/i0.wp.com\/ccnews.com.ar\/prensa\/wp-content\/uploads\/2019\/08\/personalidade-1200x801.jpg?fit=1200%2C801&resize=350%2C200 1x, https:\/\/i0.wp.com\/ccnews.com.ar\/prensa\/wp-content\/uploads\/2019\/08\/personalidade-1200x801.jpg?fit=1200%2C801&resize=525%2C300 1,5x, https:\/\/i0.wp.com\/ccnews.com.ar\/prensa\/wp-content\/uploads\/2019\/08\/personalidade-1200x801.jpg?fit=1200%2C801&resize=700%2C400 2x, https:\/\/i0.wp.com\/ccnews.com.ar\/prensa\/wp-content\/uploads\/2019\/08\/personalidade-1200x801.jpg?fit=1200%2C801&resize=1050%2C600 3x"},"classes":[]},{"id":9741,"url":"http:\/\/ccnews.com.ar\/prensa\/las-8-tendencias-que-marcaran-el-mundo-del-trabajo-en-2019\/","url_meta":{"origin":13658,"position":4},"title":"Las 8 tendencias que marcar\u00e1n el mundo del trabajo en 2019","author":"CLUSTERciar","date":"31 diciembre, 2018","format":false,"excerpt":"Capacitaci\u00f3n, flexibilidad y actualizaci\u00f3n digital son los principales factores que las empresas deber\u00e1n desarrollar para atraer y retener el talento La consultora de RR.HH. Randstad, dio a conocer las ocho tendencias que su equipo de especialistas en gesti\u00f3n del talento identific\u00f3 como las m\u00e1s relevantes que el nuevo a\u00f1o traer\u00e1\u2026","rel":"","context":"En \u00abManagement\u00bb","block_context":{"text":"Management","link":"http:\/\/ccnews.com.ar\/prensa\/category\/management\/"},"img":{"alt_text":"","src":"https:\/\/i0.wp.com\/ccnews.com.ar\/prensa\/wp-content\/uploads\/2018\/12\/471192_landscape.jpg?fit=640%2C360&resize=350%2C200","width":350,"height":200,"srcset":"https:\/\/i0.wp.com\/ccnews.com.ar\/prensa\/wp-content\/uploads\/2018\/12\/471192_landscape.jpg?fit=640%2C360&resize=350%2C200 1x, https:\/\/i0.wp.com\/ccnews.com.ar\/prensa\/wp-content\/uploads\/2018\/12\/471192_landscape.jpg?fit=640%2C360&resize=525%2C300 1,5x"},"classes":[]},{"id":9227,"url":"http:\/\/ccnews.com.ar\/prensa\/por-que-para-cambiar-hay-que-abrazar-a-un-millennial\/","url_meta":{"origin":13658,"position":5},"title":"Por qu\u00e9 para cambiar &#8220;hay que abrazar a un millennial\u201d","author":"CLUSTERciar","date":"6 noviembre, 2018","format":false,"excerpt":"El disrupting manager\u00a0Leo Piccioli habl\u00f3 sobre c\u00f3mo anticiparse a las modificaciones que la tecnolog\u00eda generar\u00e1n en el mundo en el corto plazo. En la continuidad del del\u00a0Innovation Summit, el evento sobre innovaci\u00f3n que re\u00fane a muchas personalidades locales del mundo emprendedor y empresario del pa\u00eds \u2013con el respaldo de El\u2026","rel":"","context":"En \u00abManagement\u00bb","block_context":{"text":"Management","link":"http:\/\/ccnews.com.ar\/prensa\/category\/management\/"},"img":{"alt_text":"","src":"https:\/\/i0.wp.com\/ccnews.com.ar\/prensa\/wp-content\/uploads\/2018\/10\/11_10_18_piccioli_final_crop1539275221234.jpg_1484051676.jpg?fit=875%2C471&resize=350%2C200","width":350,"height":200,"srcset":"https:\/\/i0.wp.com\/ccnews.com.ar\/prensa\/wp-content\/uploads\/2018\/10\/11_10_18_piccioli_final_crop1539275221234.jpg_1484051676.jpg?fit=875%2C471&resize=350%2C200 1x, https:\/\/i0.wp.com\/ccnews.com.ar\/prensa\/wp-content\/uploads\/2018\/10\/11_10_18_piccioli_final_crop1539275221234.jpg_1484051676.jpg?fit=875%2C471&resize=525%2C300 1,5x, https:\/\/i0.wp.com\/ccnews.com.ar\/prensa\/wp-content\/uploads\/2018\/10\/11_10_18_piccioli_final_crop1539275221234.jpg_1484051676.jpg?fit=875%2C471&resize=700%2C400 2x"},"classes":[]}],"jetpack_sharing_enabled":true,"_links":{"self":[{"href":"http:\/\/ccnews.com.ar\/prensa\/wp-json\/wp\/v2\/posts\/13658","targetHints":{"allow":["GET"]}}],"collection":[{"href":"http:\/\/ccnews.com.ar\/prensa\/wp-json\/wp\/v2\/posts"}],"about":[{"href":"http:\/\/ccnews.com.ar\/prensa\/wp-json\/wp\/v2\/types\/post"}],"author":[{"embeddable":true,"href":"http:\/\/ccnews.com.ar\/prensa\/wp-json\/wp\/v2\/users\/1"}],"replies":[{"embeddable":true,"href":"http:\/\/ccnews.com.ar\/prensa\/wp-json\/wp\/v2\/comments?post=13658"}],"version-history":[{"count":5,"href":"http:\/\/ccnews.com.ar\/prensa\/wp-json\/wp\/v2\/posts\/13658\/revisions"}],"predecessor-version":[{"id":13674,"href":"http:\/\/ccnews.com.ar\/prensa\/wp-json\/wp\/v2\/posts\/13658\/revisions\/13674"}],"wp:featuredmedia":[{"embeddable":true,"href":"http:\/\/ccnews.com.ar\/prensa\/wp-json\/wp\/v2\/media\/13664"}],"wp:attachment":[{"href":"http:\/\/ccnews.com.ar\/prensa\/wp-json\/wp\/v2\/media?parent=13658"}],"wp:term":[{"taxonomy":"category","embeddable":true,"href":"http:\/\/ccnews.com.ar\/prensa\/wp-json\/wp\/v2\/categories?post=13658"},{"taxonomy":"post_tag","embeddable":true,"href":"http:\/\/ccnews.com.ar\/prensa\/wp-json\/wp\/v2\/tags?post=13658"}],"curies":[{"name":"wp","href":"https:\/\/api.w.org\/{rel}","templated":true}]}}