{"id":13708,"date":"2019-11-25T08:00:29","date_gmt":"2019-11-25T11:00:29","guid":{"rendered":"http:\/\/ccnews.com.ar\/prensa\/?p=13708"},"modified":"2019-11-25T09:09:21","modified_gmt":"2019-11-25T12:09:21","slug":"crece-el-interes-de-las-petroleras-por-competir-en-la-venta-de-gas-para-estaciones-de-gnc","status":"publish","type":"post","link":"http:\/\/ccnews.com.ar\/prensa\/crece-el-interes-de-las-petroleras-por-competir-en-la-venta-de-gas-para-estaciones-de-gnc\/","title":{"rendered":"Crece el inter\u00e9s de las petroleras por competir en la venta de gas para estaciones de GNC"},"content":{"rendered":"\n<p><strong>El Abogado y experto\nen bocas de expendio de combustibles l\u00edquidos y duales, Luis Mar\u00eda Navas,\nalert\u00f3 sobre lo que considera un \u201cempe\u00f1o pronunciado que est\u00e1n imprimiendo\nalgunas compa\u00f1\u00edas para venderle gas natural a las estaciones de carga de GNC\u201d.<\/strong><\/p>\n\n\n\n<p>En vistas a la asunci\u00f3n de las nuevas autoridades de la\ncartera energ\u00e9tica, los expendedores siguen de cerca lo que pod\u00eda ser un cambio\ntrascendental en materia de distribuci\u00f3n y comercializaci\u00f3n del gas para la\nindustria automotriz, tras la apertura que el Gobierno Nacional hiciera a nivel\nnormativo.<\/p>\n\n\n\n<p>En este contexto, se supo que algunas compa\u00f1\u00edas estar\u00edan\nenviando sendas notas a sus operadores de red, para adelantarles sus\nintenciones de proveerlos del fluido en forma exclusiva, lo que har\u00eda que deban\ndejar de lado sus contratos con los actuales distribuidores, como Metrogas, Gas\nBan y otras firmas.<\/p>\n\n\n\n<p>Al respecto, el representante de la Asociaci\u00f3n Estaciones de\nServicio (AES), Luis Mar\u00eda Navas, record\u00f3 que cuando reci\u00e9n las estaciones\npudieron comprar gas en el Punto de Ingreso al Sistema de Transporte (PIST) o\ncom\u00fanmente, gas en boca de pozo, las compa\u00f1\u00edas productoras ni siquiera quer\u00edan\nfacturar.<\/p>\n\n\n\n<p>\u201cEl consumo de gas para GNC de las estaciones era facturado\npor terceras empresas mediante el sistema conocido como factoring. Ello fue as\u00ed\nporque los productores venden millones de metros c\u00fabicos por d\u00eda a pocos\ncompradores, entre ellos, fundamentalmente a las Licenciatarias del Servicio de\nDistribuci\u00f3n y no les interesaba crear una estructura para atender a nuevos y numerosos\nclientes\u201d, explic\u00f3 quien adem\u00e1s es autor de la tesis sobre unbundling del Gas\nNatural en el mercado argentino.<\/p>\n\n\n\n<p>Asegur\u00f3 que durante a\u00f1os las estaciones de carga de GNC han\ncomprado el gas natural a comercializadores, en la mayor\u00eda de los casos pertenecientes\nal grupo empresario de las Distribuidoras y \u201cel sistema funcion\u00f3\neficientemente\u201d, opin\u00f3 a surtidores.com.ar.<\/p>\n\n\n\n<p>Aclar\u00f3 que este sistema solo se interrumpi\u00f3, \u201cpor una\ndecisi\u00f3n lamentable del ex Ministro Aranguren, desde mayo-2016 hasta\nabril-2017, que caus\u00f3 el aumento significativo del precio del GNC poni\u00e9ndolo en\ndesventaja frente a su competidor natural que es la nafta s\u00faper\u201d.<\/p>\n\n\n\n<p>Sin embargo, en la actualidad, los productores, que tambi\u00e9n\nson compa\u00f1\u00edas petroleras, con estaciones propias y abanderadas, le piden a las\nestaciones que rescindan contratos con las comercializadoras para comenzar a\ntrabajar directamente con ellas.<\/p>\n\n\n\n<p>\u201cDe esa forma se genera inmediatamente un problema entre la\nestaci\u00f3n y la comercializadora que ha adquirido obligaciones de compra del\nfluido\u201d, avis\u00f3 quien adem\u00e1s se desempe\u00f1a como Posgrado en Negociaci\u00f3n y\nResoluci\u00f3n de Conflictos.<\/p>\n\n\n\n<p>\u201cDe todas maneras, esas compa\u00f1\u00edas petroleras le venden el\ngas a las comercializadoras. Por lo tanto no hay necesidad de ganar nuevos\nmercados sino la decisi\u00f3n comercial de venderles directamente&nbsp; a las estaciones de carga de GNC\u201d, recalc\u00f3.<\/p>\n\n\n\n<p>Advirti\u00f3 finalmente que una vez que estas empresas logren venderle el gas natural a las estaciones de carga de GNC, tendr\u00e1n controlado todo el suministro de combustibles l\u00edquidos y gaseoso, en un contexto actual donde las estaciones tienen la posibilidad para fijar el precio de venta libremente con la \u00fanica restricci\u00f3n de estar en sinton\u00eda con los precios de sus competidores.<\/p>\n\n\n\n<p>Fuente: Surtidores.com<\/p>\n<!-- AddThis Advanced Settings generic via filter on the_content -->","protected":false},"excerpt":{"rendered":"<p>El Abogado y experto en bocas de expendio de combustibles l\u00edquidos y duales, Luis Mar\u00eda Navas, alert\u00f3 sobre lo que<!-- AddThis Advanced Settings generic via filter on get_the_excerpt --><\/p>\n","protected":false},"author":1,"featured_media":13710,"comment_status":"closed","ping_status":"closed","sticky":false,"template":"","format":"standard","meta":{"colormag_page_container_layout":"default_layout","colormag_page_sidebar_layout":"default_layout","jetpack_post_was_ever_published":false,"_jetpack_newsletter_access":"","_jetpack_dont_email_post_to_subs":false,"_jetpack_newsletter_tier_id":0,"_jetpack_memberships_contains_paywalled_content":false,"_jetpack_memberships_contains_paid_content":false,"footnotes":"","jetpack_publicize_message":"#BuenLunes #Inspecci\u00f3n Crece el inter\u00e9s de las petroleras por competir en la venta de gas para estaciones de GNC","jetpack_publicize_feature_enabled":true,"jetpack_social_post_already_shared":true,"jetpack_social_options":{"image_generator_settings":{"template":"highway","default_image_id":0,"font":"","enabled":false},"version":2}},"categories":[11],"tags":[17],"class_list":["post-13708","post","type-post","status-publish","format-standard","has-post-thumbnail","hentry","category-energia-y-produccion","tag-otros-medios"],"jetpack_publicize_connections":[],"jetpack_featured_media_url":"https:\/\/i0.wp.com\/ccnews.com.ar\/prensa\/wp-content\/uploads\/2019\/11\/foto2-13.jpg?fit=750%2C424","jetpack_shortlink":"https:\/\/wp.me\/p7L1gj-3z6","jetpack-related-posts":[{"id":1845,"url":"http:\/\/ccnews.com.ar\/prensa\/aspro-busca-alianzas-estrategicas-en-la-industria-de-oil-gas\/","url_meta":{"origin":13708,"position":0},"title":"Aspro busca alianzas estrat\u00e9gicas en la industria de Oil &#038; Gas","author":"CLUSTERciar","date":"5 octubre, 2016","format":false,"excerpt":"Para seguir creciendo en la cuenca Neuquina y el Golfo San Jorge La reconocida firma del mercado de compresi\u00f3n de gas quiere participar activamente en el desarrollo del sector hidrocarbur\u00edfero. A trav\u00e9s de su divisi\u00f3n de Oil & Gas, fabrica y comercializa tres tipos de equipos 100% nacionales: de well\u2026","rel":"","context":"En \u00abManagement\u00bb","block_context":{"text":"Management","link":"http:\/\/ccnews.com.ar\/prensa\/category\/management\/"},"img":{"alt_text":"","src":"","width":0,"height":0},"classes":[]},{"id":349,"url":"http:\/\/ccnews.com.ar\/prensa\/las-transacciones-en-el-sector-del-petroleo-y-gas-aumentaran-este-ano-tras-caer-un-33-en-2015\/","url_meta":{"origin":13708,"position":1},"title":"Las transacciones en el sector del petr\u00f3leo y gas aumentar\u00e1n este a\u00f1o, tras caer un 33% en 2015","author":"CLUSTERciar","date":"21 marzo, 2016","format":false,"excerpt":"Las transacciones en el sector del petr\u00f3leo y del gas registrar\u00e1n un incremento este a\u00f1o, despu\u00e9s de haber sufrido un descenso en t\u00e9rminos de volumen del 33% durante 2015, seg\u00fan se aprecia en el informe 'Global oil'and gas transactions review 2015', elaborado por EY. Al abordar las previsiones del sector\u2026","rel":"","context":"En \u00abEnerg\u00eda y Producci\u00f3n\u00bb","block_context":{"text":"Energ\u00eda y Producci\u00f3n","link":"http:\/\/ccnews.com.ar\/prensa\/category\/energia-y-produccion\/"},"img":{"alt_text":"trace","src":"https:\/\/i0.wp.com\/clusterciar.com.ar\/wp\/wp-content\/uploads\/2016\/04\/trace-300x85.jpg?resize=350%2C200","width":350,"height":200},"classes":[]},{"id":6829,"url":"http:\/\/ccnews.com.ar\/prensa\/del-surtidor-a-la-internet-de-las-cosas-como-la-tecnologia-cambiara-el-negocio-de-las-estaciones-de-servicio\/","url_meta":{"origin":13708,"position":2},"title":"Del surtidor a la Internet de las Cosas: c\u00f3mo la tecnolog\u00eda cambiar\u00e1 el negocio de las estaciones de servicio","author":"admin","date":"12 febrero, 2018","format":false,"excerpt":"Bocas de expendio inteligentes, pagos automatizados v\u00eda aplicaciones y tiendas de conveniencia verdes, son algunas de las ideas que ya est\u00e1n poniendo en pr\u00e1ctica las petroleras para captar a los clientes y mejorar la experiencia de usuario. Las teor\u00edas m\u00e1s aceptadas con respecto a la formaci\u00f3n del petr\u00f3leo en la\u2026","rel":"","context":"En \u00abTransformaci\u00f3n digital\u00bb","block_context":{"text":"Transformaci\u00f3n digital","link":"http:\/\/ccnews.com.ar\/prensa\/category\/transformacion-digital\/"},"img":{"alt_text":"","src":"https:\/\/i0.wp.com\/ccnews.com.ar\/prensa\/wp-content\/uploads\/2018\/01\/tecno_via-de-expendio-2.jpg?fit=740%2C755&resize=350%2C200","width":350,"height":200,"srcset":"https:\/\/i0.wp.com\/ccnews.com.ar\/prensa\/wp-content\/uploads\/2018\/01\/tecno_via-de-expendio-2.jpg?fit=740%2C755&resize=350%2C200 1x, https:\/\/i0.wp.com\/ccnews.com.ar\/prensa\/wp-content\/uploads\/2018\/01\/tecno_via-de-expendio-2.jpg?fit=740%2C755&resize=525%2C300 1,5x, https:\/\/i0.wp.com\/ccnews.com.ar\/prensa\/wp-content\/uploads\/2018\/01\/tecno_via-de-expendio-2.jpg?fit=740%2C755&resize=700%2C400 2x"},"classes":[]},{"id":12554,"url":"http:\/\/ccnews.com.ar\/prensa\/vaca-muerta-como-impacta-el-congelamiento-de-los-combustibles\/","url_meta":{"origin":13708,"position":3},"title":"Vaca Muerta: c\u00f3mo impacta el congelamiento de los combustibles","author":"admin","date":"17 agosto, 2019","format":false,"excerpt":"El paquete de medidas que anunci\u00f3 el presidente Mauricio Macri el mi\u00e9rcoles caus\u00f3 revuelo en la industria. Desde provincia de Neuqu\u00e9n avisaron que ir\u00e1n a la justicia. Corre peligro el nivel de actividad en la formaci\u00f3n. El congelamiento del precio de los combustibles y del barril, que se convirti\u00f3 en\u2026","rel":"","context":"En \u00abEnerg\u00eda y Producci\u00f3n\u00bb","block_context":{"text":"Energ\u00eda y Producci\u00f3n","link":"http:\/\/ccnews.com.ar\/prensa\/category\/energia-y-produccion\/"},"img":{"alt_text":"","src":"https:\/\/i0.wp.com\/ccnews.com.ar\/prensa\/wp-content\/uploads\/2019\/08\/IMG_4630-2.jpg?fit=920%2C520&resize=350%2C200","width":350,"height":200,"srcset":"https:\/\/i0.wp.com\/ccnews.com.ar\/prensa\/wp-content\/uploads\/2019\/08\/IMG_4630-2.jpg?fit=920%2C520&resize=350%2C200 1x, https:\/\/i0.wp.com\/ccnews.com.ar\/prensa\/wp-content\/uploads\/2019\/08\/IMG_4630-2.jpg?fit=920%2C520&resize=525%2C300 1,5x, https:\/\/i0.wp.com\/ccnews.com.ar\/prensa\/wp-content\/uploads\/2019\/08\/IMG_4630-2.jpg?fit=920%2C520&resize=700%2C400 2x"},"classes":[]},{"id":14098,"url":"http:\/\/ccnews.com.ar\/prensa\/promueven-el-uso-del-hidrogeno-la-energia-del-futuro\/","url_meta":{"origin":13708,"position":4},"title":"Promueven el uso del hidr\u00f3geno, la energ\u00eda del futuro","author":"admin","date":"1 enero, 2020","format":false,"excerpt":"Empe\u00f1ados como estamos en hacer de la electricidad la \u00fanica fuente de energ\u00eda para el futuro, nos hemos olvidado de la mayor reserva de combustible no contaminante del mundo: el hidr\u00f3geno. Este gas se puede generar a partir de fuentes renovables, almacenarse y ser utilizado, a trav\u00e9s de pilas de\u2026","rel":"","context":"En \u00abSustentabilidad\u00bb","block_context":{"text":"Sustentabilidad","link":"http:\/\/ccnews.com.ar\/prensa\/category\/sustentabilidad\/"},"img":{"alt_text":"","src":"https:\/\/i0.wp.com\/ccnews.com.ar\/prensa\/wp-content\/uploads\/2019\/12\/hidr%C3%B3geno-met%C3%A1lico-portada.jpg?fit=1024%2C576&resize=350%2C200","width":350,"height":200,"srcset":"https:\/\/i0.wp.com\/ccnews.com.ar\/prensa\/wp-content\/uploads\/2019\/12\/hidr%C3%B3geno-met%C3%A1lico-portada.jpg?fit=1024%2C576&resize=350%2C200 1x, https:\/\/i0.wp.com\/ccnews.com.ar\/prensa\/wp-content\/uploads\/2019\/12\/hidr%C3%B3geno-met%C3%A1lico-portada.jpg?fit=1024%2C576&resize=525%2C300 1,5x, https:\/\/i0.wp.com\/ccnews.com.ar\/prensa\/wp-content\/uploads\/2019\/12\/hidr%C3%B3geno-met%C3%A1lico-portada.jpg?fit=1024%2C576&resize=700%2C400 2x"},"classes":[]},{"id":12937,"url":"http:\/\/ccnews.com.ar\/prensa\/vaca-muerta-en-el-evento-mas-esperado-del-rubro-oil-gas\/","url_meta":{"origin":13708,"position":5},"title":"Vaca Muerta en el evento m\u00e1s esperado del rubro oil &#038; gas","author":"admin","date":"13 septiembre, 2019","format":false,"excerpt":"El Cl\u00faster Vaca Muerta estar\u00e1 presente en la expo Argentina Oil & Gas 2019, que se celebrar\u00e1 en Buenos Aires del 23 al 26 de septiembre. Aqu\u00ed, un recorrido por los avances que viene logrando la agrupaci\u00f3n y algunos adelantos de lo que presentar\u00e1 en la expo. El Cl\u00faster Vaca\u2026","rel":"","context":"En \u00abManagement\u00bb","block_context":{"text":"Management","link":"http:\/\/ccnews.com.ar\/prensa\/category\/management\/"},"img":{"alt_text":"","src":"https:\/\/i0.wp.com\/ccnews.com.ar\/prensa\/wp-content\/uploads\/2019\/09\/e198de67-d6d0-43d9-a858-6b1a1af23cb8.jpg?fit=1200%2C756&resize=350%2C200","width":350,"height":200,"srcset":"https:\/\/i0.wp.com\/ccnews.com.ar\/prensa\/wp-content\/uploads\/2019\/09\/e198de67-d6d0-43d9-a858-6b1a1af23cb8.jpg?fit=1200%2C756&resize=350%2C200 1x, https:\/\/i0.wp.com\/ccnews.com.ar\/prensa\/wp-content\/uploads\/2019\/09\/e198de67-d6d0-43d9-a858-6b1a1af23cb8.jpg?fit=1200%2C756&resize=525%2C300 1,5x, https:\/\/i0.wp.com\/ccnews.com.ar\/prensa\/wp-content\/uploads\/2019\/09\/e198de67-d6d0-43d9-a858-6b1a1af23cb8.jpg?fit=1200%2C756&resize=700%2C400 2x, https:\/\/i0.wp.com\/ccnews.com.ar\/prensa\/wp-content\/uploads\/2019\/09\/e198de67-d6d0-43d9-a858-6b1a1af23cb8.jpg?fit=1200%2C756&resize=1050%2C600 3x"},"classes":[]}],"jetpack_sharing_enabled":true,"_links":{"self":[{"href":"http:\/\/ccnews.com.ar\/prensa\/wp-json\/wp\/v2\/posts\/13708","targetHints":{"allow":["GET"]}}],"collection":[{"href":"http:\/\/ccnews.com.ar\/prensa\/wp-json\/wp\/v2\/posts"}],"about":[{"href":"http:\/\/ccnews.com.ar\/prensa\/wp-json\/wp\/v2\/types\/post"}],"author":[{"embeddable":true,"href":"http:\/\/ccnews.com.ar\/prensa\/wp-json\/wp\/v2\/users\/1"}],"replies":[{"embeddable":true,"href":"http:\/\/ccnews.com.ar\/prensa\/wp-json\/wp\/v2\/comments?post=13708"}],"version-history":[{"count":1,"href":"http:\/\/ccnews.com.ar\/prensa\/wp-json\/wp\/v2\/posts\/13708\/revisions"}],"predecessor-version":[{"id":13712,"href":"http:\/\/ccnews.com.ar\/prensa\/wp-json\/wp\/v2\/posts\/13708\/revisions\/13712"}],"wp:featuredmedia":[{"embeddable":true,"href":"http:\/\/ccnews.com.ar\/prensa\/wp-json\/wp\/v2\/media\/13710"}],"wp:attachment":[{"href":"http:\/\/ccnews.com.ar\/prensa\/wp-json\/wp\/v2\/media?parent=13708"}],"wp:term":[{"taxonomy":"category","embeddable":true,"href":"http:\/\/ccnews.com.ar\/prensa\/wp-json\/wp\/v2\/categories?post=13708"},{"taxonomy":"post_tag","embeddable":true,"href":"http:\/\/ccnews.com.ar\/prensa\/wp-json\/wp\/v2\/tags?post=13708"}],"curies":[{"name":"wp","href":"https:\/\/api.w.org\/{rel}","templated":true}]}}