{"id":13728,"date":"2019-11-28T08:00:38","date_gmt":"2019-11-28T11:00:38","guid":{"rendered":"http:\/\/ccnews.com.ar\/prensa\/?p=13728"},"modified":"2019-11-28T09:26:51","modified_gmt":"2019-11-28T12:26:51","slug":"la-postal-que-ya-no-asombra-a-nadie-vivir-entre-los-pozos-petroleros-en-neuquen","status":"publish","type":"post","link":"http:\/\/ccnews.com.ar\/prensa\/la-postal-que-ya-no-asombra-a-nadie-vivir-entre-los-pozos-petroleros-en-neuquen\/","title":{"rendered":"La postal que ya no asombra a nadie: vivir entre los pozos petroleros en Neuqu\u00e9n"},"content":{"rendered":"\n<p><strong>En los ejidos de\nNeuqu\u00e9n y Plottier son casi 200 los pozos que conviven con casas de familia en\nzonas regularizadas e informales. Los vecinos aseguran que no temen por su\nseguridad, pero reclaman mayor presencia del Estado. Hay otras zonas en la\nprovincia.<\/strong><\/p>\n\n\n\n<p>En el sector Bajo Bardas Neuqu\u00e9n y Bajo Bardas Plottier est\u00e1\nformado por una extensa porci\u00f3n de tierra, que acompa\u00f1a en paralelo la traza de\nla Autov\u00eda Norte, que se destaca por los imponentes colores de arcillosos de la\nbarda y la repetici\u00f3n de cig\u00fce\u00f1as y cabezales de producci\u00f3n de gas y petr\u00f3leo.<\/p>\n\n\n\n<p>En ese paisaje se entremezclan casas nuevas y viejas; de\nmaterial y otras m\u00e1s precarias, pero todas conviven con los ca\u00f1os y fierros\npetroleros. Ropa colgada, ni\u00f1os jugando y perros merodeando por los per\u00edmetros\nde las \u201cislas\u201d, que separan los pozos de los lotes, terminan de configurar la\nimagen de una postal que ya no sorprende a nadie.<\/p>\n\n\n\n<p>De acuerdo con los datos relevados por la subsecretar\u00eda de\nAmbiente, dentro del ejido de Neuqu\u00e9n y Plottier hay casi 200 pozos, de los\ncuales 151 se encuentran activos. A la localidad capitalina le corresponden 88,\nque pertenecen al \u00e1rea de concesi\u00f3n Centenario, operada por Pluspetrol. En el\nlado de Plottier se superponen los yacimientos Centenario y Aguada del Caj\u00f3n\n(Capex), ambos suman 98 pozos. Tambi\u00e9n se dan casos de urbanizaci\u00f3n fuera de\nlos ejidos municipales, como ocurre en los desarrollos inmobiliarios La\nPen\u00ednsula y en Bah\u00eda Verde, en el lago Mari Menuco.<\/p>\n\n\n\n<p>Los carteles que advierten el peligro pasan desapercibidos,\nas\u00ed como los mismos pozos, pues son la condici\u00f3n que presentan esas tierras,\nnecesarias para muchos que pretenden conformar un hogar en Neuqu\u00e9n y Plottier.\nAdem\u00e1s, la gran mayor\u00eda de ellos ya estaban instalados cuando la gente comenz\u00f3\na ubicarse a su alrededor, producto de la demanda habitacional en la regi\u00f3n.<\/p>\n\n\n\n<p>\u201cPeligro hay en todos lados\u201d, sostuvo una de las vecinas de\nBardas Soleadas, ex barrio Alsogaray, de Plottier. La mujer tiene frente a su\ncasa un pozo en producci\u00f3n que tiene como \u00fanica medida de seguridad un\nalambrado. El alambre entretejido s\u00f3lo cubre el contorno, pero deja despejado\nel cielo el \u00e1rbol de producci\u00f3n.<\/p>\n\n\n\n<p>Los ni\u00f1os del barrio juegan a la pelota a su alrededor y en\nocasiones, termina dentro del per\u00edmetro cercado. Algunos vecinos cuentan que\nlos m\u00e1s traviesos se trepan por el alambrado. Puede sonar alarmante, pero para\nquienes viven en Bardas Soleadas resulta algo cotidiano. Forma parte de su vida\ny, aseguran, molesta mucho menos que la basura.<\/p>\n\n\n\n<p>Yenifer, su marido y sus cuatro hijos conviven con el pozo\nhace cuatro a\u00f1os. La joven cont\u00f3 que ya se acostumbr\u00f3 y que no considera que\nhaya peligro. Lo que s\u00ed la incomoda son los residuos que arrojan en el terreno,\nporque contribuye a que ingresen ratas a su casa.<\/p>\n\n\n\n<p><strong>El pozo no hace\nruido. Desde Pluspetrol vienen una vez por mes para preguntarnos si est\u00e1 todo\nbien\u201d.<\/strong><\/p>\n\n\n\n<p><strong>Rosa, Valentina Norte\nRural.<\/strong><\/p>\n\n\n\n<p><strong>El mayor problema en\nBardas Soleadas es la cantidad de basura, porque vienen las ratas y entran a la\ncasa todo el tiempo\u201d.<\/strong><\/p>\n\n\n\n<p><strong>Yenifer, Bardas\nSoleadas.<\/strong><\/p>\n\n\n\n<p>Pese a que las empresas operadoras muchas veces consultan a\nlos vecinos por las molestias que puede ocasionar la actividad\nhidrocarbur\u00edfera, no ser\u00eda este el caso para las personas que viven en Bardas\nSoleadas. Comentaron que ellos mismos tuvieron que reclamar a la gerencia de\nCapex, hace un a\u00f1o, para exigirle que construya los muros que deber\u00edan dividir\nlas islas del resto del barrio. Adem\u00e1s, demandaron luminaria, ya que se torna\npeligroso cruzar sobre el bald\u00edo por la noche.<\/p>\n\n\n\n<p>La situaci\u00f3n se repite para Cintia y los nueve miembros de\nsu familia, que viven hace 15 a\u00f1os al lado de uno de los pozos que opera\nPluspetrol, en lo que se llama el Horno de Quispe. Le sacan provecho al suelo\narcilloso y se dedican a la producci\u00f3n de ladrillos. La joven se\u00f1al\u00f3 que, en\ntodos esos a\u00f1os, desde la empresa se acercaron una \u00fanica vez para ofrecerles\ngaseosas y comida. Dijo que nadie les avisa cuando el pozo va a entrar en\nactividad y agreg\u00f3 que el ruido es \u201csumamente molesto\u201d.<\/p>\n\n\n\n<p>De todas formas, remarc\u00f3 que no ocurre muy a menudo y\nsubray\u00f3 que la mayor\u00eda del tiempo \u201cse vive con tranquilidad\u201d.<\/p>\n\n\n\n<p>Del lado de Neuqu\u00e9n, en Valentina Norte Rural, la presencia\nes mucho m\u00e1s fluida. Los vecinos subrayan que representantes de Pluspetrol se\nacercan al menos una vez por mes para colaborar con sus inconvenientes. Yanet\nhace tan s\u00f3lo un a\u00f1o que vive en diagonal a una de las cig\u00fce\u00f1a y sostiene que\n\u201cno hace ruido\u201d.<\/p>\n\n\n\n<p>Rosa, due\u00f1a de uno de los mercados del barrio, coincidi\u00f3 con\nsu vecina y destac\u00f3 que lo que s\u00ed perjudica la calidad de vida de quienes viven\nen el barrio es la demanda de servicios esenciales como el gas y la luz.\nAsegur\u00f3 que con la crisis econ\u00f3mica de este a\u00f1o fue duro calefaccionarse.\nAdem\u00e1s, a\u00f1adi\u00f3 que al no tener luz, mantiene su local con generador, lo que se\ntraslada a los precios de los productos. Expuso que desde la vecinal los\nexcluyen de las obras, ya que el presidente de la comisi\u00f3n sostiene que\nValentina Norte Rural termina en Crouzeilles al 5.500.<\/p>\n\n\n\n<p>Reflejo de la convivencia entre los vecinos y la actividad hidrocarbur\u00edfera en Bajo Bardas Neuqu\u00e9n y Bajo Bardas Plottier son la falta de denuncias en la Defensor\u00eda del Pueblo. De todas formas, tras el incendio en 2013, por la fuga de gas de uno de los pozos de Pluspetrol, aleda\u00f1o al barrio 107 Viviendas, los vecinos viven sin miedo pero alertas frente a una contontingencia.<\/p>\n\n\n\n<figure class=\"wp-block-embed-youtube wp-block-embed is-type-video is-provider-youtube wp-embed-aspect-16-9 wp-has-aspect-ratio\"><div class=\"wp-block-embed__wrapper\">\n<span class=\"embed-youtube\" style=\"text-align:center; display: block;\"><iframe loading=\"lazy\" class=\"youtube-player\" width=\"800\" height=\"450\" src=\"https:\/\/www.youtube.com\/embed\/J3Gr8lsydW0?version=3&#038;rel=1&#038;showsearch=0&#038;showinfo=1&#038;iv_load_policy=1&#038;fs=1&#038;hl=es-ES&#038;autohide=2&#038;wmode=transparent\" allowfullscreen=\"true\" style=\"border:0;\" sandbox=\"allow-scripts allow-same-origin allow-popups allow-presentation allow-popups-to-escape-sandbox\"><\/iframe><\/span>\n<\/div><\/figure>\n\n\n\n<h2 class=\"wp-block-heading\">Zona de exclusi\u00f3n, el sue\u00f1o de los justos<\/h2>\n\n\n\n<figure class=\"wp-block-image\"><img data-recalc-dims=\"1\" decoding=\"async\" src=\"https:\/\/i0.wp.com\/www.rionegro.com.ar\/wp-content\/uploads\/2019\/11\/petro-3.jpg?w=800&#038;ssl=1\" alt=\"\"\/><figcaption> No todas las zonas en producci\u00f3n est\u00e1n separadas con paredones. Foto: Fabi\u00e1n Ceballos. <\/figcaption><\/figure>\n\n\n\n<p>El debate sobre la creaci\u00f3n de zonas de exclusi\u00f3n para la\nactividad petrolera es casi tan vieja como la misma industria en la provincia.\nEn el pasado inmediato tuvo algunas actualizaciones que dejaron m\u00e1s\ndesencuentros que avances.<\/p>\n\n\n\n<p>En 2010 la empresa Pluspetrol firm\u00f3 con el municipio de\nPlottier un convenio para el desarrollo en el norte de la localidad. Por ese\nentonces ese sector, conocido como Bajo Barda, ten\u00eda una muy acotada densidad\npoblacional. El acuerdo incluso sirvi\u00f3 para llevar algunos servicios b\u00e1sicos al\nlugar.<\/p>\n\n\n\n<p>La discusi\u00f3n se reactiv\u00f3 con el surgimiento de los\ndesarrollos no convencionales en Vaca Muerta. Las dudas ambientales que\ngeneraba la t\u00e9cnica del fracking llev\u00f3 el tema a la Legislatura. En 2014 el por\nentonces gobernador Jorge Sapag fue quien present\u00f3 una ley para que se revisara\nel viejo decreto -a\u00fan vigente- sobre la convivencia y el blindaje de algunas\nzonas para la actividad petrolera. No menos cierto que detr\u00e1s de la\npreocupaci\u00f3n oficial no pod\u00eda ocultarse la presi\u00f3n social que gener\u00f3 el\nincendio de un pozo en el yacimiento Centenario, de Pluspetrol, al norte de\nPlottier y a menos de 100 metros de un barrio.Las tensiones surgidas por la\nelecci\u00f3n provincial de 2015 y los cruces con Naci\u00f3n la Ley de Hidrocarburos, en\n\u00e9pocas de nacimiento para los no convencionales, sirvieron de paraguas para\ncajonear el proyecto. En 2016 hubo un nuevo intento. Solo alcanz\u00f3 a tener\nalgunas deliberaciones en las comisiones pero termin\u00f3 durmiendo el sue\u00f1o de los\njustos.<\/p>\n\n\n\n<p>El tema se volvi\u00f3 a reactivar con la discusi\u00f3n por las plantas de tratamiento de residuos petroleros que fueron trasladadas hasta A\u00f1elo.<\/p>\n\n\n\n<p>*Por Elena Egea<\/p>\n\n\n\n<p>Fuente: Diario R\u00edo Negro<\/p>\n<!-- AddThis Advanced Settings generic via filter on the_content -->","protected":false},"excerpt":{"rendered":"<p>En los ejidos de Neuqu\u00e9n y Plottier son casi 200 los pozos que conviven con casas de familia en zonas<!-- AddThis Advanced Settings generic via filter on get_the_excerpt --><\/p>\n","protected":false},"author":1,"featured_media":13730,"comment_status":"closed","ping_status":"closed","sticky":false,"template":"","format":"standard","meta":{"colormag_page_container_layout":"default_layout","colormag_page_sidebar_layout":"default_layout","jetpack_post_was_ever_published":false,"_jetpack_newsletter_access":"","_jetpack_dont_email_post_to_subs":false,"_jetpack_newsletter_tier_id":0,"_jetpack_memberships_contains_paywalled_content":false,"_jetpack_memberships_contains_paid_content":false,"footnotes":"","jetpack_publicize_message":"#BuenJueves #Sociedad La postal que ya no asombra a nadie: vivir entre los pozos petroleros en Neuqu\u00e9n","jetpack_publicize_feature_enabled":true,"jetpack_social_post_already_shared":true,"jetpack_social_options":{"image_generator_settings":{"template":"highway","default_image_id":0,"font":"","enabled":false},"version":2}},"categories":[19],"tags":[17],"class_list":["post-13728","post","type-post","status-publish","format-standard","has-post-thumbnail","hentry","category-educacion-sociedad","tag-otros-medios"],"jetpack_publicize_connections":[],"jetpack_featured_media_url":"https:\/\/i0.wp.com\/ccnews.com.ar\/prensa\/wp-content\/uploads\/2019\/11\/petro-1.jpg?fit=920%2C517","jetpack_shortlink":"https:\/\/wp.me\/p7L1gj-3zq","jetpack-related-posts":[{"id":14738,"url":"http:\/\/ccnews.com.ar\/prensa\/los-pozos-y-el-petroleo-en-la-ciudad\/","url_meta":{"origin":13728,"position":0},"title":"Los pozos y el petr\u00f3leo en la ciudad","author":"admin","date":"2 marzo, 2020","format":false,"excerpt":"En nueve ciudades petroleras de la provincia hay 3101 pozos activos. En algunos casos, muy cerca de los barrios. Est\u00e1 vigente el debate sobre c\u00f3mo crecen las localidades y el l\u00edmite con el mundo hidrocarbur\u00edfero. \u00bfCu\u00e1l es el ranking? La figura de una cig\u00fce\u00f1a met\u00e1lica se recorta entre las polvorientas\u2026","rel":"","context":"En \u00abEducaci\u00f3n\/Sociedad\u00bb","block_context":{"text":"Educaci\u00f3n\/Sociedad","link":"http:\/\/ccnews.com.ar\/prensa\/category\/educacion-sociedad\/"},"img":{"alt_text":"","src":"https:\/\/i0.wp.com\/ccnews.com.ar\/prensa\/wp-content\/uploads\/2020\/03\/0004582092.jpg?fit=1200%2C675&resize=350%2C200","width":350,"height":200,"srcset":"https:\/\/i0.wp.com\/ccnews.com.ar\/prensa\/wp-content\/uploads\/2020\/03\/0004582092.jpg?fit=1200%2C675&resize=350%2C200 1x, https:\/\/i0.wp.com\/ccnews.com.ar\/prensa\/wp-content\/uploads\/2020\/03\/0004582092.jpg?fit=1200%2C675&resize=525%2C300 1,5x, https:\/\/i0.wp.com\/ccnews.com.ar\/prensa\/wp-content\/uploads\/2020\/03\/0004582092.jpg?fit=1200%2C675&resize=700%2C400 2x, https:\/\/i0.wp.com\/ccnews.com.ar\/prensa\/wp-content\/uploads\/2020\/03\/0004582092.jpg?fit=1200%2C675&resize=1050%2C600 3x"},"classes":[]},{"id":8611,"url":"http:\/\/ccnews.com.ar\/prensa\/neuquen-presento-un-balance-de-su-actividad-hidrocarburifera\/","url_meta":{"origin":13728,"position":1},"title":"Neuqu\u00e9n present\u00f3 un balance de su actividad hidrocarbur\u00edfera","author":"CLUSTERciar","date":"18 agosto, 2018","format":false,"excerpt":"En los \u00faltimos diez a\u00f1os, tom\u00f3 fuerza el shale y declin\u00f3 fuerte la producci\u00f3n\u00a0en yacimientos maduros. La Direcci\u00f3n Provincial de Estad\u00edstica y Censos de Neuqu\u00e9n difundi\u00f3 un informe sobre la evoluci\u00f3n temporal y la distribuci\u00f3n espacial de los pozos petroleros y su producci\u00f3n en la provincia durante la \u00faltima d\u00e9cada.\u2026","rel":"","context":"En \u00abManagement\u00bb","block_context":{"text":"Management","link":"http:\/\/ccnews.com.ar\/prensa\/category\/management\/"},"img":{"alt_text":"","src":"","width":0,"height":0},"classes":[]},{"id":15924,"url":"http:\/\/ccnews.com.ar\/prensa\/vaca-muerta-pese-a-la-crisis-neuquen-sumo-una-nueva-concesion-hidrocarburifera\/","url_meta":{"origin":13728,"position":2},"title":"Vaca Muerta: pese a la crisis, Neuqu\u00e9n sum\u00f3 una nueva concesi\u00f3n hidrocarbur\u00edfera","author":"Editor","date":"14 agosto, 2020","format":false,"excerpt":"Se trata del bloque Los Toldos 2 Oeste que fue concesionado a ExxonMobil. La firma present\u00f3 un plan que inicia con tres pozos pero llega a las 44 perforaciones.","rel":"","context":"En \u00abEnerg\u00eda y Producci\u00f3n\u00bb","block_context":{"text":"Energ\u00eda y Producci\u00f3n","link":"http:\/\/ccnews.com.ar\/prensa\/category\/energia-y-produccion\/"},"img":{"alt_text":"","src":"https:\/\/i0.wp.com\/ccnews.com.ar\/prensa\/wp-content\/uploads\/2020\/08\/Imagen-DJI_0519-Los-Toldos-1-Sur-Low.jpg?fit=920%2C517&resize=350%2C200","width":350,"height":200,"srcset":"https:\/\/i0.wp.com\/ccnews.com.ar\/prensa\/wp-content\/uploads\/2020\/08\/Imagen-DJI_0519-Los-Toldos-1-Sur-Low.jpg?fit=920%2C517&resize=350%2C200 1x, https:\/\/i0.wp.com\/ccnews.com.ar\/prensa\/wp-content\/uploads\/2020\/08\/Imagen-DJI_0519-Los-Toldos-1-Sur-Low.jpg?fit=920%2C517&resize=525%2C300 1,5x, https:\/\/i0.wp.com\/ccnews.com.ar\/prensa\/wp-content\/uploads\/2020\/08\/Imagen-DJI_0519-Los-Toldos-1-Sur-Low.jpg?fit=920%2C517&resize=700%2C400 2x"},"classes":[]},{"id":1227,"url":"http:\/\/ccnews.com.ar\/prensa\/en-los-ultimos-anos-se-triplico-la-produccion-de-tight-gas-en-neuquen\/","url_meta":{"origin":13728,"position":3},"title":"En los \u00faltimos a\u00f1os se triplic\u00f3 la producci\u00f3n de tight gas en Neuqu\u00e9n","author":"CLUSTERciar","date":"18 agosto, 2016","format":false,"excerpt":"Los productores de la Argentina est\u00e1n redireccionado su inversi\u00f3n en la cuenca Neuquina hacia los yacimientos de tight gas. As\u00ed se desprende de un informe publicado por la consultora Wood Mackenzie al que tuvo acceso El Inversor Online en exclusiva. \u201cEl cambio hacia la producci\u00f3n de gas en los \u00faltimos\u2026","rel":"","context":"En \u00abEnerg\u00eda y Producci\u00f3n\u00bb","block_context":{"text":"Energ\u00eda y Producci\u00f3n","link":"http:\/\/ccnews.com.ar\/prensa\/category\/energia-y-produccion\/"},"img":{"alt_text":"","src":"","width":0,"height":0},"classes":[]},{"id":12115,"url":"http:\/\/ccnews.com.ar\/prensa\/petroleras-reconvierten-viejos-pozos-en-nuevos-productores-de-vaca-muerta\/","url_meta":{"origin":13728,"position":4},"title":"Petroleras reconvierten viejos pozos en nuevos productores de Vaca Muerta","author":"CLUSTERciar","date":"11 julio, 2019","format":false,"excerpt":"La t\u00e9cnica de re entry o reingreso comenz\u00f3 a ser utilizada en perforaciones antiguas para dirigirlas hacia la formaci\u00f3n no convencional. Permite reutilizar instalaciones que estaban ociosas. Desde el descubrimiento de petr\u00f3leo en Plaza Huincul, en lo que pas\u00f3 a llamarse el Pozo 1 en octubre de 1918,\u00a0se perforaron en\u2026","rel":"","context":"En \u00abEnerg\u00eda y Producci\u00f3n\u00bb","block_context":{"text":"Energ\u00eda y Producci\u00f3n","link":"http:\/\/ccnews.com.ar\/prensa\/category\/energia-y-produccion\/"},"img":{"alt_text":"","src":"https:\/\/i0.wp.com\/ccnews.com.ar\/prensa\/wp-content\/uploads\/2019\/07\/Imagen-05-06-2018-NEUQUEN-PETROLEO-Y-GAS-10807557.jpg?fit=920%2C520&resize=350%2C200","width":350,"height":200,"srcset":"https:\/\/i0.wp.com\/ccnews.com.ar\/prensa\/wp-content\/uploads\/2019\/07\/Imagen-05-06-2018-NEUQUEN-PETROLEO-Y-GAS-10807557.jpg?fit=920%2C520&resize=350%2C200 1x, https:\/\/i0.wp.com\/ccnews.com.ar\/prensa\/wp-content\/uploads\/2019\/07\/Imagen-05-06-2018-NEUQUEN-PETROLEO-Y-GAS-10807557.jpg?fit=920%2C520&resize=525%2C300 1,5x, https:\/\/i0.wp.com\/ccnews.com.ar\/prensa\/wp-content\/uploads\/2019\/07\/Imagen-05-06-2018-NEUQUEN-PETROLEO-Y-GAS-10807557.jpg?fit=920%2C520&resize=700%2C400 2x"},"classes":[]},{"id":7435,"url":"http:\/\/ccnews.com.ar\/prensa\/exxonmobil-confirmo-la-llegada-de-un-nuevo-equipo-de-perforacion\/","url_meta":{"origin":13728,"position":5},"title":"Exxonmobil confirm\u00f3 la llegada de un nuevo equipo de perforaci\u00f3n","author":"admin","date":"14 abril, 2018","format":false,"excerpt":"La compa\u00f1\u00eda norteamericana se comprometi\u00f3 con el gobernador de Neuqu\u00e9n y aseguran que con esta unidad ampliar\u00e1n la cantidad de pozos horizontales en las \u00e1reas Bajo del Choique, Los Toldos I y Pampa de las Yeguas. El Gobernador de Neuqu\u00e9n, Omar Guti\u00e9rrez, junto al presidente de la petrolera estatal Gas\u2026","rel":"","context":"En \u00abEnerg\u00eda y Producci\u00f3n\u00bb","block_context":{"text":"Energ\u00eda y Producci\u00f3n","link":"http:\/\/ccnews.com.ar\/prensa\/category\/energia-y-produccion\/"},"img":{"alt_text":"","src":"https:\/\/i0.wp.com\/ccnews.com.ar\/prensa\/wp-content\/uploads\/2018\/04\/20180329191001.jpg?fit=990%2C736&resize=350%2C200","width":350,"height":200,"srcset":"https:\/\/i0.wp.com\/ccnews.com.ar\/prensa\/wp-content\/uploads\/2018\/04\/20180329191001.jpg?fit=990%2C736&resize=350%2C200 1x, https:\/\/i0.wp.com\/ccnews.com.ar\/prensa\/wp-content\/uploads\/2018\/04\/20180329191001.jpg?fit=990%2C736&resize=525%2C300 1,5x, https:\/\/i0.wp.com\/ccnews.com.ar\/prensa\/wp-content\/uploads\/2018\/04\/20180329191001.jpg?fit=990%2C736&resize=700%2C400 2x"},"classes":[]}],"jetpack_sharing_enabled":true,"_links":{"self":[{"href":"http:\/\/ccnews.com.ar\/prensa\/wp-json\/wp\/v2\/posts\/13728","targetHints":{"allow":["GET"]}}],"collection":[{"href":"http:\/\/ccnews.com.ar\/prensa\/wp-json\/wp\/v2\/posts"}],"about":[{"href":"http:\/\/ccnews.com.ar\/prensa\/wp-json\/wp\/v2\/types\/post"}],"author":[{"embeddable":true,"href":"http:\/\/ccnews.com.ar\/prensa\/wp-json\/wp\/v2\/users\/1"}],"replies":[{"embeddable":true,"href":"http:\/\/ccnews.com.ar\/prensa\/wp-json\/wp\/v2\/comments?post=13728"}],"version-history":[{"count":1,"href":"http:\/\/ccnews.com.ar\/prensa\/wp-json\/wp\/v2\/posts\/13728\/revisions"}],"predecessor-version":[{"id":13732,"href":"http:\/\/ccnews.com.ar\/prensa\/wp-json\/wp\/v2\/posts\/13728\/revisions\/13732"}],"wp:featuredmedia":[{"embeddable":true,"href":"http:\/\/ccnews.com.ar\/prensa\/wp-json\/wp\/v2\/media\/13730"}],"wp:attachment":[{"href":"http:\/\/ccnews.com.ar\/prensa\/wp-json\/wp\/v2\/media?parent=13728"}],"wp:term":[{"taxonomy":"category","embeddable":true,"href":"http:\/\/ccnews.com.ar\/prensa\/wp-json\/wp\/v2\/categories?post=13728"},{"taxonomy":"post_tag","embeddable":true,"href":"http:\/\/ccnews.com.ar\/prensa\/wp-json\/wp\/v2\/tags?post=13728"}],"curies":[{"name":"wp","href":"https:\/\/api.w.org\/{rel}","templated":true}]}}