{"id":13846,"date":"2019-12-07T08:00:55","date_gmt":"2019-12-07T11:00:55","guid":{"rendered":"http:\/\/ccnews.com.ar\/prensa\/?p=13846"},"modified":"2019-12-06T12:16:30","modified_gmt":"2019-12-06T15:16:30","slug":"bahia-blanca-se-inauguro-el-tercer-parque-de-paneles-solares","status":"publish","type":"post","link":"http:\/\/ccnews.com.ar\/prensa\/bahia-blanca-se-inauguro-el-tercer-parque-de-paneles-solares\/","title":{"rendered":"Bah\u00eda Blanca: Se inaugur\u00f3 el tercer parque de paneles solares"},"content":{"rendered":"\n<p><strong>El Intendente de\nCoronel Su\u00e1rez, Roberto Palacio, acompa\u00f1ado por la delegada de Huanguel\u00e9n,\nAnal\u00eda Gurruchaga; el secretario de Producci\u00f3n, Juan Ignacio Fidelle,\nintegrantes de la Cooperativa El\u00e9ctrica y funcionarios del gabinete;\ninauguraraon el Parque Solar que se construy\u00f3 en la mencionada localidad y que\naportar\u00e1 el 25% del consumo energ\u00e9tico a la comunidad. Adem\u00e1s es uno de los\nprimeros en construirse en la provincia de Buenos Aires.<\/strong><\/p>\n\n\n\n<p>El gerente de la Cooperativa El\u00e9ctrica de Huanguel\u00e9n, Dami\u00e1n\nCabral, manifest\u00f3 que \u201ces un orgullo que un proyecto que se origin\u00f3 en la\nCooperativa fuera presentado en un organismo provincial y todos nos acompa\u00f1aran\npara poder llevarlo adelante porque es una inversi\u00f3n de m\u00e1s de 15 millones de\npesos y la Cooperativa no contaba con esos fondos\u201d.<\/p>\n\n\n\n<p>\u201cAlgo que parec\u00eda lejano hace un a\u00f1o-finaliz\u00f3 el Gerente-,\nfue aprobado junto a otros 50 proyectos, realizado junto a otros 15 y hoy, es\nuno de los 3 primeros en estar en funcionamiento\u201d.<\/p>\n\n\n\n<p>Por su parte, el Ingeniero de la Cooperativa, Jos\u00e9 Fandos,\nexplic\u00f3 a los presentes el funcionamiento y, seguidamente, el Intendente\nRoberto Palacio se refiri\u00f3 al tema sosteniendo que \u201cestamos inaugurando un\nParque Solar que cambia la matriz energ\u00e9tica de la provincia de Buenos Aires\u201d,\ndestacando la decisi\u00f3n pol\u00edtica de la Gobernadora Mar\u00eda Eugenia Vidal y las\ngestiones de la diputada provincial Ros\u00edo Antinori.<\/p>\n\n\n\n<p>\u201cEste trabajo da muestra de lo que siempre decimos que va a\ndejar nuestra gesti\u00f3n: el trabajo en equipo. Esto es una forma de energ\u00eda\nlimpia que viene a cuidar el ambiente, que traer\u00e1 econom\u00eda en la provincia, en\nla localidad y lo m\u00e1s importante en el bolsillo de la gente\u201d.<\/p>\n\n\n\n<p>Fuente: Revista Nuevas Energ\u00edas<\/p>\n<!-- AddThis Advanced Settings generic via filter on the_content -->","protected":false},"excerpt":{"rendered":"<p>El Intendente de Coronel Su\u00e1rez, Roberto Palacio, acompa\u00f1ado por la delegada de Huanguel\u00e9n, Anal\u00eda Gurruchaga; el secretario de Producci\u00f3n, Juan<!-- AddThis Advanced Settings generic via filter on get_the_excerpt --><\/p>\n","protected":false},"author":1,"featured_media":13848,"comment_status":"closed","ping_status":"closed","sticky":false,"template":"","format":"standard","meta":{"colormag_page_container_layout":"default_layout","colormag_page_sidebar_layout":"default_layout","jetpack_post_was_ever_published":false,"_jetpack_newsletter_access":"","_jetpack_dont_email_post_to_subs":false,"_jetpack_newsletter_tier_id":0,"_jetpack_memberships_contains_paywalled_content":false,"_jetpack_memberships_contains_paid_content":false,"footnotes":"","jetpack_publicize_message":"#Ingenier\u00eda Bah\u00eda Blanca: Se inaugur\u00f3 el tercer parque de paneles solares","jetpack_publicize_feature_enabled":true,"jetpack_social_post_already_shared":true,"jetpack_social_options":{"image_generator_settings":{"template":"highway","default_image_id":0,"font":"","enabled":false},"version":2}},"categories":[3],"tags":[17],"class_list":["post-13846","post","type-post","status-publish","format-standard","has-post-thumbnail","hentry","category-sustentabilidad","tag-otros-medios"],"jetpack_publicize_connections":[],"jetpack_featured_media_url":"https:\/\/i0.wp.com\/ccnews.com.ar\/prensa\/wp-content\/uploads\/2019\/12\/paneles-solares-750x422.jpg?fit=750%2C422","jetpack_shortlink":"https:\/\/wp.me\/p7L1gj-3Bk","jetpack-related-posts":[{"id":12514,"url":"http:\/\/ccnews.com.ar\/prensa\/las-petroleras-recurren-al-viento-para-sumar-energia\/","url_meta":{"origin":13846,"position":0},"title":"Las petroleras recurren al viento para sumar energ\u00eda","author":"admin","date":"12 agosto, 2019","format":false,"excerpt":"Las principales operadoras en Chubut tienen sus propios parques e\u00f3licos para alimentar yacimientos o vender la energ\u00eda a privados. YPF, Pan American Energy y Capsa abastecen de energ\u00eda sus yacimientos con la fuerza del viento que hace mover los molinos e\u00f3licos que estas mismas hist\u00f3ricas compa\u00f1\u00edas petroleras construyeron. Comodoro Rivadavia\u2026","rel":"","context":"En \u00abEnerg\u00eda y Producci\u00f3n\u00bb","block_context":{"text":"Energ\u00eda y Producci\u00f3n","link":"http:\/\/ccnews.com.ar\/prensa\/category\/energia-y-produccion\/"},"img":{"alt_text":"","src":"https:\/\/i0.wp.com\/ccnews.com.ar\/prensa\/wp-content\/uploads\/2019\/08\/Imagen-guarayalde-pae.jpg?fit=920%2C520&resize=350%2C200","width":350,"height":200,"srcset":"https:\/\/i0.wp.com\/ccnews.com.ar\/prensa\/wp-content\/uploads\/2019\/08\/Imagen-guarayalde-pae.jpg?fit=920%2C520&resize=350%2C200 1x, https:\/\/i0.wp.com\/ccnews.com.ar\/prensa\/wp-content\/uploads\/2019\/08\/Imagen-guarayalde-pae.jpg?fit=920%2C520&resize=525%2C300 1,5x, https:\/\/i0.wp.com\/ccnews.com.ar\/prensa\/wp-content\/uploads\/2019\/08\/Imagen-guarayalde-pae.jpg?fit=920%2C520&resize=700%2C400 2x"},"classes":[]},{"id":10185,"url":"http:\/\/ccnews.com.ar\/prensa\/los-especialistas-que-cambian-lineas-de-alta-tension-sin-parar-las-operaciones\/","url_meta":{"origin":13846,"position":1},"title":"Los especialistas que cambian lineas de alta tensi\u00f3n sin parar las operaciones","author":"admin","date":"3 febrero, 2019","format":false,"excerpt":"Se trata de una firma local, formada por exempleados de Agua y Energ\u00eda de la Naci\u00f3n. Por sus caracter\u00edsticas han prestado servicios hasta en Kuwait. Jorge Villablanca y Sergio Amado entraron a trabajar en Agua y Energ\u00eda de la Naci\u00f3n en 1980 y casi de inmediato se integraron a la\u2026","rel":"","context":"En \u00abEnerg\u00eda y Producci\u00f3n\u00bb","block_context":{"text":"Energ\u00eda y Producci\u00f3n","link":"http:\/\/ccnews.com.ar\/prensa\/category\/energia-y-produccion\/"},"img":{"alt_text":"","src":"https:\/\/i0.wp.com\/ccnews.com.ar\/prensa\/wp-content\/uploads\/2019\/02\/inspeccion1.jpg?fit=660%2C370&resize=350%2C200","width":350,"height":200,"srcset":"https:\/\/i0.wp.com\/ccnews.com.ar\/prensa\/wp-content\/uploads\/2019\/02\/inspeccion1.jpg?fit=660%2C370&resize=350%2C200 1x, https:\/\/i0.wp.com\/ccnews.com.ar\/prensa\/wp-content\/uploads\/2019\/02\/inspeccion1.jpg?fit=660%2C370&resize=525%2C300 1,5x"},"classes":[]},{"id":8617,"url":"http:\/\/ccnews.com.ar\/prensa\/entro-en-operaciones-el-primer-parque-solar-del-renovar\/","url_meta":{"origin":13846,"position":2},"title":"Entr\u00f3 en operaciones el primer parque solar del RenovAr","author":"CLUSTERciar","date":"14 agosto, 2018","format":false,"excerpt":"Es el octavo proyecto operativo del programa nacional que promociona las energ\u00edas renovables. A partir de la hora 0 del mi\u00e9rcoles 8, inici\u00f3 su operaci\u00f3n comercial el primer parque solar del programa RenovAr: Caldenes del Oeste, ubicado en la provincia de San Luis. Es el octavo proyecto operativo de RenovAr.\u2026","rel":"","context":"En \u00abSustentabilidad\u00bb","block_context":{"text":"Sustentabilidad","link":"http:\/\/ccnews.com.ar\/prensa\/category\/sustentabilidad\/"},"img":{"alt_text":"","src":"https:\/\/i0.wp.com\/ccnews.com.ar\/prensa\/wp-content\/uploads\/2018\/08\/08082018-Parque-Solar-Caldenes-del-Oeste-1-696x522.png?fit=696%2C522&resize=350%2C200","width":350,"height":200,"srcset":"https:\/\/i0.wp.com\/ccnews.com.ar\/prensa\/wp-content\/uploads\/2018\/08\/08082018-Parque-Solar-Caldenes-del-Oeste-1-696x522.png?fit=696%2C522&resize=350%2C200 1x, https:\/\/i0.wp.com\/ccnews.com.ar\/prensa\/wp-content\/uploads\/2018\/08\/08082018-Parque-Solar-Caldenes-del-Oeste-1-696x522.png?fit=696%2C522&resize=525%2C300 1,5x"},"classes":[]},{"id":4691,"url":"http:\/\/ccnews.com.ar\/prensa\/rio-negro-avanza-en-el-parque-eolico-de-cerro-policia\/","url_meta":{"origin":13846,"position":3},"title":"R\u00cdO NEGRO AVANZA EN EL PARQUE E\u00d3LICO DE CERRO POLIC\u00cdA","author":"CLUSTERciar","date":"7 julio, 2017","format":false,"excerpt":"De cara a la licitaci\u00f3n nacional Renovar 2, funcionarios provinciales y representantes de la empresa Powerchina Resources Limited visitaron el lugar donde estar\u00e1 emplazado. \u00a0 A fines de junio funcionarios rionegrinos y empreasarios chinos realizaron una visita a la meseta de Cerro Polic\u00eda, donde la provincia de R\u00edo Negro emplazar\u00e1\u2026","rel":"","context":"En \u00abSustentabilidad\u00bb","block_context":{"text":"Sustentabilidad","link":"http:\/\/ccnews.com.ar\/prensa\/category\/sustentabilidad\/"},"img":{"alt_text":"","src":"https:\/\/i0.wp.com\/ccnews.com.ar\/prensa\/wp-content\/uploads\/2017\/07\/noticia-7.jpg?fit=924%2C616&resize=350%2C200","width":350,"height":200,"srcset":"https:\/\/i0.wp.com\/ccnews.com.ar\/prensa\/wp-content\/uploads\/2017\/07\/noticia-7.jpg?fit=924%2C616&resize=350%2C200 1x, https:\/\/i0.wp.com\/ccnews.com.ar\/prensa\/wp-content\/uploads\/2017\/07\/noticia-7.jpg?fit=924%2C616&resize=525%2C300 1,5x, https:\/\/i0.wp.com\/ccnews.com.ar\/prensa\/wp-content\/uploads\/2017\/07\/noticia-7.jpg?fit=924%2C616&resize=700%2C400 2x"},"classes":[]},{"id":2533,"url":"http:\/\/ccnews.com.ar\/prensa\/aprender-trabajando-las-cooperativas-en-las-escuelas-buscan-inculcar-valores\/","url_meta":{"origin":13846,"position":4},"title":"Aprender trabajando: las cooperativas en las escuelas buscan inculcar valores","author":"CLUSTERciar","date":"6 diciembre, 2016","format":false,"excerpt":"En los \u00faltimos ocho a\u00f1os se triplic\u00f3 este tipo de emprendimientos en los colegios de la provincia; los estudiantes pueden vender sus productos y entender la l\u00f3gica empresarial En\u00a0la escuela primaria N\u00b0 19 de Berazategui, la cooperativa tiene 80 socios de 5\u00b0 y 6\u00b0 grado, y una econom\u00eda con super\u00e1vit.\u2026","rel":"","context":"En \u00abEducaci\u00f3n\/Sociedad\u00bb","block_context":{"text":"Educaci\u00f3n\/Sociedad","link":"http:\/\/ccnews.com.ar\/prensa\/category\/educacion-sociedad\/"},"img":{"alt_text":"","src":"https:\/\/i0.wp.com\/ccnews.com.ar\/prensa\/wp-content\/uploads\/2016\/11\/2307347h765-1.jpg?fit=1106%2C765&resize=350%2C200","width":350,"height":200,"srcset":"https:\/\/i0.wp.com\/ccnews.com.ar\/prensa\/wp-content\/uploads\/2016\/11\/2307347h765-1.jpg?fit=1106%2C765&resize=350%2C200 1x, https:\/\/i0.wp.com\/ccnews.com.ar\/prensa\/wp-content\/uploads\/2016\/11\/2307347h765-1.jpg?fit=1106%2C765&resize=525%2C300 1,5x, https:\/\/i0.wp.com\/ccnews.com.ar\/prensa\/wp-content\/uploads\/2016\/11\/2307347h765-1.jpg?fit=1106%2C765&resize=700%2C400 2x, https:\/\/i0.wp.com\/ccnews.com.ar\/prensa\/wp-content\/uploads\/2016\/11\/2307347h765-1.jpg?fit=1106%2C765&resize=1050%2C600 3x"},"classes":[]},{"id":7825,"url":"http:\/\/ccnews.com.ar\/prensa\/ypf-suma-megavatios\/","url_meta":{"origin":13846,"position":5},"title":"YPF suma megavatios","author":"admin","date":"16 mayo, 2018","format":false,"excerpt":"YPF va camino a ser un de los m\u00e1s destacados generadores de energ\u00eda el\u00e9ctrica del pa\u00eds, sumando los recientes 270 Mw instalados en la central t\u00e9rmica de El\u00a0Bracho,\u00a0Tucum\u00e1n. La Central construida conjuntamente con General Electric (GE), cuenta con una turbina de gas en operaci\u00f3n desde el 27 de enero, que\u2026","rel":"","context":"En \u00abSustentabilidad\u00bb","block_context":{"text":"Sustentabilidad","link":"http:\/\/ccnews.com.ar\/prensa\/category\/sustentabilidad\/"},"img":{"alt_text":"","src":"https:\/\/i0.wp.com\/ccnews.com.ar\/prensa\/wp-content\/uploads\/2018\/05\/0000005579.gif?fit=600%2C400&resize=350%2C200","width":350,"height":200,"srcset":"https:\/\/i0.wp.com\/ccnews.com.ar\/prensa\/wp-content\/uploads\/2018\/05\/0000005579.gif?fit=600%2C400&resize=350%2C200 1x, https:\/\/i0.wp.com\/ccnews.com.ar\/prensa\/wp-content\/uploads\/2018\/05\/0000005579.gif?fit=600%2C400&resize=525%2C300 1,5x"},"classes":[]}],"jetpack_sharing_enabled":true,"_links":{"self":[{"href":"http:\/\/ccnews.com.ar\/prensa\/wp-json\/wp\/v2\/posts\/13846","targetHints":{"allow":["GET"]}}],"collection":[{"href":"http:\/\/ccnews.com.ar\/prensa\/wp-json\/wp\/v2\/posts"}],"about":[{"href":"http:\/\/ccnews.com.ar\/prensa\/wp-json\/wp\/v2\/types\/post"}],"author":[{"embeddable":true,"href":"http:\/\/ccnews.com.ar\/prensa\/wp-json\/wp\/v2\/users\/1"}],"replies":[{"embeddable":true,"href":"http:\/\/ccnews.com.ar\/prensa\/wp-json\/wp\/v2\/comments?post=13846"}],"version-history":[{"count":1,"href":"http:\/\/ccnews.com.ar\/prensa\/wp-json\/wp\/v2\/posts\/13846\/revisions"}],"predecessor-version":[{"id":13850,"href":"http:\/\/ccnews.com.ar\/prensa\/wp-json\/wp\/v2\/posts\/13846\/revisions\/13850"}],"wp:featuredmedia":[{"embeddable":true,"href":"http:\/\/ccnews.com.ar\/prensa\/wp-json\/wp\/v2\/media\/13848"}],"wp:attachment":[{"href":"http:\/\/ccnews.com.ar\/prensa\/wp-json\/wp\/v2\/media?parent=13846"}],"wp:term":[{"taxonomy":"category","embeddable":true,"href":"http:\/\/ccnews.com.ar\/prensa\/wp-json\/wp\/v2\/categories?post=13846"},{"taxonomy":"post_tag","embeddable":true,"href":"http:\/\/ccnews.com.ar\/prensa\/wp-json\/wp\/v2\/tags?post=13846"}],"curies":[{"name":"wp","href":"https:\/\/api.w.org\/{rel}","templated":true}]}}