{"id":13852,"date":"2019-12-08T08:00:42","date_gmt":"2019-12-08T11:00:42","guid":{"rendered":"http:\/\/ccnews.com.ar\/prensa\/?p=13852"},"modified":"2019-12-06T12:59:59","modified_gmt":"2019-12-06T15:59:59","slug":"emergencia-climatica-los-que-toman-decisiones-por-nosotros-se-estan-robando-nuestro-futuro","status":"publish","type":"post","link":"http:\/\/ccnews.com.ar\/prensa\/emergencia-climatica-los-que-toman-decisiones-por-nosotros-se-estan-robando-nuestro-futuro\/","title":{"rendered":"Emergencia clim\u00e1tica. &#8220;Los que toman decisiones por nosotros se est\u00e1n robando nuestro futuro&#8221;"},"content":{"rendered":"\n<p><strong>Las alarmas aturden.\nYa ven\u00edan sonando. Mucho, y desde hace tiempo. Sin embargo, en este 2019, la\nurgencia subi\u00f3 el volumen abruptamente: en el despertar de una nueva era en la\nconciencia clim\u00e1tica, emergieron activismos ambientales in\u00e9ditos.<\/strong><\/p>\n\n\n\n<p>El mapa de estas militancias contempor\u00e1neas se configura con\npatrones del esp\u00edritu de \u00e9poca, que no se parecen demasiado a los ya conocidos.\nLo integran organizaciones din\u00e1micas, descentralizadas, transversales, apartidarias,\nglobales, que manejan narrativas disruptivas, que exponen tensiones\ngeneracionales e involucran otro perfil de actores: activistas que ya no est\u00e1n\ndispuestos a morir por una causa, sino, todo lo contrario, que luchan en\ndefensa de su existencia y la de todo lo que los rodea.<\/p>\n\n\n\n<p>Porque, justamente, estas agrupaciones emergentes vienen a\ndenunciar y combatir la destrucci\u00f3n del planeta, la extinci\u00f3n de la humanidad.\nEllos se levantan contra la finitud, defienden el futuro y asumen su poder real\nde conquistarlo y refundarlo. Act\u00faan, luego existen. Tienen entre 13 y 35 a\u00f1os.\nSon en su gran mayor\u00eda adolescentes, nativos ambientales. Y son,\nprincipalmente, mujeres. Abrazan la evidencia cient\u00edfica, pero tambi\u00e9n le dan\nlugar a la dimensi\u00f3n \u00e9tica y emocional. Expresan abiertamente un universo de\nsentimientos que los identifica: desde la tristeza m\u00e1s profunda hasta la\nindignaci\u00f3n exasperada, el miedo ante la incertidumbre, la ansiedad, la rabia y\nel amor, mucho amor. Todo en dosis altas. Usan barbijos, remeras pintadas a\nmano, m\u00e1scaras, banderas, carteles, performances de arte, pantallas. Traen un\nmensaje claro y buscan generar respuesta. Pero que sea inmediata. No hay tiempo\nque perder. Enfrentan el apocalipsis.<\/p>\n\n\n\n<p><strong>Neoactivismo urgente<\/strong><\/p>\n\n\n\n<figure class=\"wp-block-image is-resized\"><img data-recalc-dims=\"1\" loading=\"lazy\" decoding=\"async\" src=\"https:\/\/i0.wp.com\/bucket2.glanacion.com\/anexos\/fotos\/94\/3150994w380.jpg?resize=492%2C328&#038;ssl=1\" alt=\"El \u00c1rtico se derrite. Algunos cient\u00edficos temen que un tercio de los osos polares desaparezca para 2030.\" width=\"492\" height=\"328\"\/><figcaption> El \u00c1rtico se derrite. Algunos cient\u00edficos temen que un tercio de los osos polares desaparezca para 2030.<\/figcaption><\/figure>\n\n\n\n<p>A finales del a\u00f1o pasado -en octubre de 2018-, el Grupo\nIntergubernamental de Expertos sobre el Cambio Clim\u00e1tico (IPCC) de las Naciones\nUnidas present\u00f3 un informe especial que marc\u00f3 un hito: hubo consenso cient\u00edfico\nen que se espera que, aunque se cumplan las promesas de disminuir las emisiones\nde CO2 establecidas en el Acuerdo de Par\u00eds, en 11 a\u00f1os, el calentamiento global\nsupere 1,5 \u00baC los niveles preindustriales. Esto significa que vamos,\nirreversiblemente, hacia el colapso clim\u00e1tico y que nos queda solo una d\u00e9cada\npara resolverlo.<\/p>\n\n\n\n<p>Unos meses despu\u00e9s, en mayo de 2019, la Plataforma\nIntergubernamental de Biodiversidad y Servicios Ecosist\u00e9micos (IPBES) aport\u00f3 su\ngranito de arena a la desesperaci\u00f3n cuando present\u00f3 el adelanto de una\ninvestigaci\u00f3n que confirma que ya se degrad\u00f3 el 70% de la Tierra y el 60% de\nlos mares. A esto se suma el brutal impacto que tuvieron los incendios en la\nAmazonia durante el mes de agosto y la creciente figura medi\u00e1tica de Greta\nThunberg, la ni\u00f1a sueca de 16 a\u00f1os que fund\u00f3 un estilo de liderazgo inesperado\ne impuls\u00f3 la acci\u00f3n de j\u00f3venes de todo el planeta.<\/p>\n\n\n\n<p>La urgencia se desat\u00f3 este a\u00f1o como nunca antes a nivel\nglobal. Y la Argentina no se qued\u00f3 fuera del mapa.<\/p>\n\n\n\n<p>El primer cuatrimestre de 2019 fue semillero. En febrero, un grupo de chicas y chicos de Buenos Aires, inspirados por el movimiento Fridays for Future (FFF) que impuls\u00f3 Greta Thunberg en Europa y convencidos de que ya no bastaba con las acciones individuales, arm\u00f3 una coalici\u00f3n que llamaron J\u00f3venes por el Clima Argentina (JOCA). Dos meses despu\u00e9s se form\u00f3 un cap\u00edtulo local de la agrupaci\u00f3n estudiantil FFF y le pusieron el nombre internacional; al mismo tiempo, tambi\u00e9n desembarcaron en el pa\u00eds otras organizaciones extranjeras, como la brit\u00e1nica Extinction Rebellion (XR) o la norteamericana Direct Action Everywhere (DxE), que asumieron una versi\u00f3n argentina y se sumaron, con estrategias renovadas, a la estructura de militancias que ya exist\u00eda.<\/p>\n\n\n\n<figure class=\"wp-block-image is-resized\"><img data-recalc-dims=\"1\" loading=\"lazy\" decoding=\"async\" src=\"https:\/\/i0.wp.com\/bucket3.glanacion.com\/anexos\/fotos\/46\/3150946w380.jpg?resize=480%2C719&#038;ssl=1\" alt=\"Abril Hermida integra Fridays for Future, impulsada por Greta Thunberg en Europa y formada en febrero de este a\u00f1o en la Argentina.\" width=\"480\" height=\"719\"\/><figcaption> Abril Hermida integra Fridays for Future, impulsada por Greta Thunberg en Europa y formada en febrero de este a\u00f1o en la Argentina. <\/figcaption><\/figure>\n\n\n\n<p><strong>\u201cNo estoy estudiando\nporque&#8230; \u00bfpara qu\u00e9?, si se est\u00e1 acabando el mundo. La humanidad est\u00e1 en\nriesgo; para que eso no suceda, nuestro activismo nos necesita al 100%.\u201d Abril\nhermida<\/strong><\/p>\n\n\n\n<p>Con un horizonte com\u00fan, estas agrupaciones act\u00faan e\ninteract\u00faan cada una a su manera, y cumplen distintos roles en un men\u00fa cada vez\nm\u00e1s variado y robusto: XR ejerce la desobediencia civil pac\u00edfica como herramienta\npara traccionar los mecanismos de representaci\u00f3n e involucrar voces en la\nconversaci\u00f3n a trav\u00e9s de acciones disruptivas y &#8220;artivismo&#8221;; JOCA se\npropone como un movimiento apartidario de incidencia pol\u00edtica, con foco\nregional y perspectiva sist\u00e9mica, que organiza reuniones con dirigentes para\nintervenir en la agenda ambiental y, aunque no organiza a movilizaciones, se\npliega a la convocatoria de marchas internacionales como las que ocurrieron el\n15 de marzo y el 27 de septiembre; FFF es una organizaci\u00f3n de corte estudiantil\nque sale a la calle eventual y peri\u00f3dicamente, y que gestiona acciones de\nconcientizaci\u00f3n, manifestaci\u00f3n y denuncia abierta, mientras que DxE pertenece a\nuna de las ramas de la lucha: el veganismo; irrumpe en el espacio p\u00fablico, en actividades\nvinculadas a la explotaci\u00f3n animal, para hacer o\u00edr su mensaje abolicionista de\nlas formas de maltrato y explotaci\u00f3n.<\/p>\n\n\n\n<p><strong>Nativos ambientales\nal poder<\/strong><\/p>\n\n\n\n<p>El 24 de octubre pasado, frente a 10.000 personas en\nTecn\u00f3polis, Flavia Broffoni (36), fundadora de Extinction Rebellion en\nArgentina, dio una charla TEDxR\u00edodelaPlata en la que dijo: &#8220;Un mill\u00f3n de\nespecies desaparecen, no por una extinci\u00f3n m\u00e1s, sino por la primera\naniquilaci\u00f3n biol\u00f3gica producida por una sola especie. \u00bfPor qu\u00e9 tenemos que\nobedecer las reglas del sistema que nos est\u00e1 exterminando? Nos quedan menos de\n10 a\u00f1os para una transformaci\u00f3n de proporciones \u00e9picas que no solo vamos a\nconseguir poniendo molinos e\u00f3licos, instalando paneles solares, reciclando o\nreduciendo el consumo de carne&#8221;. En el p\u00fablico, ese d\u00eda, hab\u00eda 5000\nalumnos de escuelas secundarias que aplaudieron con fervor.<\/p>\n\n\n\n<p>La generaci\u00f3n Greta. Los nativos ambientales. Los\nadolescentes de hoy, se los llame de la manera que sea, son protagonistas\nindiscutidos del agite ambiental.<\/p>\n\n\n\n<p>Abril Hermida tiene 18 a\u00f1os, los ojos muy claros y la voz\nsuave. Vive en Villa Crespo, termin\u00f3 el a\u00f1o pasado el secundario, en el Lenguas\nVivas, y hoy dedica todo su tiempo y energ\u00eda a participar en Fridays for\nFuture. &#8220;No estoy estudiando porque&#8230; \u00bfpara qu\u00e9?, si se est\u00e1 acabando el\nmundo -dice en un lamento profundo. Toma aire, se pone firme y sigue-. La\nhumanidad est\u00e1 en riesgo; para que eso no suceda, nuestro activismo nos\nnecesita al 100%&#8221;.<\/p>\n\n\n\n<p>Nicole Becker (18) es egresada de ORT y estudia Derecho en la UBA. Si bien hab\u00eda empezado a cursar la carrera de Psicolog\u00eda, la militancia clim\u00e1tica le cambi\u00f3 el rumbo. &#8220;Entend\u00ed el Derecho como una herramienta; con la crisis clim\u00e1tica, se necesitan legislaciones y, desde ah\u00ed, puedo aportar un mont\u00f3n. Hay que hacer algo urgente&#8221;.<\/p>\n\n\n\n<figure class=\"wp-block-image is-resized\"><img data-recalc-dims=\"1\" loading=\"lazy\" decoding=\"async\" src=\"https:\/\/i0.wp.com\/bucket3.glanacion.com\/anexos\/fotos\/59\/3150959w380.jpg?resize=478%2C318&#038;ssl=1\" alt=\"Nicole Becker tiene 18 a\u00f1os y estudia Derecho para aportar herramientas para una nueva legislaci\u00f3n.\" width=\"478\" height=\"318\"\/><figcaption> Nicole Becker tiene 18 a\u00f1os y estudia Derecho para aportar herramientas para una nueva legislaci\u00f3n. <\/figcaption><\/figure>\n\n\n\n<p>En el verano, una conversaci\u00f3n se convirti\u00f3 en un posteo de\nInstagram, y ese, en una cuenta que empez\u00f3 a crecer y devino en una agrupaci\u00f3n.\nNicole particip\u00f3 en la camada inicial de amigos que, hace 10 meses, conformaron\nJ\u00f3venes por el Clima Argentina. &#8220;Es una organizaci\u00f3n de pibes y pibas de\nentre 15 y 22 a\u00f1os que luchamos contra la indiferencia del Estado frente a la\ncrisis clim\u00e1tica. Tenemos una perspectiva latinoamericana con foco en\nArgentina&#8221;. Se nuclearon a partir de la convocatoria de Greta Thunberg a\nla marcha mundial que se realiz\u00f3 el 15 de marzo. &#8220;No puede ser que haya\nj\u00f3venes en Europa que se est\u00e9n movilizando y ac\u00e1 en Argentina no exista ninguna\nexpresi\u00f3n local, nos dijimos&#8221;, razona Nicole. Se pusieron en acci\u00f3n para\ngenerarla. &#8220;Los j\u00f3venes estamos esperando desde hace a\u00f1os que alguien nos\nd\u00e9 una respuesta, que se tomen las medidas que se tengan que tomar; si no,\nvamos a ser los m\u00e1s perjudicados. La gente que toma decisiones por nosotros\nest\u00e1, en alg\u00fan punto, rob\u00e1ndose nuestro futuro porque est\u00e1 pensando en su\npropio beneficio y ni siquiera van a estar cuando suframos estas\nconsecuencias&#8221;, dice Nicole.<\/p>\n\n\n\n<p>Flavia Broffoni, integrante desde hace ocho meses de la filial local de Extinction Rebellion, pero con casi 20 a\u00f1os de activismo, no oculta la admiraci\u00f3n que le produce esta generaci\u00f3n a la cual no pertenece ni el dolor. &#8220;Siento gratitud para con los j\u00f3venes. Veo algo muy aut\u00e9ntico en ellos: una tristeza profunda y un acuerpamiento muy valiente. Son chicas y chicos que se asumen creciendo en un mundo que va a dejar de existir. Los de mi generaci\u00f3n contamos con una experiencia de vida que nos permite asimilar tanta informaci\u00f3n de otra manera. Que por esto hoy haya chicas que no quieren tener hijos o no quieren estudiar es muy fuerte -dice y agrega-. El movimiento estudiantil est\u00e1 ocupando un rol que estaba vacante, por eso irrumpen con tanta fuerza. En este escenario, Greta habilit\u00f3 una mayor radicalidad&#8221;<\/p>\n\n\n\n<figure class=\"wp-block-image is-resized\"><img data-recalc-dims=\"1\" loading=\"lazy\" decoding=\"async\" src=\"https:\/\/i0.wp.com\/bucket1.glanacion.com\/anexos\/fotos\/72\/3150972w380.jpg?resize=471%2C314&#038;ssl=1\" alt=\"Greta Thunberg, la activista sueca de 16 a\u00f1os que impuls\u00f3 a la acci\u00f3n a j\u00f3venes de todo el planeta.\" width=\"471\" height=\"314\"\/><figcaption> Greta Thunberg, la activista sueca de 16 a\u00f1os que impuls\u00f3 a la acci\u00f3n a j\u00f3venes de todo el planeta.\u00a0 <\/figcaption><\/figure>\n\n\n\n<p>Nicole est\u00e1 de acuerdo: &#8220;La figura de Greta empez\u00f3 a\ndespertar a los dem\u00e1s y ya no es solo Greta, son un mont\u00f3n de j\u00f3venes y un\nmont\u00f3n de sectores. Pero fue a partir de la atenci\u00f3n medi\u00e1tica que logr\u00f3 ella y\nel cambio de narrativa que plante\u00f3 que se dej\u00f3 de ver el ecologismo como\nacciones individuales y se lo empez\u00f3 a ver como una acci\u00f3n colectiva&#8221;.<\/p>\n\n\n\n<p>Si bien JOCA, organizaci\u00f3n que integra Nicole, y FFF, donde\nmilita Abril, adoptan enfoques bien diferenciados (y alguna tensi\u00f3n por la\nelecci\u00f3n de tomar o no el nombre de la agrupaci\u00f3n internacional de la que\ndevienen), ambas surgen del mismo embri\u00f3n -Greta-, persiguen una misi\u00f3n com\u00fan y\ncomparten espacios, como la Alianza por el Clima Argentina, una coalici\u00f3n de j\u00f3venes,\nmovimientos y organizaciones.<\/p>\n\n\n\n<p><strong>\u201cSomos muchos los\nmovimientos compuestos por j\u00f3venes, cada uno con su filosof\u00eda interna. Pero\ndecidimos unirnos estructuralmente para demostrar que el ego\u00edsmo no es m\u00e1s\nimportante que la meta.\u201d Alianza por el Clima Argentina<\/strong><\/p>\n\n\n\n<p>&#8220;Somos muchos los movimientos compuestos por j\u00f3venes y creemos que ninguno tiene el poder para hablar por la juventud en su totalidad. Cada uno posee su filosof\u00eda interna, su forma de trabajar y pensar, su manual de marca, entre otros, y por eso decidimos respetar cada espacio individualmente, pero unirnos estructuralmente para demostrar que el ego\u00edsmo no es m\u00e1s importante que la meta&#8221;, explican como base de la filosof\u00eda desde el sitio alianzaxelclima.org. Dentro de esta supracoalici\u00f3n tambi\u00e9n est\u00e1n Climate Save Argentina, Eco House, Juventud Ecologista Argentina, Extinction Rebellion, Voicot y varios colectivos m\u00e1s.<\/p>\n\n\n\n<figure class=\"wp-block-image is-resized\"><img data-recalc-dims=\"1\" loading=\"lazy\" decoding=\"async\" src=\"https:\/\/i0.wp.com\/bucket3.glanacion.com\/anexos\/fotos\/48\/3150948w380.jpg?resize=484%2C322&#038;ssl=1\" alt=\"Extinction Rebellion durante una manifestaci\u00f3n en el centro porte\u00f1o.\" width=\"484\" height=\"322\"\/><figcaption> Extinction Rebellion durante una manifestaci\u00f3n en el centro porte\u00f1o. <\/figcaption><\/figure>\n\n\n\n<p>Los activismos clim\u00e1ticos contempor\u00e1neos se perfilan, de\nalg\u00fan modo, como movimientos de movimientos que se insertan en una matriz\nglobal y que operan en forma transversal. &#8220;Es que hay mucha hermandad. Ya\nno es por la bandera o por las camisetas. Somos movimientos que entendemos esto\ndel mundo nuevo. Se generan relaciones resanas, hermosas&#8221;, se emociona\nAbril.<\/p>\n\n\n\n<p><strong>Dentro o fuera del\nsistema, esa es la cuesti\u00f3n<\/strong><\/p>\n\n\n\n<p>&#8220;Lo que me est\u00e1 pasando hoy no me pas\u00f3 en 20 a\u00f1os de\nactivismo&#8221;, asegura Flavia Broffoni. Y tiene con qu\u00e9 comparar. Cuando\nten\u00eda la edad que tiene Greta Thunberg ahora, ella escalaba los tanques de agua\nde su barrio, Ciudad Evita, como parte de los entrenamientos de Greenpeace.\nEmpez\u00f3 a militar por un clima que era muy diferente -y mucho menos acuciante- y\nrecorri\u00f3 varios caminos: estudi\u00f3 Ciencias Pol\u00edticas, trabaj\u00f3 para una\nmultinacional, intent\u00f3 armar el Partido Verde en Argentina, colabor\u00f3 con la\nFundaci\u00f3n Vida Silvestre, entr\u00f3 al sistema como funcionaria p\u00fablica -durante el\n\u00faltimo gobierno de Mauricio Macri en la Ciudad de Buenos Aires fue directora de\nEstrategias Ambientales en la Agencia de Protecci\u00f3n Ambiental- y se fue,\ndesilusionada. Hoy es una rebelde. Dos d\u00e9cadas de trayectoria le dan\nperspectiva y experiencia para comprender la diferencia que hay entre el\nactivismo clim\u00e1tico actual y todo lo anterior.<\/p>\n\n\n\n<p>En abril pasado, Flavia conoci\u00f3 las acciones de Extinction\nRebellion en Londres, se puso a estudiar la teor\u00eda de la desobediencia civil\npac\u00edfica -ley\u00f3 desde Henry Thoreau hasta autores contempor\u00e1neos- y, convencida\nde que ya no sirve seguir elaborando propuestas pol\u00edticas, fund\u00f3 el cap\u00edtulo\nlocal del movimiento brit\u00e1nico. &#8220;No somos una ONG con propuestas de cambio\nni como movimiento tenemos una posici\u00f3n tomada expl\u00edcita -se\u00f1ala-. No\nconstruimos un set de medidas porque creemos que nuestro rol es forzar a\nhabilitar mecanismos de representaci\u00f3n para que m\u00e1s personas participen de esta\nconversaci\u00f3n, aun sin tener la verdad&#8221;.<\/p>\n\n\n\n<p>Esto significa que arman &#8220;piquetes creativos&#8221; en\nempresas como Monsanto o Pan American Energy, hacen p\u00edcnics con m\u00fasica, \u00e1rboles\nde deseos, intervenciones de arte-denuncia, pintadas con tizas lavables,\nmovilizaciones de alto impacto.<\/p>\n\n\n\n<p>Quienes ejercen la desobediencia se mueven en el filo de lo legal. La interpretaci\u00f3n de las normas es subjetiva, en alguna medida, y conductas que algunos consideran pac\u00edficas, para otros no lo son. Se jactan de no atentar contra la propiedad privada y dicen que hacen &#8220;artivismo&#8221;, no vandalismo. Pero tambi\u00e9n irrumpen en el espacio p\u00fablico o hacen manifestaciones que son plausibles de ser le\u00eddas como transgresiones. La arrestabilidad es uno de los riesgos -a veces, el objetivo mismo- que todo activista pone en juego, como as\u00ed tambi\u00e9n el hecho de verse involucrado en situaciones multables. Por eso, brindan asesoramiento legal a sus militantes y tienen como premisa que el compromiso debe ser responsable y consciente.<\/p>\n\n\n\n<figure class=\"wp-block-image is-resized\"><img data-recalc-dims=\"1\" loading=\"lazy\" decoding=\"async\" src=\"https:\/\/i0.wp.com\/bucket2.glanacion.com\/anexos\/fotos\/54\/3150954w380.jpg?resize=488%2C325&#038;ssl=1\" alt=\"Desde Extinction Rebellion generan piquetes creativos.\" width=\"488\" height=\"325\"\/><figcaption> Desde Extinction Rebellion generan piquetes creativos. <\/figcaption><\/figure>\n\n\n\n<p>Los integrantes de Fridays for Future Argentina tambi\u00e9n\ntoman las calles, pero siguen un programa establecido, en sinton\u00eda con un plan\nglobal: manifiestan todos los viernes, el d\u00eda que sistem\u00e1ticamente en otros\npa\u00edses del mundo los estudiantes de la agrupaci\u00f3n de Greta hacen huelga escolar.\nLos argentinos cada semana llegan al Congreso con sus barbijos verdes puestos a\nlas cuatro de la tarde. Abril Hermida no falta nunca. &#8220;Llevamos carteles,\ncantamos y montamos stands informativos sobre los focos de la crisis clim\u00e1tica.\nCon mis compa\u00f1eres buscamos concientizar a las personas que est\u00e1n pasando,\nnuestra idea es involucrar a la gente. Si bien es el cambio sist\u00e9mico lo que\ntiene que suceder, las transformaciones a gran escala son procesos demasiado\nlargos. Todo lo que podamos hacer a nivel individual para amortiguar el impacto\nes indispensable. Fridays no se dedica a hacer leyes, ni a cabildear, ni a ir a\nmesas de debates. Entendemos que los tiempos burocr\u00e1ticos y administrativos de\neste sistema no son compatibles con los tiempos de la naturaleza&#8221;, dice\nAbril.<\/p>\n\n\n\n<p>JOCA, en cambio, s\u00ed busca dar batalla desde dentro del sistema y en el sentido m\u00e1s amplio: &#8220;Entendemos la crisis clim\u00e1tica como una crisis socioambiental que afecta tambi\u00e9n a los derechos humanos, no solo es una cuesti\u00f3n ambiental -aclara Nicole Becker-. Apuntamos a qu\u00e9 pol\u00edticas p\u00fablicas va a tomar el Gobierno para garantizarles a todos los sectores, tanto a los vulnerables como al resto de las personas, recursos para afrontar la crisis&#8221;.<\/p>\n\n\n\n<figure class=\"wp-block-image is-resized\"><img data-recalc-dims=\"1\" loading=\"lazy\" decoding=\"async\" src=\"https:\/\/i0.wp.com\/bucket2.glanacion.com\/anexos\/fotos\/53\/3150953w380.jpg?resize=469%2C312&#038;ssl=1\" alt=\"Bruno Rodr\u00edguez y Nicole Becker son fundadores de J\u00f3venes por el Clima Argentina (JOCA), que se conform\u00f3 hace 10 meses.\" width=\"469\" height=\"312\"\/><figcaption> Bruno Rodr\u00edguez y Nicole Becker son fundadores de J\u00f3venes por el Clima Argentina (JOCA), que se conform\u00f3 hace 10 meses.<br>\u00a0 <\/figcaption><\/figure>\n\n\n\n<p>Bruno Rodr\u00edguez tambi\u00e9n es miembro fundacional de J\u00f3venes\npor el Clima Argentina. Tiene 19 a\u00f1os, es egresado de ORT, estudia Ciencias\nPol\u00edticas y Derecho en la Universidad de Buenos Aires y, adem\u00e1s, integra el\ngrupo de j\u00f3venes de Amnist\u00eda Internacional Argentina. \u00c9l es uno de los miles de\nchicos que concursaron para participar de la Cumbre de Acci\u00f3n Clim\u00e1tica de la\nJuventud de la Organizaci\u00f3n de las Naciones Unidas (ONU) y es uno de los pocos\nque lo consigui\u00f3. &#8220;Llegu\u00e9 a la ONU a trav\u00e9s de una aplicaci\u00f3n emitida por\nla Secretar\u00eda General -explica-, cont\u00e9 mi experiencia militante en J\u00f3venes por\nel Clima y Naciones Unidas me eligi\u00f3 como representante argentino para el\nsummit de la juventud&#8221;.<\/p>\n\n\n\n<p>Fue a Nueva York en septiembre pasado y, sentado junto a\nGreta, le dijo al mundo: &#8220;Hay diferentes contextos y diferentes demandas.\nVengo de un pa\u00eds de Latinoam\u00e9rica. La historia de nuestra regi\u00f3n es la de cinco\nsiglos de saqueo. Para nosotros, el concepto de justicia ecol\u00f3gica y\nmedioambiental est\u00e1 ligado al de derechos humanos, justicia social y soberan\u00eda\nnacional en relaci\u00f3n con nuestros recursos naturales&#8221;, pronunci\u00f3 en ingl\u00e9s\ndurante este encuentro, que fue la antesala de la Conferencia Contra el Cambio\nClim\u00e1tico (COP 25) que se iba a realizar en diciembre en Chile y que,\nfinalmente -por la crisis que atraviesa el pa\u00eds vecino-, se har\u00e1 en Madrid.<\/p>\n\n\n\n<p>&#8220;La experiencia fue muy importante: se trat\u00f3 de llevar\nlas problem\u00e1ticas que sufre nuestro pa\u00eds y la regi\u00f3n al escenario m\u00e1s\nimportante de la pol\u00edtica internacional -eval\u00faa Bruno-. Nuestro objetivo como\norganizaci\u00f3n es incidir pol\u00edticamente para colocar la crisis clim\u00e1tica y\necol\u00f3gica sobre la agenda p\u00fablica como un tema prioritario de discusi\u00f3n. Nos\nreunimos con estudiantes secundarios y universitarios para debatir. Tambi\u00e9n,\ncon funcionarios p\u00fablicos y dirigentes pol\u00edticos&#8221;.<\/p>\n\n\n\n<p>As\u00ed fue como promovieron la presentaci\u00f3n de un proyecto de\nresoluci\u00f3n en el Senado que, finalmente, se aprob\u00f3 en el mes de julio y que\nllev\u00f3 a que Argentina declarara su estado de emergencia clim\u00e1tica y se\nconvirtiera en el cuarto pa\u00eds del mundo -el primero en Am\u00e9rica Latina- en\nhacerlo. &#8220;Se consigui\u00f3 tocando la puerta, uno por uno en cada despacho, a\ncada senador -relata Nicole-. Es una declaraci\u00f3n simb\u00f3lica legalmente porque no\nproduce ninguna acci\u00f3n, pero es como un colch\u00f3n legislativo para habilitar otras\ninstancias y exigir otras cosas&#8221;.<\/p>\n\n\n\n<p>El mi\u00e9rcoles 20 de noviembre se aprob\u00f3 la Ley de Adaptaci\u00f3n\ny Mitigaci\u00f3n al Cambio Clim\u00e1tico. Durante la semana anterior, los integrantes\nde JOCA que ven\u00edan apoyando el proyecto fueron todos los d\u00edas al Congreso y\nlograron intervenir en las sesiones: &#8220;\u00cdbamos no solo con palabras, sino\ntambi\u00e9n con sentimientos a explicarles bien por qu\u00e9 necesit\u00e1bamos esta\npromulgaci\u00f3n&#8221;, comenta con entusiasmo Nicole. Durante la votaci\u00f3n, la\ndiputada Gabriela Cerruti pidi\u00f3 la palabra y destac\u00f3: &#8220;Se encuentran en el\nrecinto los J\u00f3venes por el Clima, que vienen acompa\u00f1\u00e1ndonos desde hace un a\u00f1o\nen todo el mundo. en parte, que ellos est\u00e9n hoy ac\u00e1 es una de las causas por\nlas que estamos discutiendo y d\u00e1ndole sanci\u00f3n a esta ley&#8221;. Y son\u00f3 un fuerte\naplauso.<\/p>\n\n\n\n<p>El siguiente paso, seg\u00fan Bruno, es la inclusi\u00f3n de otros\nsectores sociales: &#8220;Nos enmarcamos sobre un contexto de opresi\u00f3n hist\u00f3rica\nde nuestra regi\u00f3n y mantenemos una l\u00ednea discursiva y de militancia popular en\nbarrios pobres. Nos reunimos con pibes y pibas de villas que sufren\ndirectamente las consecuencias de la crisis clim\u00e1tica y ecol\u00f3gica. La idea es\nempezar a ir a barrios, porque nosotros somos privilegiados que podemos militar\npor este tema, pero tenemos que empezar a visualizar a otro tipo de j\u00f3venes que\nlo sufren mucho m\u00e1s que nosotros&#8221;.<\/p>\n\n\n\n<p><strong>Un nuevo paradigma\norganizado<\/strong><\/p>\n\n\n\n<p>Quiz\u00e1 por esa misma juventud que late en el ADN de estas organizaciones, tambi\u00e9n plantean nuevos modos de reunirse, tomar decisiones, actuar e interactuar. Utilizan plataformas tecnol\u00f3gicas por fuera de Facebook y Google (&#8220;por seguridad&#8221;, dicen) para comunicarse. Conversan por Telegram y se re\u00fanen a distancia v\u00eda Zoom. Aunque est\u00e9n lejos, no viajan y, si lo hacen, preferentemente van por tierra: evitan emitir huella de carbono. Las &#8220;orga&#8221; clim\u00e1ticas actuales construyen estructuras horizontales, cambiantes y flexibles. Se dividen en equipos y usan mecanismos expr\u00e9s para la toma de decisiones<\/p>\n\n\n\n<figure class=\"wp-block-image is-resized\"><img data-recalc-dims=\"1\" loading=\"lazy\" decoding=\"async\" src=\"https:\/\/i0.wp.com\/bucket3.glanacion.com\/anexos\/fotos\/49\/3150949w380.jpg?resize=488%2C325&#038;ssl=1\" alt=\"La organizaci\u00f3n Extinction Rebellion funciona como una holocracia.\" width=\"488\" height=\"325\"\/><figcaption> La organizaci\u00f3n Extinction Rebellion funciona como una holocracia. <\/figcaption><\/figure>\n\n\n\n<p>Extinction Rebellion tiene un formato bastante delineado. Se\norganiza como una holocracia: un sistema de c\u00edrculos anidados dentro de\nc\u00edrculos; estas unidades operan en forma aut\u00f3noma y, en su interrelaci\u00f3n,\ngeneran riqueza y se reproducen. Las decisiones puntuales no se toman ni por\nconsenso ni por votaci\u00f3n. &#8220;Nos basamos en la confianza y en la idea de que\nla autoridad se gana -afirman-. Quien ocupa un rol tiene la potestad de\nresolver sin consultar&#8221;. Esta modalidad se apoya en un argumento que es\nm\u00e1s temporal que pol\u00edtico: el imperativo de dar respuesta inmediata a la\ncrisis. &#8220;Se pierde mucho tiempo buscando consensos. Hablar sin hacer no\nsirve&#8221;.<\/p>\n\n\n\n<p>No obstante, las asambleas existen. En ellas, se abren las\npostulaciones a ocupar roles -que ser\u00e1n siempre rotativos y en mandatos de no\nm\u00e1s de tres meses- y se aprueban proyectos -que ser\u00e1n a corto plazo y con\nobjetivos renovables-. Es una organizaci\u00f3n din\u00e1mica que palpita al ritmo de la\nurgencia.<\/p>\n\n\n\n<p>Al filo del v\u00e9rtigo del colapso que vienen a anunciar, las\nagrupaciones tambi\u00e9n prestan atenci\u00f3n a &#8220;bajar un cambio&#8221;. Cuentan\ncon activistas dedicados a cuidar los v\u00ednculos y a los integrantes, y manejan\ndin\u00e1micas grupales de relajaci\u00f3n e intercambio de experiencias emocionales.\nFFF, por caso, empieza y termina todas sus reuniones con lo que llaman una\nronda de energ\u00edas, para registrar c\u00f3mo llegan y c\u00f3mo se van de los encuentros;\nadem\u00e1s, tienen un equipo de no violencias para asistir puntualmente al\nbienestar integral, algo que muchas veces se ve alterado directamente por la\ncoyuntura: &#8221; Nuestro grupo de amigues en Fridays se llama \u00abecoansiosos\u00bb,\ntodos sufrimos ansiedad clim\u00e1tica, \u00a1es terrible!&#8221;, exclama Abril y cuenta\nel pico al que se elev\u00f3 este trastorno de \u00e9poca, definido como el temor cr\u00f3nico\nde sufrir un cataclismo ambiental a ra\u00edz de los incendios en la Amazonia, que\nfue un suceso extremadamente desestabilizante especialmente para la juventud en\ngeneral.<\/p>\n\n\n\n<p>Extinction Rebellion tiene un equipo de &#8220;cultura\nregenerativa&#8221; que propicia espacios de introspecci\u00f3n, autorrealizaci\u00f3n;\nellos acompa\u00f1an y velan por la armon\u00eda general mediante ejercicios y\ncelebraciones.<\/p>\n\n\n\n<p>Las din\u00e1micas de trabajo de J\u00f3venes por el Clima Argentina\nest\u00e1n en construcci\u00f3n. Todav\u00eda no incluyen este tipo de pr\u00e1cticas, aunque s\u00ed la\nprioridad expl\u00edcita del autocuidado. Sus asambleas suelen ser los domingos. A\nveces en Parque Centenario; otras en un centro cultural de Chacarita, o en\nalguna casa. Trabajan en comisiones -como redes sociales, educaci\u00f3n, medios de\ncomunicaci\u00f3n-, pero no cumplen roles fijos.<\/p>\n\n\n\n<p>Los chicos y las chicas de FFF tambi\u00e9n realizan reuniones en\nbares, plazas y casas. No creen en las jerarqu\u00edas y, descentralizadamente,\nfuncionan en equipos de trabajo: redes y dise\u00f1o, comunicaci\u00f3n externa -que\ngestiona entrevistas o charlas-, presupuesto y log\u00edstica, contraviolencias.\nRealizan tareas en el \u00e1mbito nacional, local y regional. &#8220;El grupo de FFF\nLatinoam\u00e9rica es incre\u00edble -se enorgullece Abril-. Con todo lo que estuvo\npasando \u00faltimamente en Chile y en Bolivia, hablamos mucho del potencial de\nrevoluci\u00f3n que se est\u00e1 dando a nivel mundial, pero desde el odio y la\nviolencia. Quiz\u00e1s es nuestro movimiento el que va a tener un poco la\nresponsabilidad de encauzar y redireccionar desde el amor y la\nregeneraci\u00f3n&#8221;.<\/p>\n\n\n\n<p><strong>\u00bfSer\u00e1 la d\u00e9cada\nganada?<\/strong><\/p>\n\n\n\n<p>Puede que 2019 quede registrado como un hito en la historia\nde los activismos clim\u00e1ticos, como un momento clave en el que surgieron los\nnuevos modos de luchar ante la crisis que amenaza con extinguirnos. O puede que\nsolo sea el comienzo de una serie de momentos en los que seguir\u00e1n proliferando\nacciones que, renovadas una y otra vez, buscar\u00e1n soluciones de maneras\ninsospechadas. Sea como fuere, queda claro que 2019 fue un a\u00f1o determinante en\nlas militancias para defender el futuro. Un futuro que, quiz\u00e1s, si todo esto\nfracasa o es insuficiente puede llegar a durar tan solo 10 a\u00f1os.<\/p>\n\n\n\n<figure class=\"wp-block-image is-resized\"><img data-recalc-dims=\"1\" loading=\"lazy\" decoding=\"async\" src=\"https:\/\/i0.wp.com\/bucket3.glanacion.com\/anexos\/fotos\/47\/3150947w380.jpg?resize=513%2C342&#038;ssl=1\" alt=\"No hay tiempo que perder. El futuro puede llegar a durar tan solo 10 a\u00f1os.\" width=\"513\" height=\"342\"\/><figcaption> No hay tiempo que perder. El futuro puede llegar a durar tan solo 10 a\u00f1os <\/figcaption><\/figure>\n\n\n\n<p><strong>MUJERES EN ACCI\u00d3N<\/strong><\/p>\n\n\n\n<p>En todas las agrupaciones, tanto de la escena nacional como\nde la internacional, las mujeres son mayor\u00eda. La participaci\u00f3n femenina en\nestos nuevos activismos clim\u00e1ticos llega casi al 70%.<\/p>\n\n\n\n<p>&#8220;En mi generaci\u00f3n, hay una juventud supermovilizada por\nel feminismo -sostiene Abril Hermida-. A una persona que ya est\u00e1 en proceso de\ndeconstrucci\u00f3n le es m\u00e1s f\u00e1cil entender ciertas cosas. Yo entiendo la crisis\nclim\u00e1tica, el patriarcado, el capitalismo, como crisis de la conciencia de la\nmanera en la que el ser humano entiende la vida&#8221;. Flavia Broffoni coincide\ny agrega un punto de vista: &#8220;Estamos en un cambio de \u00e9poca donde luchas de\ngrupos minoritarios est\u00e1n encontrando causas comunes. Mi opini\u00f3n personal es\nque las mujeres, al ser dadoras de vida, y m\u00e1s all\u00e1 de ser o no madres\nbiol\u00f3gicas, tenemos una conciencia sobre la vida que a priori es m\u00e1s\nintuitiva&#8221;. Por su parte, Nicole Becker introduce un factor social:\n&#8220;No es casualidad que seamos mayor\u00eda; creo que hay una clara relaci\u00f3n\nentre la opresi\u00f3n al cuerpo de la mujer y la opresi\u00f3n a la naturaleza por parte\ndel ser humano. La mujer es uno de los actores que m\u00e1s perjudicado se ve por la\ncrisis clim\u00e1tica, no por cuestiones naturales, sino por cuestiones de roles\nasignados culturalmente&#8221;.<\/p>\n\n\n\n<p><strong>EL VEGANISMO, UN\nCAP\u00cdTULO APARTE<\/strong><\/p>\n\n\n\n<p>En el debate clim\u00e1tico hay una voz que se est\u00e1 alzando con\nfuerza en el mundo y que se expande r\u00e1pidamente: el veganismo. Pero, as\u00ed como\nen casi todas las agrupaciones ambientales hay una gran cantidad de integrantes\nveganos, no es usual que sea una exigencia serlo, ni siquiera una causa com\u00fan\ndefenderlo. De hecho, est\u00e1n quienes tildan el movimiento vegano de ser elitista\ny quienes, adem\u00e1s, consideran que abre una discusi\u00f3n de corte \u00e9tico que podr\u00eda\ndesvirtuar la lucha: la vuelve subjetiva mientras que los reclamos clim\u00e1ticos\nse apoyan &#8220;en bases objetivas e incuestionables&#8221;.<\/p>\n\n\n\n<p>Frankie Koglot es dise\u00f1ador gr\u00e1fico, tiene 31 a\u00f1os y dej\u00f3 de\ncomer animales a los 18. Empez\u00f3 a militar en veganismo cuando una amiga lo\ninvit\u00f3 a presenciar una vigilia de vacas convocada por Animal Save Movement, en\nel matadero San Roque de Mor\u00f3n. En febrero de este a\u00f1o, junto a ella,\ninauguraron la filial argentina de Direct Action Everywhere (DxE), una\nagrupaci\u00f3n internacional que fue fundada en San Francisco en 2013, cuya misi\u00f3n\nes lograr la abolici\u00f3n de todo tipo de explotaci\u00f3n de los animales no humanos.\n&#8220;Nosotres somos el cap\u00edtulo de Buenos Aires, pero estamos en transici\u00f3n a\ndejar de representar a DxE y comenzar a unirnos con otros activismos locales\nque realizan acciones similares&#8221;, anticipa. La forma de activar es\nirrumpir en actividades que involucran, promocionan o naturalizan la\nexplotaci\u00f3n de los animales. Una de sus \u00faltimas acciones fue, en conjunto con\notras organizaciones, en la Expo Rural de 2019. Entraron en la arena con\ncarteles y fueron duramente enfrentados. Greenpeace hizo, inmediatamente, otra\nactivaci\u00f3n que sorprendi\u00f3: infiltr\u00f3 carteles -con mensajes contra la ganader\u00eda-\nque se desplegaron a control remoto mientras daban discursos las autoridades de\nla Sociedad y se encontraba presente el presidente Mauricio Macri.<\/p>\n\n\n\n<p>Para DxE, la premisa principal es que el mensaje llegue con\nclaridad &#8220;y de forma no violenta&#8221;, dice Frankie. &#8220;Lo que nos\ndiferencia es el factor de \u00abir al choque\u00bb&#8221;.<\/p>\n\n\n\n<p>Por: Carola Birgin<\/p>\n\n\n\n<p>Fuente: Diario La Naci\u00f3n<\/p>\n<!-- AddThis Advanced Settings generic via filter on the_content -->","protected":false},"excerpt":{"rendered":"<p>Las alarmas aturden. Ya ven\u00edan sonando. Mucho, y desde hace tiempo. Sin embargo, en este 2019, la urgencia subi\u00f3 el<!-- AddThis Advanced Settings generic via filter on get_the_excerpt --><\/p>\n","protected":false},"author":1,"featured_media":13854,"comment_status":"closed","ping_status":"closed","sticky":false,"template":"","format":"standard","meta":{"colormag_page_container_layout":"default_layout","colormag_page_sidebar_layout":"default_layout","jetpack_post_was_ever_published":false,"_jetpack_newsletter_access":"","_jetpack_dont_email_post_to_subs":false,"_jetpack_newsletter_tier_id":0,"_jetpack_memberships_contains_paywalled_content":false,"_jetpack_memberships_contains_paid_content":false,"footnotes":"","jetpack_publicize_message":"#Sociedad Emergencia clim\u00e1tica. \"Los que toman decisiones por nosotros se est\u00e1n robando nuestro futuro\"","jetpack_publicize_feature_enabled":true,"jetpack_social_post_already_shared":true,"jetpack_social_options":{"image_generator_settings":{"template":"highway","default_image_id":0,"font":"","enabled":false},"version":2}},"categories":[19],"tags":[17],"class_list":["post-13852","post","type-post","status-publish","format-standard","has-post-thumbnail","hentry","category-educacion-sociedad","tag-otros-medios"],"jetpack_publicize_connections":[],"jetpack_featured_media_url":"https:\/\/i0.wp.com\/ccnews.com.ar\/prensa\/wp-content\/uploads\/2019\/12\/3150960w740.jpg?fit=740%2C493","jetpack_shortlink":"https:\/\/wp.me\/p7L1gj-3Bq","jetpack-related-posts":[{"id":15246,"url":"http:\/\/ccnews.com.ar\/prensa\/las-energias-renovables-prueban-su-inmunidad-al-covid-19\/","url_meta":{"origin":13852,"position":0},"title":"Las energ\u00edas renovables prueban su inmunidad al COVID-19","author":"admin","date":"15 abril, 2020","format":false,"excerpt":"El crecimiento de la industria de las energ\u00edas renovables se ha desacelerado en las \u00faltimas semanas, debido a la combinaci\u00f3n de tres factores: la pandemia, la contracci\u00f3n financiera resultante y el colapso en los precios del petr\u00f3leo. Los analistas esperan una contracci\u00f3n significativa a corto plazo, seguida por una recuperaci\u00f3n\u2026","rel":"","context":"En \u00abCovid-19\u00bb","block_context":{"text":"Covid-19","link":"http:\/\/ccnews.com.ar\/prensa\/category\/covid-19\/"},"img":{"alt_text":"","src":"https:\/\/i0.wp.com\/ccnews.com.ar\/prensa\/wp-content\/uploads\/2020\/04\/Las-energias-renovables-660x330.jpg?fit=660%2C330&resize=350%2C200","width":350,"height":200,"srcset":"https:\/\/i0.wp.com\/ccnews.com.ar\/prensa\/wp-content\/uploads\/2020\/04\/Las-energias-renovables-660x330.jpg?fit=660%2C330&resize=350%2C200 1x, https:\/\/i0.wp.com\/ccnews.com.ar\/prensa\/wp-content\/uploads\/2020\/04\/Las-energias-renovables-660x330.jpg?fit=660%2C330&resize=525%2C300 1,5x"},"classes":[]},{"id":13105,"url":"http:\/\/ccnews.com.ar\/prensa\/marcha-por-el-clima-que-reclaman-los-jovenes-en-mas-de-170-paises\/","url_meta":{"origin":13852,"position":1},"title":"Marcha por el clima: qu\u00e9 reclaman los j\u00f3venes en m\u00e1s de 170 pa\u00edses","author":"admin","date":"26 septiembre, 2019","format":false,"excerpt":"La emergencia clim\u00e1tica movilizar\u00e1 ma\u00f1ana a millones de personas en m\u00e1s de 170 pa\u00edses. Los j\u00f3venes de todo el mundo ocupar\u00e1n las calles y exigir\u00e1n a sus gobernantes acciones concretas e inmediatas para frenar los devastadores efectos de la crisis clim\u00e1tica y de especies que sufre nuestro planeta. En la\u2026","rel":"","context":"En \u00abEducaci\u00f3n\/Sociedad\u00bb","block_context":{"text":"Educaci\u00f3n\/Sociedad","link":"http:\/\/ccnews.com.ar\/prensa\/category\/educacion-sociedad\/"},"img":{"alt_text":"","src":"https:\/\/i0.wp.com\/ccnews.com.ar\/prensa\/wp-content\/uploads\/2019\/09\/marcha_clima2.jpg_1902800913.jpg?fit=1200%2C900&resize=350%2C200","width":350,"height":200,"srcset":"https:\/\/i0.wp.com\/ccnews.com.ar\/prensa\/wp-content\/uploads\/2019\/09\/marcha_clima2.jpg_1902800913.jpg?fit=1200%2C900&resize=350%2C200 1x, https:\/\/i0.wp.com\/ccnews.com.ar\/prensa\/wp-content\/uploads\/2019\/09\/marcha_clima2.jpg_1902800913.jpg?fit=1200%2C900&resize=525%2C300 1,5x, https:\/\/i0.wp.com\/ccnews.com.ar\/prensa\/wp-content\/uploads\/2019\/09\/marcha_clima2.jpg_1902800913.jpg?fit=1200%2C900&resize=700%2C400 2x, https:\/\/i0.wp.com\/ccnews.com.ar\/prensa\/wp-content\/uploads\/2019\/09\/marcha_clima2.jpg_1902800913.jpg?fit=1200%2C900&resize=1050%2C600 3x"},"classes":[]},{"id":14680,"url":"http:\/\/ccnews.com.ar\/prensa\/asi-es-como-va-a-evolucionar-el-consumidor-durante-2020-no-te-pierdas-estas-10-tendencias\/","url_meta":{"origin":13852,"position":2},"title":"As\u00ed es como va a evolucionar el consumidor durante 2020, no te pierdas estas 10 tendencias","author":"admin","date":"27 febrero, 2020","format":false,"excerpt":"El consumidor siempre est\u00e1 en constante evoluci\u00f3n, por lo que la firma LLYC realiz\u00f3 un estudio para determinar c\u00f3mo se espera que cambie durante este 2020. Una de las preocupaciones de los negocios es entender las necesidades del consumidor. Las marcas no solo deben aprender a crear narrativas atractivas para\u2026","rel":"","context":"En \u00abManagement\u00bb","block_context":{"text":"Management","link":"http:\/\/ccnews.com.ar\/prensa\/category\/management\/"},"img":{"alt_text":"","src":"https:\/\/i0.wp.com\/ccnews.com.ar\/prensa\/wp-content\/uploads\/2020\/02\/big_data_imagen.jpg?fit=1200%2C800&resize=350%2C200","width":350,"height":200,"srcset":"https:\/\/i0.wp.com\/ccnews.com.ar\/prensa\/wp-content\/uploads\/2020\/02\/big_data_imagen.jpg?fit=1200%2C800&resize=350%2C200 1x, https:\/\/i0.wp.com\/ccnews.com.ar\/prensa\/wp-content\/uploads\/2020\/02\/big_data_imagen.jpg?fit=1200%2C800&resize=525%2C300 1,5x, https:\/\/i0.wp.com\/ccnews.com.ar\/prensa\/wp-content\/uploads\/2020\/02\/big_data_imagen.jpg?fit=1200%2C800&resize=700%2C400 2x, https:\/\/i0.wp.com\/ccnews.com.ar\/prensa\/wp-content\/uploads\/2020\/02\/big_data_imagen.jpg?fit=1200%2C800&resize=1050%2C600 3x"},"classes":[]},{"id":4257,"url":"http:\/\/ccnews.com.ar\/prensa\/es-el-cyberbullying-mas-danino-que-el-bullying-tradicional\/","url_meta":{"origin":13852,"position":3},"title":"\u00bfEs el \u201ccyberbullying\u201d m\u00e1s da\u00f1ino que el \u201cbullying tradicional\u201d?","author":"CLUSTERciar","date":"11 junio, 2017","format":false,"excerpt":"Las redes sociales han propuesto una nueva entidad que obliga a definir su alcance En los \u00faltimos a\u00f1os a partir del desarrollo exponencial que se produjo por la utilizaci\u00f3n de las redes sociales, comenzaron a aparecer distintas entidades que describen comportamientos normales y patol\u00f3gicos dentro de este nuevo mundo. Uno\u2026","rel":"","context":"En \u00abEducaci\u00f3n\/Sociedad\u00bb","block_context":{"text":"Educaci\u00f3n\/Sociedad","link":"http:\/\/ccnews.com.ar\/prensa\/category\/educacion-sociedad\/"},"img":{"alt_text":"","src":"https:\/\/i0.wp.com\/ccnews.com.ar\/prensa\/wp-content\/uploads\/2017\/05\/cyber-bully-1200x798.jpg?fit=1200%2C798&resize=350%2C200","width":350,"height":200,"srcset":"https:\/\/i0.wp.com\/ccnews.com.ar\/prensa\/wp-content\/uploads\/2017\/05\/cyber-bully-1200x798.jpg?fit=1200%2C798&resize=350%2C200 1x, https:\/\/i0.wp.com\/ccnews.com.ar\/prensa\/wp-content\/uploads\/2017\/05\/cyber-bully-1200x798.jpg?fit=1200%2C798&resize=525%2C300 1,5x, https:\/\/i0.wp.com\/ccnews.com.ar\/prensa\/wp-content\/uploads\/2017\/05\/cyber-bully-1200x798.jpg?fit=1200%2C798&resize=700%2C400 2x, https:\/\/i0.wp.com\/ccnews.com.ar\/prensa\/wp-content\/uploads\/2017\/05\/cyber-bully-1200x798.jpg?fit=1200%2C798&resize=1050%2C600 3x"},"classes":[]},{"id":7127,"url":"http:\/\/ccnews.com.ar\/prensa\/la-pobreza-energetica-europea-ya-tiene-un-observatorio\/","url_meta":{"origin":13852,"position":4},"title":"La Pobreza Energ\u00e9tica europea ya tiene un observatorio","author":"admin","date":"2 marzo, 2018","format":false,"excerpt":"La\u00a0Pobreza Energ\u00e9tica europea\u00a0afecta a m\u00e1s de 50 millones de hogares en Europa. Por eso fue creado recientemente el observatorio europeo de la pobreza energ\u00e9tica.\u00a0El nuevo organismo tiene como siglas. (EU Energy Poverty Observatory - EPOV). Y es una instituci\u00f3n destinada a fomentar el conocimiento y la repercusi\u00f3n de la pobreza\u2026","rel":"","context":"En \u00abSustentabilidad\u00bb","block_context":{"text":"Sustentabilidad","link":"http:\/\/ccnews.com.ar\/prensa\/category\/sustentabilidad\/"},"img":{"alt_text":"","src":"https:\/\/i0.wp.com\/ccnews.com.ar\/prensa\/wp-content\/uploads\/2018\/03\/sectorenergetico_PRINCIPAL-850x491.jpg?fit=850%2C491&resize=350%2C200","width":350,"height":200,"srcset":"https:\/\/i0.wp.com\/ccnews.com.ar\/prensa\/wp-content\/uploads\/2018\/03\/sectorenergetico_PRINCIPAL-850x491.jpg?fit=850%2C491&resize=350%2C200 1x, https:\/\/i0.wp.com\/ccnews.com.ar\/prensa\/wp-content\/uploads\/2018\/03\/sectorenergetico_PRINCIPAL-850x491.jpg?fit=850%2C491&resize=525%2C300 1,5x, https:\/\/i0.wp.com\/ccnews.com.ar\/prensa\/wp-content\/uploads\/2018\/03\/sectorenergetico_PRINCIPAL-850x491.jpg?fit=850%2C491&resize=700%2C400 2x"},"classes":[]},{"id":14478,"url":"http:\/\/ccnews.com.ar\/prensa\/es-hora-de-actuar-el-llamado-de-las-naciones-unidas-que-podemos-hacer-colectivamente-para-detener-el-cambio-climatico\/","url_meta":{"origin":13852,"position":5},"title":"\u00a1Es hora de actuar! El llamado de las Naciones Unidas. \u00bfQu\u00e9 podemos hacer colectivamente para detener el cambio clim\u00e1tico?","author":"admin","date":"6 febrero, 2020","format":false,"excerpt":"La COP25 de la Conferencia sobre el Cambio Clim\u00e1tico de la ONU\u00a0 dej\u00f3 en claro que \u201cactuar ahora\u201d se ha convertido en un imperativo global para ayudar a proteger nuestro mundo y su gente. Nuestro planeta est\u00e1 bajo presi\u00f3n, hay una urgente necesidad de negociar planes m\u00e1s ambiciosos para limitar\u2026","rel":"","context":"En \u00abEducaci\u00f3n\/Sociedad\u00bb","block_context":{"text":"Educaci\u00f3n\/Sociedad","link":"http:\/\/ccnews.com.ar\/prensa\/category\/educacion-sociedad\/"},"img":{"alt_text":"","src":"https:\/\/i0.wp.com\/ccnews.com.ar\/prensa\/wp-content\/uploads\/2020\/02\/0.jpg?fit=800%2C339&resize=350%2C200","width":350,"height":200,"srcset":"https:\/\/i0.wp.com\/ccnews.com.ar\/prensa\/wp-content\/uploads\/2020\/02\/0.jpg?fit=800%2C339&resize=350%2C200 1x, https:\/\/i0.wp.com\/ccnews.com.ar\/prensa\/wp-content\/uploads\/2020\/02\/0.jpg?fit=800%2C339&resize=525%2C300 1,5x, https:\/\/i0.wp.com\/ccnews.com.ar\/prensa\/wp-content\/uploads\/2020\/02\/0.jpg?fit=800%2C339&resize=700%2C400 2x"},"classes":[]}],"jetpack_sharing_enabled":true,"_links":{"self":[{"href":"http:\/\/ccnews.com.ar\/prensa\/wp-json\/wp\/v2\/posts\/13852","targetHints":{"allow":["GET"]}}],"collection":[{"href":"http:\/\/ccnews.com.ar\/prensa\/wp-json\/wp\/v2\/posts"}],"about":[{"href":"http:\/\/ccnews.com.ar\/prensa\/wp-json\/wp\/v2\/types\/post"}],"author":[{"embeddable":true,"href":"http:\/\/ccnews.com.ar\/prensa\/wp-json\/wp\/v2\/users\/1"}],"replies":[{"embeddable":true,"href":"http:\/\/ccnews.com.ar\/prensa\/wp-json\/wp\/v2\/comments?post=13852"}],"version-history":[{"count":1,"href":"http:\/\/ccnews.com.ar\/prensa\/wp-json\/wp\/v2\/posts\/13852\/revisions"}],"predecessor-version":[{"id":13856,"href":"http:\/\/ccnews.com.ar\/prensa\/wp-json\/wp\/v2\/posts\/13852\/revisions\/13856"}],"wp:featuredmedia":[{"embeddable":true,"href":"http:\/\/ccnews.com.ar\/prensa\/wp-json\/wp\/v2\/media\/13854"}],"wp:attachment":[{"href":"http:\/\/ccnews.com.ar\/prensa\/wp-json\/wp\/v2\/media?parent=13852"}],"wp:term":[{"taxonomy":"category","embeddable":true,"href":"http:\/\/ccnews.com.ar\/prensa\/wp-json\/wp\/v2\/categories?post=13852"},{"taxonomy":"post_tag","embeddable":true,"href":"http:\/\/ccnews.com.ar\/prensa\/wp-json\/wp\/v2\/tags?post=13852"}],"curies":[{"name":"wp","href":"https:\/\/api.w.org\/{rel}","templated":true}]}}