{"id":14010,"date":"2019-12-20T09:20:06","date_gmt":"2019-12-20T12:20:06","guid":{"rendered":"http:\/\/ccnews.com.ar\/prensa\/?p=14010"},"modified":"2019-12-20T09:20:13","modified_gmt":"2019-12-20T12:20:13","slug":"graciela-bertolino-las-ingenierias-ayudan-a-cambiar-el-mundo","status":"publish","type":"post","link":"http:\/\/ccnews.com.ar\/prensa\/graciela-bertolino-las-ingenierias-ayudan-a-cambiar-el-mundo\/","title":{"rendered":"Graciela Bertolino: \u201cLas ingenier\u00edas ayudan a cambiar el mundo\u201d"},"content":{"rendered":"\n<p><strong>La primera\nvicerrectora de las carreras de ingenier\u00eda en el Instituto Balseiro, la\nespecialista en materiales Graciela Bertolino, habl\u00f3 con TSS sobre la\nimportancia que tiene para el desarrollo tecnol\u00f3gico promover el estudio de las\ningenier\u00edas. Los desaf\u00edos que enfrentar\u00e1 desde su nuevo cargo en la instituci\u00f3n\ny el rol de las mujeres en disciplinas hist\u00f3ricamente dominadas por hombres.<\/strong><\/p>\n\n\n\n<p>Graciela Bertolino es doctora en Ingenier\u00eda Nuclear por el\nInstituto Balseiro (IB), adonde se desempe\u00f1a como investigadora del CONICET y\ntrabaja en proyectos vinculados con materiales. Este a\u00f1o, cuando lleg\u00f3 el\nmomento de elegir nuevas autoridades en el IB, no imagin\u00f3 que contar\u00eda con el\napoyo del 70% de los docentes y alumnos para ocupar el cargo de vicerrectora\ndel \u00e1rea de Ingenier\u00eda.<\/p>\n\n\n\n<p>A principios de este mes, las autoridades de la Comisi\u00f3n\nNacional de Energ\u00eda At\u00f3mica (CNEA) y de la Universidad Nacional de Cuyo dieron\na conocer el nombramiento y, de ese modo, se convirti\u00f3 en la primera egresada\nde Ingenier\u00eda del Balseiro en ser designada oficialmente para desempe\u00f1ar ese\ncargo.<\/p>\n\n\n\n<p>El \u00fanico antecedente similar le corresponde a Ver\u00f3nica\nGr\u00fcnfeld, la \u00fanica mujer que se recibi\u00f3 de f\u00edsica con la primera promoci\u00f3n de\negresados del IB, y que a mediados de la d\u00e9cada del 60 se desempe\u00f1\u00f3 durante\ncasi dos a\u00f1os como vicedirectora del \u00c1rea de Ciencias bajo la direcci\u00f3n de\nCarlos Mallmann, pero sin que se efectivizara su nombramiento.<\/p>\n\n\n\n<p>Cuando Bertolino ingres\u00f3 para estudiar en el Balseiro, de\nsus 30 compa\u00f1eros solo dos eran mujeres. Se gradu\u00f3 como ingeniera nuclear en\n1996, se doctor\u00f3 en Ingenier\u00eda Nuclear en 2001 y viaj\u00f3 a Francia para hacer un\nposdoctorado en el Laboratoire de M\u00e9canique de Solides, \u00c9cole Polytechnique y\nCEA Saclay, donde estuvo entre 2002 y 2003.<\/p>\n\n\n\n<p><strong>\u00bfCu\u00e1l es su propuesta\nde trabajo para el \u00e1rea de Ingenier\u00eda del Balseiro?<\/strong><\/p>\n\n\n\n<p>A pesar de que hoy vivimos en un mundo globalizado, debemos\nmantener una identidad como pa\u00eds. En ese sentido, la idea es modernizar las\ncarreras para que sean \u00fatiles tanto para el mundo como para la Argentina, sin\nperder de vista la rigurosidad y nivel en todos los cursos que damos en el IB.\nEs una propuesta que, de alg\u00fan modo, ya estaba consensuada y en la que ven\u00edamos\ntrabajando desde hace un tiempo con el director Mariano Cantero, que asumi\u00f3 en\nese cargo a principios de este a\u00f1o.<\/p>\n\n\n\n<p><strong>\u00bfLa intenci\u00f3n es\nlograr una modernizaci\u00f3n de los planes de las carreras de grado y adaptar los\ncontenidos a las necesidades locales?<\/strong><\/p>\n\n\n\n<p>S\u00ed, pero a veces se piensa que adaptar al medio local puede\nser disminuir el nivel, y en realidad lo que buscamos es generar un esp\u00edritu\ncreativo para lograr mejores desarrollos a nivel nacional. Es decir, queremos\ndespertar un esp\u00edritu cr\u00edtico en cada uno de los estudiantes y graduados, para\nque en un futuro puedan usar todos esos conocimientos nuevos y globales en el\ndesarrollo de tecnolog\u00edas que hagan un aporte tanto a nivel local como\ninternacional.<\/p>\n\n\n\n<p>Dado que las ingenier\u00edas son las carreras menos elegidas por\nlas mujeres, \u00bfest\u00e1 pensando en incluir iniciativas de g\u00e9nero para incentivar a\nm\u00e1s mujeres a elegir alguna de estas carreras?<\/p>\n\n\n\n<p>Son muy pocas las mujeres en las escuelas t\u00e9cnicas y en las\ningenier\u00edas, excepto las relacionadas con la qu\u00edmica y la biolog\u00eda, incluso en\nlas ciencias duras, muchas veces por cuestiones culturales pero tambi\u00e9n por\ndesconocimiento. Por eso, creo que hay que mostrar qu\u00e9 es lo que tienen de\ninteresante estas carreras. Incluso, la idea es tratar de trabajar para motivar\na toda la juventud, porque estas carreras est\u00e1n perdiendo inter\u00e9s, no solo en\nlas mujeres sino tambi\u00e9n en los varones. Hay que motivar mucho a los j\u00f3venes, y\na las mujeres especialmente, porque las ingenier\u00edas son carreras que siguen\nayudando a cambiar el mundo.<\/p>\n\n\n\n<p><strong>En ese sentido, \u00bfcu\u00e1l\nser\u00eda el mensaje principal que buscar\u00eda dar?<\/strong><\/p>\n\n\n\n<p>Que estudiar ingenier\u00eda y poder ejercer una profesi\u00f3n como\ningeniero, como investigador en ingenier\u00eda o como un ingeniero que trabaja en\nempresas es extremadamente motivante, porque se puede aplicar lo aprendido en\nla carrera no solo en los aspectos t\u00e9cnicos sino tambi\u00e9n en cambiar el mundo,\nen mejorar la calidad de vida de muchas personas, con peque\u00f1as cosas. Creo que\nmostrar eso a los j\u00f3venes es muy importante, que sepan que, aplicando lo\naprendido en la universidad, cada uno puede poner un grano de arena para\nmejorar el mundo t\u00e9cnica y socialmente.<\/p>\n\n\n\n<p><strong>En su caso personal,\n\u00bfpor qu\u00e9 eligi\u00f3 estudiar ingenier\u00eda?<\/strong><\/p>\n\n\n\n<p>Como la mayor\u00eda de nosotros, quienes estudiamos estas\ncarreras ten\u00edamos una cierta facilidad en la matem\u00e1tica y la f\u00edsica que se ve\nen la escuela secundaria. Adem\u00e1s, cuando ten\u00eda alrededor de 12 a\u00f1os, vi una\npublicidad en televisi\u00f3n que invitaba a inscribirse en el Instituto Balseiro, y\ndesde entonces quer\u00eda estudiar ah\u00ed. M\u00e1s tarde, cuando ya era estudiante en la\nUniversidad del Comahue, en Neuqu\u00e9n, sent\u00eda que quer\u00eda m\u00e1s. En ese sentido, el Balseiro\nera y sigue siendo una posibilidad cuando se quiere crecer un poco m\u00e1s en los\nestudios.<\/p>\n\n\n\n<p><strong>\u00bfY por qu\u00e9 la\norientaci\u00f3n hacia la ingenier\u00eda nuclear?<\/strong><\/p>\n\n\n\n<p>Cuando empec\u00e9 a estudiar ingenier\u00eda en el Balseiro hab\u00eda dos\ncarreras: Ingenier\u00eda en F\u00edsica y Nuclear. Me gustaban las dos, pero quer\u00eda\nhacer algo m\u00e1s aplicado, m\u00e1s de desarrollo, y si bien en F\u00edsica se pueden hacer\nmuchas cosas aplicadas, Ingenier\u00eda Nuclear tiene que ver con todo el desarrollo\ny la producci\u00f3n de energ\u00eda, por un lado, y tambi\u00e9n con proyectos en medicina,\ncosas que siempre me interesaron.<\/p>\n\n\n\n<p><strong>\u00bfC\u00f3mo fue su\nexperiencia como estudiante de Ingenier\u00eda en el Balseiro durante los noventa?<\/strong><\/p>\n\n\n\n<p>Cuando entr\u00e9 ingresamos 30 alumnos, de los cuales tres\n\u00e9ramos mujeres. Una iba a estudiar F\u00edsica y dos quer\u00edamos hacer Ingenier\u00eda.\n\u00c9ramos minor\u00eda, pero la verdad es que la convivencia entre alumnos aqu\u00ed\nadentro, al menos en lo que me toc\u00f3 vivir a m\u00ed, fue siempre muy buena, nunca\nsent\u00ed ning\u00fan tipo de discriminaci\u00f3n o ser dejada de lado por ser mujer. De\ntodos modos, as\u00ed como a m\u00ed me toco vivir esto, que siempre me sent\u00ed integrada y\nno sent\u00ed discriminaci\u00f3n, hay mujeres que no dicen lo mismo y cuentan que les\nhan pasado cosas que no son agradables de vivir,&nbsp; por eso me parece bien visualizar y registrar\nesas opiniones, como lo est\u00e1n haciendo colegas del Centro At\u00f3mico Bariloche y\ndel Complejo Tecnol\u00f3gico Pilcaniyeu, y tratar de mostrar que no est\u00e1 bien la\ndiscriminaci\u00f3n y que eso deber\u00eda cambiar.<\/p>\n\n\n\n<p><strong>\u00bfSobre qu\u00e9 est\u00e1\ninvestigando actualmente y c\u00f3mo planea repartir su tiempo entre las tareas de\ninvestigaci\u00f3n y las de gesti\u00f3n?<\/strong><\/p>\n\n\n\n<p>Trabajamos en materiales inteligentes, que son materiales\ncon memoria de forma o materiales que tienen funcionalidades muy especificas, y\nestamos tratando de aplicarlos en pr\u00f3tesis. Por ejemplo, para hacer\ncorrecciones de deficiencias \u00f3seas que podr\u00edan utilizarse en ni\u00f1os que tienen\nlas piernas desviadas por alg\u00fan problema de crecimiento. En esos casos, uno\npodr\u00eda generar alg\u00fan dispositivo m\u00e1s inteligente, por as\u00ed decirlo, que incite\nal hueso a corregirse de una manera apropiada y no brutal, como existe en\nmuchos dispositivos actuales. Es un \u00e1rea de mucho desarrollo. Obviamente, no\nvoy a poder seguir con la misma dedicaci\u00f3n horaria como investigadora, pero\ntengo alumnos de doctorado y maestr\u00eda que seguir\u00e9 dirigiendo y proyectos de\ninvestigaci\u00f3n que seguir\u00e9 atendiendo, aunque la tarea de gesti\u00f3n lleva mucho\ntiempo.<\/p>\n\n\n\n<p><strong>\u00bfQu\u00e9 expectativas\ntiene con respecto a la educaci\u00f3n en la Argentina?<\/strong><\/p>\n\n\n\n<p>La educaci\u00f3n en general va a necesitar apoyo del Gobierno en\nlos pr\u00f3ximos a\u00f1os, para mejorar las universidades y la investigaci\u00f3n. La\nArgentina necesita un mayor apoyo al desarrollo de la ciencia y la t\u00e9cnica. En\nlos \u00faltimos a\u00f1os, la educaci\u00f3n, la ciencia y la t\u00e9cnica fueron abandonadas de\nalguna manera, y poder lograr un nuevo apoyo y mostrar que para que el pa\u00eds\navance es importante que se desarrolle en estas \u00e1reas y, por lo tanto, en\neducaci\u00f3n, creo que ser\u00e1 un desaf\u00edo para todos los investigadores y la gente\nque trabaja en el sistema cient\u00edfico y educativo.<\/p>\n\n\n\n<p>Fuente: TSS- Universidad Nacional de San Mart\u00edn<\/p>\n<!-- AddThis Advanced Settings generic via filter on the_content -->","protected":false},"excerpt":{"rendered":"<p>La primera vicerrectora de las carreras de ingenier\u00eda en el Instituto Balseiro, la especialista en materiales Graciela Bertolino, habl\u00f3 con<!-- AddThis Advanced Settings generic via filter on get_the_excerpt --><\/p>\n","protected":false},"author":1,"featured_media":14012,"comment_status":"closed","ping_status":"closed","sticky":false,"template":"","format":"standard","meta":{"colormag_page_container_layout":"default_layout","colormag_page_sidebar_layout":"default_layout","jetpack_post_was_ever_published":false,"_jetpack_newsletter_access":"","_jetpack_dont_email_post_to_subs":false,"_jetpack_newsletter_tier_id":0,"_jetpack_memberships_contains_paywalled_content":false,"_jetpack_memberships_contains_paid_content":false,"footnotes":"","jetpack_publicize_message":"#BuenViernes #Ingenier\u00eda Graciela Bertolino: \u201cLas ingenier\u00edas ayudan a cambiar el mundo\u201d","jetpack_publicize_feature_enabled":true,"jetpack_social_post_already_shared":true,"jetpack_social_options":{"image_generator_settings":{"template":"highway","default_image_id":0,"font":"","enabled":false},"version":2}},"categories":[3],"tags":[17],"class_list":["post-14010","post","type-post","status-publish","format-standard","has-post-thumbnail","hentry","category-sustentabilidad","tag-otros-medios"],"jetpack_publicize_connections":[],"jetpack_featured_media_url":"https:\/\/i0.wp.com\/ccnews.com.ar\/prensa\/wp-content\/uploads\/2019\/12\/bertolino1.jpg?fit=1080%2C598","jetpack_shortlink":"https:\/\/wp.me\/p7L1gj-3DY","jetpack-related-posts":[{"id":6577,"url":"http:\/\/ccnews.com.ar\/prensa\/la-ingenieria-social\/","url_meta":{"origin":14010,"position":0},"title":"La ingenier\u00eda social","author":"CLUSTERciar","date":"26 enero, 2018","format":false,"excerpt":"\u00bfPueden las ingenier\u00edas contribuir a la construcci\u00f3n de una tecn\u00f3sfera sostenible? Se habl\u00f3 en la preparaci\u00f3n de la c\u00e1tedra Julio Garavito de la Universidad Nacional, de que este a\u00f1o se ocupar\u00e1 del cambio clim\u00e1tico, de una idea quiz\u00e1 no tan original como pertinente: la que argumenta que la ingenier\u00eda va\u2026","rel":"","context":"En \u00abSustentabilidad\u00bb","block_context":{"text":"Sustentabilidad","link":"http:\/\/ccnews.com.ar\/prensa\/category\/sustentabilidad\/"},"img":{"alt_text":"","src":"","width":0,"height":0},"classes":[]},{"id":12121,"url":"http:\/\/ccnews.com.ar\/prensa\/las-mujeres-en-la-ingenieria-en-el-siglo-xxi\/","url_meta":{"origin":14010,"position":1},"title":"Las mujeres en la Ingenier\u00eda en el siglo XXI","author":"admin","date":"11 julio, 2019","format":false,"excerpt":"El n\u00famero de egresadas en Ingenier\u00edas a\u00fan es menor al de varones, sin embargo las mujeres van avanzando dentro de la profesi\u00f3n. En Argentina los indicadores de g\u00e9nero vinculados a las ingenier\u00edas encienden alarmas. Seg\u00fan los datos de la Secretar\u00eda de Pol\u00edticas Universitarias, en 2017 se gradu\u00f3 una ingeniera cada\u2026","rel":"","context":"En \u00abSustentabilidad\u00bb","block_context":{"text":"Sustentabilidad","link":"http:\/\/ccnews.com.ar\/prensa\/category\/sustentabilidad\/"},"img":{"alt_text":"","src":"https:\/\/i0.wp.com\/ccnews.com.ar\/prensa\/wp-content\/uploads\/2019\/07\/ingeniero-mujer-casco-blanco-blueprint_33842-958.jpg?fit=626%2C417&resize=350%2C200","width":350,"height":200,"srcset":"https:\/\/i0.wp.com\/ccnews.com.ar\/prensa\/wp-content\/uploads\/2019\/07\/ingeniero-mujer-casco-blanco-blueprint_33842-958.jpg?fit=626%2C417&resize=350%2C200 1x, https:\/\/i0.wp.com\/ccnews.com.ar\/prensa\/wp-content\/uploads\/2019\/07\/ingeniero-mujer-casco-blanco-blueprint_33842-958.jpg?fit=626%2C417&resize=525%2C300 1,5x"},"classes":[]},{"id":11463,"url":"http:\/\/ccnews.com.ar\/prensa\/lanzan-becas-para-estudiantes-de-ingenierias-en-vaca-muerta\/","url_meta":{"origin":14010,"position":2},"title":"Lanzan becas para estudiantes de ingenier\u00edas en Vaca Muerta","author":"admin","date":"20 mayo, 2019","format":false,"excerpt":"Est\u00e1n destinadas tanto a quienes comenzar\u00e1n las carreras como a quienes quieren continuarlas. Las personas interesadas tienen tiempo para inscribirse hasta el 16 de junio. Quienes estudian o quieren estudiar carreras de las distintas especializaciones en ingenier\u00eda que se dictan en la Universidad del Comahue pero no cuentan con los\u2026","rel":"","context":"En \u00abSustentabilidad\u00bb","block_context":{"text":"Sustentabilidad","link":"http:\/\/ccnews.com.ar\/prensa\/category\/sustentabilidad\/"},"img":{"alt_text":"","src":"https:\/\/i0.wp.com\/ccnews.com.ar\/prensa\/wp-content\/uploads\/2019\/05\/image_content_10170462_20181003133550.jpg?fit=920%2C520&resize=350%2C200","width":350,"height":200,"srcset":"https:\/\/i0.wp.com\/ccnews.com.ar\/prensa\/wp-content\/uploads\/2019\/05\/image_content_10170462_20181003133550.jpg?fit=920%2C520&resize=350%2C200 1x, https:\/\/i0.wp.com\/ccnews.com.ar\/prensa\/wp-content\/uploads\/2019\/05\/image_content_10170462_20181003133550.jpg?fit=920%2C520&resize=525%2C300 1,5x, https:\/\/i0.wp.com\/ccnews.com.ar\/prensa\/wp-content\/uploads\/2019\/05\/image_content_10170462_20181003133550.jpg?fit=920%2C520&resize=700%2C400 2x"},"classes":[]},{"id":4115,"url":"http:\/\/ccnews.com.ar\/prensa\/las-ingenierias-al-calor-de-la-energia\/","url_meta":{"origin":14010,"position":3},"title":"Las ingenier\u00edas al calor de la energ\u00eda","author":"CLUSTERciar","date":"28 mayo, 2017","format":false,"excerpt":"Alrededor de la energ\u00eda orbitan un gran n\u00famero de empresas sin las que no ser\u00eda posible llevar a cabo ning\u00fan proyecto. Desde oleoductos para trasladar petr\u00f3leo a los aerogeneradores que han convertido a Espa\u00f1a en pionera en energ\u00eda e\u00f3lica, pasando por los proveedores que permiten la construcci\u00f3n de grandes infraestructuras,\u2026","rel":"","context":"En \u00abSustentabilidad\u00bb","block_context":{"text":"Sustentabilidad","link":"http:\/\/ccnews.com.ar\/prensa\/category\/sustentabilidad\/"},"img":{"alt_text":"","src":"https:\/\/i0.wp.com\/ccnews.com.ar\/prensa\/wp-content\/uploads\/2017\/05\/ingenierias.jpg?fit=807%2C388&resize=350%2C200","width":350,"height":200,"srcset":"https:\/\/i0.wp.com\/ccnews.com.ar\/prensa\/wp-content\/uploads\/2017\/05\/ingenierias.jpg?fit=807%2C388&resize=350%2C200 1x, https:\/\/i0.wp.com\/ccnews.com.ar\/prensa\/wp-content\/uploads\/2017\/05\/ingenierias.jpg?fit=807%2C388&resize=525%2C300 1,5x, https:\/\/i0.wp.com\/ccnews.com.ar\/prensa\/wp-content\/uploads\/2017\/05\/ingenierias.jpg?fit=807%2C388&resize=700%2C400 2x"},"classes":[]},{"id":7577,"url":"http:\/\/ccnews.com.ar\/prensa\/satisfaccion-en-la-facultad-regional-de-la-utn-por-la-inscripcion-de-mujeres-en-ingenieria\/","url_meta":{"origin":14010,"position":4},"title":"Satisfacci\u00f3n en la Facultad Regional de la UTN por la inscripci\u00f3n de mujeres en Ingenier\u00eda","author":"admin","date":"26 abril, 2018","format":false,"excerpt":"En total, la FRTL UTN cuenta con el 40 % de la matr\u00edcula femenina en Ingenier\u00eda, imponi\u00e9ndose en el primer lugar Un relevamiento de la UTN a nivel nacional dej\u00f3 al descubierto una noticia que llen\u00f3 de orgullo a la Facultad Regional Trenque Lauquen porque tiene el mayor porcentaje de\u2026","rel":"","context":"En \u00abSustentabilidad\u00bb","block_context":{"text":"Sustentabilidad","link":"http:\/\/ccnews.com.ar\/prensa\/category\/sustentabilidad\/"},"img":{"alt_text":"","src":"https:\/\/i0.wp.com\/ccnews.com.ar\/prensa\/wp-content\/uploads\/2018\/04\/dona-ci%C3%A8ncia.jpg?fit=1000%2C586&resize=350%2C200","width":350,"height":200,"srcset":"https:\/\/i0.wp.com\/ccnews.com.ar\/prensa\/wp-content\/uploads\/2018\/04\/dona-ci%C3%A8ncia.jpg?fit=1000%2C586&resize=350%2C200 1x, https:\/\/i0.wp.com\/ccnews.com.ar\/prensa\/wp-content\/uploads\/2018\/04\/dona-ci%C3%A8ncia.jpg?fit=1000%2C586&resize=525%2C300 1,5x, https:\/\/i0.wp.com\/ccnews.com.ar\/prensa\/wp-content\/uploads\/2018\/04\/dona-ci%C3%A8ncia.jpg?fit=1000%2C586&resize=700%2C400 2x"},"classes":[]},{"id":376,"url":"http:\/\/ccnews.com.ar\/prensa\/crece-la-oferta-de-licenciaturas-para-formar-profesionales-de-ti\/","url_meta":{"origin":14010,"position":5},"title":"Crece la oferta de licenciaturas para formar profesionales de TI","author":"CLUSTERciar","date":"5 abril, 2016","format":false,"excerpt":"Perfiles\u00a0Adem\u00e1s de las ingenier\u00edas, hay nuevas licenciaturas en Inform\u00e1tica, con m\u00e1s foco en software y en gesti\u00f3n. Con el lanzamiento de nuevas licenciaturas se consolida la tendencia a la formaci\u00f3n de profesionales en Inform\u00e1tica con perfiles m\u00e1s alineados a las necesidades de esa industria, un sector donde quedan 5.000 puestos\u2026","rel":"","context":"En \u00abTransformaci\u00f3n digital\u00bb","block_context":{"text":"Transformaci\u00f3n digital","link":"http:\/\/ccnews.com.ar\/prensa\/category\/transformacion-digital\/"},"img":{"alt_text":"","src":"","width":0,"height":0},"classes":[]}],"jetpack_sharing_enabled":true,"_links":{"self":[{"href":"http:\/\/ccnews.com.ar\/prensa\/wp-json\/wp\/v2\/posts\/14010","targetHints":{"allow":["GET"]}}],"collection":[{"href":"http:\/\/ccnews.com.ar\/prensa\/wp-json\/wp\/v2\/posts"}],"about":[{"href":"http:\/\/ccnews.com.ar\/prensa\/wp-json\/wp\/v2\/types\/post"}],"author":[{"embeddable":true,"href":"http:\/\/ccnews.com.ar\/prensa\/wp-json\/wp\/v2\/users\/1"}],"replies":[{"embeddable":true,"href":"http:\/\/ccnews.com.ar\/prensa\/wp-json\/wp\/v2\/comments?post=14010"}],"version-history":[{"count":1,"href":"http:\/\/ccnews.com.ar\/prensa\/wp-json\/wp\/v2\/posts\/14010\/revisions"}],"predecessor-version":[{"id":14014,"href":"http:\/\/ccnews.com.ar\/prensa\/wp-json\/wp\/v2\/posts\/14010\/revisions\/14014"}],"wp:featuredmedia":[{"embeddable":true,"href":"http:\/\/ccnews.com.ar\/prensa\/wp-json\/wp\/v2\/media\/14012"}],"wp:attachment":[{"href":"http:\/\/ccnews.com.ar\/prensa\/wp-json\/wp\/v2\/media?parent=14010"}],"wp:term":[{"taxonomy":"category","embeddable":true,"href":"http:\/\/ccnews.com.ar\/prensa\/wp-json\/wp\/v2\/categories?post=14010"},{"taxonomy":"post_tag","embeddable":true,"href":"http:\/\/ccnews.com.ar\/prensa\/wp-json\/wp\/v2\/tags?post=14010"}],"curies":[{"name":"wp","href":"https:\/\/api.w.org\/{rel}","templated":true}]}}