{"id":14016,"date":"2019-12-20T09:36:13","date_gmt":"2019-12-20T12:36:13","guid":{"rendered":"http:\/\/ccnews.com.ar\/prensa\/?p=14016"},"modified":"2019-12-20T09:37:48","modified_gmt":"2019-12-20T12:37:48","slug":"diversidad-innovacion-con-proposito","status":"publish","type":"post","link":"http:\/\/ccnews.com.ar\/prensa\/diversidad-innovacion-con-proposito\/","title":{"rendered":"Diversidad: innovaci\u00f3n con prop\u00f3sito"},"content":{"rendered":"\n<p><strong>Innovar es mucho m\u00e1s\ncomplejo que tener la voluntad o incluso la necesidad de innovar. Proponerse\ninnovar es un buen principio, pero no es suficiente. Para poder innovar es requisito\nidentificar los espacios de mejora o disrupci\u00f3n, conformar los equipos humanos,\nconseguir los recursos necesarios y por sobre todo inspirar una cultura de\ntransformaci\u00f3n, creatividad y compromiso. Dentro de los ingredientes b\u00e1sicos\npara la innovaci\u00f3n, la necesaria diversidad dentro del staff es una cualidad\nmuy importante.<\/strong><\/p>\n\n\n\n<p>La diversidad del equipo es una pieza fundamental muchas\nveces soslayada. Tanto empresas como organismos p\u00fablicos e instituciones de\ntodo tipo est\u00e1n hoy expuestas a la necesidad y obligaci\u00f3n moral de \u201cinvertir\u201d\nen diversidad. La diversidad aporta grandes beneficios, si sabemos gestionarla,\ny nos permite diferenciarnos de la competencia y poder tener variadas miradas\ndel mundo, fomentando la creatividad y la toma informada de decisiones. Otros\nde los beneficios de la diversidad son la mejora de la imagen y la reputaci\u00f3n.<\/p>\n\n\n\n<p>Contar con representaci\u00f3n real en nuestro equipo las\nsociedades a las que pretendemos servir, nos da un entendimiento m\u00e1s cabal y\ncercano de ellas. En el mundo donde mandan las experiencias, es imprescindible\nentender como siente, que piensa y que espera cada uno de nuestros clientes. No\nalcanza un focus group o una observaci\u00f3n antropol\u00f3gica. Una correcta inclusi\u00f3n\nnos dar\u00e1 una ventaja estrat\u00e9gica decisiva.<\/p>\n\n\n\n<p>Pero hay que tener cuidado y ser conscientes que cuando nos\nproponemos ser inclusivos aparece el sesgo cultural, es decir la caracter\u00edstica\nhumana de medir al otro con nuestra propia vara: ver al otro a trav\u00e9s de\nnuestra propia lente. &#8220;Vemos las cosas no como son, sino como somos\nnosotros&#8221;, dec\u00eda Kant. En cada consultor\u00eda repetimos que elegir a quienes\nson iguales a nosotros, o compatibilizan con nuestros esquemas, solo podr\u00e1 dar\nm\u00e1s de lo mismo y quedaremos encerrados en nuestro particular universo. Para poder\nvencer el sesgo cultural es necesario salir de la estrechez de nuestro propio\nconocimiento y ver al otro como un ser \u00fanico y no como una dicotom\u00eda igual \/\ndiferente a m\u00ed. Lo normal se relaciona con la media estad\u00edstica, y desde el\nvalor social, como objetivo.<\/p>\n\n\n\n<p><strong>Preparando el terreno\npara la diversidad: cuestionar la meritocracia<\/strong><\/p>\n\n\n\n<p>Cuando somos capaces de incluir en nuestras organizaciones\nconcepciones y visiones diferentes, la innovaci\u00f3n surge con m\u00e1s naturalidad y\nfuerza. Si bien es cierto que es un camino dif\u00edcil y muchas veces puede\nimplicar forzar situaciones, el fin justifica las dificultades.<\/p>\n\n\n\n<p>Muchas veces creemos (o nos convencemos) que el m\u00e9rito y los\nresultados demostrados son la \u00fanica ley de nuestras \u201cjustas\u201d empresas. Llega a\njefe el m\u00e1s capaz, el m\u00e1s eficiente, el m\u00e1s apto. Si hoy pregunto a cualquiera\nsi considera que el hombre es m\u00e1s inteligente que la mujer, la respuesta ser\u00e1\nque ambos son iguales. Si miramos los cargos directivos o jer\u00e1rquicos de\nmuch\u00edsimas organizaciones la representaci\u00f3n dista de ser pareja. \u00bfEs la\n\u201cmeritocracia\u201d la opci\u00f3n correcta si todos no tienen las mismas posibilidades?\nMuchas veces debemos forzar la realidad para que la justicia aflore.<\/p>\n\n\n\n<p>La innovaci\u00f3n surgir\u00e1 de la diversidad, de las experiencias\ny visiones distintas, de ver un universo diferente para poder reflejarlo y\nservirlo. Para poder abordar la innovaci\u00f3n hay por lo menos tres factores a\ntener en cuenta, uno de ellos es contar con personas diversas. Los otros dos\nson el tiempo y los espacios para que la diversidad pueda dialogar, trabajar y\nexperimentar.<\/p>\n\n\n\n<p><strong>Incluir e integrar la\ndiversidad<\/strong><\/p>\n\n\n\n<p>Muchas veces las minor\u00edas son reclutadas con la mejor buena\nvoluntad pero la organizaci\u00f3n les recuerda que son diferentes, los separa y no\nlos integra.<\/p>\n\n\n\n<p>No se trata solamente de reclutar a los miembros de una\norganizaci\u00f3n pensando en la necesaria diversidad, sino permitirles desplegar la\ntotalidad de su potencial a cada uno de ellos. Es imprescindible trabajar en la\nintegraci\u00f3n para que la diversidad no sea una &#8220;invitada&#8221; sino parte\nindivisible del todo.<\/p>\n\n\n\n<p>As\u00ed como insistimos que la cultura organizacional es un\nfactor clave al momento de innovar, tambi\u00e9n lo es al momento de promover y\nsostener la diversidad en la organizaci\u00f3n.<\/p>\n\n\n\n<p><strong>Los conflictos que\ngeneralmente surgen devienen de:<\/strong><\/p>\n\n\n\n<ul class=\"wp-block-list\"><li>Problemas en la comunicaci\u00f3n: la interpretaci\u00f3n\npuede tener contextos diferentes.<\/li><li>Las diferentes creencias y valores generan\nfricci\u00f3n por las distintas visiones del mundo.<\/li><li>Choques por los enfoques culturales.<\/li><li>Los grupos minoritarios pueden sentir que los\n\u201ctiempos\u201d de la empresa no son iguales a los de ellos<\/li><\/ul>\n\n\n\n<p>Todos estos potenciales peligros pueden ser trabajados y\nsuperados. Ser conscientes de su potencial aparici\u00f3n y prepararse para\nenfrentarlos es parte imprescindible de un correcto plan de diversidad e\ninclusi\u00f3n.<\/p>\n\n\n\n<p>Una correcta representaci\u00f3n de la sociedad nos dar\u00e1 mayor\napertura, creatividad e innovaci\u00f3n, pero por sobre todo nos dar\u00e1 sentido de\ndestino. Un para qu\u00e9 y por qu\u00e9 ser y hacer, una inspiraci\u00f3n y un prop\u00f3sito.<\/p>\n\n\n\n<p>*Por Gabriel Mysler: Director de Innovation@Reach y Managing\nDirector de Integrity Meter<\/p>\n\n\n\n<p>Fuente: Canal AR<\/p>\n<!-- AddThis Advanced Settings generic via filter on the_content -->","protected":false},"excerpt":{"rendered":"<p>Innovar es mucho m\u00e1s complejo que tener la voluntad o incluso la necesidad de innovar. Proponerse innovar es un buen<!-- AddThis Advanced Settings generic via filter on get_the_excerpt --><\/p>\n","protected":false},"author":1,"featured_media":14020,"comment_status":"closed","ping_status":"closed","sticky":false,"template":"","format":"standard","meta":{"colormag_page_container_layout":"default_layout","colormag_page_sidebar_layout":"default_layout","jetpack_post_was_ever_published":false,"_jetpack_newsletter_access":"","_jetpack_dont_email_post_to_subs":false,"_jetpack_newsletter_tier_id":0,"_jetpack_memberships_contains_paywalled_content":false,"_jetpack_memberships_contains_paid_content":false,"footnotes":"","jetpack_publicize_message":"#BuenViernes #Sociedad #Innovaci\u00f3n Diversidad: innovaci\u00f3n con prop\u00f3sito","jetpack_publicize_feature_enabled":true,"jetpack_social_post_already_shared":true,"jetpack_social_options":{"image_generator_settings":{"template":"highway","default_image_id":0,"font":"","enabled":false},"version":2}},"categories":[19],"tags":[17],"class_list":["post-14016","post","type-post","status-publish","format-standard","has-post-thumbnail","hentry","category-educacion-sociedad","tag-otros-medios"],"jetpack_publicize_connections":[],"jetpack_featured_media_url":"https:\/\/i0.wp.com\/ccnews.com.ar\/prensa\/wp-content\/uploads\/2019\/12\/11a.jpg?fit=1200%2C473","jetpack_shortlink":"https:\/\/wp.me\/p7L1gj-3E4","jetpack-related-posts":[{"id":2809,"url":"http:\/\/ccnews.com.ar\/prensa\/5-consejos-para-emprender-e-innovar-en-el-entorno-social\/","url_meta":{"origin":14016,"position":0},"title":"5 consejos para emprender e innovar en el entorno social","author":"CLUSTERciar","date":"5 enero, 2017","format":false,"excerpt":"El fundador de 'startups' como Ideafoster y eyeOS, Pau Garc\u00eda-Mil\u00e0, ha participado en el I Encuentro JES (J\u00f3venes Emprendedores Sociales) impulsado por la Universidad Europea donde se ha organizado un workshop donde los asistentes -entre ellos, los ganadores de las ocho ediciones de los Premios JES- han compartido sus experiencias,\u2026","rel":"","context":"En \u00abManagement\u00bb","block_context":{"text":"Management","link":"http:\/\/ccnews.com.ar\/prensa\/category\/management\/"},"img":{"alt_text":"","src":"https:\/\/i0.wp.com\/ccnews.com.ar\/prensa\/wp-content\/uploads\/2016\/12\/pauemprendedor_c.jpg?fit=220%2C220&resize=350%2C200","width":350,"height":200},"classes":[]},{"id":14128,"url":"http:\/\/ccnews.com.ar\/prensa\/ni-las-nuevas-tecnologias-ni-un-sector-en-particular-la-clave-de-la-innovacion-esta-en-las-personas\/","url_meta":{"origin":14016,"position":1},"title":"Ni las nuevas tecnolog\u00edas ni un sector en particular: la clave de la innovaci\u00f3n est\u00e1 en las personas","author":"admin","date":"2 enero, 2020","format":false,"excerpt":"Un estudio realizado por Great Place to Work a m\u00e1s de 57.447 empleados pertenecientes a 60 empresas revel\u00f3 que el factor humano es imprescindible para innovar y hacer una diferencia con respecto a la competencia. Los resultados Ni las nuevas tecnolog\u00edas ni un sector en particular: la clave de la\u2026","rel":"","context":"En \u00abEducaci\u00f3n\/Sociedad\u00bb","block_context":{"text":"Educaci\u00f3n\/Sociedad","link":"http:\/\/ccnews.com.ar\/prensa\/category\/educacion-sociedad\/"},"img":{"alt_text":"","src":"https:\/\/i0.wp.com\/ccnews.com.ar\/prensa\/wp-content\/uploads\/2019\/12\/Tipos-de-Innovaci%C3%B3n-que-apalancan-el-crecimiento-en-las-empresas.jpg?fit=1200%2C494&resize=350%2C200","width":350,"height":200,"srcset":"https:\/\/i0.wp.com\/ccnews.com.ar\/prensa\/wp-content\/uploads\/2019\/12\/Tipos-de-Innovaci%C3%B3n-que-apalancan-el-crecimiento-en-las-empresas.jpg?fit=1200%2C494&resize=350%2C200 1x, https:\/\/i0.wp.com\/ccnews.com.ar\/prensa\/wp-content\/uploads\/2019\/12\/Tipos-de-Innovaci%C3%B3n-que-apalancan-el-crecimiento-en-las-empresas.jpg?fit=1200%2C494&resize=525%2C300 1,5x, https:\/\/i0.wp.com\/ccnews.com.ar\/prensa\/wp-content\/uploads\/2019\/12\/Tipos-de-Innovaci%C3%B3n-que-apalancan-el-crecimiento-en-las-empresas.jpg?fit=1200%2C494&resize=700%2C400 2x, https:\/\/i0.wp.com\/ccnews.com.ar\/prensa\/wp-content\/uploads\/2019\/12\/Tipos-de-Innovaci%C3%B3n-que-apalancan-el-crecimiento-en-las-empresas.jpg?fit=1200%2C494&resize=1050%2C600 3x"},"classes":[]},{"id":9117,"url":"http:\/\/ccnews.com.ar\/prensa\/superceo-el-encuentro-anual-pyme-con-foco-en-la-innovacion\/","url_meta":{"origin":14016,"position":2},"title":"Superceo: el encuentro anual pyme con foco en la innovaci\u00f3n","author":"CLUSTERciar","date":"22 octubre, 2018","format":false,"excerpt":"El 29 de agosto \u00faltimo, cientos de emprendedores participaron de una nueva edici\u00f3n de SuperCEO, el foro empresario de innovaci\u00f3n en el que titulares y representantes de Pyme comparten las mejores pr\u00e1cticas de gesti\u00f3n para su compa\u00f1\u00eda. El encuentro se desarroll\u00f3 en La Rural, y tuvo entre sus expositores al\u2026","rel":"","context":"En \u00abManagement\u00bb","block_context":{"text":"Management","link":"http:\/\/ccnews.com.ar\/prensa\/category\/management\/"},"img":{"alt_text":"","src":"https:\/\/i0.wp.com\/ccnews.com.ar\/prensa\/wp-content\/uploads\/2018\/10\/ccn-12.jpg?fit=875%2C471&resize=350%2C200","width":350,"height":200,"srcset":"https:\/\/i0.wp.com\/ccnews.com.ar\/prensa\/wp-content\/uploads\/2018\/10\/ccn-12.jpg?fit=875%2C471&resize=350%2C200 1x, https:\/\/i0.wp.com\/ccnews.com.ar\/prensa\/wp-content\/uploads\/2018\/10\/ccn-12.jpg?fit=875%2C471&resize=525%2C300 1,5x, https:\/\/i0.wp.com\/ccnews.com.ar\/prensa\/wp-content\/uploads\/2018\/10\/ccn-12.jpg?fit=875%2C471&resize=700%2C400 2x"},"classes":[]},{"id":1887,"url":"http:\/\/ccnews.com.ar\/prensa\/santiago-lange-en-la-regata-como-en-el-negocio-tech-hay-que-saber-innovar-y-adaptarse\/","url_meta":{"origin":14016,"position":3},"title":"Santiago Lange: &#8220;en la regata, como en el negocio tech, hay que saber innovar y adaptarse&#8221;","author":"CLUSTERciar","date":"21 octubre, 2016","format":false,"excerpt":"El ganador de la medalla de oro en los juegos\u00a0olimp\u00edcos\u00a0de r\u00edo explic\u00f3 cu\u00e1les son las similitudes y diferencias entre la competencia de regata y el negocio de la tecnolog\u00eda. Cont\u00f3 su experiencia como dise\u00f1ador e innovador de tecnolog\u00eda deportiva y qu\u00e9 planea a futuro. Agust\u00edn Lange es el Maradona de\u2026","rel":"","context":"En \u00abManagement\u00bb","block_context":{"text":"Management","link":"http:\/\/ccnews.com.ar\/prensa\/category\/management\/"},"img":{"alt_text":"","src":"","width":0,"height":0},"classes":[]},{"id":11341,"url":"http:\/\/ccnews.com.ar\/prensa\/mundo-laboral-como-detectar-a-los-candidatos-mas-innovadores\/","url_meta":{"origin":14016,"position":4},"title":"Mundo laboral: c\u00f3mo detectar a los candidatos m\u00e1s innovadores","author":"admin","date":"10 mayo, 2019","format":false,"excerpt":"En muchas ocasiones, los l\u00edderes descartan a posibles empleados con perfil \u00f3ptimo porque no entienden c\u00f3mo contratar personas para resolver problemas de manera co-creativa. Sin embargo, esto supone un error que si se revierte a tiempo podr\u00eda ser la clave para el \u00e9xito. Conforme avanza la tecnolog\u00eda, el conocimiento se\u2026","rel":"","context":"En \u00abManagement\u00bb","block_context":{"text":"Management","link":"http:\/\/ccnews.com.ar\/prensa\/category\/management\/"},"img":{"alt_text":"","src":"https:\/\/i0.wp.com\/ccnews.com.ar\/prensa\/wp-content\/uploads\/2019\/05\/GettyImages-952769180.jpg?fit=1200%2C675&resize=350%2C200","width":350,"height":200,"srcset":"https:\/\/i0.wp.com\/ccnews.com.ar\/prensa\/wp-content\/uploads\/2019\/05\/GettyImages-952769180.jpg?fit=1200%2C675&resize=350%2C200 1x, https:\/\/i0.wp.com\/ccnews.com.ar\/prensa\/wp-content\/uploads\/2019\/05\/GettyImages-952769180.jpg?fit=1200%2C675&resize=525%2C300 1,5x, https:\/\/i0.wp.com\/ccnews.com.ar\/prensa\/wp-content\/uploads\/2019\/05\/GettyImages-952769180.jpg?fit=1200%2C675&resize=700%2C400 2x, https:\/\/i0.wp.com\/ccnews.com.ar\/prensa\/wp-content\/uploads\/2019\/05\/GettyImages-952769180.jpg?fit=1200%2C675&resize=1050%2C600 3x"},"classes":[]},{"id":6723,"url":"http:\/\/ccnews.com.ar\/prensa\/argentina-avanzo-15-lugares-y-se-mete-entre-las-50-naciones-mas-competitivas-para-el-talento-global\/","url_meta":{"origin":14016,"position":5},"title":"Argentina avanz\u00f3 15 lugares y se mete entre las 50 naciones m\u00e1s competitivas para el talento global","author":"CLUSTERciar","date":"14 febrero, 2018","format":false,"excerpt":"El pa\u00eds mejor\u00f3 notablemente su performance en lo referido al crecimiento econ\u00f3mico como factor de atracci\u00f3n para el capital humano, seg\u00fan un \u00edndice presentado en el Foro de Davos\u00a0 \u00a0 \u00a0 \u00a0 \u00a0 \u00a0\u00a0 n una era definida por la incertidumbre y las divisiones crecientes, la\u00a0diversidad\u00a0del talento\u00a0impulsa la innovaci\u00f3n, ayuda\u2026","rel":"","context":"En \u00abManagement\u00bb","block_context":{"text":"Management","link":"http:\/\/ccnews.com.ar\/prensa\/category\/management\/"},"img":{"alt_text":"","src":"https:\/\/i0.wp.com\/ccnews.com.ar\/prensa\/wp-content\/uploads\/2018\/01\/435517.jpg?fit=630%2C460&resize=350%2C200","width":350,"height":200,"srcset":"https:\/\/i0.wp.com\/ccnews.com.ar\/prensa\/wp-content\/uploads\/2018\/01\/435517.jpg?fit=630%2C460&resize=350%2C200 1x, https:\/\/i0.wp.com\/ccnews.com.ar\/prensa\/wp-content\/uploads\/2018\/01\/435517.jpg?fit=630%2C460&resize=525%2C300 1,5x"},"classes":[]}],"jetpack_sharing_enabled":true,"_links":{"self":[{"href":"http:\/\/ccnews.com.ar\/prensa\/wp-json\/wp\/v2\/posts\/14016","targetHints":{"allow":["GET"]}}],"collection":[{"href":"http:\/\/ccnews.com.ar\/prensa\/wp-json\/wp\/v2\/posts"}],"about":[{"href":"http:\/\/ccnews.com.ar\/prensa\/wp-json\/wp\/v2\/types\/post"}],"author":[{"embeddable":true,"href":"http:\/\/ccnews.com.ar\/prensa\/wp-json\/wp\/v2\/users\/1"}],"replies":[{"embeddable":true,"href":"http:\/\/ccnews.com.ar\/prensa\/wp-json\/wp\/v2\/comments?post=14016"}],"version-history":[{"count":1,"href":"http:\/\/ccnews.com.ar\/prensa\/wp-json\/wp\/v2\/posts\/14016\/revisions"}],"predecessor-version":[{"id":14022,"href":"http:\/\/ccnews.com.ar\/prensa\/wp-json\/wp\/v2\/posts\/14016\/revisions\/14022"}],"wp:featuredmedia":[{"embeddable":true,"href":"http:\/\/ccnews.com.ar\/prensa\/wp-json\/wp\/v2\/media\/14020"}],"wp:attachment":[{"href":"http:\/\/ccnews.com.ar\/prensa\/wp-json\/wp\/v2\/media?parent=14016"}],"wp:term":[{"taxonomy":"category","embeddable":true,"href":"http:\/\/ccnews.com.ar\/prensa\/wp-json\/wp\/v2\/categories?post=14016"},{"taxonomy":"post_tag","embeddable":true,"href":"http:\/\/ccnews.com.ar\/prensa\/wp-json\/wp\/v2\/tags?post=14016"}],"curies":[{"name":"wp","href":"https:\/\/api.w.org\/{rel}","templated":true}]}}