{"id":14086,"date":"2019-12-30T08:00:00","date_gmt":"2019-12-30T11:00:00","guid":{"rendered":"http:\/\/ccnews.com.ar\/prensa\/?p=14086"},"modified":"2019-12-30T08:38:54","modified_gmt":"2019-12-30T11:38:54","slug":"el-shale-suma-gasoductos","status":"publish","type":"post","link":"http:\/\/ccnews.com.ar\/prensa\/el-shale-suma-gasoductos\/","title":{"rendered":"El shale suma gasoductos"},"content":{"rendered":"\n<p><strong>TGS culmin\u00f3 una obra\ncentral para el transporte del futuro. Las operadoras Vista Oil &amp; Gas y PAE\ntienen proyectos y obras para llevar a destino su producci\u00f3n.<\/strong><\/p>\n\n\n\n<p>Transportadora Gas del Sur (TGS) concluy\u00f3 la construcci\u00f3n de\nsu gasoducto de captaci\u00f3n en Tratay\u00e9n, junto una planta de acondicionamiento.\nAl mismo tiempo, Mega anunci\u00f3 el inicio de una un nuevo gasoducto que cruzar\u00e1\nel r\u00edo Neuqu\u00e9n para unir sus instalaciones con Vaca Muerta. A esto hay que\nsumarle los proyectos propios de empresas para conectar su producci\u00f3n de gas,\nen una visi\u00f3n al futuro donde, d\u00e1ndose las condiciones de mercado, seguir\u00eda\ncreciente.<\/p>\n\n\n\n<p>La producci\u00f3n de gas natural de agosto lleg\u00f3 a los mayores\nniveles en 12 a\u00f1os: con 144 millones de metros c\u00fabicos diarios, si bien result\u00f3\nuna disminuci\u00f3n del 6% en la producci\u00f3n de gas convencional, la no convencional\nque se aporta desde Vaca Muerta tuvo un crecimiento de nada menos que el 31%,\ncompensando la ca\u00edda y hasta super\u00e1ndola. Estrellas como Fortin de Piedra de\nTecpetrol y El Orejano de YPF explican buena parte de la producci\u00f3n gas\u00edfera de\nVaca Muerta.<\/p>\n\n\n\n<p>En este contexto, la infraestructura ser\u00e1 trascendental para\nel transporte de la producci\u00f3n creciente de gas, apuntando a mejorar los\nmercados internos y a reafirmar los destinos de exportaci\u00f3n donde el principal\ncliente es Chile.<\/p>\n\n\n\n<p>El informe Escenarios Energ\u00e9ticos 2030, elaborado por la\nSecretar\u00eda de Energ\u00eda de la Naci\u00f3n al cierre de la gesti\u00f3n anterior, le dedica\nun apartado a las inversiones en infraestructura para el gas. Las inversiones\ndeber\u00e1n en el orden de los 5200 millones de d\u00f3lares como m\u00ednimo y 7800 millones\ncomo m\u00e1ximo con el objetivo de incorporar una capacidad de entre 84 y 125\nmillones de metros c\u00fabicos por d\u00eda.<\/p>\n\n\n\n<p>Una de las obras contempladas en el informe es un gasoducto\ntroncal similar al proyecto Tratay\u00e9n-Salliquel\u00f3-San Nicol\u00e1s, que deb\u00eda entrar\nen operaci\u00f3n total en 2023, y tambi\u00e9n una serie de ampliaciones para el\ngasoducto Centro-Oeste que abastecer\u00eda a las regiones Centro, Litoral y Gran\nBuenos Aires.<\/p>\n\n\n\n<p>TGS inform\u00f3 que ha completado la construcci\u00f3n de un\ngasoducto de 150 kil\u00f3metros que atraviesa 30 \u00e1reas hidrocarbur\u00edferas en Vaca Muerta,\nen una inversi\u00f3n que le signific\u00f3 300 millones de d\u00f3lares. La obra consolida a\nla compa\u00f1\u00eda como la \u201cprimera midstreamer\u201d de la formaci\u00f3n shale de la Cuenca\nNeuquina y permite ampliar el transporte de producci\u00f3n de gas natural.<\/p>\n\n\n\n<p>El gasoducto permitir\u00e1 el transporte de hasta 60 MMm\u00b3\/d, un\nvolumen de producci\u00f3n que ser\u00e1 acondicionado en la planta construida en\nTratay\u00e9n, previo a inyectarlo a los sistemas de transporte regulados, seg\u00fan\ncomunic\u00f3 la compa\u00f1\u00eda. La capacidad de acondicionamiento inicial de esta planta\nes de 5 MMm\u00b3\/d y ser\u00e1 ampliada en el futuro mediante la instalaci\u00f3n de m\u00f3dulos\nque acompa\u00f1ar\u00e1n el ritmo de desarrollo de las reservas.<\/p>\n\n\n\n<p>La obra es un gasoducto de captaci\u00f3n que permitir\u00e1 inyectar\nel gas de zonas de Vaca Muerta alejadas de los sistemas de transporte. Las\nempresas Pluspetrol, YPF, Pampa Energ\u00eda Total, Shell, GyP y Tecpetrol son las\nque inyectar\u00e1n su gas a trav\u00e9s de este gasoducto.<\/p>\n\n\n\n<p>Por su parte, Mega inici\u00f3 en noviembre la construcci\u00f3n de un\nducto de captaci\u00f3n de 9,2 kil\u00f3metros que unir\u00e1 la planta separadora con Fort\u00edn\nde Piedra, el \u00e1rea estrella a cargo de Tecpetrol. La planta de Mega en Loma La\nLata retiene 5 MMm\u00b3\/d de l\u00edquidos de gas natural suministrado por YPF.<\/p>\n\n\n\n<p>Mientras ocurren estas inversiones, las operadoras en Vaca\nMuerta tambi\u00e9n tienen sus propios proyectos. Vista Oil &amp; Gas planea un\ngasoducto pensando en la conexi\u00f3n de su producci\u00f3n de gas en Bajada del Palo.\nPan American Energy tambi\u00e9n realiza el trabajo con la proyecci\u00f3n de su gas en\nLindero Atravesado.<\/p>\n\n\n\n<p>144 millones de m\u00b3\/d. Una producci\u00f3n r\u00e9cord de gas. En agosto, Naci\u00f3n inform\u00f3 que se lleg\u00f3 al pico m\u00e1s alto de producci\u00f3n gas\u00edfera en los \u00faltimos doce a\u00f1os. Si bien declin\u00f3 el convencional, creci\u00f3 el shale.<\/p>\n\n\n\n<figure class=\"wp-block-image\"><img data-recalc-dims=\"1\" decoding=\"async\" src=\"https:\/\/i0.wp.com\/media.lmneuquen.com\/adjuntos\/242\/imagenes\/004\/392\/0004392622.jpg?w=800&#038;ssl=1\" alt=\"\"\/><\/figure>\n\n\n\n<p><strong>Vista Gas &amp; Oil:\nBorde Montuoso-Tratay\u00e9n<\/strong><\/p>\n\n\n\n<p>El gasoducto Borde Montuoso-Tratay\u00e9n es el proyecto de Vista\nOil &amp; Gas que tiene por objetivo ampliar la capacidad de transporte de gas\ndesde el \u00e1rea Baja del Palo hasta el punto de recepci\u00f3n en Loma Campana. El\ndise\u00f1o piensa al gasoducto BMo-Tratay\u00e9n com 12\u201d y que tenga un recorrido de 23\nkil\u00f3metros de longitud.<\/p>\n\n\n\n<p>En el estudio de impacto ambiental de ese gasoducto, la\ncompa\u00f1\u00eda consideraba: \u201cSe espera un r\u00e1pido incremento de la producci\u00f3n de\nhidrocarburos por lo que el mismo deber\u00e1 acompa\u00f1arse de la infraestructura\nnecesaria para su procesamiento y posterior venta\u201d.<\/p>\n\n\n\n<p>Vista obtuvo un pr\u00e9stamo de la OPIC para su divisi\u00f3n Aleph enfocada en el desarrollo de transporte y procesamiento de infraestructura.<\/p>\n\n\n\n<figure class=\"wp-block-image\"><img data-recalc-dims=\"1\" decoding=\"async\" src=\"https:\/\/i0.wp.com\/media.lmneuquen.com\/adjuntos\/242\/imagenes\/004\/392\/0004392607.jpg?w=800&#038;ssl=1\" alt=\"\"\/><\/figure>\n\n\n\n<p><strong>Pan American: Aguada\nPichana Este<\/strong><\/p>\n\n\n\n<p>Pan American Energy (PAE) tiene en sus planes la\nconstrucci\u00f3n de dos gasoductos, en una inversi\u00f3n que le representar\u00e1 el\ndesembolso de entre 140 y 150 millones de d\u00f3lares. Estos nuevos ductos le\npermitir\u00e1 evacuar su producci\u00f3n en dos \u00e1reas de la formaci\u00f3n Vaca Muerta.<\/p>\n\n\n\n<p>La compa\u00f1\u00eda que manejan en el pa\u00eds la brit\u00e1nica BP y la\nargentina Bridas, de la familia Bulgheroni, planea conectar su planta de\ntratamiento en Aguada Pichana Este con Tratay\u00e9n, con el objetivo de empalmar\ncon los troncales. Un trabajo previo fue la conexi\u00f3n de Aguada Pichana Oeste\ncon Aguada Pichana Este.<\/p>\n\n\n\n<p>El gasoducto tiene 24 pulgadas y una extensi\u00f3n de 65 kil\u00f3metros. Tendr\u00e1 una capacidad de transporte entre 16 y 20 millones de metros c\u00fabicos por d\u00eda de gas natural.<\/p>\n\n\n\n<figure class=\"wp-block-image\"><img data-recalc-dims=\"1\" decoding=\"async\" src=\"https:\/\/i0.wp.com\/media.lmneuquen.com\/adjuntos\/242\/imagenes\/004\/392\/0004392652.jpg?w=800&#038;ssl=1\" alt=\"\"\/><\/figure>\n\n\n\n<p><strong>YPF: PTC de Loma\nCampana<\/strong><\/p>\n\n\n\n<p>En el marco de las obras de infraestructura que se realizan\nen la industria de los hidrocarburos, hay que destacar el crecimiento que tiene\nplaneado YPF en su Planta de Procesamiento de Crudo (PTC en Loma Campana.<\/p>\n\n\n\n<p>Con el objetivo de no pasar sobresaltos y contar con la\ncapacidad instalada en las proyecciones de sus desarrollos masivos, YPF\ndespleg\u00f3 una serie de reformas en Loma Campana y nuevas obras para Bandurria\nSur y La Amarga Chica.<\/p>\n\n\n\n<p>Mirando hacia el 2024, YPF piensa ampliar seis veces la\ncapacidad de procesamiento actual del crudo de Vaca Muerta. Hoy la compa\u00f1\u00eda\ntiene una capacidad de procesamiento de 12.000 metros c\u00fabicos diarios, el\nequivalente a 75.480 barriles por d\u00eda.<\/p>\n\n\n\n<p>Fuente: lmneuquen<\/p>\n<!-- AddThis Advanced Settings generic via filter on the_content -->","protected":false},"excerpt":{"rendered":"<p>TGS culmin\u00f3 una obra central para el transporte del futuro. Las operadoras Vista Oil &amp; Gas y PAE tienen proyectos<!-- AddThis Advanced Settings generic via filter on get_the_excerpt --><\/p>\n","protected":false},"author":1,"featured_media":14088,"comment_status":"closed","ping_status":"closed","sticky":false,"template":"","format":"standard","meta":{"colormag_page_container_layout":"default_layout","colormag_page_sidebar_layout":"default_layout","jetpack_post_was_ever_published":false,"_jetpack_newsletter_access":"","_jetpack_dont_email_post_to_subs":false,"_jetpack_newsletter_tier_id":0,"_jetpack_memberships_contains_paywalled_content":false,"_jetpack_memberships_contains_paid_content":false,"footnotes":"","jetpack_publicize_message":"#BuenLunes #Inspecci\u00f3n El shale suma gasoductos","jetpack_publicize_feature_enabled":true,"jetpack_social_post_already_shared":true,"jetpack_social_options":{"image_generator_settings":{"template":"highway","default_image_id":0,"font":"","enabled":false},"version":2}},"categories":[11],"tags":[17],"class_list":["post-14086","post","type-post","status-publish","format-standard","has-post-thumbnail","hentry","category-energia-y-produccion","tag-otros-medios"],"jetpack_publicize_connections":[],"jetpack_featured_media_url":"https:\/\/i0.wp.com\/ccnews.com.ar\/prensa\/wp-content\/uploads\/2019\/12\/20191222114801-1024x484.jpg?fit=1024%2C484","jetpack_shortlink":"https:\/\/wp.me\/p7L1gj-3Fc","jetpack-related-posts":[{"id":10089,"url":"http:\/\/ccnews.com.ar\/prensa\/vaca-muerta-se-prepara-para-sumar-redes\/","url_meta":{"origin":14086,"position":0},"title":"Vaca Muerta se prepara para sumar redes","author":"admin","date":"24 enero, 2019","format":false,"excerpt":"Transportadora Gas del Sur (TGS) prev\u00e9 inaugurar en tres meses el gasoducto Tramo Sur, parte del Tramo Norte y la planta de tratamiento de Tratay\u00e9n. A fin de a\u00f1o el nuevo sistema permitir\u00e1 transportar hasta 56 millones de metros c\u00fabicos de gas natural. Los cuellos de botella para el transporte\u2026","rel":"","context":"En \u00abEnerg\u00eda y Producci\u00f3n\u00bb","block_context":{"text":"Energ\u00eda y Producci\u00f3n","link":"http:\/\/ccnews.com.ar\/prensa\/category\/energia-y-produccion\/"},"img":{"alt_text":"","src":"https:\/\/i0.wp.com\/ccnews.com.ar\/prensa\/wp-content\/uploads\/2019\/01\/Insp1.jpg?fit=660%2C370&resize=350%2C200","width":350,"height":200,"srcset":"https:\/\/i0.wp.com\/ccnews.com.ar\/prensa\/wp-content\/uploads\/2019\/01\/Insp1.jpg?fit=660%2C370&resize=350%2C200 1x, https:\/\/i0.wp.com\/ccnews.com.ar\/prensa\/wp-content\/uploads\/2019\/01\/Insp1.jpg?fit=660%2C370&resize=525%2C300 1,5x"},"classes":[]},{"id":5159,"url":"http:\/\/ccnews.com.ar\/prensa\/techint-y-pampa-energia-compiten-por-la-construccion-de-un-gasoducto-en-vaca-muerta\/","url_meta":{"origin":14086,"position":1},"title":"Techint y Pampa Energ\u00eda compiten por la construcci\u00f3n de un gasoducto en Vaca Muerta","author":"CLUSTERciar","date":"23 agosto, 2017","format":false,"excerpt":"La construcci\u00f3n de un importante gasoducto en Vaca Muerta, el yacimiento no convencional de hidrocarburos que ilusiona al Gobierno con la llegada de inversiones millonarias en los pr\u00f3ximos a\u00f1os, puso en veredas opuestas a dos de los empresarios con mejor sinton\u00eda con la Casa Rosada. De un lado, Paolo Rocca,\u2026","rel":"","context":"En \u00abEnerg\u00eda y Producci\u00f3n\u00bb","block_context":{"text":"Energ\u00eda y Producci\u00f3n","link":"http:\/\/ccnews.com.ar\/prensa\/category\/energia-y-produccion\/"},"img":{"alt_text":"","src":"https:\/\/i0.wp.com\/ccnews.com.ar\/prensa\/wp-content\/uploads\/2017\/08\/techin220817.jpg?fit=250%2C250&resize=350%2C200","width":350,"height":200},"classes":[]},{"id":7457,"url":"http:\/\/ccnews.com.ar\/prensa\/el-gasoducto-de-tgs-en-vaca-muerta-abre-una-nueva-etapa\/","url_meta":{"origin":14086,"position":2},"title":"El gasoducto de TGS en Vaca Muerta abre una nueva etapa","author":"admin","date":"11 abril, 2018","format":false,"excerpt":"Se inaugura el negocio entre privados para el transporte de gas. Adem\u00e1s atiende uno de los desaf\u00edos que era ampliar la capacidad en los ca\u00f1os. La provincia cobrar\u00e1 un canon. Esta semana se escribi\u00f3 una nueva p\u00e1gina en Vaca Muerta. Pero a diferencia de otras, esta ser\u00e1 una bisagra para\u2026","rel":"","context":"En \u00abSustentabilidad\u00bb","block_context":{"text":"Sustentabilidad","link":"http:\/\/ccnews.com.ar\/prensa\/category\/sustentabilidad\/"},"img":{"alt_text":"","src":"https:\/\/i0.wp.com\/ccnews.com.ar\/prensa\/wp-content\/uploads\/2018\/04\/image_content_9526628_20180404213216.jpg?fit=660%2C370&resize=350%2C200","width":350,"height":200,"srcset":"https:\/\/i0.wp.com\/ccnews.com.ar\/prensa\/wp-content\/uploads\/2018\/04\/image_content_9526628_20180404213216.jpg?fit=660%2C370&resize=350%2C200 1x, https:\/\/i0.wp.com\/ccnews.com.ar\/prensa\/wp-content\/uploads\/2018\/04\/image_content_9526628_20180404213216.jpg?fit=660%2C370&resize=525%2C300 1,5x"},"classes":[]},{"id":7901,"url":"http:\/\/ccnews.com.ar\/prensa\/los-excedentes-de-gas-de-vaca-muerta-buscan-nuevos-mercados\/","url_meta":{"origin":14086,"position":3},"title":"Los excedentes de gas de Vaca Muerta buscan nuevos mercados","author":"admin","date":"3 junio, 2018","format":false,"excerpt":"La creciente producci\u00f3n no convencional est\u00e1 forzando a la apertura de nuevos mercados para poder comercializar. Buscan exportar m\u00e1s gas a Chile y liberar cupo del que se importa de Bolivia. Hasta el 2017, el escenario del sector mostraba dos grandes inconvenientes. El m\u00e1s urgente era la ampliaci\u00f3n de los\u2026","rel":"","context":"En \u00abEnerg\u00eda y Producci\u00f3n\u00bb","block_context":{"text":"Energ\u00eda y Producci\u00f3n","link":"http:\/\/ccnews.com.ar\/prensa\/category\/energia-y-produccion\/"},"img":{"alt_text":"","src":"https:\/\/i0.wp.com\/ccnews.com.ar\/prensa\/wp-content\/uploads\/2018\/05\/20180518152901.jpg?fit=700%2C390&resize=350%2C200","width":350,"height":200,"srcset":"https:\/\/i0.wp.com\/ccnews.com.ar\/prensa\/wp-content\/uploads\/2018\/05\/20180518152901.jpg?fit=700%2C390&resize=350%2C200 1x, https:\/\/i0.wp.com\/ccnews.com.ar\/prensa\/wp-content\/uploads\/2018\/05\/20180518152901.jpg?fit=700%2C390&resize=525%2C300 1,5x, https:\/\/i0.wp.com\/ccnews.com.ar\/prensa\/wp-content\/uploads\/2018\/05\/20180518152901.jpg?fit=700%2C390&resize=700%2C400 2x"},"classes":[]},{"id":6071,"url":"http:\/\/ccnews.com.ar\/prensa\/ypf-y-exxonmobil-impulsan-la-ampliacion-de-gasoducto-estrategico-en-vaca-muerta\/","url_meta":{"origin":14086,"position":4},"title":"YPF y ExxonMobil impulsan la ampliaci\u00f3n de gasoducto estrat\u00e9gico en Vaca Muerta","author":"CLUSTERciar","date":"14 noviembre, 2017","format":false,"excerpt":"Gasoducto del Pac\u00edfico, una empresa controlada por la espa\u00f1ola Gas Natural Fenosa que cuenta entre sus accionistas a YPF, realiz\u00f3 un\u00a0Open Season\u00a0para convocar a las petroleras interesadas en contratar la capacidad adicional que incorporar\u00e1 a su red de transporte de gas. El tendido es estrat\u00e9gico porque en los pr\u00f3ximos a\u00f1os\u2026","rel":"","context":"En \u00abSustentabilidad\u00bb","block_context":{"text":"Sustentabilidad","link":"http:\/\/ccnews.com.ar\/prensa\/category\/sustentabilidad\/"},"img":{"alt_text":"","src":"https:\/\/i0.wp.com\/econojournal.com.ar\/cntnt\/uploads\/2017\/11\/YPF-Midstream-1024x728.jpg?resize=350%2C200","width":350,"height":200,"srcset":"https:\/\/i0.wp.com\/econojournal.com.ar\/cntnt\/uploads\/2017\/11\/YPF-Midstream-1024x728.jpg?resize=350%2C200 1x, https:\/\/i0.wp.com\/econojournal.com.ar\/cntnt\/uploads\/2017\/11\/YPF-Midstream-1024x728.jpg?resize=525%2C300 1,5x"},"classes":[]},{"id":10477,"url":"http:\/\/ccnews.com.ar\/prensa\/la-calera-anelo-se-prepara-para-otro-boom-en-shale-gas\/","url_meta":{"origin":14086,"position":5},"title":"La Calera: A\u00f1elo se prepara para otro boom en shale gas","author":"admin","date":"23 febrero, 2019","format":false,"excerpt":"Pluspetrol present\u00f3 el informe ambiental para hacer 183 pozos. En abril podr\u00edan inyectar las primeras mol\u00e9culas de gas. El objetivo es producir 10 MMm\u00b3 por d\u00eda, pero todo est\u00e1 sujeto a los subsidios y a terminar un gasoducto. POR ADRIANO CALALESINA \/ adrianoc@lmneuquen.com.ar La Calera, el \u00e1rea que es la\u2026","rel":"","context":"En \u00abEnerg\u00eda y Producci\u00f3n\u00bb","block_context":{"text":"Energ\u00eda y Producci\u00f3n","link":"http:\/\/ccnews.com.ar\/prensa\/category\/energia-y-produccion\/"},"img":{"alt_text":"","src":"https:\/\/i0.wp.com\/ccnews.com.ar\/prensa\/wp-content\/uploads\/2019\/02\/0003496088.jpg?fit=1170%2C658&resize=350%2C200","width":350,"height":200,"srcset":"https:\/\/i0.wp.com\/ccnews.com.ar\/prensa\/wp-content\/uploads\/2019\/02\/0003496088.jpg?fit=1170%2C658&resize=350%2C200 1x, https:\/\/i0.wp.com\/ccnews.com.ar\/prensa\/wp-content\/uploads\/2019\/02\/0003496088.jpg?fit=1170%2C658&resize=525%2C300 1,5x, https:\/\/i0.wp.com\/ccnews.com.ar\/prensa\/wp-content\/uploads\/2019\/02\/0003496088.jpg?fit=1170%2C658&resize=700%2C400 2x, https:\/\/i0.wp.com\/ccnews.com.ar\/prensa\/wp-content\/uploads\/2019\/02\/0003496088.jpg?fit=1170%2C658&resize=1050%2C600 3x"},"classes":[]}],"jetpack_sharing_enabled":true,"_links":{"self":[{"href":"http:\/\/ccnews.com.ar\/prensa\/wp-json\/wp\/v2\/posts\/14086","targetHints":{"allow":["GET"]}}],"collection":[{"href":"http:\/\/ccnews.com.ar\/prensa\/wp-json\/wp\/v2\/posts"}],"about":[{"href":"http:\/\/ccnews.com.ar\/prensa\/wp-json\/wp\/v2\/types\/post"}],"author":[{"embeddable":true,"href":"http:\/\/ccnews.com.ar\/prensa\/wp-json\/wp\/v2\/users\/1"}],"replies":[{"embeddable":true,"href":"http:\/\/ccnews.com.ar\/prensa\/wp-json\/wp\/v2\/comments?post=14086"}],"version-history":[{"count":1,"href":"http:\/\/ccnews.com.ar\/prensa\/wp-json\/wp\/v2\/posts\/14086\/revisions"}],"predecessor-version":[{"id":14090,"href":"http:\/\/ccnews.com.ar\/prensa\/wp-json\/wp\/v2\/posts\/14086\/revisions\/14090"}],"wp:featuredmedia":[{"embeddable":true,"href":"http:\/\/ccnews.com.ar\/prensa\/wp-json\/wp\/v2\/media\/14088"}],"wp:attachment":[{"href":"http:\/\/ccnews.com.ar\/prensa\/wp-json\/wp\/v2\/media?parent=14086"}],"wp:term":[{"taxonomy":"category","embeddable":true,"href":"http:\/\/ccnews.com.ar\/prensa\/wp-json\/wp\/v2\/categories?post=14086"},{"taxonomy":"post_tag","embeddable":true,"href":"http:\/\/ccnews.com.ar\/prensa\/wp-json\/wp\/v2\/tags?post=14086"}],"curies":[{"name":"wp","href":"https:\/\/api.w.org\/{rel}","templated":true}]}}