{"id":14136,"date":"2020-01-03T08:00:41","date_gmt":"2020-01-03T11:00:41","guid":{"rendered":"http:\/\/ccnews.com.ar\/prensa\/?p=14136"},"modified":"2020-01-03T08:33:38","modified_gmt":"2020-01-03T11:33:38","slug":"de-cerebros-conectados-a-casas-voladoras-cinco-predicciones-de-la-ciencia-ficcion-para-2020","status":"publish","type":"post","link":"http:\/\/ccnews.com.ar\/prensa\/de-cerebros-conectados-a-casas-voladoras-cinco-predicciones-de-la-ciencia-ficcion-para-2020\/","title":{"rendered":"De cerebros conectados a casas voladoras: cinco predicciones de la ciencia ficci\u00f3n para 2020"},"content":{"rendered":"\n<p><strong>As\u00ed concibieron la\nllegada del pr\u00f3ximo a\u00f1o autores literarios y futur\u00f3logos.<\/strong><\/p>\n\n\n\n<p>\u00bfSer\u00e1 2020 el a\u00f1o de la telepat\u00eda? \u00bfEstar\u00e1 la mente\nconectada a Internet? \u00bfSer\u00e1 posible teletransportarse? \u00bfDejar\u00e1 la comida de ser\nindispensable para alimentarse? Estas son algunas de las preguntas que se\nhicieron hace a\u00f1os diferentes autores de ciencia ficci\u00f3n y futur\u00f3logos. En\naquel entonces, ten\u00edan clara que la respuesta a estas cuestiones era\nafirmativa. Pero la llegada de este a\u00f1o pone en entredicho algunas de sus\npredicciones.<\/p>\n\n\n\n<p><strong>Cerebros conectados a\nla red<\/strong><\/p>\n\n\n\n<p>El escritor canadiense Geoffrey Charles Ryman imagin\u00f3 en su\nnovela Aire, publicada en 2004 y ambientada en 2020, un mundo en el que los\ncerebros estar\u00edan conectados a Internet. En ella, relata c\u00f3mo los ciudadanos de\nuna peque\u00f1a aldea en la monta\u00f1a viven en primera persona la llegada de una\nnueva tecnolog\u00eda de comunicaci\u00f3n.<\/p>\n\n\n\n<p>Aunque a\u00fan pueda parecer una idea un poco futurista, sus\npredicciones no distan mucho de algunos proyectos existentes en la realidad. Ya\nen 2015 un equipo de investigadores europeos logr\u00f3 registrar ondas cerebrales y\nconvertirlas en letras, palabras y hasta frases completas. Pese a los debates\nde privacidad, seguridad y protecci\u00f3n personal que este tipo de aparatos\npodr\u00edan plantear, Facebook trabaja en un dispositivo que lea las ondas\ncerebrales de la gente y le permita escribir con solo pensarlo.<\/p>\n\n\n\n<p>E incluso el fundador de Tesla persigue este objetivo.\nNeuralink es una empresa propiedad de Elon Musk que busca desarrollar la\ntecnolog\u00eda para conectar la mente a Internet. El objetivo a corto plazo es\nayudar a pacientes con par\u00e1lisis o extremidades amputadas a controlar su\nexpresi\u00f3n y movimiento o a ver y o\u00edr solo con el cerebro. Pero Musk persigue\nmultitud de metas futuras notablemente ambiciosas: desde escribir solo con la\nmente a mover un cursor por la pantalla solo pens\u00e1ndolo e incluso descargar un\nnuevo lenguaje directamente en nuestro cerebro.<\/p>\n\n\n\n<p><strong>Telepat\u00eda y\nteletransporte<\/strong><\/p>\n\n\n\n<p>Otras predicciones no son tan acertadas. Michael J.\nO&#8217;Farrell, fundador de The Mobile Institute, public\u00f3 en 2014 el libro Shift\n2020, c\u00f3mo impactar\u00e1 la tecnolog\u00eda en nuestro futuro. En \u00e9l, analizaba c\u00f3mo\ncambiar\u00eda la forma en la que los humanos se comunican, trabajan o hacen\nnegocios. &#8220;En la era de la nanomovilidad, predigo que la telepat\u00eda y el\nteletransporte ser\u00e1n posibles para el a\u00f1o 2020\u201d, afirmaba en el libro.<\/p>\n\n\n\n<p>Los seres humanos llevan a\u00f1os so\u00f1ando con poder moverse de\nun lugar del mundo a otro en un abrir y cerrar de ojos. Pero los cient\u00edficos\ncoinciden en que, con los conocimientos que se tienen en la actualidad, el\nteletransporte de objetos o personas no es posible. En cuanto a la transmisi\u00f3n\nde pensamientos entre personas, hay diferentes equipos que investigan nuevas\ntecnolog\u00edas que permitan la comunicaci\u00f3n de cerebro a cerebro. En 2014 un\nhombre pens\u00f3 \u201chola\u201d en una ciudad india. El saludo lleg\u00f3 directamente al\ncerebro de otra persona sentada en un laboratorio de Estrasburgo, una ciudad\nfrancesa a unos 7.700 kil\u00f3metros de distancia. Pese a que por el momento solo\nse ha conseguido la transmisi\u00f3n de pensamientos simples, un informe del\nDepartamento de Defensa de Estados Unidos (DOD) prev\u00e9 que en el futuro los\ncerebros de los soldados est\u00e9n conectados y puedan compartir informaci\u00f3n entre\nellos.<\/p>\n\n\n\n<p><strong>Casas voladoras<\/strong><\/p>\n\n\n\n<p>El escritor y divulgador cient\u00edfico brit\u00e1nico Arthur C.\nClarke, que falleci\u00f3 en 2008 a los 90 a\u00f1os, era un amante de la ciencia\nficci\u00f3n. Escribi\u00f3 m\u00e1s de 80 libros y cientos de relatos cortos, entre los que\ndestacan El centinela o 2001 Odisea en el Espacio. Entre otras predicciones,\nvaticin\u00f3 en los a\u00f1os cuarenta que el hombre llegar\u00eda a la luna en el a\u00f1o 2000 y\nen 1966 que las casas ser\u00edan voladoras en 2020.<\/p>\n\n\n\n<p>\u201cLa casa del futuro no tendr\u00eda ra\u00edces que la ataran al\nsuelo. Atr\u00e1s quedar\u00edan tuber\u00edas de agua, desag\u00fces y l\u00edneas el\u00e9ctricas. La casa\naut\u00f3noma, por lo tanto, podr\u00eda mudarse o ser trasladada a cualquier lugar de la\ntierra a voluntad del propietario. Por lo tanto, puede llegar el momento en que\ncomunidades enteras puedan migrar hacia el sur en el invierno o mudarse a\nnuevas tierras cada vez que sientan la necesidad de un cambio de escenario\u201d,\naugur\u00f3 Clarke.<\/p>\n\n\n\n<p>Pese a que los hay edificios voladores que puedan\ntransportarse de un sitio a otro siguen pareciendo pura ciencia ficci\u00f3n, hay\ncompa\u00f1\u00edas que construyen casas que pueden elevarse sobre el terreno cuando, por\nejemplo, se prev\u00e9 riesgo de inundaci\u00f3n. Es el caso de la Elevating House,\ndise\u00f1ada por Larkfleet Group, que puede levantarse un metro y medio sobre el\nnivel del suelo. Por otra parte, el estudio estadounidense Terry &amp; Terry\nArchitecture ha dise\u00f1ado una especie de vivienda flotante que ajusta su altura\ny se adapta a las condiciones meteorol\u00f3gicas o de la marea.<\/p>\n\n\n\n<p><strong>Algunos de sus\nvaticinios iban un poco desencaminados: debat\u00edan sobre una especie de cerebro\nmundial gigante en el que todos estar\u00edan permanentemente conectados, una pareja\nsexual para toda la vida o un patio para adultos donde la ley se aplicara\nmediante control remoto<\/strong><\/p>\n\n\n\n<p><strong>El fin de la comida<\/strong><\/p>\n\n\n\n<p>El experto en inteligencia artificial Ray Kurzweil, doctor\nhonoris causa por m\u00e1s de 10 universidades y considerado por Forbes \u201cla m\u00e1quina\nde pensar suprema\u201d, acumula un largo historial de predicciones acertadas. En la\nd\u00e9cada de los 90 pronostic\u00f3 la importancia que tendr\u00edan los ordenadores para la\nhumanidad, vaticin\u00f3 la llegada de Internet, anticip\u00f3 la tecnolog\u00eda port\u00e1til y\npredijo que una computadora vencer\u00eda al mejor jugador humano de ajedrez.<\/p>\n\n\n\n<p>Pero no siempre acierta por completo. En 2005 afirm\u00f3 que los\nhumanos ya no comer\u00edan, sino que peque\u00f1os robots \u2014nanobots\u2014 se encargar\u00edan de\nalimentar su torrente sangu\u00edneo con nutrientes y retirar\u00edan los desechos\nrestantes. Pese a que el modo de comer habitual no ha sido reemplazado por\nnanosistemas, s\u00ed que hay quienes promueven el uso de sustitutivos de comida\npara ahorrar tiempo en su d\u00eda a d\u00eda.<\/p>\n\n\n\n<p><strong>Chefs robots y un\ncerebro mundial<\/strong><\/p>\n\n\n\n<p>En los a\u00f1os 70, diferentes autores de ciencia ficci\u00f3n como\nPoul Anderson, Harlan Elliso, Larry Niven, Norman Spinrad, o Ben Bova\nintentaron imaginar c\u00f3mo ser\u00eda el mundo en 2020. Publicaron sus predicciones en\nel libro 2020 Vision, editado por Jerry Pournelle, y acordaron que aquellos que\nestuvieran vivos en dicho a\u00f1o se reunir\u00edan para debatirlas.<\/p>\n\n\n\n<p>Han pasado ya 50 a\u00f1os desde entonces. Algunos de sus\nvaticinios iban un poco desencaminados: debat\u00edan sobre una especie de cerebro\nmundial gigante en el que todos estar\u00edan permanentemente conectados, una pareja\nsexual para toda la vida o un patio para adultos donde la ley se aplicara\nmediante control remoto.<\/p>\n\n\n\n<p>Otras predicciones no iban del todo desencaminadas. Por\nejemplo, imaginaban un futuro con chefs robots. En la actualidad, adem\u00e1s de\nrobots de cocina capaces de de triturar, cocer, batir y fre\u00edr alimentos,\ntambi\u00e9n existen androides que despliegan sus brazos rob\u00f3ticos para seguir los\npasos de una receta de forma totalmente aut\u00f3noma y limpiar despu\u00e9s. E incluso hay\nrestaurantes que apuestan por cocineros y camareros robots.<\/p>\n\n\n\n<p>Fuente: El Pa\u00eds<\/p>\n<!-- AddThis Advanced Settings generic via filter on the_content -->","protected":false},"excerpt":{"rendered":"<p>As\u00ed concibieron la llegada del pr\u00f3ximo a\u00f1o autores literarios y futur\u00f3logos. \u00bfSer\u00e1 2020 el a\u00f1o de la telepat\u00eda? \u00bfEstar\u00e1 la<!-- AddThis Advanced Settings generic via filter on get_the_excerpt --><\/p>\n","protected":false},"author":1,"featured_media":14138,"comment_status":"closed","ping_status":"closed","sticky":false,"template":"","format":"standard","meta":{"colormag_page_container_layout":"default_layout","colormag_page_sidebar_layout":"default_layout","jetpack_post_was_ever_published":false,"_jetpack_newsletter_access":"","_jetpack_dont_email_post_to_subs":false,"_jetpack_newsletter_tier_id":0,"_jetpack_memberships_contains_paywalled_content":false,"_jetpack_memberships_contains_paid_content":false,"footnotes":"","jetpack_publicize_message":"#BuenViernes #Tecnolog\u00eda  De cerebros conectados a casas voladoras: cinco predicciones de la ciencia ficci\u00f3n para 2020","jetpack_publicize_feature_enabled":true,"jetpack_social_post_already_shared":true,"jetpack_social_options":{"image_generator_settings":{"template":"highway","default_image_id":0,"font":"","enabled":false},"version":2}},"categories":[5],"tags":[17],"class_list":["post-14136","post","type-post","status-publish","format-standard","has-post-thumbnail","hentry","category-transformacion-digital","tag-otros-medios"],"jetpack_publicize_connections":[],"jetpack_featured_media_url":"https:\/\/i0.wp.com\/ccnews.com.ar\/prensa\/wp-content\/uploads\/2020\/01\/1577443373_221655_1577443449_noticia_normal_recorte1.jpg?fit=1200%2C661","jetpack_shortlink":"https:\/\/wp.me\/p7L1gj-3G0","jetpack-related-posts":[{"id":14396,"url":"http:\/\/ccnews.com.ar\/prensa\/crecen-las-perspectivas-de-desarrollo-en-energias-renovables\/","url_meta":{"origin":14136,"position":0},"title":"Crecen las perspectivas de desarrollo en energ\u00edas renovables","author":"admin","date":"26 enero, 2020","format":false,"excerpt":"Un informe de Bloomberg NEF que cont\u00f3 US$282.200 millones en fondos para tecnolog\u00edas de energ\u00eda limpia en 2019, solo 1% m\u00e1s que el a\u00f1o anterior, sugiere que los autos el\u00e9ctricos, los parques e\u00f3licos marinos y los dispositivos de almacenamiento de energ\u00eda disfrutar\u00e1n de las mayores ganancias. Ese crecimiento probablemente impulsar\u00e1\u2026","rel":"","context":"En \u00abSustentabilidad\u00bb","block_context":{"text":"Sustentabilidad","link":"http:\/\/ccnews.com.ar\/prensa\/category\/sustentabilidad\/"},"img":{"alt_text":"","src":"https:\/\/i0.wp.com\/ccnews.com.ar\/prensa\/wp-content\/uploads\/2020\/01\/energias_latinoamerica.jpg?fit=1200%2C800&resize=350%2C200","width":350,"height":200,"srcset":"https:\/\/i0.wp.com\/ccnews.com.ar\/prensa\/wp-content\/uploads\/2020\/01\/energias_latinoamerica.jpg?fit=1200%2C800&resize=350%2C200 1x, https:\/\/i0.wp.com\/ccnews.com.ar\/prensa\/wp-content\/uploads\/2020\/01\/energias_latinoamerica.jpg?fit=1200%2C800&resize=525%2C300 1,5x, https:\/\/i0.wp.com\/ccnews.com.ar\/prensa\/wp-content\/uploads\/2020\/01\/energias_latinoamerica.jpg?fit=1200%2C800&resize=700%2C400 2x, https:\/\/i0.wp.com\/ccnews.com.ar\/prensa\/wp-content\/uploads\/2020\/01\/energias_latinoamerica.jpg?fit=1200%2C800&resize=1050%2C600 3x"},"classes":[]},{"id":12376,"url":"http:\/\/ccnews.com.ar\/prensa\/asi-seran-las-gafas-de-facebook-que-te-permitiran-comunicarte-con-la-mente\/","url_meta":{"origin":14136,"position":1},"title":"As\u00ed ser\u00e1n las gafas de Facebook que te permitir\u00e1n comunicarte con la mente","author":"admin","date":"1 agosto, 2019","format":false,"excerpt":"La tecnol\u00f3gica lleva varios a\u00f1os trabajando en este proyecto que, seg\u00fan aseguran, va por buen camino. El mundo de la tecnolog\u00eda lleva experimentando un progreso vertiginoso desde hace d\u00e9cadas. Lo que hace un pu\u00f1ado de a\u00f1os se consideraba una fantas\u00eda, ahora es cada vez m\u00e1s accesible. Y es que, \u00bfqui\u00e9n\u2026","rel":"","context":"En \u00abTransformaci\u00f3n digital\u00bb","block_context":{"text":"Transformaci\u00f3n digital","link":"http:\/\/ccnews.com.ar\/prensa\/category\/transformacion-digital\/"},"img":{"alt_text":"","src":"https:\/\/i0.wp.com\/ccnews.com.ar\/prensa\/wp-content\/uploads\/2019\/08\/i-facebook-peiramatizetai-dunatotita-pliktrologisis-meso-skepsis-1.jpg?fit=1080%2C568&resize=350%2C200","width":350,"height":200,"srcset":"https:\/\/i0.wp.com\/ccnews.com.ar\/prensa\/wp-content\/uploads\/2019\/08\/i-facebook-peiramatizetai-dunatotita-pliktrologisis-meso-skepsis-1.jpg?fit=1080%2C568&resize=350%2C200 1x, https:\/\/i0.wp.com\/ccnews.com.ar\/prensa\/wp-content\/uploads\/2019\/08\/i-facebook-peiramatizetai-dunatotita-pliktrologisis-meso-skepsis-1.jpg?fit=1080%2C568&resize=525%2C300 1,5x, https:\/\/i0.wp.com\/ccnews.com.ar\/prensa\/wp-content\/uploads\/2019\/08\/i-facebook-peiramatizetai-dunatotita-pliktrologisis-meso-skepsis-1.jpg?fit=1080%2C568&resize=700%2C400 2x, https:\/\/i0.wp.com\/ccnews.com.ar\/prensa\/wp-content\/uploads\/2019\/08\/i-facebook-peiramatizetai-dunatotita-pliktrologisis-meso-skepsis-1.jpg?fit=1080%2C568&resize=1050%2C600 3x"},"classes":[]},{"id":4067,"url":"http:\/\/ccnews.com.ar\/prensa\/decidimos-con-las-emociones\/","url_meta":{"origin":14136,"position":2},"title":"\u201cDecidimos con las emociones\u201d","author":"CLUSTERciar","date":"17 mayo, 2017","format":false,"excerpt":"\u00bfSe puede estudiar al amor biol\u00f3gicamente? El bioqu\u00edmico y divulgador cient\u00edfico espa\u00f1ol Pere Estupiny\u00e0 lo intenta, analizando c\u00f3mo opera el cerebro durante la vida en pareja. Un famoso best seller asegura que los hombres son de un planeta y las mujeres, de otro. Basados en el estudio que avala ese\u2026","rel":"","context":"En \u00abEducaci\u00f3n\/Sociedad\u00bb","block_context":{"text":"Educaci\u00f3n\/Sociedad","link":"http:\/\/ccnews.com.ar\/prensa\/category\/educacion-sociedad\/"},"img":{"alt_text":"","src":"https:\/\/i0.wp.com\/ccnews.com.ar\/prensa\/wp-content\/uploads\/2017\/05\/nueva_1492302014_592954.jpg?fit=700%2C430&resize=350%2C200","width":350,"height":200,"srcset":"https:\/\/i0.wp.com\/ccnews.com.ar\/prensa\/wp-content\/uploads\/2017\/05\/nueva_1492302014_592954.jpg?fit=700%2C430&resize=350%2C200 1x, https:\/\/i0.wp.com\/ccnews.com.ar\/prensa\/wp-content\/uploads\/2017\/05\/nueva_1492302014_592954.jpg?fit=700%2C430&resize=525%2C300 1,5x, https:\/\/i0.wp.com\/ccnews.com.ar\/prensa\/wp-content\/uploads\/2017\/05\/nueva_1492302014_592954.jpg?fit=700%2C430&resize=700%2C400 2x"},"classes":[]},{"id":6501,"url":"http:\/\/ccnews.com.ar\/prensa\/adios-2017-hola-2018-los-hechos-tecnologicos-mas-relevantes-y-que-nos-depara-el-futuro\/","url_meta":{"origin":14136,"position":3},"title":"Adi\u00f3s 2017, hola 2018: los hechos tecnol\u00f3gicos m\u00e1s relevantes y que nos depara el futuro","author":"CLUSTERciar","date":"8 enero, 2018","format":false,"excerpt":"Autos aut\u00f3nomos, diminutos microprocesadores con inteligencia artificial y hasta nuevas tecnolog\u00edas de conectividad para redes m\u00f3viles ya se posicionan como temas de inter\u00e9s entre las empresas. Llegan estas fechas y los momentos de realizar balances se ubican entre las tareas m\u00e1s destacadas del mes. En materia de tecnolog\u00eda, el a\u00f1o\u2026","rel":"","context":"En \u00abTransformaci\u00f3n digital\u00bb","block_context":{"text":"Transformaci\u00f3n digital","link":"http:\/\/ccnews.com.ar\/prensa\/category\/transformacion-digital\/"},"img":{"alt_text":"","src":"https:\/\/i0.wp.com\/ccnews.com.ar\/prensa\/wp-content\/uploads\/2018\/01\/chau.jpg?fit=1200%2C400&resize=350%2C200","width":350,"height":200,"srcset":"https:\/\/i0.wp.com\/ccnews.com.ar\/prensa\/wp-content\/uploads\/2018\/01\/chau.jpg?fit=1200%2C400&resize=350%2C200 1x, https:\/\/i0.wp.com\/ccnews.com.ar\/prensa\/wp-content\/uploads\/2018\/01\/chau.jpg?fit=1200%2C400&resize=525%2C300 1,5x, https:\/\/i0.wp.com\/ccnews.com.ar\/prensa\/wp-content\/uploads\/2018\/01\/chau.jpg?fit=1200%2C400&resize=700%2C400 2x, https:\/\/i0.wp.com\/ccnews.com.ar\/prensa\/wp-content\/uploads\/2018\/01\/chau.jpg?fit=1200%2C400&resize=1050%2C600 3x"},"classes":[]},{"id":13175,"url":"http:\/\/ccnews.com.ar\/prensa\/en-vaca-muerta-hay-casi-un-centenar-de-pozos-desconectados\/","url_meta":{"origin":14136,"position":4},"title":"En Vaca Muerta hay casi un centenar de pozos desconectados","author":"admin","date":"6 octubre, 2019","format":false,"excerpt":"Se trata de perforaciones realizadas este a\u00f1o que no fueron puestas en producci\u00f3n. En algunos casos es por falta de demanda o precios, y en otros por cronogramas de trabajo. Los no completados representan casi el 25% de los que se conectaron en el a\u00f1o y ponen en duda que\u2026","rel":"","context":"En \u00abEnerg\u00eda y Producci\u00f3n\u00bb","block_context":{"text":"Energ\u00eda y Producci\u00f3n","link":"http:\/\/ccnews.com.ar\/prensa\/category\/energia-y-produccion\/"},"img":{"alt_text":"","src":"https:\/\/i0.wp.com\/ccnews.com.ar\/prensa\/wp-content\/uploads\/2019\/10\/Imagen-Ag-nqn-inversi%C3%B3n-millonaria-para-10945816.jpg?fit=920%2C520&resize=350%2C200","width":350,"height":200,"srcset":"https:\/\/i0.wp.com\/ccnews.com.ar\/prensa\/wp-content\/uploads\/2019\/10\/Imagen-Ag-nqn-inversi%C3%B3n-millonaria-para-10945816.jpg?fit=920%2C520&resize=350%2C200 1x, https:\/\/i0.wp.com\/ccnews.com.ar\/prensa\/wp-content\/uploads\/2019\/10\/Imagen-Ag-nqn-inversi%C3%B3n-millonaria-para-10945816.jpg?fit=920%2C520&resize=525%2C300 1,5x, https:\/\/i0.wp.com\/ccnews.com.ar\/prensa\/wp-content\/uploads\/2019\/10\/Imagen-Ag-nqn-inversi%C3%B3n-millonaria-para-10945816.jpg?fit=920%2C520&resize=700%2C400 2x"},"classes":[]},{"id":5539,"url":"http:\/\/ccnews.com.ar\/prensa\/internet-de-las-cosas-ya-hay-8000-millones-de-objetos-conectados-a-la-red\/","url_meta":{"origin":14136,"position":5},"title":"Internet de las cosas: ya hay 8000 millones de objetos conectados a la red","author":"CLUSTERciar","date":"3 octubre, 2017","format":false,"excerpt":"","rel":"","context":"En \u00abTransformaci\u00f3n digital\u00bb","block_context":{"text":"Transformaci\u00f3n digital","link":"http:\/\/ccnews.com.ar\/prensa\/category\/transformacion-digital\/"},"img":{"alt_text":"","src":"https:\/\/i0.wp.com\/ccnews.com.ar\/prensa\/wp-content\/uploads\/2017\/09\/hogar-inteligente.jpg_1484051676.jpg?fit=875%2C471&resize=350%2C200","width":350,"height":200,"srcset":"https:\/\/i0.wp.com\/ccnews.com.ar\/prensa\/wp-content\/uploads\/2017\/09\/hogar-inteligente.jpg_1484051676.jpg?fit=875%2C471&resize=350%2C200 1x, https:\/\/i0.wp.com\/ccnews.com.ar\/prensa\/wp-content\/uploads\/2017\/09\/hogar-inteligente.jpg_1484051676.jpg?fit=875%2C471&resize=525%2C300 1,5x, https:\/\/i0.wp.com\/ccnews.com.ar\/prensa\/wp-content\/uploads\/2017\/09\/hogar-inteligente.jpg_1484051676.jpg?fit=875%2C471&resize=700%2C400 2x"},"classes":[]}],"jetpack_sharing_enabled":true,"_links":{"self":[{"href":"http:\/\/ccnews.com.ar\/prensa\/wp-json\/wp\/v2\/posts\/14136","targetHints":{"allow":["GET"]}}],"collection":[{"href":"http:\/\/ccnews.com.ar\/prensa\/wp-json\/wp\/v2\/posts"}],"about":[{"href":"http:\/\/ccnews.com.ar\/prensa\/wp-json\/wp\/v2\/types\/post"}],"author":[{"embeddable":true,"href":"http:\/\/ccnews.com.ar\/prensa\/wp-json\/wp\/v2\/users\/1"}],"replies":[{"embeddable":true,"href":"http:\/\/ccnews.com.ar\/prensa\/wp-json\/wp\/v2\/comments?post=14136"}],"version-history":[{"count":1,"href":"http:\/\/ccnews.com.ar\/prensa\/wp-json\/wp\/v2\/posts\/14136\/revisions"}],"predecessor-version":[{"id":14140,"href":"http:\/\/ccnews.com.ar\/prensa\/wp-json\/wp\/v2\/posts\/14136\/revisions\/14140"}],"wp:featuredmedia":[{"embeddable":true,"href":"http:\/\/ccnews.com.ar\/prensa\/wp-json\/wp\/v2\/media\/14138"}],"wp:attachment":[{"href":"http:\/\/ccnews.com.ar\/prensa\/wp-json\/wp\/v2\/media?parent=14136"}],"wp:term":[{"taxonomy":"category","embeddable":true,"href":"http:\/\/ccnews.com.ar\/prensa\/wp-json\/wp\/v2\/categories?post=14136"},{"taxonomy":"post_tag","embeddable":true,"href":"http:\/\/ccnews.com.ar\/prensa\/wp-json\/wp\/v2\/tags?post=14136"}],"curies":[{"name":"wp","href":"https:\/\/api.w.org\/{rel}","templated":true}]}}