{"id":14228,"date":"2020-01-11T08:00:11","date_gmt":"2020-01-11T11:00:11","guid":{"rendered":"http:\/\/ccnews.com.ar\/prensa\/?p=14228"},"modified":"2020-01-10T15:14:44","modified_gmt":"2020-01-10T18:14:44","slug":"rio-negro-el-aporte-de-energia-limpia-de-la-provincia-para-abastecer-al-pais","status":"publish","type":"post","link":"http:\/\/ccnews.com.ar\/prensa\/rio-negro-el-aporte-de-energia-limpia-de-la-provincia-para-abastecer-al-pais\/","title":{"rendered":"R\u00edo Negro: El aporte de energ\u00eda limpia de la provincia para abastecer al pa\u00eds"},"content":{"rendered":"\n<p><strong>Con el parque e\u00f3lico\nubicado en Pomona, R\u00edo Negro suma su aporte en la generaci\u00f3n de energ\u00eda a\npartir de fuentes renovables, para que Argentina alcance a cubrir el 7,9% de la\ndemanda el\u00e9ctrica nacional.<\/strong><\/p>\n\n\n\n<p>La generaci\u00f3n del parque, operado por la empresa GENNEIA, es\nequiparable al requerimiento energ\u00e9tico de 150.000 familias. Cuenta con 29\naerogeneradores que proveen de energ\u00eda limpia y sustentable al sistema interconectado\nnacional. La Estaci\u00f3n Transformadora desde donde se conecta a la red de alta\ntensi\u00f3n es operada por la empresa estatal Transcomahue.<\/p>\n\n\n\n<p>El parque fue inaugurado en septiembre de 2019. Es parte del\nprograma nacional RENOVAR para la generaci\u00f3n de energ\u00edas renovables, que cont\u00f3\ncon una inversi\u00f3n cercana a los U$S 160.000.000. Los aerogeneradores fueron\nconstruidos por la empresa Nordex Windpower S.A. y miden 120 metros de altura\ndesde el suelo a la l\u00ednea central del rotor. Cada uno consta de tres palas de\n64,7 metros de longitud.<\/p>\n\n\n\n<p>Los componentes arribaron a la provincia en barcos a trav\u00e9s\ndel Puerto de San Antonio. Fue as\u00ed que el proceso de materializaci\u00f3n del parque\nplante\u00f3 desaf\u00edos en materia de conectividad, con la llegada de cuatro barcos\ncon las piezas de los aerogeneradores. La resoluci\u00f3n exitosa de cuestiones\nlog\u00edsticas demuestra que la terminal estuvo a la altura de los requerimientos e\ninvita a aprovecharla como uno punto m\u00e1s de acceso a nuestro pa\u00eds para este\ntipo de componentes, en una zona con un potencial e\u00f3lico inagotable.<\/p>\n\n\n\n<p>La inauguraci\u00f3n oficial del parque se hizo a fines de mayo\npasado. All\u00ed se destac\u00f3 la relevancia del programa, que contiene un centenar de\nproyectos renovables en construcci\u00f3n, muchos de los cuales se concluyeron\ndurante el transcurso del a\u00f1o. Con el de Pomona, ya son m\u00e1s de 40 los\ndesarrollos e\u00f3licos en funcionamiento, los que en conjunto generan la energ\u00eda\nequivalente a los consumos de 900.000 hogares.<\/p>\n\n\n\n<p>Durante los catorce meses que dur\u00f3 su construcci\u00f3n, en la\nparte civil de la obra, el parque gener\u00f3 180 puestos laborales directos, con el\n70% de la mano de obra proveniente de la regi\u00f3n.<\/p>\n\n\n\n<p>Los grandes molinos de viento est\u00e1n emplazados en un predio\nde 1.365 hect\u00e1reas, con una generaci\u00f3n anual estimada de 447.000 MWh, equivalentes\nal consumo de 150.000 hogares, lo que evitar\u00e1 la emanaci\u00f3n de 224.000 tn de CO2\na la atm\u00f3sfera.<\/p>\n\n\n\n<p>Vale destacar que la generaci\u00f3n e\u00f3lica no es la \u00fanica\ninyecci\u00f3n de energ\u00eda limpia que efect\u00faa R\u00edo Negro. Junto a Neuqu\u00e9n, en la\ncuenca h\u00eddrica compartir del Comahue, posee una rica hist\u00f3rica vinculada a la\nhidroelectricidad y sus presas con el 20% de la potencia el\u00e9ctrica instalada\ndel pa\u00eds.<\/p>\n\n\n\n<p>Fuente: Revista Nuevas Energ\u00edas<\/p>\n<!-- AddThis Advanced Settings generic via filter on the_content -->","protected":false},"excerpt":{"rendered":"<p>Con el parque e\u00f3lico ubicado en Pomona, R\u00edo Negro suma su aporte en la generaci\u00f3n de energ\u00eda a partir de<!-- AddThis Advanced Settings generic via filter on get_the_excerpt --><\/p>\n","protected":false},"author":1,"featured_media":14230,"comment_status":"closed","ping_status":"closed","sticky":false,"template":"","format":"standard","meta":{"colormag_page_container_layout":"default_layout","colormag_page_sidebar_layout":"default_layout","jetpack_post_was_ever_published":false,"_jetpack_newsletter_access":"","_jetpack_dont_email_post_to_subs":false,"_jetpack_newsletter_tier_id":0,"_jetpack_memberships_contains_paywalled_content":false,"_jetpack_memberships_contains_paid_content":false,"footnotes":"","jetpack_publicize_message":"#Ingenier\u00eda R\u00edo Negro: El aporte de energ\u00eda limpia de la provincia para abastecer al pa\u00eds","jetpack_publicize_feature_enabled":true,"jetpack_social_post_already_shared":true,"jetpack_social_options":{"image_generator_settings":{"template":"highway","default_image_id":0,"font":"","enabled":false},"version":2}},"categories":[3],"tags":[17],"class_list":["post-14228","post","type-post","status-publish","format-standard","has-post-thumbnail","hentry","category-sustentabilidad","tag-otros-medios"],"jetpack_publicize_connections":[],"jetpack_featured_media_url":"https:\/\/i0.wp.com\/ccnews.com.ar\/prensa\/wp-content\/uploads\/2020\/01\/brc-924x570.jpg?fit=924%2C570","jetpack_shortlink":"https:\/\/wp.me\/p7L1gj-3Hu","jetpack-related-posts":[{"id":9265,"url":"http:\/\/ccnews.com.ar\/prensa\/ya-son-16-los-desarrollos-renovables-funcionando\/","url_meta":{"origin":14228,"position":0},"title":"Ya son 16 los desarrollos renovables funcionando","author":"CLUSTERciar","date":"5 noviembre, 2018","format":false,"excerpt":"Corresponden a las RenovAr y Mater y tienen una potencia de 348 MW. En la zona el parque Pomona es el m\u00e1s avanzado. La energ\u00eda verde comenz\u00f3 a caminar en Agentina y ya son 16 los desarrollos renovables licitados tanto en los programas RenovAr como en las licitaciones para el\u2026","rel":"","context":"En \u00abEnerg\u00eda y Producci\u00f3n\u00bb","block_context":{"text":"Energ\u00eda y Producci\u00f3n","link":"http:\/\/ccnews.com.ar\/prensa\/category\/energia-y-produccion\/"},"img":{"alt_text":"","src":"https:\/\/i0.wp.com\/ccnews.com.ar\/prensa\/wp-content\/uploads\/2018\/10\/image_content_10234364_20181024193311.jpg?fit=660%2C370&resize=350%2C200","width":350,"height":200,"srcset":"https:\/\/i0.wp.com\/ccnews.com.ar\/prensa\/wp-content\/uploads\/2018\/10\/image_content_10234364_20181024193311.jpg?fit=660%2C370&resize=350%2C200 1x, https:\/\/i0.wp.com\/ccnews.com.ar\/prensa\/wp-content\/uploads\/2018\/10\/image_content_10234364_20181024193311.jpg?fit=660%2C370&resize=525%2C300 1,5x"},"classes":[]},{"id":16530,"url":"http:\/\/ccnews.com.ar\/prensa\/el-2020-cerro-con-un-salto-del-63-en-la-generacion-renovable\/","url_meta":{"origin":14228,"position":1},"title":"El 2020 cerr\u00f3 con un salto del 63% en la generaci\u00f3n renovable","author":"Editor","date":"17 febrero, 2021","format":false,"excerpt":"En el acumulado del a\u00f1o el aporte de la energ\u00eda limpia tuvo un rendimiento m\u00e1s alto que en 2019. La tecnolog\u00eda e\u00f3lica y la solar fueron las principales responsables.","rel":"","context":"En \u00abEnerg\u00eda y Producci\u00f3n\u00bb","block_context":{"text":"Energ\u00eda y Producci\u00f3n","link":"http:\/\/ccnews.com.ar\/prensa\/category\/energia-y-produccion\/"},"img":{"alt_text":"","src":"","width":0,"height":0},"classes":[]},{"id":7863,"url":"http:\/\/ccnews.com.ar\/prensa\/ypf-invierte-mas-en-energias-renovables-en-argentina\/","url_meta":{"origin":14228,"position":2},"title":"YPF invierte m\u00e1s en energ\u00edas renovables en Argentina","author":"admin","date":"21 mayo, 2018","format":false,"excerpt":"Las\u00a0energ\u00edas renovables en Argentina\u00a0tendr\u00e1s m\u00e1s inversi\u00f3n. La empresa energ\u00e9tica de ese pa\u00eds YPF se est\u00e1 involucrando mas en el sector. Recientemente present\u00f3 un proyecto donde propone la instalaci\u00f3n de\u00a0\u00a030 aerogeneradores en un parque e\u00f3lico en Ca\u00f1ad\u00f3n Le\u00f3n. Dicho proyecto se har\u00e1 a trav\u00e9s de un parque e\u00f3lico en Santa Cruz\u2026","rel":"","context":"En \u00abSustentabilidad\u00bb","block_context":{"text":"Sustentabilidad","link":"http:\/\/ccnews.com.ar\/prensa\/category\/sustentabilidad\/"},"img":{"alt_text":"","src":"https:\/\/i0.wp.com\/ccnews.com.ar\/prensa\/wp-content\/uploads\/2018\/05\/Acciona_PE-Eurus_Mexico-850x491.jpg?fit=850%2C491&resize=350%2C200","width":350,"height":200,"srcset":"https:\/\/i0.wp.com\/ccnews.com.ar\/prensa\/wp-content\/uploads\/2018\/05\/Acciona_PE-Eurus_Mexico-850x491.jpg?fit=850%2C491&resize=350%2C200 1x, https:\/\/i0.wp.com\/ccnews.com.ar\/prensa\/wp-content\/uploads\/2018\/05\/Acciona_PE-Eurus_Mexico-850x491.jpg?fit=850%2C491&resize=525%2C300 1,5x, https:\/\/i0.wp.com\/ccnews.com.ar\/prensa\/wp-content\/uploads\/2018\/05\/Acciona_PE-Eurus_Mexico-850x491.jpg?fit=850%2C491&resize=700%2C400 2x"},"classes":[]},{"id":12514,"url":"http:\/\/ccnews.com.ar\/prensa\/las-petroleras-recurren-al-viento-para-sumar-energia\/","url_meta":{"origin":14228,"position":3},"title":"Las petroleras recurren al viento para sumar energ\u00eda","author":"admin","date":"12 agosto, 2019","format":false,"excerpt":"Las principales operadoras en Chubut tienen sus propios parques e\u00f3licos para alimentar yacimientos o vender la energ\u00eda a privados. YPF, Pan American Energy y Capsa abastecen de energ\u00eda sus yacimientos con la fuerza del viento que hace mover los molinos e\u00f3licos que estas mismas hist\u00f3ricas compa\u00f1\u00edas petroleras construyeron. Comodoro Rivadavia\u2026","rel":"","context":"En \u00abEnerg\u00eda y Producci\u00f3n\u00bb","block_context":{"text":"Energ\u00eda y Producci\u00f3n","link":"http:\/\/ccnews.com.ar\/prensa\/category\/energia-y-produccion\/"},"img":{"alt_text":"","src":"https:\/\/i0.wp.com\/ccnews.com.ar\/prensa\/wp-content\/uploads\/2019\/08\/Imagen-guarayalde-pae.jpg?fit=920%2C520&resize=350%2C200","width":350,"height":200,"srcset":"https:\/\/i0.wp.com\/ccnews.com.ar\/prensa\/wp-content\/uploads\/2019\/08\/Imagen-guarayalde-pae.jpg?fit=920%2C520&resize=350%2C200 1x, https:\/\/i0.wp.com\/ccnews.com.ar\/prensa\/wp-content\/uploads\/2019\/08\/Imagen-guarayalde-pae.jpg?fit=920%2C520&resize=525%2C300 1,5x, https:\/\/i0.wp.com\/ccnews.com.ar\/prensa\/wp-content\/uploads\/2019\/08\/Imagen-guarayalde-pae.jpg?fit=920%2C520&resize=700%2C400 2x"},"classes":[]},{"id":5165,"url":"http:\/\/ccnews.com.ar\/prensa\/llegan-las-energias-renovables-para-los-grandes-usuarios\/","url_meta":{"origin":14228,"position":4},"title":"Llegan las energ\u00edas renovables para los grandes usuarios","author":"CLUSTERciar","date":"1 septiembre, 2017","format":false,"excerpt":"Naci\u00f3n habilit\u00f3 los contratos entre privados. Los grandes usuarios deber\u00e1n adquirir de fuentes limpias hasta el 8% de sus consumos. Los grandes usuarios de energ\u00eda ya pueden contratar de manera directa la provisi\u00f3n de energ\u00edas renovables. Esta semana el Ministerio de Energ\u00eda public\u00f3 la Resoluci\u00f3n 281 que reglamenta las condiciones\u2026","rel":"","context":"En \u00abEnerg\u00eda y Producci\u00f3n\u00bb","block_context":{"text":"Energ\u00eda y Producci\u00f3n","link":"http:\/\/ccnews.com.ar\/prensa\/category\/energia-y-produccion\/"},"img":{"alt_text":"","src":"https:\/\/i0.wp.com\/ccnews.com.ar\/prensa\/wp-content\/uploads\/2017\/08\/image_content_8753761_20170823215739.jpg?fit=660%2C370&resize=350%2C200","width":350,"height":200,"srcset":"https:\/\/i0.wp.com\/ccnews.com.ar\/prensa\/wp-content\/uploads\/2017\/08\/image_content_8753761_20170823215739.jpg?fit=660%2C370&resize=350%2C200 1x, https:\/\/i0.wp.com\/ccnews.com.ar\/prensa\/wp-content\/uploads\/2017\/08\/image_content_8753761_20170823215739.jpg?fit=660%2C370&resize=525%2C300 1,5x"},"classes":[]},{"id":473,"url":"http:\/\/ccnews.com.ar\/prensa\/energias-verdes-el-viento-se-puso-de-moda-y-el-negocio-de-los-recursos-renovables-atrae-cada-vez-a-mas-inversores\/","url_meta":{"origin":14228,"position":5},"title":"Energ\u00edas verdes: el viento se puso de moda y el negocio de los recursos renovables atrae cada vez a m\u00e1s inversores","author":"CLUSTERciar","date":"18 abril, 2016","format":false,"excerpt":"Con el impulso de una nueva legislaci\u00f3n que obliga a los grandes usuarios a cubrir parte de la demanda con fuentes alternativas, se espera que lleguen a la Argentina proyectos por m\u00e1s de US$ 5000 millones Doris Capurro pidi\u00f3 dos veces t\u00e9 de frutos rojos el 10 de marzo en\u2026","rel":"","context":"En \u00abEnerg\u00eda y Producci\u00f3n\u00bb","block_context":{"text":"Energ\u00eda y Producci\u00f3n","link":"http:\/\/ccnews.com.ar\/prensa\/category\/energia-y-produccion\/"},"img":{"alt_text":"","src":"","width":0,"height":0},"classes":[]}],"jetpack_sharing_enabled":true,"_links":{"self":[{"href":"http:\/\/ccnews.com.ar\/prensa\/wp-json\/wp\/v2\/posts\/14228","targetHints":{"allow":["GET"]}}],"collection":[{"href":"http:\/\/ccnews.com.ar\/prensa\/wp-json\/wp\/v2\/posts"}],"about":[{"href":"http:\/\/ccnews.com.ar\/prensa\/wp-json\/wp\/v2\/types\/post"}],"author":[{"embeddable":true,"href":"http:\/\/ccnews.com.ar\/prensa\/wp-json\/wp\/v2\/users\/1"}],"replies":[{"embeddable":true,"href":"http:\/\/ccnews.com.ar\/prensa\/wp-json\/wp\/v2\/comments?post=14228"}],"version-history":[{"count":2,"href":"http:\/\/ccnews.com.ar\/prensa\/wp-json\/wp\/v2\/posts\/14228\/revisions"}],"predecessor-version":[{"id":14234,"href":"http:\/\/ccnews.com.ar\/prensa\/wp-json\/wp\/v2\/posts\/14228\/revisions\/14234"}],"wp:featuredmedia":[{"embeddable":true,"href":"http:\/\/ccnews.com.ar\/prensa\/wp-json\/wp\/v2\/media\/14230"}],"wp:attachment":[{"href":"http:\/\/ccnews.com.ar\/prensa\/wp-json\/wp\/v2\/media?parent=14228"}],"wp:term":[{"taxonomy":"category","embeddable":true,"href":"http:\/\/ccnews.com.ar\/prensa\/wp-json\/wp\/v2\/categories?post=14228"},{"taxonomy":"post_tag","embeddable":true,"href":"http:\/\/ccnews.com.ar\/prensa\/wp-json\/wp\/v2\/tags?post=14228"}],"curies":[{"name":"wp","href":"https:\/\/api.w.org\/{rel}","templated":true}]}}