{"id":14236,"date":"2020-01-12T08:00:22","date_gmt":"2020-01-12T11:00:22","guid":{"rendered":"http:\/\/ccnews.com.ar\/prensa\/?p=14236"},"modified":"2020-01-10T16:23:23","modified_gmt":"2020-01-10T19:23:23","slug":"innovacion-sustentable-una-forma-diferente-de-hacer-carpool-en-viajes-de-media-o-larga-distancia","status":"publish","type":"post","link":"http:\/\/ccnews.com.ar\/prensa\/innovacion-sustentable-una-forma-diferente-de-hacer-carpool-en-viajes-de-media-o-larga-distancia\/","title":{"rendered":"Innovaci\u00f3n sustentable: una forma diferente de hacer carpool en viajes de media o larga distancia"},"content":{"rendered":"\n<p><strong>Una empresa de\nCalifornia fue distinguida en Las Vegas por crear una plataforma colaborativa\nde viajes compartidos. \u00bfPor qu\u00e9 se diferencia del servicio de Uber u otras\napps?<\/strong><\/p>\n\n\n\n<p>CTA, la empresa que organiza CES, realiza un concurso anual\nen su sector de startups Eureka Park, denominado Climate Change Innovators\n(innovadores del cambio clim\u00e1tico). En su tercera edici\u00f3n, ha premiado\ninnovaciones emergentes que ayudan a cuidar y mejorar el medio ambiente.<\/p>\n\n\n\n<p>Entre las 6 startups distinguidas en esta edici\u00f3n, se\ndestaca una que plantea un modo distinto de hacer carpool (viajes compartidos\nentre usuarios) en las ciudades. Su nombre es RideSVP, es de California, y\nfunciona como una plataforma colaborativa de carpooling.<\/p>\n\n\n\n<p>Es muy f\u00e1cil de usar. Una persona que planea salir de la ciudad puede registrar sus asientos vac\u00edos, para que otros puedan reservar un espacio, a cambio de dinero. As\u00ed, la misi\u00f3n de la startup es reducir el impacto de carbono (al disminuir la cantidad de veh\u00edculos usados) y cambiar el comportamiento de las personas con respecto a los viajes.<\/p>\n\n\n\n<figure class=\"wp-block-image\"><img data-recalc-dims=\"1\" decoding=\"async\" src=\"https:\/\/i0.wp.com\/www.infobae.com\/new-resizer\/UBJdmoWYMHtVp_S6tlRh4P72IXo%3D\/750x0\/filters%3Aquality%28100%29\/arc-anglerfish-arc2-prod-infobae.s3.amazonaws.com\/public\/VUM3CODF5BFRJFYVNTZV5JWHSA.jpg?w=800&#038;ssl=1\" alt=\"Uber tiene una funci\u00f3n de carpooling para compartir un auto con varios pasajeros, pero la plataforma RideSVP dice que sus sistema es distinto (DIEGO SIM\u00d3N S\u00c1NCHEZ \/CUARTOSCURO.COM)\"\/><figcaption> Uber tiene una funci\u00f3n de carpooling para compartir un auto con varios pasajeros, pero la plataforma RideSVP dice que sus sistema es distinto (DIEGO SIM\u00d3N S\u00c1NCHEZ \/CUARTOSCURO.COM) <\/figcaption><\/figure>\n\n\n\n<p>Pero, \u00bfcu\u00e1l es la diferencia con otros servicios ya\nexistentes como Uber, Lyft u otras apps que permiten la opci\u00f3n de carpooling?<\/p>\n\n\n\n<p>Hay varias diferencias, plantean desde la compa\u00f1\u00eda. En\nprincipio, RideSVP solo se enfoca en viajes de media a larga distancia, de una\nciudad a otra. Adem\u00e1s, los usuarios no tienen que presentar una solicitud para\nser conductores. \u201cTodos son conductores y pasajeros: mismo perfil, mismo sitio\nweb\u201d, se\u00f1alan.<\/p>\n\n\n\n<p><strong>C\u00f3mo funciona<\/strong><\/p>\n\n\n\n<figure class=\"wp-block-image\"><img data-recalc-dims=\"1\" decoding=\"async\" src=\"https:\/\/i0.wp.com\/www.infobae.com\/new-resizer\/II-alwkbNKOX6lcLgPKj5z0Bfxk%3D\/750x0\/filters%3Aquality%28100%29\/arc-anglerfish-arc2-prod-infobae.s3.amazonaws.com\/public\/M6AMZ6DE3ND6TLHA53JW4BIFXQ.jpg?w=800&#038;ssl=1\" alt=\"RideSVP, el carpool verde, distinguido en CES 2020\"\/><figcaption> RideSVP, el carpool verde, distinguido en CES 2020 <\/figcaption><\/figure>\n\n\n\n<p>El servicio solo funciona en Estados Unidos. El\nusuario-conductor publica un viaje y recibe solicitudes de posibles viajeros.\nLuego, es posible reservar un asiento en el autom\u00f3vil a cambio de dinero.\n\u201cPiense en nosotros como un Airbnb para compartir veh\u00edculo de ciudad a ciudad\u201d,\nescriben desde su web.<\/p>\n\n\n\n<p>Se\u00f1alan, adem\u00e1s, que cuanto m\u00e1s se planifique un viaje y\nregistre con antelaci\u00f3n en la plataforma, mayores ser\u00e1n las posibilidades de\nque existan carpoolers, es decir, pasajeros.<\/p>\n\n\n\n<p>En el perfil de usuario, para ser conductor, es necesario cargar la licencia de conducir y seguro. Los pasajeros no tienen que cargar informaci\u00f3n de forma obligatoria, pero si lo quieren hacer, la compa\u00f1\u00eda verifica la informaci\u00f3n, y luego ese perfil recibe una tilde verde. Sin excepciones, todos los conductores deben estar verificados, con su tilde.<\/p>\n\n\n\n<figure class=\"wp-block-image\"><img data-recalc-dims=\"1\" decoding=\"async\" src=\"https:\/\/i0.wp.com\/www.infobae.com\/new-resizer\/UeqUevjeJPA-vrh3X3HeT0nNrew%3D\/750x0\/filters%3Aquality%28100%29\/arc-anglerfish-arc2-prod-infobae.s3.amazonaws.com\/public\/YOVNEMPSV5ALLE6H7E3EXNR6TU.jpg?w=800&#038;ssl=1\" alt=\"\"\/><figcaption> &#8220;Compart\u00ed un paseo&#8221;, invitan desde la startup RideSVP <\/figcaption><\/figure>\n\n\n\n<p>En el caso de extranjeros, para ser conductores, deben abrir\nuna cuenta bancaria en Estados Unidos, para recibir los fondos. No hay otra\nforma de proceder con los pagos. Adem\u00e1s, tienen que cargar su licencia de\nconducir extranjera junto con el comprobante de seguro de su autom\u00f3vil de\nalquiler.<\/p>\n\n\n\n<p>Todas las preguntas que se hacen a los conductores quedan publicadas en un foro p\u00fablico en la plataforma, por lo que recomiendan no brindar ninguna informaci\u00f3n personal. Al reservar un asiento, el pasajero recibir\u00e1 un correo electr\u00f3nico con la informaci\u00f3n del conductor (y \u00e9ste tambi\u00e9n obtendr\u00e1 la suya), y as\u00ed se podr\u00e1n contactar de forma privada.<\/p>\n\n\n\n<figure class=\"wp-block-image\"><img data-recalc-dims=\"1\" decoding=\"async\" src=\"https:\/\/i0.wp.com\/www.infobae.com\/new-resizer\/ETgoGZIABlYUD0k0VPc6M1v266E%3D\/750x0\/filters%3Aquality%28100%29\/arc-anglerfish-arc2-prod-infobae.s3.amazonaws.com\/public\/2ALPCQ6Z55CCJINJDJHHLIWAAM.jpg?w=800&#038;ssl=1\" alt=\"(Shutterstock)\"\/><figcaption> (Shutterstock) <\/figcaption><\/figure>\n\n\n\n<p>Por otro lado, si un pasajero reserva uno de los asientos de\nun veh\u00edculo, pero luego debe cancelarlo, puede hacerlo.<\/p>\n\n\n\n<p><strong>Carpooling, tendencia\nque crece<\/strong><\/p>\n\n\n\n<p>En el camino de las ciudades sustentables, el carpool (as\u00ed\ntambi\u00e9n como el uso de bicicletas, entre varias opciones) es una gran\nalternativa para reducir el impacto de carbono.<\/p>\n\n\n\n<p>La app Waze, por ejemplo, ya cuenta con la opci\u00f3n de\ncompartir auto en 4 pa\u00edses. Los conductores solo podr\u00e1n compartir su autom\u00f3vil\ndos veces al d\u00eda. La iniciativa funciona en M\u00e9xico, Brasil, Israel y Estados\nUnidos.<\/p>\n\n\n\n<p>Waze busca que el costo para los usuarios sea de hasta \u201cun\ntercio del precio de Uber\u201d, acerc\u00e1ndose as\u00ed al costo del transporte p\u00fablico.<\/p>\n\n\n\n<p>Fuente: Infobae<\/p>\n<!-- AddThis Advanced Settings generic via filter on the_content -->","protected":false},"excerpt":{"rendered":"<p>Una empresa de California fue distinguida en Las Vegas por crear una plataforma colaborativa de viajes compartidos. \u00bfPor qu\u00e9 se<!-- AddThis Advanced Settings generic via filter on get_the_excerpt --><\/p>\n","protected":false},"author":1,"featured_media":14238,"comment_status":"closed","ping_status":"closed","sticky":false,"template":"","format":"standard","meta":{"colormag_page_container_layout":"default_layout","colormag_page_sidebar_layout":"default_layout","jetpack_post_was_ever_published":false,"_jetpack_newsletter_access":"","_jetpack_dont_email_post_to_subs":false,"_jetpack_newsletter_tier_id":0,"_jetpack_memberships_contains_paywalled_content":false,"_jetpack_memberships_contains_paid_content":false,"footnotes":"","jetpack_publicize_message":"#Sociedad Innovaci\u00f3n sustentable: una forma diferente de hacer carpool en viajes de media o larga distancia","jetpack_publicize_feature_enabled":true,"jetpack_social_post_already_shared":true,"jetpack_social_options":{"image_generator_settings":{"template":"highway","default_image_id":0,"font":"","enabled":false},"version":2}},"categories":[19],"tags":[17],"class_list":["post-14236","post","type-post","status-publish","format-standard","has-post-thumbnail","hentry","category-educacion-sociedad","tag-otros-medios"],"jetpack_publicize_connections":[],"jetpack_featured_media_url":"https:\/\/i0.wp.com\/ccnews.com.ar\/prensa\/wp-content\/uploads\/2020\/01\/YU53MCJSF5BL7L2X6DIYUB3IJU-1024x683.jpg?fit=1024%2C683","jetpack_shortlink":"https:\/\/wp.me\/p7L1gj-3HC","jetpack-related-posts":[{"id":2089,"url":"http:\/\/ccnews.com.ar\/prensa\/la-innovacion-colaborativa-llega-a-la-patagonia-de-la-mano-de-ciar\/","url_meta":{"origin":14236,"position":0},"title":"La innovaci\u00f3n colaborativa llega a la Patagonia de la mano de CIAR","author":"CLUSTERciar","date":"25 octubre, 2016","format":false,"excerpt":"Alejandro Guti\u00e9rrez, responsable de SMART para Latinoam\u00e9rica y Marta Plotnicoff de NYTEC, distribuidor en Argentina, presentaron en las oficinas del CLUSTERciar las pantallas interactivas que revolucionan la educaci\u00f3n y prometen hacer lo mismo con el mercado \u00a0corporativo. \u00bfQu\u00e9 es SMART? Alejandro: Smart naci\u00f3 hace 25 a\u00f1os en Canad\u00e1 como una\u2026","rel":"","context":"En \u00abTransformaci\u00f3n digital\u00bb","block_context":{"text":"Transformaci\u00f3n digital","link":"http:\/\/ccnews.com.ar\/prensa\/category\/transformacion-digital\/"},"img":{"alt_text":"20161019_105642","src":"https:\/\/i0.wp.com\/clusterciarnews.com.ar\/prensa\/wp-content\/uploads\/2016\/10\/20161019_105642-300x248.jpg?resize=350%2C200","width":350,"height":200},"classes":[]},{"id":89,"url":"http:\/\/ccnews.com.ar\/prensa\/los-servicios-compartidos-un-sector-de-oportunidades\/","url_meta":{"origin":14236,"position":1},"title":"Los servicios compartidos, un sector de oportunidades","author":"CLUSTERciar","date":"9 marzo, 2016","format":false,"excerpt":"Los expertos consideran que esta actividad que a menudo pasa desapercibida tiene una gran capacidad de generaci\u00f3n de empleo y de agregar valor a las empresas. De izquierda a derecha, de pie: Erik Schonebeck. de EuroServices Bayer; Steve Cahill, de Technology Services; Jose Mar\u00eda Rojo, de Deloitte. Sentados, Luis Ranchal\u2026","rel":"","context":"En \u00abManagement\u00bb","block_context":{"text":"Management","link":"http:\/\/ccnews.com.ar\/prensa\/category\/management\/"},"img":{"alt_text":"","src":"","width":0,"height":0},"classes":[]},{"id":11429,"url":"http:\/\/ccnews.com.ar\/prensa\/los-consejos-para-emprendedores-argentinos-de-marvin-liao-socio-de-la-aceleradora-500-startups-de-silicon-valley\/","url_meta":{"origin":14236,"position":2},"title":"Los consejos para emprendedores argentinos de Marvin Liao, socio de la aceleradora 500 Startups de Silicon Valley","author":"admin","date":"20 mayo, 2019","format":false,"excerpt":"Como uno de los expositores de Experiencia Endeavor, alent\u00f3 a \"pensar en grande\" para construir empresas globales. Marvin Liao lleva m\u00e1s de cinco a\u00f1os invirtiendo en empresas en etapa de desarrollo y con un alto potencial de crecimiento como socio de 500 Startups, uno de los principales fondos de inversi\u00f3n\u2026","rel":"","context":"En \u00abManagement\u00bb","block_context":{"text":"Management","link":"http:\/\/ccnews.com.ar\/prensa\/category\/management\/"},"img":{"alt_text":"","src":"https:\/\/i0.wp.com\/ccnews.com.ar\/prensa\/wp-content\/uploads\/2019\/05\/Experiencia-Endeavor-Marvin-Liao-3.jpg?fit=1200%2C674&resize=350%2C200","width":350,"height":200,"srcset":"https:\/\/i0.wp.com\/ccnews.com.ar\/prensa\/wp-content\/uploads\/2019\/05\/Experiencia-Endeavor-Marvin-Liao-3.jpg?fit=1200%2C674&resize=350%2C200 1x, https:\/\/i0.wp.com\/ccnews.com.ar\/prensa\/wp-content\/uploads\/2019\/05\/Experiencia-Endeavor-Marvin-Liao-3.jpg?fit=1200%2C674&resize=525%2C300 1,5x, https:\/\/i0.wp.com\/ccnews.com.ar\/prensa\/wp-content\/uploads\/2019\/05\/Experiencia-Endeavor-Marvin-Liao-3.jpg?fit=1200%2C674&resize=700%2C400 2x, https:\/\/i0.wp.com\/ccnews.com.ar\/prensa\/wp-content\/uploads\/2019\/05\/Experiencia-Endeavor-Marvin-Liao-3.jpg?fit=1200%2C674&resize=1050%2C600 3x"},"classes":[]},{"id":14904,"url":"http:\/\/ccnews.com.ar\/prensa\/teletrabajo-12-herramientas-gratuitas-para-hacer-home-office\/","url_meta":{"origin":14236,"position":3},"title":"Teletrabajo: 12 herramientas gratuitas para hacer home office","author":"CLUSTERciar","date":"18 marzo, 2020","format":false,"excerpt":"Opciones para gesti\u00f3n de proyecto, presentaciones, as\u00ed como opciones para hacer videollamadas con varios usuarios en simult\u00e1neo. Son varias las compa\u00f1\u00edas que comenzaron a implementar el trabajo remoto para evitar la propagaci\u00f3n del\u00a0coronavirus. Tal es el caso de\u00a0Twitter,\u00a0Apple, Facebook, Amazon\u00a0y\u00a0Google\u00a0s\u00f3lo por nombrar algunas. A nivel gobierno, diferentes pa\u00edses del mundo\u2026","rel":"","context":"En \u00abCovid-19\u00bb","block_context":{"text":"Covid-19","link":"http:\/\/ccnews.com.ar\/prensa\/category\/covid-19\/"},"img":{"alt_text":"","src":"https:\/\/i0.wp.com\/ccnews.com.ar\/prensa\/wp-content\/uploads\/2020\/03\/homeoffice.jpg_1484051676.jpg?fit=750%2C404&resize=350%2C200","width":350,"height":200,"srcset":"https:\/\/i0.wp.com\/ccnews.com.ar\/prensa\/wp-content\/uploads\/2020\/03\/homeoffice.jpg_1484051676.jpg?fit=750%2C404&resize=350%2C200 1x, https:\/\/i0.wp.com\/ccnews.com.ar\/prensa\/wp-content\/uploads\/2020\/03\/homeoffice.jpg_1484051676.jpg?fit=750%2C404&resize=525%2C300 1,5x, https:\/\/i0.wp.com\/ccnews.com.ar\/prensa\/wp-content\/uploads\/2020\/03\/homeoffice.jpg_1484051676.jpg?fit=750%2C404&resize=700%2C400 2x"},"classes":[]},{"id":4881,"url":"http:\/\/ccnews.com.ar\/prensa\/un-millennial-que-se-replanteo-su-mision-como-medico-y-hoy-salva-vidas-desde-otro-lugar\/","url_meta":{"origin":14236,"position":4},"title":"Un millennial que se replante\u00f3 su misi\u00f3n como m\u00e9dico y hoy salva vidas desde otro lugar","author":"CLUSTERciar","date":"31 julio, 2017","format":false,"excerpt":"Dej\u00f3 de lado la carrera para seguir su verdadero sue\u00f1o; hace tres a\u00f1os, junto a Juli\u00e1n Weich, lleva agua segura a familias y comunidades rurales aisladas Con el t\u00edtulo de m\u00e9dico en mano y una floreciente carrera por delante, un d\u00eda se dio cuenta de que no era feliz. A\u2026","rel":"","context":"En \u00abEducaci\u00f3n\/Sociedad\u00bb","block_context":{"text":"Educaci\u00f3n\/Sociedad","link":"http:\/\/ccnews.com.ar\/prensa\/category\/educacion-sociedad\/"},"img":{"alt_text":"","src":"https:\/\/i0.wp.com\/ccnews.com.ar\/prensa\/wp-content\/uploads\/2017\/07\/comunidad-2486957w640.jpg?fit=640%2C426&resize=350%2C200","width":350,"height":200,"srcset":"https:\/\/i0.wp.com\/ccnews.com.ar\/prensa\/wp-content\/uploads\/2017\/07\/comunidad-2486957w640.jpg?fit=640%2C426&resize=350%2C200 1x, https:\/\/i0.wp.com\/ccnews.com.ar\/prensa\/wp-content\/uploads\/2017\/07\/comunidad-2486957w640.jpg?fit=640%2C426&resize=525%2C300 1,5x"},"classes":[]},{"id":16692,"url":"http:\/\/ccnews.com.ar\/prensa\/conoce-estos-tips-para-viajar-de-manera-sustentable\/","url_meta":{"origin":14236,"position":5},"title":"Conoce estos tips para viajar de manera sustentable","author":"admin","date":"12 agosto, 2021","format":false,"excerpt":"Los viajeros declararon querer viajar de manera sustentable, pero tienen dificultades para encontrar hospedajes con este sello o pr\u00e1cticas.","rel":"","context":"En \u00abSustentabilidad\u00bb","block_context":{"text":"Sustentabilidad","link":"http:\/\/ccnews.com.ar\/prensa\/category\/sustentabilidad\/"},"img":{"alt_text":"","src":"https:\/\/i0.wp.com\/ccnews.com.ar\/prensa\/wp-content\/uploads\/2021\/08\/viagem-sustent%C3%A1vel.jpg?fit=750%2C500&resize=350%2C200","width":350,"height":200,"srcset":"https:\/\/i0.wp.com\/ccnews.com.ar\/prensa\/wp-content\/uploads\/2021\/08\/viagem-sustent%C3%A1vel.jpg?fit=750%2C500&resize=350%2C200 1x, https:\/\/i0.wp.com\/ccnews.com.ar\/prensa\/wp-content\/uploads\/2021\/08\/viagem-sustent%C3%A1vel.jpg?fit=750%2C500&resize=525%2C300 1,5x, https:\/\/i0.wp.com\/ccnews.com.ar\/prensa\/wp-content\/uploads\/2021\/08\/viagem-sustent%C3%A1vel.jpg?fit=750%2C500&resize=700%2C400 2x"},"classes":[]}],"jetpack_sharing_enabled":true,"_links":{"self":[{"href":"http:\/\/ccnews.com.ar\/prensa\/wp-json\/wp\/v2\/posts\/14236","targetHints":{"allow":["GET"]}}],"collection":[{"href":"http:\/\/ccnews.com.ar\/prensa\/wp-json\/wp\/v2\/posts"}],"about":[{"href":"http:\/\/ccnews.com.ar\/prensa\/wp-json\/wp\/v2\/types\/post"}],"author":[{"embeddable":true,"href":"http:\/\/ccnews.com.ar\/prensa\/wp-json\/wp\/v2\/users\/1"}],"replies":[{"embeddable":true,"href":"http:\/\/ccnews.com.ar\/prensa\/wp-json\/wp\/v2\/comments?post=14236"}],"version-history":[{"count":2,"href":"http:\/\/ccnews.com.ar\/prensa\/wp-json\/wp\/v2\/posts\/14236\/revisions"}],"predecessor-version":[{"id":14242,"href":"http:\/\/ccnews.com.ar\/prensa\/wp-json\/wp\/v2\/posts\/14236\/revisions\/14242"}],"wp:featuredmedia":[{"embeddable":true,"href":"http:\/\/ccnews.com.ar\/prensa\/wp-json\/wp\/v2\/media\/14238"}],"wp:attachment":[{"href":"http:\/\/ccnews.com.ar\/prensa\/wp-json\/wp\/v2\/media?parent=14236"}],"wp:term":[{"taxonomy":"category","embeddable":true,"href":"http:\/\/ccnews.com.ar\/prensa\/wp-json\/wp\/v2\/categories?post=14236"},{"taxonomy":"post_tag","embeddable":true,"href":"http:\/\/ccnews.com.ar\/prensa\/wp-json\/wp\/v2\/tags?post=14236"}],"curies":[{"name":"wp","href":"https:\/\/api.w.org\/{rel}","templated":true}]}}